{"id":390219,"date":"2026-02-27T03:47:00","date_gmt":"2026-02-27T06:47:00","guid":{"rendered":"https:\/\/portaltela.pt\/noticias\/2026\/02\/27\/geografia-da-ciencia-revela-desigualdades-territoriais-na-circulacao-do-saber\/"},"modified":"2026-02-27T03:47:00","modified_gmt":"2026-02-27T06:47:00","slug":"geografia-da-ciencia-revela-desigualdades-territoriais-na-circulacao-do-saber","status":"publish","type":"post","link":"https:\/\/portaltela.pt\/noticias\/2026\/02\/27\/geografia-da-ciencia-revela-desigualdades-territoriais-na-circulacao-do-saber\/","title":{"rendered":"Geografia da ci\u00eancia revela desigualdades territoriais na circula\u00e7\u00e3o do saber"},"content":{"rendered":"<p>A not\u00edcia aborda a desigualdade territorial na ci\u00eancia e prop\u00f5e que essa assimetria n\u00e3o se resolve apenas com regresso ao pa\u00eds. Defende-se uma circula\u00e7\u00e3o inteligente de conhecimento, pol\u00edticas realistas e coragem para pensar a ci\u00eancia de forma mais ampla.<\/p>\n<p>Segundo o texto, h\u00e1 a ideia errada de que o conhecimento surge de forma relativamente equilibrada em todo o mundo, desde que haja talento, esfor\u00e7o e m\u00e9rito. A realidade apresentada \u00e9 distinta, com a ci\u00eancia a apresentar uma geografia marcada por desigualdades.<\/p>\n<p>A pe\u00e7a afirma que a ci\u00eancia, tal como a economia ou o poder pol\u00edtico, possui uma geografia espec\u00edfica. Essa geografia n\u00e3o \u00e9 neutra e imp\u00f5e barreiras \u00e0 circula\u00e7\u00e3o de conhecimento entre regi\u00f5es com diferentes recursos.<\/p>\n<p>Conclui-se que enfrentar a desigualdade exige estrat\u00e9gias que v\u00e3o al\u00e9m de voltar a investir localmente. A circula\u00e7\u00e3o de conhecimento, pol\u00edticas mais realistas e uma abordagem ousada \u00e0 forma de pensar a ci\u00eancia s\u00e3o apontadas como caminhos indispens\u00e1veis.<\/p>\n","protected":false},"excerpt":{"rendered":"<ul>\n<li>A ci\u00eancia tem uma geografia pr\u00f3pria, com desigualdades profundas entre regi\u00f5es.<\/li>\n<li>Combater essa desigualdade n\u00e3o passa apenas por regresso ao pa\u00eds, mas pela circula\u00e7\u00e3o inteligente de conhecimento e pol\u00edticas realistas.<\/li>\n<li>Existe um equ\u00edvoco comum de que o conhecimento nasce de forma equilibrada em todo o lado, desde que haja talento, esfor\u00e7o e m\u00e9rito.<\/li>\n<li>A realidade \u00e9 que a ci\u00eancia, tal como a economia e o poder pol\u00edtico, est\u00e1 geograficamente distribu\u00edda de forma desigual.<\/li>\n<\/ul>\n","protected":false},"author":2,"featured_media":390229,"comment_status":"closed","ping_status":"closed","sticky":false,"template":"","format":"standard","meta":{"footnotes":""},"categories":[1],"tags":[1992,6434,2870,28,66,2290],"class_list":["post-390219","post","type-post","status-publish","format-standard","has-post-thumbnail","hentry","category-noticias","tag-ciencia","tag-circulacao-internacional","tag-colaboracoes-internacionais","tag-economia","tag-geopolitica","tag-intercambios-internacionais"],"yoast_head":"<!-- This site is optimized with the Yoast SEO plugin v27.2 - https:\/\/yoast.com\/product\/yoast-seo-wordpress\/ -->\n<title>Geografia da ci\u00eancia revela desigualdades territoriais na circula\u00e7\u00e3o do saber - Portal Tela Portugal<\/title>\n<meta name=\"robots\" content=\"index, follow, max-snippet:-1, max-image-preview:large, max-video-preview:-1\" \/>\n<meta property=\"og:locale\" content=\"pt_PT\" \/>\n<meta property=\"og:type\" content=\"article\" \/>\n<meta property=\"og:title\" content=\"Geografia da ci\u00eancia revela desigualdades territoriais na circula\u00e7\u00e3o do saber - Portal Tela Portugal\" \/>\n<meta property=\"og:description\" content=\"A ci\u00eancia tem uma geografia pr\u00f3pria, com desigualdades profundas entre regi\u00f5es. Combater essa desigualdade n\u00e3o passa apenas por regresso ao pa\u00eds, mas pela circula\u00e7\u00e3o inteligente de conhecimento e pol\u00edticas realistas. Existe um equ\u00edvoco comum de que o conhecimento nasce de forma equilibrada em todo o lado, desde que haja talento, esfor\u00e7o e m\u00e9rito. A realidade \u00e9 que a ci\u00eancia, tal como a economia e o poder pol\u00edtico, est\u00e1 geograficamente distribu\u00edda de forma desigual.\" \/>\n<meta property=\"og:url\" content=\"https:\/\/portaltela.pt\/noticias\/2026\/02\/27\/geografia-da-ciencia-revela-desigualdades-territoriais-na-circulacao-do-saber\/\" \/>\n<meta property=\"og:site_name\" content=\"Portal Tela Portugal\" \/>\n<meta property=\"article:published_time\" content=\"2026-02-27T06:47:00+00:00\" \/>\n<meta name=\"author\" content=\"Telinha\" \/>\n<meta name=\"twitter:card\" content=\"summary_large_image\" \/>\n<meta name=\"twitter:label1\" content=\"Escrito por\" \/>\n\t<meta name=\"twitter:data1\" content=\"Telinha\" \/>\n\t<meta name=\"twitter:label2\" content=\"Tempo estimado de leitura\" \/>\n\t<meta name=\"twitter:data2\" content=\"1 minuto\" \/>\n<script type=\"application\/ld+json\" class=\"yoast-schema-graph\">{\"@context\":\"https:\/\/schema.org\",\"@graph\":[{\"@type\":\"Article\",\"@id\":\"https:\/\/portaltela.pt\/noticias\/2026\/02\/27\/geografia-da-ciencia-revela-desigualdades-territoriais-na-circulacao-do-saber\/#article\",\"isPartOf\":{\"@id\":\"https:\/\/portaltela.pt\/noticias\/2026\/02\/27\/geografia-da-ciencia-revela-desigualdades-territoriais-na-circulacao-do-saber\/\"},\"author\":{\"name\":\"Telinha\",\"@id\":\"https:\/\/portaltela.pt\/#\/schema\/person\/c4278d4a6028830caff9ee44b42d32ed\"},\"headline\":\"Geografia da ci\u00eancia revela desigualdades territoriais na circula\u00e7\u00e3o do saber\",\"datePublished\":\"2026-02-27T06:47:00+00:00\",\"mainEntityOfPage\":{\"@id\":\"https:\/\/portaltela.pt\/noticias\/2026\/02\/27\/geografia-da-ciencia-revela-desigualdades-territoriais-na-circulacao-do-saber\/\"},\"wordCount\":188,\"image\":{\"@id\":\"https:\/\/portaltela.pt\/noticias\/2026\/02\/27\/geografia-da-ciencia-revela-desigualdades-territoriais-na-circulacao-do-saber\/#primaryimage\"},\"thumbnailUrl\":\"https:\/\/portaltela.pt\/s.01k8rhncp4jt1\/2026\/02\/2036684.jpg\",\"keywords\":[\"ci\u00eancia\",\"circula\u00e7\u00e3o internacional\",\"colabora\u00e7\u00f5es internacionais\",\"economia\",\"geopol\u00edtica\",\"interc\u00e2mbios internacionais\"],\"articleSection\":[\"Not\u00edcias\"],\"inLanguage\":\"pt-PT\"},{\"@type\":\"WebPage\",\"@id\":\"https:\/\/portaltela.pt\/noticias\/2026\/02\/27\/geografia-da-ciencia-revela-desigualdades-territoriais-na-circulacao-do-saber\/\",\"url\":\"https:\/\/portaltela.pt\/noticias\/2026\/02\/27\/geografia-da-ciencia-revela-desigualdades-territoriais-na-circulacao-do-saber\/\",\"name\":\"Geografia da ci\u00eancia revela desigualdades territoriais na circula\u00e7\u00e3o do saber - Portal Tela Portugal\",\"isPartOf\":{\"@id\":\"https:\/\/portaltela.pt\/#website\"},\"primaryImageOfPage\":{\"@id\":\"https:\/\/portaltela.pt\/noticias\/2026\/02\/27\/geografia-da-ciencia-revela-desigualdades-territoriais-na-circulacao-do-saber\/#primaryimage\"},\"image\":{\"@id\":\"https:\/\/portaltela.pt\/noticias\/2026\/02\/27\/geografia-da-ciencia-revela-desigualdades-territoriais-na-circulacao-do-saber\/#primaryimage\"},\"thumbnailUrl\":\"https:\/\/portaltela.pt\/s.01k8rhncp4jt1\/2026\/02\/2036684.jpg\",\"datePublished\":\"2026-02-27T06:47:00+00:00\",\"author\":{\"@id\":\"https:\/\/portaltela.pt\/#\/schema\/person\/c4278d4a6028830caff9ee44b42d32ed\"},\"breadcrumb\":{\"@id\":\"https:\/\/portaltela.pt\/noticias\/2026\/02\/27\/geografia-da-ciencia-revela-desigualdades-territoriais-na-circulacao-do-saber\/#breadcrumb\"},\"inLanguage\":\"pt-PT\",\"potentialAction\":[{\"@type\":\"ReadAction\",\"target\":[\"https:\/\/portaltela.pt\/noticias\/2026\/02\/27\/geografia-da-ciencia-revela-desigualdades-territoriais-na-circulacao-do-saber\/\"]}]},{\"@type\":\"ImageObject\",\"inLanguage\":\"pt-PT\",\"@id\":\"https:\/\/portaltela.pt\/noticias\/2026\/02\/27\/geografia-da-ciencia-revela-desigualdades-territoriais-na-circulacao-do-saber\/#primaryimage\",\"url\":\"https:\/\/portaltela.pt\/s.01k8rhncp4jt1\/2026\/02\/2036684.jpg\",\"contentUrl\":\"https:\/\/portaltela.pt\/s.01k8rhncp4jt1\/2026\/02\/2036684.jpg\",\"width\":796,\"height\":448,\"caption\":\"Photo\"},{\"@type\":\"BreadcrumbList\",\"@id\":\"https:\/\/portaltela.pt\/noticias\/2026\/02\/27\/geografia-da-ciencia-revela-desigualdades-territoriais-na-circulacao-do-saber\/#breadcrumb\",\"itemListElement\":[{\"@type\":\"ListItem\",\"position\":1,\"name\":\"In\u00edcio\",\"item\":\"https:\/\/portaltela.pt\/\"},{\"@type\":\"ListItem\",\"position\":2,\"name\":\"Geografia da ci\u00eancia revela desigualdades territoriais na circula\u00e7\u00e3o do saber\"}]},{\"@type\":\"WebSite\",\"@id\":\"https:\/\/portaltela.pt\/#website\",\"url\":\"https:\/\/portaltela.pt\/\",\"name\":\"Portal Tela Portugal\",\"description\":\"\",\"potentialAction\":[{\"@type\":\"SearchAction\",\"target\":{\"@type\":\"EntryPoint\",\"urlTemplate\":\"https:\/\/portaltela.pt\/?s={search_term_string}\"},\"query-input\":{\"@type\":\"PropertyValueSpecification\",\"valueRequired\":true,\"valueName\":\"search_term_string\"}}],\"inLanguage\":\"pt-PT\"},{\"@type\":\"Person\",\"@id\":\"https:\/\/portaltela.pt\/#\/schema\/person\/c4278d4a6028830caff9ee44b42d32ed\",\"name\":\"Telinha\",\"image\":{\"@type\":\"ImageObject\",\"inLanguage\":\"pt-PT\",\"@id\":\"https:\/\/portaltela.pt\/s.01k8rhncp4jt1\/2025\/11\/talking-bot-125x125.png\",\"url\":\"https:\/\/portaltela.pt\/s.01k8rhncp4jt1\/2025\/11\/talking-bot-125x125.png\",\"contentUrl\":\"https:\/\/portaltela.pt\/s.01k8rhncp4jt1\/2025\/11\/talking-bot-125x125.png\",\"caption\":\"Telinha\"},\"sameAs\":[\"https:\/\/portaltela.pt\/\"],\"url\":\"https:\/\/portaltela.pt\/por\/367410592786\/\"}]}<\/script>\n<!-- \/ Yoast SEO plugin. -->","yoast_head_json":{"title":"Geografia da ci\u00eancia revela desigualdades territoriais na circula\u00e7\u00e3o do saber - Portal Tela Portugal","robots":{"index":"index","follow":"follow","max-snippet":"max-snippet:-1","max-image-preview":"max-image-preview:large","max-video-preview":"max-video-preview:-1"},"og_locale":"pt_PT","og_type":"article","og_title":"Geografia da ci\u00eancia revela desigualdades territoriais na circula\u00e7\u00e3o do saber - Portal Tela Portugal","og_description":"A ci\u00eancia tem uma geografia pr\u00f3pria, com desigualdades profundas entre regi\u00f5es. Combater essa desigualdade n\u00e3o passa apenas por regresso ao pa\u00eds, mas pela circula\u00e7\u00e3o inteligente de conhecimento e pol\u00edticas realistas. Existe um equ\u00edvoco comum de que o conhecimento nasce de forma equilibrada em todo o lado, desde que haja talento, esfor\u00e7o e m\u00e9rito. A realidade \u00e9 que a ci\u00eancia, tal como a economia e o poder pol\u00edtico, est\u00e1 geograficamente distribu\u00edda de forma desigual.","og_url":"https:\/\/portaltela.pt\/noticias\/2026\/02\/27\/geografia-da-ciencia-revela-desigualdades-territoriais-na-circulacao-do-saber\/","og_site_name":"Portal Tela Portugal","article_published_time":"2026-02-27T06:47:00+00:00","author":"Telinha","twitter_card":"summary_large_image","twitter_misc":{"Escrito por":"Telinha","Tempo estimado de leitura":"1 minuto"},"schema":{"@context":"https:\/\/schema.org","@graph":[{"@type":"Article","@id":"https:\/\/portaltela.pt\/noticias\/2026\/02\/27\/geografia-da-ciencia-revela-desigualdades-territoriais-na-circulacao-do-saber\/#article","isPartOf":{"@id":"https:\/\/portaltela.pt\/noticias\/2026\/02\/27\/geografia-da-ciencia-revela-desigualdades-territoriais-na-circulacao-do-saber\/"},"author":{"name":"Telinha","@id":"https:\/\/portaltela.pt\/#\/schema\/person\/c4278d4a6028830caff9ee44b42d32ed"},"headline":"Geografia da ci\u00eancia revela desigualdades territoriais na circula\u00e7\u00e3o do saber","datePublished":"2026-02-27T06:47:00+00:00","mainEntityOfPage":{"@id":"https:\/\/portaltela.pt\/noticias\/2026\/02\/27\/geografia-da-ciencia-revela-desigualdades-territoriais-na-circulacao-do-saber\/"},"wordCount":188,"image":{"@id":"https:\/\/portaltela.pt\/noticias\/2026\/02\/27\/geografia-da-ciencia-revela-desigualdades-territoriais-na-circulacao-do-saber\/#primaryimage"},"thumbnailUrl":"https:\/\/portaltela.pt\/s.01k8rhncp4jt1\/2026\/02\/2036684.jpg","keywords":["ci\u00eancia","circula\u00e7\u00e3o internacional","colabora\u00e7\u00f5es internacionais","economia","geopol\u00edtica","interc\u00e2mbios internacionais"],"articleSection":["Not\u00edcias"],"inLanguage":"pt-PT"},{"@type":"WebPage","@id":"https:\/\/portaltela.pt\/noticias\/2026\/02\/27\/geografia-da-ciencia-revela-desigualdades-territoriais-na-circulacao-do-saber\/","url":"https:\/\/portaltela.pt\/noticias\/2026\/02\/27\/geografia-da-ciencia-revela-desigualdades-territoriais-na-circulacao-do-saber\/","name":"Geografia da ci\u00eancia revela desigualdades territoriais na circula\u00e7\u00e3o do saber - Portal Tela Portugal","isPartOf":{"@id":"https:\/\/portaltela.pt\/#website"},"primaryImageOfPage":{"@id":"https:\/\/portaltela.pt\/noticias\/2026\/02\/27\/geografia-da-ciencia-revela-desigualdades-territoriais-na-circulacao-do-saber\/#primaryimage"},"image":{"@id":"https:\/\/portaltela.pt\/noticias\/2026\/02\/27\/geografia-da-ciencia-revela-desigualdades-territoriais-na-circulacao-do-saber\/#primaryimage"},"thumbnailUrl":"https:\/\/portaltela.pt\/s.01k8rhncp4jt1\/2026\/02\/2036684.jpg","datePublished":"2026-02-27T06:47:00+00:00","author":{"@id":"https:\/\/portaltela.pt\/#\/schema\/person\/c4278d4a6028830caff9ee44b42d32ed"},"breadcrumb":{"@id":"https:\/\/portaltela.pt\/noticias\/2026\/02\/27\/geografia-da-ciencia-revela-desigualdades-territoriais-na-circulacao-do-saber\/#breadcrumb"},"inLanguage":"pt-PT","potentialAction":[{"@type":"ReadAction","target":["https:\/\/portaltela.pt\/noticias\/2026\/02\/27\/geografia-da-ciencia-revela-desigualdades-territoriais-na-circulacao-do-saber\/"]}]},{"@type":"ImageObject","inLanguage":"pt-PT","@id":"https:\/\/portaltela.pt\/noticias\/2026\/02\/27\/geografia-da-ciencia-revela-desigualdades-territoriais-na-circulacao-do-saber\/#primaryimage","url":"https:\/\/portaltela.pt\/s.01k8rhncp4jt1\/2026\/02\/2036684.jpg","contentUrl":"https:\/\/portaltela.pt\/s.01k8rhncp4jt1\/2026\/02\/2036684.jpg","width":796,"height":448,"caption":"Photo"},{"@type":"BreadcrumbList","@id":"https:\/\/portaltela.pt\/noticias\/2026\/02\/27\/geografia-da-ciencia-revela-desigualdades-territoriais-na-circulacao-do-saber\/#breadcrumb","itemListElement":[{"@type":"ListItem","position":1,"name":"In\u00edcio","item":"https:\/\/portaltela.pt\/"},{"@type":"ListItem","position":2,"name":"Geografia da ci\u00eancia revela desigualdades territoriais na circula\u00e7\u00e3o do saber"}]},{"@type":"WebSite","@id":"https:\/\/portaltela.pt\/#website","url":"https:\/\/portaltela.pt\/","name":"Portal Tela Portugal","description":"","potentialAction":[{"@type":"SearchAction","target":{"@type":"EntryPoint","urlTemplate":"https:\/\/portaltela.pt\/?s={search_term_string}"},"query-input":{"@type":"PropertyValueSpecification","valueRequired":true,"valueName":"search_term_string"}}],"inLanguage":"pt-PT"},{"@type":"Person","@id":"https:\/\/portaltela.pt\/#\/schema\/person\/c4278d4a6028830caff9ee44b42d32ed","name":"Telinha","image":{"@type":"ImageObject","inLanguage":"pt-PT","@id":"https:\/\/portaltela.pt\/s.01k8rhncp4jt1\/2025\/11\/talking-bot-125x125.png","url":"https:\/\/portaltela.pt\/s.01k8rhncp4jt1\/2025\/11\/talking-bot-125x125.png","contentUrl":"https:\/\/portaltela.pt\/s.01k8rhncp4jt1\/2025\/11\/talking-bot-125x125.png","caption":"Telinha"},"sameAs":["https:\/\/portaltela.pt\/"],"url":"https:\/\/portaltela.pt\/por\/367410592786\/"}]}},"_links":{"self":[{"href":"https:\/\/portaltela.pt\/api\/wp\/v2\/posts\/390219","targetHints":{"allow":["GET"]}}],"collection":[{"href":"https:\/\/portaltela.pt\/api\/wp\/v2\/posts"}],"about":[{"href":"https:\/\/portaltela.pt\/api\/wp\/v2\/types\/post"}],"author":[{"embeddable":true,"href":"https:\/\/portaltela.pt\/api\/wp\/v2\/users\/2"}],"replies":[{"embeddable":true,"href":"https:\/\/portaltela.pt\/api\/wp\/v2\/comments?post=390219"}],"version-history":[{"count":0,"href":"https:\/\/portaltela.pt\/api\/wp\/v2\/posts\/390219\/revisions"}],"wp:featuredmedia":[{"embeddable":true,"href":"https:\/\/portaltela.pt\/api\/wp\/v2\/media\/390229"}],"wp:attachment":[{"href":"https:\/\/portaltela.pt\/api\/wp\/v2\/media?parent=390219"}],"wp:term":[{"taxonomy":"category","embeddable":true,"href":"https:\/\/portaltela.pt\/api\/wp\/v2\/categories?post=390219"},{"taxonomy":"post_tag","embeddable":true,"href":"https:\/\/portaltela.pt\/api\/wp\/v2\/tags?post=390219"}],"curies":[{"name":"wp","href":"https:\/\/api.w.org\/{rel}","templated":true}]}}