{"id":390192,"date":"2026-02-27T03:47:12","date_gmt":"2026-02-27T06:47:12","guid":{"rendered":"https:\/\/portaltela.pt\/noticias\/2026\/02\/27\/paquistao-declara-guerra-ao-afeganistao-e-ataca-cabul\/"},"modified":"2026-02-27T03:47:12","modified_gmt":"2026-02-27T06:47:12","slug":"paquistao-declara-guerra-ao-afeganistao-e-ataca-cabul","status":"publish","type":"post","link":"https:\/\/portaltela.pt\/noticias\/internacional\/2026\/02\/27\/paquistao-declara-guerra-ao-afeganistao-e-ataca-cabul\/","title":{"rendered":"Paquist\u00e3o declara guerra ao Afeganist\u00e3o e ataca Cabul"},"content":{"rendered":"<p>O Paquist\u00e3o lan\u00e7ou ataques contra v\u00e1rias cidades afeg\u00e3s, incluindo Cabul, na sexta-feira, ap\u00f3s o ministro da Defesa ter declarado que o pa\u00eds j\u00e1 n\u00e3o tem paci\u00eancia e que existe uma guerra aberta. A ofensiva sucede a a\u00e7\u00f5es recentes na fronteira com o Afeganist\u00e3o.<\/p>\n<p>As for\u00e7as afeg\u00e3s teriam respondido, atacando tropas paquistanesas na fronteira na noite de quinta-feira, em retalia\u00e7\u00e3o aos ataques a\u00e9reos paquistaneses de domingo. Os ataques paquistaneses foram descritos como direcionados a \u00e1reas fronteiri\u00e7as, com impacto reportado em Cabul.<\/p>\n<p>O ministro paquistan\u00eas da Defesa, Khawaja Mohammad Asif, afirmou que o objetivo \u00e9 a paz no Afeganist\u00e3o ap\u00f3s a retirada das for\u00e7as da NATO, esperando que os talib\u00e3s assegurem bem-estar da popula\u00e7\u00e3o e estabilidade regional. Segundo ele, os talib\u00e3s criaram uma \u201ccol\u00f3nia da \u00cdndia\u201d e exportam terrorismo.<\/p>\n<p>O Paquist\u00e3o acusa a vizinha \u00cdndia de apoiar grupos militantes no territ\u00f3rio afeg\u00e3o, uma vers\u00e3o negada por Nova Deli. As rela\u00e7\u00f5es entre Islamabad e Cabul pioraram nos \u00faltimos meses, com fronteira quase fechada ap\u00f3s combates mortais em outubro.<\/p>\n<p>Rondas de negocia\u00e7\u00f5es, mediadas pelo Qatar e pela Turquia, n\u00e3o tiveram resultado duradouro. Enquanto os dois pa\u00edses sobem o tom, relatos apontam dezenas de mortos entre as for\u00e7as de cada lado na recente escalada.<\/p>\n<h3>Contexto da escalada<\/h3>\n<p>Nos \u00faltimos meses, explos\u00f5es e atentados mortais ocorrem no Paquist\u00e3o e no Afeganist\u00e3o, incluindo uma mesquita xiita em Islamabad que deixou pelo menos 40 mortos, reivindicada pelo Estado Isl\u00e2mico. O grupo tamb\u00e9m reivindicou um ataque recente em Cabul.<\/p>\n<p>Em fevereiro, a Ar\u00e1bia Saudita mediou a liberta\u00e7\u00e3o de tr\u00eas militares paquistaneses capturados pelo Afeganist\u00e3o em outubro. Lagos de tens\u00f5es repetidas marcaram o processo de paz desde 2023, sem acordo definitivo.<\/p>\n<p>Desde outubro de 2023, o Paquist\u00e3o lan\u00e7ou uma opera\u00e7\u00e3o para expulsar migrantes sem documentos. Milh\u00f5es atravessaram a fronteira para o Afeganist\u00e3o, com 2,9 milh\u00f5es de retornos ao Afeganist\u00e3o no ano passado e cerca de 80 mil neste ano, segundo a ONU.<\/p>\n","protected":false},"excerpt":{"rendered":"<ul>\n<li>Na sexta-feira, o Paquist\u00e3o lan\u00e7ou ataques contra v\u00e1rias cidades afeg\u00e3s, incluindo Cabul, ap\u00f3s o ministro da Defesa ter declarado que existe uma \u201cguerra aberta\u201d.<\/li>\n<li>O ataque ocorreu depois de for\u00e7as afeg\u00e3s terem atacado tropas paquistanesas na fronteira, em resposta a ataques a\u00e9reos paquistaneses no domingo.<\/li>\n<li>O ministro da Defesa, Khawaja Mohammad Asif, afirmou que o Paquist\u00e3o pretende paz no Afeganist\u00e3o, mas acusa os talib\u00e3s de transformar o pa\u00eds numa \u201ccol\u00f3nia da \u00cdndia\u201d e de exportar terrorismo.<\/li>\n<li>As rela\u00e7\u00f5es entre os dois pa\u00edses deterioraram-se, com as fronteiras quase encerradas desde outubro, ap\u00f3s v\u00e1rias rondas de negocia\u00e7\u00f5es falhadas de cessar-fogo.<\/li>\n<li>Num contexto de viol\u00eancia cont\u00ednua, milh\u00f5es de pessoas deslocaram-se; no ano passado entraram 2,9 milh\u00f5es de refugiados de volta ao Afeganist\u00e3o, sendo 80 mil este ano.<\/li>\n<\/ul>\n","protected":false},"author":2,"featured_media":390195,"comment_status":"closed","ping_status":"closed","sticky":false,"template":"","format":"standard","meta":{"footnotes":""},"categories":[4,1],"tags":[4104,3625,4002,62,3743,4989],"class_list":["post-390192","post","type-post","status-publish","format-standard","has-post-thumbnail","hentry","category-internacional","category-noticias","tag-afeganistao","tag-estado-islamico","tag-fronteiras","tag-guerra","tag-paquistao","tag-terrorismo"],"yoast_head":"<!-- This site is optimized with the Yoast SEO plugin v27.2 - https:\/\/yoast.com\/product\/yoast-seo-wordpress\/ -->\n<title>Paquist\u00e3o declara guerra ao Afeganist\u00e3o e ataca Cabul - Portal Tela Portugal<\/title>\n<meta name=\"robots\" content=\"index, follow, max-snippet:-1, max-image-preview:large, max-video-preview:-1\" \/>\n<meta property=\"og:locale\" content=\"pt_PT\" \/>\n<meta property=\"og:type\" content=\"article\" \/>\n<meta property=\"og:title\" content=\"Paquist\u00e3o declara guerra ao Afeganist\u00e3o e ataca Cabul - Portal Tela Portugal\" \/>\n<meta property=\"og:description\" content=\"Na sexta-feira, o Paquist\u00e3o lan\u00e7ou ataques contra v\u00e1rias cidades afeg\u00e3s, incluindo Cabul, ap\u00f3s o ministro da Defesa ter declarado que existe uma \u201cguerra aberta\u201d. O ataque ocorreu depois de for\u00e7as afeg\u00e3s terem atacado tropas paquistanesas na fronteira, em resposta a ataques a\u00e9reos paquistaneses no domingo. O ministro da Defesa, Khawaja Mohammad Asif, afirmou que o Paquist\u00e3o pretende paz no Afeganist\u00e3o, mas acusa os talib\u00e3s de transformar o pa\u00eds numa \u201ccol\u00f3nia da \u00cdndia\u201d e de exportar terrorismo. As rela\u00e7\u00f5es entre os dois pa\u00edses deterioraram-se, com as fronteiras quase encerradas desde outubro, ap\u00f3s v\u00e1rias rondas de negocia\u00e7\u00f5es falhadas de cessar-fogo. Num contexto de viol\u00eancia cont\u00ednua, milh\u00f5es de pessoas deslocaram-se; no ano passado entraram 2,9 milh\u00f5es de refugiados de volta ao Afeganist\u00e3o, sendo 80 mil este ano.\" \/>\n<meta property=\"og:url\" content=\"https:\/\/portaltela.pt\/noticias\/2026\/02\/27\/paquistao-declara-guerra-ao-afeganistao-e-ataca-cabul\/\" \/>\n<meta property=\"og:site_name\" content=\"Portal Tela Portugal\" \/>\n<meta property=\"article:published_time\" content=\"2026-02-27T06:47:12+00:00\" \/>\n<meta name=\"author\" content=\"Telinha\" \/>\n<meta name=\"twitter:card\" content=\"summary_large_image\" \/>\n<meta name=\"twitter:label1\" content=\"Escrito por\" \/>\n\t<meta name=\"twitter:data1\" content=\"Telinha\" \/>\n\t<meta name=\"twitter:label2\" content=\"Tempo estimado de leitura\" \/>\n\t<meta name=\"twitter:data2\" content=\"2 minutos\" \/>\n<script type=\"application\/ld+json\" class=\"yoast-schema-graph\">{\"@context\":\"https:\/\/schema.org\",\"@graph\":[{\"@type\":\"Article\",\"@id\":\"https:\/\/portaltela.pt\/noticias\/2026\/02\/27\/paquistao-declara-guerra-ao-afeganistao-e-ataca-cabul\/#article\",\"isPartOf\":{\"@id\":\"https:\/\/portaltela.pt\/noticias\/2026\/02\/27\/paquistao-declara-guerra-ao-afeganistao-e-ataca-cabul\/\"},\"author\":{\"name\":\"Telinha\",\"@id\":\"https:\/\/portaltela.pt\/#\/schema\/person\/c4278d4a6028830caff9ee44b42d32ed\"},\"headline\":\"Paquist\u00e3o declara guerra ao Afeganist\u00e3o e ataca Cabul\",\"datePublished\":\"2026-02-27T06:47:12+00:00\",\"mainEntityOfPage\":{\"@id\":\"https:\/\/portaltela.pt\/noticias\/2026\/02\/27\/paquistao-declara-guerra-ao-afeganistao-e-ataca-cabul\/\"},\"wordCount\":366,\"image\":{\"@id\":\"https:\/\/portaltela.pt\/noticias\/2026\/02\/27\/paquistao-declara-guerra-ao-afeganistao-e-ataca-cabul\/#primaryimage\"},\"thumbnailUrl\":\"https:\/\/portaltela.pt\/s.01k8rhncp4jt1\/2026\/02\/1536x864_cmsv2_6ba53e09-08ac-5ed7-aab5-a7c93b180696-9667621.jpg\",\"keywords\":[\"Afeganist\u00e3o\",\"Estado Isl\u00e2mico\",\"fronteiras\",\"guerra\",\"Paquist\u00e3o\",\"terrorismo\"],\"articleSection\":[\"Internacional\",\"Not\u00edcias\"],\"inLanguage\":\"pt-PT\"},{\"@type\":\"WebPage\",\"@id\":\"https:\/\/portaltela.pt\/noticias\/2026\/02\/27\/paquistao-declara-guerra-ao-afeganistao-e-ataca-cabul\/\",\"url\":\"https:\/\/portaltela.pt\/noticias\/2026\/02\/27\/paquistao-declara-guerra-ao-afeganistao-e-ataca-cabul\/\",\"name\":\"Paquist\u00e3o declara guerra ao Afeganist\u00e3o e ataca Cabul - Portal Tela Portugal\",\"isPartOf\":{\"@id\":\"https:\/\/portaltela.pt\/#website\"},\"primaryImageOfPage\":{\"@id\":\"https:\/\/portaltela.pt\/noticias\/2026\/02\/27\/paquistao-declara-guerra-ao-afeganistao-e-ataca-cabul\/#primaryimage\"},\"image\":{\"@id\":\"https:\/\/portaltela.pt\/noticias\/2026\/02\/27\/paquistao-declara-guerra-ao-afeganistao-e-ataca-cabul\/#primaryimage\"},\"thumbnailUrl\":\"https:\/\/portaltela.pt\/s.01k8rhncp4jt1\/2026\/02\/1536x864_cmsv2_6ba53e09-08ac-5ed7-aab5-a7c93b180696-9667621.jpg\",\"datePublished\":\"2026-02-27T06:47:12+00:00\",\"author\":{\"@id\":\"https:\/\/portaltela.pt\/#\/schema\/person\/c4278d4a6028830caff9ee44b42d32ed\"},\"breadcrumb\":{\"@id\":\"https:\/\/portaltela.pt\/noticias\/2026\/02\/27\/paquistao-declara-guerra-ao-afeganistao-e-ataca-cabul\/#breadcrumb\"},\"inLanguage\":\"pt-PT\",\"potentialAction\":[{\"@type\":\"ReadAction\",\"target\":[\"https:\/\/portaltela.pt\/noticias\/2026\/02\/27\/paquistao-declara-guerra-ao-afeganistao-e-ataca-cabul\/\"]}]},{\"@type\":\"ImageObject\",\"inLanguage\":\"pt-PT\",\"@id\":\"https:\/\/portaltela.pt\/noticias\/2026\/02\/27\/paquistao-declara-guerra-ao-afeganistao-e-ataca-cabul\/#primaryimage\",\"url\":\"https:\/\/portaltela.pt\/s.01k8rhncp4jt1\/2026\/02\/1536x864_cmsv2_6ba53e09-08ac-5ed7-aab5-a7c93b180696-9667621.jpg\",\"contentUrl\":\"https:\/\/portaltela.pt\/s.01k8rhncp4jt1\/2026\/02\/1536x864_cmsv2_6ba53e09-08ac-5ed7-aab5-a7c93b180696-9667621.jpg\",\"width\":1536,\"height\":864,\"caption\":\"Residentes locais e trabalhadores da defesa civil observam enquanto um bulldozer limpa os escombros de uma casa atingida por um ataque do ex\u00e9rcito paquistan\u00eas al\u00e9m-fronteiras, no Afeganist\u00e3o, domingo, 22 de fevereiro de 2026.\"},{\"@type\":\"BreadcrumbList\",\"@id\":\"https:\/\/portaltela.pt\/noticias\/2026\/02\/27\/paquistao-declara-guerra-ao-afeganistao-e-ataca-cabul\/#breadcrumb\",\"itemListElement\":[{\"@type\":\"ListItem\",\"position\":1,\"name\":\"In\u00edcio\",\"item\":\"https:\/\/portaltela.pt\/\"},{\"@type\":\"ListItem\",\"position\":2,\"name\":\"Paquist\u00e3o declara guerra ao Afeganist\u00e3o e ataca Cabul\"}]},{\"@type\":\"WebSite\",\"@id\":\"https:\/\/portaltela.pt\/#website\",\"url\":\"https:\/\/portaltela.pt\/\",\"name\":\"Portal Tela Portugal\",\"description\":\"\",\"potentialAction\":[{\"@type\":\"SearchAction\",\"target\":{\"@type\":\"EntryPoint\",\"urlTemplate\":\"https:\/\/portaltela.pt\/?s={search_term_string}\"},\"query-input\":{\"@type\":\"PropertyValueSpecification\",\"valueRequired\":true,\"valueName\":\"search_term_string\"}}],\"inLanguage\":\"pt-PT\"},{\"@type\":\"Person\",\"@id\":\"https:\/\/portaltela.pt\/#\/schema\/person\/c4278d4a6028830caff9ee44b42d32ed\",\"name\":\"Telinha\",\"image\":{\"@type\":\"ImageObject\",\"inLanguage\":\"pt-PT\",\"@id\":\"https:\/\/portaltela.pt\/s.01k8rhncp4jt1\/2025\/11\/talking-bot-125x125.png\",\"url\":\"https:\/\/portaltela.pt\/s.01k8rhncp4jt1\/2025\/11\/talking-bot-125x125.png\",\"contentUrl\":\"https:\/\/portaltela.pt\/s.01k8rhncp4jt1\/2025\/11\/talking-bot-125x125.png\",\"caption\":\"Telinha\"},\"sameAs\":[\"https:\/\/portaltela.pt\/\"],\"url\":\"https:\/\/portaltela.pt\/por\/367410592786\/\"}]}<\/script>\n<!-- \/ Yoast SEO plugin. -->","yoast_head_json":{"title":"Paquist\u00e3o declara guerra ao Afeganist\u00e3o e ataca Cabul - Portal Tela Portugal","robots":{"index":"index","follow":"follow","max-snippet":"max-snippet:-1","max-image-preview":"max-image-preview:large","max-video-preview":"max-video-preview:-1"},"og_locale":"pt_PT","og_type":"article","og_title":"Paquist\u00e3o declara guerra ao Afeganist\u00e3o e ataca Cabul - Portal Tela Portugal","og_description":"Na sexta-feira, o Paquist\u00e3o lan\u00e7ou ataques contra v\u00e1rias cidades afeg\u00e3s, incluindo Cabul, ap\u00f3s o ministro da Defesa ter declarado que existe uma \u201cguerra aberta\u201d. O ataque ocorreu depois de for\u00e7as afeg\u00e3s terem atacado tropas paquistanesas na fronteira, em resposta a ataques a\u00e9reos paquistaneses no domingo. O ministro da Defesa, Khawaja Mohammad Asif, afirmou que o Paquist\u00e3o pretende paz no Afeganist\u00e3o, mas acusa os talib\u00e3s de transformar o pa\u00eds numa \u201ccol\u00f3nia da \u00cdndia\u201d e de exportar terrorismo. As rela\u00e7\u00f5es entre os dois pa\u00edses deterioraram-se, com as fronteiras quase encerradas desde outubro, ap\u00f3s v\u00e1rias rondas de negocia\u00e7\u00f5es falhadas de cessar-fogo. Num contexto de viol\u00eancia cont\u00ednua, milh\u00f5es de pessoas deslocaram-se; no ano passado entraram 2,9 milh\u00f5es de refugiados de volta ao Afeganist\u00e3o, sendo 80 mil este ano.","og_url":"https:\/\/portaltela.pt\/noticias\/2026\/02\/27\/paquistao-declara-guerra-ao-afeganistao-e-ataca-cabul\/","og_site_name":"Portal Tela Portugal","article_published_time":"2026-02-27T06:47:12+00:00","author":"Telinha","twitter_card":"summary_large_image","twitter_misc":{"Escrito por":"Telinha","Tempo estimado de leitura":"2 minutos"},"schema":{"@context":"https:\/\/schema.org","@graph":[{"@type":"Article","@id":"https:\/\/portaltela.pt\/noticias\/2026\/02\/27\/paquistao-declara-guerra-ao-afeganistao-e-ataca-cabul\/#article","isPartOf":{"@id":"https:\/\/portaltela.pt\/noticias\/2026\/02\/27\/paquistao-declara-guerra-ao-afeganistao-e-ataca-cabul\/"},"author":{"name":"Telinha","@id":"https:\/\/portaltela.pt\/#\/schema\/person\/c4278d4a6028830caff9ee44b42d32ed"},"headline":"Paquist\u00e3o declara guerra ao Afeganist\u00e3o e ataca Cabul","datePublished":"2026-02-27T06:47:12+00:00","mainEntityOfPage":{"@id":"https:\/\/portaltela.pt\/noticias\/2026\/02\/27\/paquistao-declara-guerra-ao-afeganistao-e-ataca-cabul\/"},"wordCount":366,"image":{"@id":"https:\/\/portaltela.pt\/noticias\/2026\/02\/27\/paquistao-declara-guerra-ao-afeganistao-e-ataca-cabul\/#primaryimage"},"thumbnailUrl":"https:\/\/portaltela.pt\/s.01k8rhncp4jt1\/2026\/02\/1536x864_cmsv2_6ba53e09-08ac-5ed7-aab5-a7c93b180696-9667621.jpg","keywords":["Afeganist\u00e3o","Estado Isl\u00e2mico","fronteiras","guerra","Paquist\u00e3o","terrorismo"],"articleSection":["Internacional","Not\u00edcias"],"inLanguage":"pt-PT"},{"@type":"WebPage","@id":"https:\/\/portaltela.pt\/noticias\/2026\/02\/27\/paquistao-declara-guerra-ao-afeganistao-e-ataca-cabul\/","url":"https:\/\/portaltela.pt\/noticias\/2026\/02\/27\/paquistao-declara-guerra-ao-afeganistao-e-ataca-cabul\/","name":"Paquist\u00e3o declara guerra ao Afeganist\u00e3o e ataca Cabul - Portal Tela Portugal","isPartOf":{"@id":"https:\/\/portaltela.pt\/#website"},"primaryImageOfPage":{"@id":"https:\/\/portaltela.pt\/noticias\/2026\/02\/27\/paquistao-declara-guerra-ao-afeganistao-e-ataca-cabul\/#primaryimage"},"image":{"@id":"https:\/\/portaltela.pt\/noticias\/2026\/02\/27\/paquistao-declara-guerra-ao-afeganistao-e-ataca-cabul\/#primaryimage"},"thumbnailUrl":"https:\/\/portaltela.pt\/s.01k8rhncp4jt1\/2026\/02\/1536x864_cmsv2_6ba53e09-08ac-5ed7-aab5-a7c93b180696-9667621.jpg","datePublished":"2026-02-27T06:47:12+00:00","author":{"@id":"https:\/\/portaltela.pt\/#\/schema\/person\/c4278d4a6028830caff9ee44b42d32ed"},"breadcrumb":{"@id":"https:\/\/portaltela.pt\/noticias\/2026\/02\/27\/paquistao-declara-guerra-ao-afeganistao-e-ataca-cabul\/#breadcrumb"},"inLanguage":"pt-PT","potentialAction":[{"@type":"ReadAction","target":["https:\/\/portaltela.pt\/noticias\/2026\/02\/27\/paquistao-declara-guerra-ao-afeganistao-e-ataca-cabul\/"]}]},{"@type":"ImageObject","inLanguage":"pt-PT","@id":"https:\/\/portaltela.pt\/noticias\/2026\/02\/27\/paquistao-declara-guerra-ao-afeganistao-e-ataca-cabul\/#primaryimage","url":"https:\/\/portaltela.pt\/s.01k8rhncp4jt1\/2026\/02\/1536x864_cmsv2_6ba53e09-08ac-5ed7-aab5-a7c93b180696-9667621.jpg","contentUrl":"https:\/\/portaltela.pt\/s.01k8rhncp4jt1\/2026\/02\/1536x864_cmsv2_6ba53e09-08ac-5ed7-aab5-a7c93b180696-9667621.jpg","width":1536,"height":864,"caption":"Residentes locais e trabalhadores da defesa civil observam enquanto um bulldozer limpa os escombros de uma casa atingida por um ataque do ex\u00e9rcito paquistan\u00eas al\u00e9m-fronteiras, no Afeganist\u00e3o, domingo, 22 de fevereiro de 2026."},{"@type":"BreadcrumbList","@id":"https:\/\/portaltela.pt\/noticias\/2026\/02\/27\/paquistao-declara-guerra-ao-afeganistao-e-ataca-cabul\/#breadcrumb","itemListElement":[{"@type":"ListItem","position":1,"name":"In\u00edcio","item":"https:\/\/portaltela.pt\/"},{"@type":"ListItem","position":2,"name":"Paquist\u00e3o declara guerra ao Afeganist\u00e3o e ataca Cabul"}]},{"@type":"WebSite","@id":"https:\/\/portaltela.pt\/#website","url":"https:\/\/portaltela.pt\/","name":"Portal Tela Portugal","description":"","potentialAction":[{"@type":"SearchAction","target":{"@type":"EntryPoint","urlTemplate":"https:\/\/portaltela.pt\/?s={search_term_string}"},"query-input":{"@type":"PropertyValueSpecification","valueRequired":true,"valueName":"search_term_string"}}],"inLanguage":"pt-PT"},{"@type":"Person","@id":"https:\/\/portaltela.pt\/#\/schema\/person\/c4278d4a6028830caff9ee44b42d32ed","name":"Telinha","image":{"@type":"ImageObject","inLanguage":"pt-PT","@id":"https:\/\/portaltela.pt\/s.01k8rhncp4jt1\/2025\/11\/talking-bot-125x125.png","url":"https:\/\/portaltela.pt\/s.01k8rhncp4jt1\/2025\/11\/talking-bot-125x125.png","contentUrl":"https:\/\/portaltela.pt\/s.01k8rhncp4jt1\/2025\/11\/talking-bot-125x125.png","caption":"Telinha"},"sameAs":["https:\/\/portaltela.pt\/"],"url":"https:\/\/portaltela.pt\/por\/367410592786\/"}]}},"_links":{"self":[{"href":"https:\/\/portaltela.pt\/api\/wp\/v2\/posts\/390192","targetHints":{"allow":["GET"]}}],"collection":[{"href":"https:\/\/portaltela.pt\/api\/wp\/v2\/posts"}],"about":[{"href":"https:\/\/portaltela.pt\/api\/wp\/v2\/types\/post"}],"author":[{"embeddable":true,"href":"https:\/\/portaltela.pt\/api\/wp\/v2\/users\/2"}],"replies":[{"embeddable":true,"href":"https:\/\/portaltela.pt\/api\/wp\/v2\/comments?post=390192"}],"version-history":[{"count":0,"href":"https:\/\/portaltela.pt\/api\/wp\/v2\/posts\/390192\/revisions"}],"wp:featuredmedia":[{"embeddable":true,"href":"https:\/\/portaltela.pt\/api\/wp\/v2\/media\/390195"}],"wp:attachment":[{"href":"https:\/\/portaltela.pt\/api\/wp\/v2\/media?parent=390192"}],"wp:term":[{"taxonomy":"category","embeddable":true,"href":"https:\/\/portaltela.pt\/api\/wp\/v2\/categories?post=390192"},{"taxonomy":"post_tag","embeddable":true,"href":"https:\/\/portaltela.pt\/api\/wp\/v2\/tags?post=390192"}],"curies":[{"name":"wp","href":"https:\/\/api.w.org\/{rel}","templated":true}]}}