{"id":390163,"date":"2026-02-27T02:00:00","date_gmt":"2026-02-27T05:00:00","guid":{"rendered":"https:\/\/portaltela.pt\/noticias\/2026\/02\/27\/boavista-para-la-do-relvado-admite-ter-perdido-dois-titulos-em-20-anos\/"},"modified":"2026-02-27T02:00:00","modified_gmt":"2026-02-27T05:00:00","slug":"boavista-para-la-do-relvado-admite-ter-perdido-dois-titulos-em-20-anos","status":"publish","type":"post","link":"https:\/\/portaltela.pt\/desporto\/2026\/02\/27\/boavista-para-la-do-relvado-admite-ter-perdido-dois-titulos-em-20-anos\/","title":{"rendered":"Boavista para l\u00e1 do relvado: admite ter perdido dois t\u00edtulos em 20 anos"},"content":{"rendered":"<p>O Boavista mant\u00e9m-se ativo no desporto al\u00e9m do futebol, com 32 modalidades em funcionamento. Entre elas, destacam-se conquistas em boxe, kickboxing e ciclismo, que chegam ao Bessa com a marca de v\u00e1rias institui\u00e7\u00f5es da cidade do Porto.<\/p>\n<p>Ao todo trabalham no clube mais de 1.500 atletas, num universo que sustenta a atividade desportiva local e envolve v\u00e1rias equipas t\u00e9cnicas. O cen\u00e1rio inclui treinadores como Carlos Caldas, reconhecido na boxe do Boavista.<\/p>\n<p>As dificuldades financeiras do clube, j\u00e1 amplamente conhecidas no universo do futebol, repercutem-se em todas as sec\u00e7\u00f5es. A aposta continua firme na diversidade de modalidades para manter a pr\u00e1tica desportiva na regi\u00e3o.<\/p>\n<h3>Diversidade e impacto<\/h3>\n<p>O Boavista mant\u00e9m a presen\u00e7a em v\u00e1rias disciplinas, refor\u00e7ando o papel do clube como polo desportivo para centenas de jovens atletas. A organiza\u00e7\u00e3o visa assegurar competitividade e forma\u00e7\u00e3o cont\u00ednua nas \u00e1reas de competi\u00e7\u00e3o e forma\u00e7\u00e3o desportiva.<\/p>\n","protected":false},"excerpt":{"rendered":"<ul>\n<li>As dificuldades financeiras do Boavista afetam n\u00e3o s\u00f3 o futebol, mas todo o universo axadrezado.<\/li>\n<li>O clube tem 32 modalidades em atividade.<\/li>\n<li>Trabalha com mais de 1.500 atletas em v\u00e1rias necessidades desportivas.<\/li>\n<li>Os trof\u00e9us continuam a chegar ao Bessa em sec\u00e7\u00f5es como boxe, kickboxing e ciclismo.<\/li>\n<li>A not\u00edcia destaca que a realidade financeira do Boavista impacta toda a estrutura desportiva da cidade do Porto.<\/li>\n<\/ul>\n","protected":false},"author":2,"featured_media":390166,"comment_status":"closed","ping_status":"closed","sticky":false,"template":"","format":"standard","meta":{"footnotes":""},"categories":[21],"tags":[252,923,152,32,2767,982],"class_list":["post-390163","post","type-post","status-publish","format-standard","has-post-thumbnail","hentry","category-desporto","tag-atletas","tag-ciclismo","tag-desporto","tag-futebol","tag-organizacoes-desportivas","tag-porto"],"yoast_head":"<!-- This site is optimized with the Yoast SEO plugin v27.2 - https:\/\/yoast.com\/product\/yoast-seo-wordpress\/ -->\n<title>Boavista para l\u00e1 do relvado: admite ter perdido dois t\u00edtulos em 20 anos - Portal Tela Portugal<\/title>\n<meta name=\"robots\" content=\"index, follow, max-snippet:-1, max-image-preview:large, max-video-preview:-1\" \/>\n<meta property=\"og:locale\" content=\"pt_PT\" \/>\n<meta property=\"og:type\" content=\"article\" \/>\n<meta property=\"og:title\" content=\"Boavista para l\u00e1 do relvado: admite ter perdido dois t\u00edtulos em 20 anos - Portal Tela Portugal\" \/>\n<meta property=\"og:description\" content=\"As dificuldades financeiras do Boavista afetam n\u00e3o s\u00f3 o futebol, mas todo o universo axadrezado. O clube tem 32 modalidades em atividade. Trabalha com mais de 1.500 atletas em v\u00e1rias necessidades desportivas. Os trof\u00e9us continuam a chegar ao Bessa em sec\u00e7\u00f5es como boxe, kickboxing e ciclismo. A not\u00edcia destaca que a realidade financeira do Boavista impacta toda a estrutura desportiva da cidade do Porto.\" \/>\n<meta property=\"og:url\" content=\"https:\/\/portaltela.pt\/noticias\/2026\/02\/27\/boavista-para-la-do-relvado-admite-ter-perdido-dois-titulos-em-20-anos\/\" \/>\n<meta property=\"og:site_name\" content=\"Portal Tela Portugal\" \/>\n<meta property=\"article:published_time\" content=\"2026-02-27T05:00:00+00:00\" \/>\n<meta name=\"author\" content=\"Telinha\" \/>\n<meta name=\"twitter:card\" content=\"summary_large_image\" \/>\n<meta name=\"twitter:label1\" content=\"Escrito por\" \/>\n\t<meta name=\"twitter:data1\" content=\"Telinha\" \/>\n\t<meta name=\"twitter:label2\" content=\"Tempo estimado de leitura\" \/>\n\t<meta name=\"twitter:data2\" content=\"1 minuto\" \/>\n<script type=\"application\/ld+json\" class=\"yoast-schema-graph\">{\"@context\":\"https:\/\/schema.org\",\"@graph\":[{\"@type\":\"Article\",\"@id\":\"https:\/\/portaltela.pt\/noticias\/2026\/02\/27\/boavista-para-la-do-relvado-admite-ter-perdido-dois-titulos-em-20-anos\/#article\",\"isPartOf\":{\"@id\":\"https:\/\/portaltela.pt\/noticias\/2026\/02\/27\/boavista-para-la-do-relvado-admite-ter-perdido-dois-titulos-em-20-anos\/\"},\"author\":{\"name\":\"Telinha\",\"@id\":\"https:\/\/portaltela.pt\/#\/schema\/person\/c4278d4a6028830caff9ee44b42d32ed\"},\"headline\":\"Boavista para l\u00e1 do relvado: admite ter perdido dois t\u00edtulos em 20 anos\",\"datePublished\":\"2026-02-27T05:00:00+00:00\",\"mainEntityOfPage\":{\"@id\":\"https:\/\/portaltela.pt\/noticias\/2026\/02\/27\/boavista-para-la-do-relvado-admite-ter-perdido-dois-titulos-em-20-anos\/\"},\"wordCount\":172,\"image\":{\"@id\":\"https:\/\/portaltela.pt\/noticias\/2026\/02\/27\/boavista-para-la-do-relvado-admite-ter-perdido-dois-titulos-em-20-anos\/#primaryimage\"},\"thumbnailUrl\":\"https:\/\/portaltela.pt\/s.01k8rhncp4jt1\/2026\/02\/img_920x518uu2026-02-26-23-22-40-2423882.jpg\",\"keywords\":[\"atletas\",\"ciclismo\",\"desporto\",\"futebol\",\"organiza\u00e7\u00f5es desportivas\",\"Porto\"],\"articleSection\":[\"Desporto\"],\"inLanguage\":\"pt-PT\"},{\"@type\":\"WebPage\",\"@id\":\"https:\/\/portaltela.pt\/noticias\/2026\/02\/27\/boavista-para-la-do-relvado-admite-ter-perdido-dois-titulos-em-20-anos\/\",\"url\":\"https:\/\/portaltela.pt\/noticias\/2026\/02\/27\/boavista-para-la-do-relvado-admite-ter-perdido-dois-titulos-em-20-anos\/\",\"name\":\"Boavista para l\u00e1 do relvado: admite ter perdido dois t\u00edtulos em 20 anos - Portal Tela Portugal\",\"isPartOf\":{\"@id\":\"https:\/\/portaltela.pt\/#website\"},\"primaryImageOfPage\":{\"@id\":\"https:\/\/portaltela.pt\/noticias\/2026\/02\/27\/boavista-para-la-do-relvado-admite-ter-perdido-dois-titulos-em-20-anos\/#primaryimage\"},\"image\":{\"@id\":\"https:\/\/portaltela.pt\/noticias\/2026\/02\/27\/boavista-para-la-do-relvado-admite-ter-perdido-dois-titulos-em-20-anos\/#primaryimage\"},\"thumbnailUrl\":\"https:\/\/portaltela.pt\/s.01k8rhncp4jt1\/2026\/02\/img_920x518uu2026-02-26-23-22-40-2423882.jpg\",\"datePublished\":\"2026-02-27T05:00:00+00:00\",\"author\":{\"@id\":\"https:\/\/portaltela.pt\/#\/schema\/person\/c4278d4a6028830caff9ee44b42d32ed\"},\"breadcrumb\":{\"@id\":\"https:\/\/portaltela.pt\/noticias\/2026\/02\/27\/boavista-para-la-do-relvado-admite-ter-perdido-dois-titulos-em-20-anos\/#breadcrumb\"},\"inLanguage\":\"pt-PT\",\"potentialAction\":[{\"@type\":\"ReadAction\",\"target\":[\"https:\/\/portaltela.pt\/noticias\/2026\/02\/27\/boavista-para-la-do-relvado-admite-ter-perdido-dois-titulos-em-20-anos\/\"]}]},{\"@type\":\"ImageObject\",\"inLanguage\":\"pt-PT\",\"@id\":\"https:\/\/portaltela.pt\/noticias\/2026\/02\/27\/boavista-para-la-do-relvado-admite-ter-perdido-dois-titulos-em-20-anos\/#primaryimage\",\"url\":\"https:\/\/portaltela.pt\/s.01k8rhncp4jt1\/2026\/02\/img_920x518uu2026-02-26-23-22-40-2423882.jpg\",\"contentUrl\":\"https:\/\/portaltela.pt\/s.01k8rhncp4jt1\/2026\/02\/img_920x518uu2026-02-26-23-22-40-2423882.jpg\",\"width\":796,\"height\":448,\"caption\":\"Carlos Caldas \u00e9 treinador de boxe no Boavista\"},{\"@type\":\"BreadcrumbList\",\"@id\":\"https:\/\/portaltela.pt\/noticias\/2026\/02\/27\/boavista-para-la-do-relvado-admite-ter-perdido-dois-titulos-em-20-anos\/#breadcrumb\",\"itemListElement\":[{\"@type\":\"ListItem\",\"position\":1,\"name\":\"In\u00edcio\",\"item\":\"https:\/\/portaltela.pt\/\"},{\"@type\":\"ListItem\",\"position\":2,\"name\":\"Boavista para l\u00e1 do relvado: admite ter perdido dois t\u00edtulos em 20 anos\"}]},{\"@type\":\"WebSite\",\"@id\":\"https:\/\/portaltela.pt\/#website\",\"url\":\"https:\/\/portaltela.pt\/\",\"name\":\"Portal Tela Portugal\",\"description\":\"\",\"potentialAction\":[{\"@type\":\"SearchAction\",\"target\":{\"@type\":\"EntryPoint\",\"urlTemplate\":\"https:\/\/portaltela.pt\/?s={search_term_string}\"},\"query-input\":{\"@type\":\"PropertyValueSpecification\",\"valueRequired\":true,\"valueName\":\"search_term_string\"}}],\"inLanguage\":\"pt-PT\"},{\"@type\":\"Person\",\"@id\":\"https:\/\/portaltela.pt\/#\/schema\/person\/c4278d4a6028830caff9ee44b42d32ed\",\"name\":\"Telinha\",\"image\":{\"@type\":\"ImageObject\",\"inLanguage\":\"pt-PT\",\"@id\":\"https:\/\/portaltela.pt\/s.01k8rhncp4jt1\/2025\/11\/talking-bot-125x125.png\",\"url\":\"https:\/\/portaltela.pt\/s.01k8rhncp4jt1\/2025\/11\/talking-bot-125x125.png\",\"contentUrl\":\"https:\/\/portaltela.pt\/s.01k8rhncp4jt1\/2025\/11\/talking-bot-125x125.png\",\"caption\":\"Telinha\"},\"sameAs\":[\"https:\/\/portaltela.pt\/\"],\"url\":\"https:\/\/portaltela.pt\/por\/367410592786\/\"}]}<\/script>\n<!-- \/ Yoast SEO plugin. -->","yoast_head_json":{"title":"Boavista para l\u00e1 do relvado: admite ter perdido dois t\u00edtulos em 20 anos - Portal Tela Portugal","robots":{"index":"index","follow":"follow","max-snippet":"max-snippet:-1","max-image-preview":"max-image-preview:large","max-video-preview":"max-video-preview:-1"},"og_locale":"pt_PT","og_type":"article","og_title":"Boavista para l\u00e1 do relvado: admite ter perdido dois t\u00edtulos em 20 anos - Portal Tela Portugal","og_description":"As dificuldades financeiras do Boavista afetam n\u00e3o s\u00f3 o futebol, mas todo o universo axadrezado. O clube tem 32 modalidades em atividade. Trabalha com mais de 1.500 atletas em v\u00e1rias necessidades desportivas. Os trof\u00e9us continuam a chegar ao Bessa em sec\u00e7\u00f5es como boxe, kickboxing e ciclismo. A not\u00edcia destaca que a realidade financeira do Boavista impacta toda a estrutura desportiva da cidade do Porto.","og_url":"https:\/\/portaltela.pt\/noticias\/2026\/02\/27\/boavista-para-la-do-relvado-admite-ter-perdido-dois-titulos-em-20-anos\/","og_site_name":"Portal Tela Portugal","article_published_time":"2026-02-27T05:00:00+00:00","author":"Telinha","twitter_card":"summary_large_image","twitter_misc":{"Escrito por":"Telinha","Tempo estimado de leitura":"1 minuto"},"schema":{"@context":"https:\/\/schema.org","@graph":[{"@type":"Article","@id":"https:\/\/portaltela.pt\/noticias\/2026\/02\/27\/boavista-para-la-do-relvado-admite-ter-perdido-dois-titulos-em-20-anos\/#article","isPartOf":{"@id":"https:\/\/portaltela.pt\/noticias\/2026\/02\/27\/boavista-para-la-do-relvado-admite-ter-perdido-dois-titulos-em-20-anos\/"},"author":{"name":"Telinha","@id":"https:\/\/portaltela.pt\/#\/schema\/person\/c4278d4a6028830caff9ee44b42d32ed"},"headline":"Boavista para l\u00e1 do relvado: admite ter perdido dois t\u00edtulos em 20 anos","datePublished":"2026-02-27T05:00:00+00:00","mainEntityOfPage":{"@id":"https:\/\/portaltela.pt\/noticias\/2026\/02\/27\/boavista-para-la-do-relvado-admite-ter-perdido-dois-titulos-em-20-anos\/"},"wordCount":172,"image":{"@id":"https:\/\/portaltela.pt\/noticias\/2026\/02\/27\/boavista-para-la-do-relvado-admite-ter-perdido-dois-titulos-em-20-anos\/#primaryimage"},"thumbnailUrl":"https:\/\/portaltela.pt\/s.01k8rhncp4jt1\/2026\/02\/img_920x518uu2026-02-26-23-22-40-2423882.jpg","keywords":["atletas","ciclismo","desporto","futebol","organiza\u00e7\u00f5es desportivas","Porto"],"articleSection":["Desporto"],"inLanguage":"pt-PT"},{"@type":"WebPage","@id":"https:\/\/portaltela.pt\/noticias\/2026\/02\/27\/boavista-para-la-do-relvado-admite-ter-perdido-dois-titulos-em-20-anos\/","url":"https:\/\/portaltela.pt\/noticias\/2026\/02\/27\/boavista-para-la-do-relvado-admite-ter-perdido-dois-titulos-em-20-anos\/","name":"Boavista para l\u00e1 do relvado: admite ter perdido dois t\u00edtulos em 20 anos - Portal Tela Portugal","isPartOf":{"@id":"https:\/\/portaltela.pt\/#website"},"primaryImageOfPage":{"@id":"https:\/\/portaltela.pt\/noticias\/2026\/02\/27\/boavista-para-la-do-relvado-admite-ter-perdido-dois-titulos-em-20-anos\/#primaryimage"},"image":{"@id":"https:\/\/portaltela.pt\/noticias\/2026\/02\/27\/boavista-para-la-do-relvado-admite-ter-perdido-dois-titulos-em-20-anos\/#primaryimage"},"thumbnailUrl":"https:\/\/portaltela.pt\/s.01k8rhncp4jt1\/2026\/02\/img_920x518uu2026-02-26-23-22-40-2423882.jpg","datePublished":"2026-02-27T05:00:00+00:00","author":{"@id":"https:\/\/portaltela.pt\/#\/schema\/person\/c4278d4a6028830caff9ee44b42d32ed"},"breadcrumb":{"@id":"https:\/\/portaltela.pt\/noticias\/2026\/02\/27\/boavista-para-la-do-relvado-admite-ter-perdido-dois-titulos-em-20-anos\/#breadcrumb"},"inLanguage":"pt-PT","potentialAction":[{"@type":"ReadAction","target":["https:\/\/portaltela.pt\/noticias\/2026\/02\/27\/boavista-para-la-do-relvado-admite-ter-perdido-dois-titulos-em-20-anos\/"]}]},{"@type":"ImageObject","inLanguage":"pt-PT","@id":"https:\/\/portaltela.pt\/noticias\/2026\/02\/27\/boavista-para-la-do-relvado-admite-ter-perdido-dois-titulos-em-20-anos\/#primaryimage","url":"https:\/\/portaltela.pt\/s.01k8rhncp4jt1\/2026\/02\/img_920x518uu2026-02-26-23-22-40-2423882.jpg","contentUrl":"https:\/\/portaltela.pt\/s.01k8rhncp4jt1\/2026\/02\/img_920x518uu2026-02-26-23-22-40-2423882.jpg","width":796,"height":448,"caption":"Carlos Caldas \u00e9 treinador de boxe no Boavista"},{"@type":"BreadcrumbList","@id":"https:\/\/portaltela.pt\/noticias\/2026\/02\/27\/boavista-para-la-do-relvado-admite-ter-perdido-dois-titulos-em-20-anos\/#breadcrumb","itemListElement":[{"@type":"ListItem","position":1,"name":"In\u00edcio","item":"https:\/\/portaltela.pt\/"},{"@type":"ListItem","position":2,"name":"Boavista para l\u00e1 do relvado: admite ter perdido dois t\u00edtulos em 20 anos"}]},{"@type":"WebSite","@id":"https:\/\/portaltela.pt\/#website","url":"https:\/\/portaltela.pt\/","name":"Portal Tela Portugal","description":"","potentialAction":[{"@type":"SearchAction","target":{"@type":"EntryPoint","urlTemplate":"https:\/\/portaltela.pt\/?s={search_term_string}"},"query-input":{"@type":"PropertyValueSpecification","valueRequired":true,"valueName":"search_term_string"}}],"inLanguage":"pt-PT"},{"@type":"Person","@id":"https:\/\/portaltela.pt\/#\/schema\/person\/c4278d4a6028830caff9ee44b42d32ed","name":"Telinha","image":{"@type":"ImageObject","inLanguage":"pt-PT","@id":"https:\/\/portaltela.pt\/s.01k8rhncp4jt1\/2025\/11\/talking-bot-125x125.png","url":"https:\/\/portaltela.pt\/s.01k8rhncp4jt1\/2025\/11\/talking-bot-125x125.png","contentUrl":"https:\/\/portaltela.pt\/s.01k8rhncp4jt1\/2025\/11\/talking-bot-125x125.png","caption":"Telinha"},"sameAs":["https:\/\/portaltela.pt\/"],"url":"https:\/\/portaltela.pt\/por\/367410592786\/"}]}},"_links":{"self":[{"href":"https:\/\/portaltela.pt\/api\/wp\/v2\/posts\/390163","targetHints":{"allow":["GET"]}}],"collection":[{"href":"https:\/\/portaltela.pt\/api\/wp\/v2\/posts"}],"about":[{"href":"https:\/\/portaltela.pt\/api\/wp\/v2\/types\/post"}],"author":[{"embeddable":true,"href":"https:\/\/portaltela.pt\/api\/wp\/v2\/users\/2"}],"replies":[{"embeddable":true,"href":"https:\/\/portaltela.pt\/api\/wp\/v2\/comments?post=390163"}],"version-history":[{"count":0,"href":"https:\/\/portaltela.pt\/api\/wp\/v2\/posts\/390163\/revisions"}],"wp:featuredmedia":[{"embeddable":true,"href":"https:\/\/portaltela.pt\/api\/wp\/v2\/media\/390166"}],"wp:attachment":[{"href":"https:\/\/portaltela.pt\/api\/wp\/v2\/media?parent=390163"}],"wp:term":[{"taxonomy":"category","embeddable":true,"href":"https:\/\/portaltela.pt\/api\/wp\/v2\/categories?post=390163"},{"taxonomy":"post_tag","embeddable":true,"href":"https:\/\/portaltela.pt\/api\/wp\/v2\/tags?post=390163"}],"curies":[{"name":"wp","href":"https:\/\/api.w.org\/{rel}","templated":true}]}}