{"id":390159,"date":"2026-02-27T01:44:00","date_gmt":"2026-02-27T04:44:00","guid":{"rendered":"https:\/\/portaltela.pt\/noticias\/2026\/02\/27\/polonia-restaura-muralha-na-fronteira-em-resposta-a-migracoes\/"},"modified":"2026-02-27T01:44:00","modified_gmt":"2026-02-27T04:44:00","slug":"polonia-restaura-muralha-na-fronteira-em-resposta-a-migracoes","status":"publish","type":"post","link":"https:\/\/portaltela.pt\/desporto\/futebol\/2026\/02\/27\/polonia-restaura-muralha-na-fronteira-em-resposta-a-migracoes\/","title":{"rendered":"Pol\u00f3nia restaura muralha na fronteira em resposta a migra\u00e7\u00f5es"},"content":{"rendered":"<p>Ao que foi comunicado, Jakub Kiwior est\u00e1 apto para reinstalar-se no eixo da defesa ao lado de Jan Bednarek, frente ao Arouca. O jogador polaco tem estado dispon\u00edvel ap\u00f3s sinaliza\u00e7\u00e3o de recupera\u00e7\u00e3o integral.<\/p>\n<p>Francesco Farioli confirmou a indisponibilidade de Thiago Silva e Martim Fernandes para o encontro. O t\u00e9cnico n\u00e3o revelou se Kiwior ser\u00e1 titular, apenas deixou claro que o central de 26 anos est\u00e1 totalmente recuperado e pode iniciar o jogo ou entrar durante a partida.<\/p>\n<p>O trabalho recente da equipa incluiu dois dias de preparos intensos, nos quais Kiwior participou plenamente. A decis\u00e3o sobre o papel espec\u00edfico do defesa depende da avalia\u00e7\u00e3o t\u00e1tica de hoje.<\/p>\n<p>Bednarek e Kiwior formariam, assim, uma dupla de centrais para o desafio com o Arouca, refor\u00e7ando a solidez defensiva prevista para o encontro. A equipa mant\u00e9m foco na estrat\u00e9gia definida para o advers\u00e1rio.<\/p>\n","protected":false},"excerpt":{"rendered":"<ul>\n<li>Jakub Kiwior est\u00e1 apto para regressar \u00e0 equipa e pode iniciar o jogo ou entrar durante frente ao Arouca, ao lado de Jan Bednarek no eixo da defesa.<\/li>\n<li>O treinador Francesco Farioli confirmou que Thiago Silva e Martim Fernandes ficam de fora da rece\u00e7\u00e3o ao Arouca.<\/li>\n<li>Kiwior treinou com a equipa nos \u00faltimos dois dias e est\u00e1 totalmente recuperado.<\/li>\n<li>O t\u00e9cnico n\u00e3o revelou se Kiwior ser\u00e1 titular, apenas que est\u00e1 pronto para regressar \u00e0 equipa.<\/li>\n<\/ul>\n","protected":false},"author":2,"featured_media":390160,"comment_status":"closed","ping_status":"closed","sticky":false,"template":"","format":"standard","meta":{"footnotes":""},"categories":[21,24],"tags":[900,3160,32,5910,1488,3037],"class_list":["post-390159","post","type-post","status-publish","format-standard","has-post-thumbnail","hentry","category-desporto","category-futebol","tag-arouca","tag-bednarek","tag-futebol","tag-martim-fernandes","tag-polonia","tag-thiago-silva"],"yoast_head":"<!-- This site is optimized with the Yoast SEO plugin v27.2 - https:\/\/yoast.com\/product\/yoast-seo-wordpress\/ -->\n<title>Pol\u00f3nia restaura muralha na fronteira em resposta a migra\u00e7\u00f5es - Portal Tela Portugal<\/title>\n<meta name=\"robots\" content=\"index, follow, max-snippet:-1, max-image-preview:large, max-video-preview:-1\" \/>\n<meta property=\"og:locale\" content=\"pt_PT\" \/>\n<meta property=\"og:type\" content=\"article\" \/>\n<meta property=\"og:title\" content=\"Pol\u00f3nia restaura muralha na fronteira em resposta a migra\u00e7\u00f5es - Portal Tela Portugal\" \/>\n<meta property=\"og:description\" content=\"Jakub Kiwior est\u00e1 apto para regressar \u00e0 equipa e pode iniciar o jogo ou entrar durante frente ao Arouca, ao lado de Jan Bednarek no eixo da defesa. O treinador Francesco Farioli confirmou que Thiago Silva e Martim Fernandes ficam de fora da rece\u00e7\u00e3o ao Arouca. Kiwior treinou com a equipa nos \u00faltimos dois dias e est\u00e1 totalmente recuperado. O t\u00e9cnico n\u00e3o revelou se Kiwior ser\u00e1 titular, apenas que est\u00e1 pronto para regressar \u00e0 equipa.\" \/>\n<meta property=\"og:url\" content=\"https:\/\/portaltela.pt\/noticias\/2026\/02\/27\/polonia-restaura-muralha-na-fronteira-em-resposta-a-migracoes\/\" \/>\n<meta property=\"og:site_name\" content=\"Portal Tela Portugal\" \/>\n<meta property=\"article:published_time\" content=\"2026-02-27T04:44:00+00:00\" \/>\n<meta name=\"author\" content=\"Telinha\" \/>\n<meta name=\"twitter:card\" content=\"summary_large_image\" \/>\n<meta name=\"twitter:label1\" content=\"Escrito por\" \/>\n\t<meta name=\"twitter:data1\" content=\"Telinha\" \/>\n\t<meta name=\"twitter:label2\" content=\"Tempo estimado de leitura\" \/>\n\t<meta name=\"twitter:data2\" content=\"1 minuto\" \/>\n<script type=\"application\/ld+json\" class=\"yoast-schema-graph\">{\"@context\":\"https:\/\/schema.org\",\"@graph\":[{\"@type\":\"Article\",\"@id\":\"https:\/\/portaltela.pt\/noticias\/2026\/02\/27\/polonia-restaura-muralha-na-fronteira-em-resposta-a-migracoes\/#article\",\"isPartOf\":{\"@id\":\"https:\/\/portaltela.pt\/noticias\/2026\/02\/27\/polonia-restaura-muralha-na-fronteira-em-resposta-a-migracoes\/\"},\"author\":{\"name\":\"Telinha\",\"@id\":\"https:\/\/portaltela.pt\/#\/schema\/person\/c4278d4a6028830caff9ee44b42d32ed\"},\"headline\":\"Pol\u00f3nia restaura muralha na fronteira em resposta a migra\u00e7\u00f5es\",\"datePublished\":\"2026-02-27T04:44:00+00:00\",\"mainEntityOfPage\":{\"@id\":\"https:\/\/portaltela.pt\/noticias\/2026\/02\/27\/polonia-restaura-muralha-na-fronteira-em-resposta-a-migracoes\/\"},\"wordCount\":164,\"image\":{\"@id\":\"https:\/\/portaltela.pt\/noticias\/2026\/02\/27\/polonia-restaura-muralha-na-fronteira-em-resposta-a-migracoes\/#primaryimage\"},\"thumbnailUrl\":\"https:\/\/portaltela.pt\/s.01k8rhncp4jt1\/2026\/02\/img_920x518uu2025-10-07-23-57-56-2394741.jpg\",\"keywords\":[\"Arouca\",\"Bednarek\",\"futebol\",\"Martim Fernandes\",\"Pol\u00f3nia\",\"Thiago Silva\"],\"articleSection\":[\"Desporto\",\"Futebol\"],\"inLanguage\":\"pt-PT\"},{\"@type\":\"WebPage\",\"@id\":\"https:\/\/portaltela.pt\/noticias\/2026\/02\/27\/polonia-restaura-muralha-na-fronteira-em-resposta-a-migracoes\/\",\"url\":\"https:\/\/portaltela.pt\/noticias\/2026\/02\/27\/polonia-restaura-muralha-na-fronteira-em-resposta-a-migracoes\/\",\"name\":\"Pol\u00f3nia restaura muralha na fronteira em resposta a migra\u00e7\u00f5es - Portal Tela Portugal\",\"isPartOf\":{\"@id\":\"https:\/\/portaltela.pt\/#website\"},\"primaryImageOfPage\":{\"@id\":\"https:\/\/portaltela.pt\/noticias\/2026\/02\/27\/polonia-restaura-muralha-na-fronteira-em-resposta-a-migracoes\/#primaryimage\"},\"image\":{\"@id\":\"https:\/\/portaltela.pt\/noticias\/2026\/02\/27\/polonia-restaura-muralha-na-fronteira-em-resposta-a-migracoes\/#primaryimage\"},\"thumbnailUrl\":\"https:\/\/portaltela.pt\/s.01k8rhncp4jt1\/2026\/02\/img_920x518uu2025-10-07-23-57-56-2394741.jpg\",\"datePublished\":\"2026-02-27T04:44:00+00:00\",\"author\":{\"@id\":\"https:\/\/portaltela.pt\/#\/schema\/person\/c4278d4a6028830caff9ee44b42d32ed\"},\"breadcrumb\":{\"@id\":\"https:\/\/portaltela.pt\/noticias\/2026\/02\/27\/polonia-restaura-muralha-na-fronteira-em-resposta-a-migracoes\/#breadcrumb\"},\"inLanguage\":\"pt-PT\",\"potentialAction\":[{\"@type\":\"ReadAction\",\"target\":[\"https:\/\/portaltela.pt\/noticias\/2026\/02\/27\/polonia-restaura-muralha-na-fronteira-em-resposta-a-migracoes\/\"]}]},{\"@type\":\"ImageObject\",\"inLanguage\":\"pt-PT\",\"@id\":\"https:\/\/portaltela.pt\/noticias\/2026\/02\/27\/polonia-restaura-muralha-na-fronteira-em-resposta-a-migracoes\/#primaryimage\",\"url\":\"https:\/\/portaltela.pt\/s.01k8rhncp4jt1\/2026\/02\/img_920x518uu2025-10-07-23-57-56-2394741.jpg\",\"contentUrl\":\"https:\/\/portaltela.pt\/s.01k8rhncp4jt1\/2026\/02\/img_920x518uu2025-10-07-23-57-56-2394741.jpg\",\"width\":796,\"height\":448,\"caption\":\"Jan Bednarek e Jakub Kiwior\"},{\"@type\":\"BreadcrumbList\",\"@id\":\"https:\/\/portaltela.pt\/noticias\/2026\/02\/27\/polonia-restaura-muralha-na-fronteira-em-resposta-a-migracoes\/#breadcrumb\",\"itemListElement\":[{\"@type\":\"ListItem\",\"position\":1,\"name\":\"In\u00edcio\",\"item\":\"https:\/\/portaltela.pt\/\"},{\"@type\":\"ListItem\",\"position\":2,\"name\":\"Pol\u00f3nia restaura muralha na fronteira em resposta a migra\u00e7\u00f5es\"}]},{\"@type\":\"WebSite\",\"@id\":\"https:\/\/portaltela.pt\/#website\",\"url\":\"https:\/\/portaltela.pt\/\",\"name\":\"Portal Tela Portugal\",\"description\":\"\",\"potentialAction\":[{\"@type\":\"SearchAction\",\"target\":{\"@type\":\"EntryPoint\",\"urlTemplate\":\"https:\/\/portaltela.pt\/?s={search_term_string}\"},\"query-input\":{\"@type\":\"PropertyValueSpecification\",\"valueRequired\":true,\"valueName\":\"search_term_string\"}}],\"inLanguage\":\"pt-PT\"},{\"@type\":\"Person\",\"@id\":\"https:\/\/portaltela.pt\/#\/schema\/person\/c4278d4a6028830caff9ee44b42d32ed\",\"name\":\"Telinha\",\"image\":{\"@type\":\"ImageObject\",\"inLanguage\":\"pt-PT\",\"@id\":\"https:\/\/portaltela.pt\/s.01k8rhncp4jt1\/2025\/11\/talking-bot-125x125.png\",\"url\":\"https:\/\/portaltela.pt\/s.01k8rhncp4jt1\/2025\/11\/talking-bot-125x125.png\",\"contentUrl\":\"https:\/\/portaltela.pt\/s.01k8rhncp4jt1\/2025\/11\/talking-bot-125x125.png\",\"caption\":\"Telinha\"},\"sameAs\":[\"https:\/\/portaltela.pt\/\"],\"url\":\"https:\/\/portaltela.pt\/por\/367410592786\/\"}]}<\/script>\n<!-- \/ Yoast SEO plugin. -->","yoast_head_json":{"title":"Pol\u00f3nia restaura muralha na fronteira em resposta a migra\u00e7\u00f5es - Portal Tela Portugal","robots":{"index":"index","follow":"follow","max-snippet":"max-snippet:-1","max-image-preview":"max-image-preview:large","max-video-preview":"max-video-preview:-1"},"og_locale":"pt_PT","og_type":"article","og_title":"Pol\u00f3nia restaura muralha na fronteira em resposta a migra\u00e7\u00f5es - Portal Tela Portugal","og_description":"Jakub Kiwior est\u00e1 apto para regressar \u00e0 equipa e pode iniciar o jogo ou entrar durante frente ao Arouca, ao lado de Jan Bednarek no eixo da defesa. O treinador Francesco Farioli confirmou que Thiago Silva e Martim Fernandes ficam de fora da rece\u00e7\u00e3o ao Arouca. Kiwior treinou com a equipa nos \u00faltimos dois dias e est\u00e1 totalmente recuperado. O t\u00e9cnico n\u00e3o revelou se Kiwior ser\u00e1 titular, apenas que est\u00e1 pronto para regressar \u00e0 equipa.","og_url":"https:\/\/portaltela.pt\/noticias\/2026\/02\/27\/polonia-restaura-muralha-na-fronteira-em-resposta-a-migracoes\/","og_site_name":"Portal Tela Portugal","article_published_time":"2026-02-27T04:44:00+00:00","author":"Telinha","twitter_card":"summary_large_image","twitter_misc":{"Escrito por":"Telinha","Tempo estimado de leitura":"1 minuto"},"schema":{"@context":"https:\/\/schema.org","@graph":[{"@type":"Article","@id":"https:\/\/portaltela.pt\/noticias\/2026\/02\/27\/polonia-restaura-muralha-na-fronteira-em-resposta-a-migracoes\/#article","isPartOf":{"@id":"https:\/\/portaltela.pt\/noticias\/2026\/02\/27\/polonia-restaura-muralha-na-fronteira-em-resposta-a-migracoes\/"},"author":{"name":"Telinha","@id":"https:\/\/portaltela.pt\/#\/schema\/person\/c4278d4a6028830caff9ee44b42d32ed"},"headline":"Pol\u00f3nia restaura muralha na fronteira em resposta a migra\u00e7\u00f5es","datePublished":"2026-02-27T04:44:00+00:00","mainEntityOfPage":{"@id":"https:\/\/portaltela.pt\/noticias\/2026\/02\/27\/polonia-restaura-muralha-na-fronteira-em-resposta-a-migracoes\/"},"wordCount":164,"image":{"@id":"https:\/\/portaltela.pt\/noticias\/2026\/02\/27\/polonia-restaura-muralha-na-fronteira-em-resposta-a-migracoes\/#primaryimage"},"thumbnailUrl":"https:\/\/portaltela.pt\/s.01k8rhncp4jt1\/2026\/02\/img_920x518uu2025-10-07-23-57-56-2394741.jpg","keywords":["Arouca","Bednarek","futebol","Martim Fernandes","Pol\u00f3nia","Thiago Silva"],"articleSection":["Desporto","Futebol"],"inLanguage":"pt-PT"},{"@type":"WebPage","@id":"https:\/\/portaltela.pt\/noticias\/2026\/02\/27\/polonia-restaura-muralha-na-fronteira-em-resposta-a-migracoes\/","url":"https:\/\/portaltela.pt\/noticias\/2026\/02\/27\/polonia-restaura-muralha-na-fronteira-em-resposta-a-migracoes\/","name":"Pol\u00f3nia restaura muralha na fronteira em resposta a migra\u00e7\u00f5es - Portal Tela Portugal","isPartOf":{"@id":"https:\/\/portaltela.pt\/#website"},"primaryImageOfPage":{"@id":"https:\/\/portaltela.pt\/noticias\/2026\/02\/27\/polonia-restaura-muralha-na-fronteira-em-resposta-a-migracoes\/#primaryimage"},"image":{"@id":"https:\/\/portaltela.pt\/noticias\/2026\/02\/27\/polonia-restaura-muralha-na-fronteira-em-resposta-a-migracoes\/#primaryimage"},"thumbnailUrl":"https:\/\/portaltela.pt\/s.01k8rhncp4jt1\/2026\/02\/img_920x518uu2025-10-07-23-57-56-2394741.jpg","datePublished":"2026-02-27T04:44:00+00:00","author":{"@id":"https:\/\/portaltela.pt\/#\/schema\/person\/c4278d4a6028830caff9ee44b42d32ed"},"breadcrumb":{"@id":"https:\/\/portaltela.pt\/noticias\/2026\/02\/27\/polonia-restaura-muralha-na-fronteira-em-resposta-a-migracoes\/#breadcrumb"},"inLanguage":"pt-PT","potentialAction":[{"@type":"ReadAction","target":["https:\/\/portaltela.pt\/noticias\/2026\/02\/27\/polonia-restaura-muralha-na-fronteira-em-resposta-a-migracoes\/"]}]},{"@type":"ImageObject","inLanguage":"pt-PT","@id":"https:\/\/portaltela.pt\/noticias\/2026\/02\/27\/polonia-restaura-muralha-na-fronteira-em-resposta-a-migracoes\/#primaryimage","url":"https:\/\/portaltela.pt\/s.01k8rhncp4jt1\/2026\/02\/img_920x518uu2025-10-07-23-57-56-2394741.jpg","contentUrl":"https:\/\/portaltela.pt\/s.01k8rhncp4jt1\/2026\/02\/img_920x518uu2025-10-07-23-57-56-2394741.jpg","width":796,"height":448,"caption":"Jan Bednarek e Jakub Kiwior"},{"@type":"BreadcrumbList","@id":"https:\/\/portaltela.pt\/noticias\/2026\/02\/27\/polonia-restaura-muralha-na-fronteira-em-resposta-a-migracoes\/#breadcrumb","itemListElement":[{"@type":"ListItem","position":1,"name":"In\u00edcio","item":"https:\/\/portaltela.pt\/"},{"@type":"ListItem","position":2,"name":"Pol\u00f3nia restaura muralha na fronteira em resposta a migra\u00e7\u00f5es"}]},{"@type":"WebSite","@id":"https:\/\/portaltela.pt\/#website","url":"https:\/\/portaltela.pt\/","name":"Portal Tela Portugal","description":"","potentialAction":[{"@type":"SearchAction","target":{"@type":"EntryPoint","urlTemplate":"https:\/\/portaltela.pt\/?s={search_term_string}"},"query-input":{"@type":"PropertyValueSpecification","valueRequired":true,"valueName":"search_term_string"}}],"inLanguage":"pt-PT"},{"@type":"Person","@id":"https:\/\/portaltela.pt\/#\/schema\/person\/c4278d4a6028830caff9ee44b42d32ed","name":"Telinha","image":{"@type":"ImageObject","inLanguage":"pt-PT","@id":"https:\/\/portaltela.pt\/s.01k8rhncp4jt1\/2025\/11\/talking-bot-125x125.png","url":"https:\/\/portaltela.pt\/s.01k8rhncp4jt1\/2025\/11\/talking-bot-125x125.png","contentUrl":"https:\/\/portaltela.pt\/s.01k8rhncp4jt1\/2025\/11\/talking-bot-125x125.png","caption":"Telinha"},"sameAs":["https:\/\/portaltela.pt\/"],"url":"https:\/\/portaltela.pt\/por\/367410592786\/"}]}},"_links":{"self":[{"href":"https:\/\/portaltela.pt\/api\/wp\/v2\/posts\/390159","targetHints":{"allow":["GET"]}}],"collection":[{"href":"https:\/\/portaltela.pt\/api\/wp\/v2\/posts"}],"about":[{"href":"https:\/\/portaltela.pt\/api\/wp\/v2\/types\/post"}],"author":[{"embeddable":true,"href":"https:\/\/portaltela.pt\/api\/wp\/v2\/users\/2"}],"replies":[{"embeddable":true,"href":"https:\/\/portaltela.pt\/api\/wp\/v2\/comments?post=390159"}],"version-history":[{"count":0,"href":"https:\/\/portaltela.pt\/api\/wp\/v2\/posts\/390159\/revisions"}],"wp:featuredmedia":[{"embeddable":true,"href":"https:\/\/portaltela.pt\/api\/wp\/v2\/media\/390160"}],"wp:attachment":[{"href":"https:\/\/portaltela.pt\/api\/wp\/v2\/media?parent=390159"}],"wp:term":[{"taxonomy":"category","embeddable":true,"href":"https:\/\/portaltela.pt\/api\/wp\/v2\/categories?post=390159"},{"taxonomy":"post_tag","embeddable":true,"href":"https:\/\/portaltela.pt\/api\/wp\/v2\/tags?post=390159"}],"curies":[{"name":"wp","href":"https:\/\/api.w.org\/{rel}","templated":true}]}}