{"id":390135,"date":"2026-02-26T22:30:00","date_gmt":"2026-02-27T01:30:00","guid":{"rendered":"https:\/\/portaltela.pt\/noticias\/2026\/02\/26\/farioli-o-plantel-esta-preparado-para-o-que-ai-vem\/"},"modified":"2026-02-26T22:30:00","modified_gmt":"2026-02-27T01:30:00","slug":"farioli-o-plantel-esta-preparado-para-o-que-ai-vem","status":"publish","type":"post","link":"https:\/\/portaltela.pt\/desporto\/futebol\/2026\/02\/26\/farioli-o-plantel-esta-preparado-para-o-que-ai-vem\/","title":{"rendered":"Farioli: o plantel est\u00e1 preparado para o que a\u00ed vem"},"content":{"rendered":"<p>O FC Porto enfrenta tr\u00eas jogos em 10 dias: Arouca j\u00e1 esta sexta-feira, Sporting na ter\u00e7a-feira e Benfica no domingo seguinte. O treinador Francesco Farioli assegura que o plantel est\u00e1 fisicamente preparado para este ciclo, apesar da data do encontro com o Benfica ainda n\u00e3o ter sido oficializada.<\/p>\n<p>Farioli sublinhou que o foco est\u00e1 no trajeto do clube e n\u00e3o na situa\u00e7\u00e3o dos advers\u00e1rios. Disse que, desde o in\u00edcio da \u00e9poca, o objetivo \u00e9 chegar aos lugares pretendidos e que n\u00e3o vale perder tempo com c\u00e1lculos sobre outros campeonatos.<\/p>\n<p>Quanto \u00e0 log\u00edstica de calend\u00e1rio, o treinador afirmou que jogar antes ou depois dos rivais n\u00e3o altera o m\u00e9rito desportivo. O Porto costuma encerrar jornadas na Liga Europa, e mant\u00e9m a intensidade nos jogos, independentemente do dia.<\/p>\n<h3>Situa\u00e7\u00e3o dos jogadores<\/h3>\n<p>Thiago Silva fica de fora este sexta-feira, ainda em recupera\u00e7\u00e3o. Martim Fernandes tem avan\u00e7os significativos no regresso e pode estar dispon\u00edvel brevemente. Kiwior j\u00e1 treinou com o grupo e est\u00e1 totalmente recuperado, podendo come\u00e7ar ou entrar na partida. A confirma\u00e7\u00e3o de uma poss\u00edvel titularidade depende da evolu\u00e7\u00e3o de hoje.<\/p>\n","protected":false},"excerpt":{"rendered":"<ul>\n<li>FC Porto enfrenta Arouca j\u00e1 esta sexta-feira, seguido de Sporting na ter\u00e7a-feira e Benfica no domingo seguinte, tudo no espa\u00e7o de dez dias.<\/li>\n<li>Francisco Farioli afirma que, fisicamente, o plantel est\u00e1 preparado para o lote de jogos e que todos os jogadores est\u00e3o prontos.<\/li>\n<li>O treinador rejeita que a elimina\u00e7\u00e3o do Benfica na Liga dos Campe\u00f5es lhe d\u00ea alguma vantagem na luta pelo campeonato e diz que o caminho \u00e9 do FC Porto.<\/li>\n<li>Farioli diz que jogar primeiro ou depois n\u00e3o tem impacto e que a equipa continua a manter a intensidade, apesar das m\u00faltiplas jornadas.<\/li>\n<li>Thiago Silva continua indispon\u00edvel; Martim Fernandes treina duro e pode estar em breve de volta, enquanto Kalow (Kiwior) j\u00e1 est\u00e1 recuperado e pode iniciar ou entrar durante o jogo.<\/li>\n<\/ul>\n","protected":false},"author":2,"featured_media":390148,"comment_status":"closed","ping_status":"closed","sticky":false,"template":"","format":"standard","meta":{"footnotes":""},"categories":[21,24],"tags":[4143,900,32,5910,982,3037],"class_list":["post-390135","post","type-post","status-publish","format-standard","has-post-thumbnail","hentry","category-desporto","category-futebol","tag-1-liga","tag-arouca","tag-futebol","tag-martim-fernandes","tag-porto","tag-thiago-silva"],"yoast_head":"<!-- This site is optimized with the Yoast SEO plugin v27.2 - https:\/\/yoast.com\/product\/yoast-seo-wordpress\/ -->\n<title>Farioli: o plantel est\u00e1 preparado para o que a\u00ed vem - Portal Tela Portugal<\/title>\n<meta name=\"robots\" content=\"index, follow, max-snippet:-1, max-image-preview:large, max-video-preview:-1\" \/>\n<meta property=\"og:locale\" content=\"pt_PT\" \/>\n<meta property=\"og:type\" content=\"article\" \/>\n<meta property=\"og:title\" content=\"Farioli: o plantel est\u00e1 preparado para o que a\u00ed vem - Portal Tela Portugal\" \/>\n<meta property=\"og:description\" content=\"FC Porto enfrenta Arouca j\u00e1 esta sexta-feira, seguido de Sporting na ter\u00e7a-feira e Benfica no domingo seguinte, tudo no espa\u00e7o de dez dias. Francisco Farioli afirma que, fisicamente, o plantel est\u00e1 preparado para o lote de jogos e que todos os jogadores est\u00e3o prontos. O treinador rejeita que a elimina\u00e7\u00e3o do Benfica na Liga dos Campe\u00f5es lhe d\u00ea alguma vantagem na luta pelo campeonato e diz que o caminho \u00e9 do FC Porto. Farioli diz que jogar primeiro ou depois n\u00e3o tem impacto e que a equipa continua a manter a intensidade, apesar das m\u00faltiplas jornadas. Thiago Silva continua indispon\u00edvel; Martim Fernandes treina duro e pode estar em breve de volta, enquanto Kalow (Kiwior) j\u00e1 est\u00e1 recuperado e pode iniciar ou entrar durante o jogo.\" \/>\n<meta property=\"og:url\" content=\"https:\/\/portaltela.pt\/noticias\/2026\/02\/26\/farioli-o-plantel-esta-preparado-para-o-que-ai-vem\/\" \/>\n<meta property=\"og:site_name\" content=\"Portal Tela Portugal\" \/>\n<meta property=\"article:published_time\" content=\"2026-02-27T01:30:00+00:00\" \/>\n<meta name=\"author\" content=\"Telinha\" \/>\n<meta name=\"twitter:card\" content=\"summary_large_image\" \/>\n<meta name=\"twitter:label1\" content=\"Escrito por\" \/>\n\t<meta name=\"twitter:data1\" content=\"Telinha\" \/>\n\t<meta name=\"twitter:label2\" content=\"Tempo estimado de leitura\" \/>\n\t<meta name=\"twitter:data2\" content=\"1 minuto\" \/>\n<script type=\"application\/ld+json\" class=\"yoast-schema-graph\">{\"@context\":\"https:\/\/schema.org\",\"@graph\":[{\"@type\":\"Article\",\"@id\":\"https:\/\/portaltela.pt\/noticias\/2026\/02\/26\/farioli-o-plantel-esta-preparado-para-o-que-ai-vem\/#article\",\"isPartOf\":{\"@id\":\"https:\/\/portaltela.pt\/noticias\/2026\/02\/26\/farioli-o-plantel-esta-preparado-para-o-que-ai-vem\/\"},\"author\":{\"name\":\"Telinha\",\"@id\":\"https:\/\/portaltela.pt\/#\/schema\/person\/c4278d4a6028830caff9ee44b42d32ed\"},\"headline\":\"Farioli: o plantel est\u00e1 preparado para o que a\u00ed vem\",\"datePublished\":\"2026-02-27T01:30:00+00:00\",\"mainEntityOfPage\":{\"@id\":\"https:\/\/portaltela.pt\/noticias\/2026\/02\/26\/farioli-o-plantel-esta-preparado-para-o-que-ai-vem\/\"},\"wordCount\":207,\"image\":{\"@id\":\"https:\/\/portaltela.pt\/noticias\/2026\/02\/26\/farioli-o-plantel-esta-preparado-para-o-que-ai-vem\/#primaryimage\"},\"thumbnailUrl\":\"https:\/\/portaltela.pt\/s.01k8rhncp4jt1\/2026\/02\/img_1500x1000uu2026-02-22-19-26-13-2268367-1.jpg\",\"keywords\":[\"1. Liga\",\"Arouca\",\"futebol\",\"Martim Fernandes\",\"Porto\",\"Thiago Silva\"],\"articleSection\":[\"Desporto\",\"Futebol\"],\"inLanguage\":\"pt-PT\"},{\"@type\":\"WebPage\",\"@id\":\"https:\/\/portaltela.pt\/noticias\/2026\/02\/26\/farioli-o-plantel-esta-preparado-para-o-que-ai-vem\/\",\"url\":\"https:\/\/portaltela.pt\/noticias\/2026\/02\/26\/farioli-o-plantel-esta-preparado-para-o-que-ai-vem\/\",\"name\":\"Farioli: o plantel est\u00e1 preparado para o que a\u00ed vem - Portal Tela Portugal\",\"isPartOf\":{\"@id\":\"https:\/\/portaltela.pt\/#website\"},\"primaryImageOfPage\":{\"@id\":\"https:\/\/portaltela.pt\/noticias\/2026\/02\/26\/farioli-o-plantel-esta-preparado-para-o-que-ai-vem\/#primaryimage\"},\"image\":{\"@id\":\"https:\/\/portaltela.pt\/noticias\/2026\/02\/26\/farioli-o-plantel-esta-preparado-para-o-que-ai-vem\/#primaryimage\"},\"thumbnailUrl\":\"https:\/\/portaltela.pt\/s.01k8rhncp4jt1\/2026\/02\/img_1500x1000uu2026-02-22-19-26-13-2268367-1.jpg\",\"datePublished\":\"2026-02-27T01:30:00+00:00\",\"author\":{\"@id\":\"https:\/\/portaltela.pt\/#\/schema\/person\/c4278d4a6028830caff9ee44b42d32ed\"},\"breadcrumb\":{\"@id\":\"https:\/\/portaltela.pt\/noticias\/2026\/02\/26\/farioli-o-plantel-esta-preparado-para-o-que-ai-vem\/#breadcrumb\"},\"inLanguage\":\"pt-PT\",\"potentialAction\":[{\"@type\":\"ReadAction\",\"target\":[\"https:\/\/portaltela.pt\/noticias\/2026\/02\/26\/farioli-o-plantel-esta-preparado-para-o-que-ai-vem\/\"]}]},{\"@type\":\"ImageObject\",\"inLanguage\":\"pt-PT\",\"@id\":\"https:\/\/portaltela.pt\/noticias\/2026\/02\/26\/farioli-o-plantel-esta-preparado-para-o-que-ai-vem\/#primaryimage\",\"url\":\"https:\/\/portaltela.pt\/s.01k8rhncp4jt1\/2026\/02\/img_1500x1000uu2026-02-22-19-26-13-2268367-1.jpg\",\"contentUrl\":\"https:\/\/portaltela.pt\/s.01k8rhncp4jt1\/2026\/02\/img_1500x1000uu2026-02-22-19-26-13-2268367-1.jpg\",\"width\":796,\"height\":448,\"caption\":\"FOTO: Tony Dias\/Movephoto\"},{\"@type\":\"BreadcrumbList\",\"@id\":\"https:\/\/portaltela.pt\/noticias\/2026\/02\/26\/farioli-o-plantel-esta-preparado-para-o-que-ai-vem\/#breadcrumb\",\"itemListElement\":[{\"@type\":\"ListItem\",\"position\":1,\"name\":\"In\u00edcio\",\"item\":\"https:\/\/portaltela.pt\/\"},{\"@type\":\"ListItem\",\"position\":2,\"name\":\"Farioli: o plantel est\u00e1 preparado para o que a\u00ed vem\"}]},{\"@type\":\"WebSite\",\"@id\":\"https:\/\/portaltela.pt\/#website\",\"url\":\"https:\/\/portaltela.pt\/\",\"name\":\"Portal Tela Portugal\",\"description\":\"\",\"potentialAction\":[{\"@type\":\"SearchAction\",\"target\":{\"@type\":\"EntryPoint\",\"urlTemplate\":\"https:\/\/portaltela.pt\/?s={search_term_string}\"},\"query-input\":{\"@type\":\"PropertyValueSpecification\",\"valueRequired\":true,\"valueName\":\"search_term_string\"}}],\"inLanguage\":\"pt-PT\"},{\"@type\":\"Person\",\"@id\":\"https:\/\/portaltela.pt\/#\/schema\/person\/c4278d4a6028830caff9ee44b42d32ed\",\"name\":\"Telinha\",\"image\":{\"@type\":\"ImageObject\",\"inLanguage\":\"pt-PT\",\"@id\":\"https:\/\/portaltela.pt\/s.01k8rhncp4jt1\/2025\/11\/talking-bot-125x125.png\",\"url\":\"https:\/\/portaltela.pt\/s.01k8rhncp4jt1\/2025\/11\/talking-bot-125x125.png\",\"contentUrl\":\"https:\/\/portaltela.pt\/s.01k8rhncp4jt1\/2025\/11\/talking-bot-125x125.png\",\"caption\":\"Telinha\"},\"sameAs\":[\"https:\/\/portaltela.pt\/\"],\"url\":\"https:\/\/portaltela.pt\/por\/367410592786\/\"}]}<\/script>\n<!-- \/ Yoast SEO plugin. -->","yoast_head_json":{"title":"Farioli: o plantel est\u00e1 preparado para o que a\u00ed vem - Portal Tela Portugal","robots":{"index":"index","follow":"follow","max-snippet":"max-snippet:-1","max-image-preview":"max-image-preview:large","max-video-preview":"max-video-preview:-1"},"og_locale":"pt_PT","og_type":"article","og_title":"Farioli: o plantel est\u00e1 preparado para o que a\u00ed vem - Portal Tela Portugal","og_description":"FC Porto enfrenta Arouca j\u00e1 esta sexta-feira, seguido de Sporting na ter\u00e7a-feira e Benfica no domingo seguinte, tudo no espa\u00e7o de dez dias. Francisco Farioli afirma que, fisicamente, o plantel est\u00e1 preparado para o lote de jogos e que todos os jogadores est\u00e3o prontos. O treinador rejeita que a elimina\u00e7\u00e3o do Benfica na Liga dos Campe\u00f5es lhe d\u00ea alguma vantagem na luta pelo campeonato e diz que o caminho \u00e9 do FC Porto. Farioli diz que jogar primeiro ou depois n\u00e3o tem impacto e que a equipa continua a manter a intensidade, apesar das m\u00faltiplas jornadas. Thiago Silva continua indispon\u00edvel; Martim Fernandes treina duro e pode estar em breve de volta, enquanto Kalow (Kiwior) j\u00e1 est\u00e1 recuperado e pode iniciar ou entrar durante o jogo.","og_url":"https:\/\/portaltela.pt\/noticias\/2026\/02\/26\/farioli-o-plantel-esta-preparado-para-o-que-ai-vem\/","og_site_name":"Portal Tela Portugal","article_published_time":"2026-02-27T01:30:00+00:00","author":"Telinha","twitter_card":"summary_large_image","twitter_misc":{"Escrito por":"Telinha","Tempo estimado de leitura":"1 minuto"},"schema":{"@context":"https:\/\/schema.org","@graph":[{"@type":"Article","@id":"https:\/\/portaltela.pt\/noticias\/2026\/02\/26\/farioli-o-plantel-esta-preparado-para-o-que-ai-vem\/#article","isPartOf":{"@id":"https:\/\/portaltela.pt\/noticias\/2026\/02\/26\/farioli-o-plantel-esta-preparado-para-o-que-ai-vem\/"},"author":{"name":"Telinha","@id":"https:\/\/portaltela.pt\/#\/schema\/person\/c4278d4a6028830caff9ee44b42d32ed"},"headline":"Farioli: o plantel est\u00e1 preparado para o que a\u00ed vem","datePublished":"2026-02-27T01:30:00+00:00","mainEntityOfPage":{"@id":"https:\/\/portaltela.pt\/noticias\/2026\/02\/26\/farioli-o-plantel-esta-preparado-para-o-que-ai-vem\/"},"wordCount":207,"image":{"@id":"https:\/\/portaltela.pt\/noticias\/2026\/02\/26\/farioli-o-plantel-esta-preparado-para-o-que-ai-vem\/#primaryimage"},"thumbnailUrl":"https:\/\/portaltela.pt\/s.01k8rhncp4jt1\/2026\/02\/img_1500x1000uu2026-02-22-19-26-13-2268367-1.jpg","keywords":["1. Liga","Arouca","futebol","Martim Fernandes","Porto","Thiago Silva"],"articleSection":["Desporto","Futebol"],"inLanguage":"pt-PT"},{"@type":"WebPage","@id":"https:\/\/portaltela.pt\/noticias\/2026\/02\/26\/farioli-o-plantel-esta-preparado-para-o-que-ai-vem\/","url":"https:\/\/portaltela.pt\/noticias\/2026\/02\/26\/farioli-o-plantel-esta-preparado-para-o-que-ai-vem\/","name":"Farioli: o plantel est\u00e1 preparado para o que a\u00ed vem - Portal Tela Portugal","isPartOf":{"@id":"https:\/\/portaltela.pt\/#website"},"primaryImageOfPage":{"@id":"https:\/\/portaltela.pt\/noticias\/2026\/02\/26\/farioli-o-plantel-esta-preparado-para-o-que-ai-vem\/#primaryimage"},"image":{"@id":"https:\/\/portaltela.pt\/noticias\/2026\/02\/26\/farioli-o-plantel-esta-preparado-para-o-que-ai-vem\/#primaryimage"},"thumbnailUrl":"https:\/\/portaltela.pt\/s.01k8rhncp4jt1\/2026\/02\/img_1500x1000uu2026-02-22-19-26-13-2268367-1.jpg","datePublished":"2026-02-27T01:30:00+00:00","author":{"@id":"https:\/\/portaltela.pt\/#\/schema\/person\/c4278d4a6028830caff9ee44b42d32ed"},"breadcrumb":{"@id":"https:\/\/portaltela.pt\/noticias\/2026\/02\/26\/farioli-o-plantel-esta-preparado-para-o-que-ai-vem\/#breadcrumb"},"inLanguage":"pt-PT","potentialAction":[{"@type":"ReadAction","target":["https:\/\/portaltela.pt\/noticias\/2026\/02\/26\/farioli-o-plantel-esta-preparado-para-o-que-ai-vem\/"]}]},{"@type":"ImageObject","inLanguage":"pt-PT","@id":"https:\/\/portaltela.pt\/noticias\/2026\/02\/26\/farioli-o-plantel-esta-preparado-para-o-que-ai-vem\/#primaryimage","url":"https:\/\/portaltela.pt\/s.01k8rhncp4jt1\/2026\/02\/img_1500x1000uu2026-02-22-19-26-13-2268367-1.jpg","contentUrl":"https:\/\/portaltela.pt\/s.01k8rhncp4jt1\/2026\/02\/img_1500x1000uu2026-02-22-19-26-13-2268367-1.jpg","width":796,"height":448,"caption":"FOTO: Tony Dias\/Movephoto"},{"@type":"BreadcrumbList","@id":"https:\/\/portaltela.pt\/noticias\/2026\/02\/26\/farioli-o-plantel-esta-preparado-para-o-que-ai-vem\/#breadcrumb","itemListElement":[{"@type":"ListItem","position":1,"name":"In\u00edcio","item":"https:\/\/portaltela.pt\/"},{"@type":"ListItem","position":2,"name":"Farioli: o plantel est\u00e1 preparado para o que a\u00ed vem"}]},{"@type":"WebSite","@id":"https:\/\/portaltela.pt\/#website","url":"https:\/\/portaltela.pt\/","name":"Portal Tela Portugal","description":"","potentialAction":[{"@type":"SearchAction","target":{"@type":"EntryPoint","urlTemplate":"https:\/\/portaltela.pt\/?s={search_term_string}"},"query-input":{"@type":"PropertyValueSpecification","valueRequired":true,"valueName":"search_term_string"}}],"inLanguage":"pt-PT"},{"@type":"Person","@id":"https:\/\/portaltela.pt\/#\/schema\/person\/c4278d4a6028830caff9ee44b42d32ed","name":"Telinha","image":{"@type":"ImageObject","inLanguage":"pt-PT","@id":"https:\/\/portaltela.pt\/s.01k8rhncp4jt1\/2025\/11\/talking-bot-125x125.png","url":"https:\/\/portaltela.pt\/s.01k8rhncp4jt1\/2025\/11\/talking-bot-125x125.png","contentUrl":"https:\/\/portaltela.pt\/s.01k8rhncp4jt1\/2025\/11\/talking-bot-125x125.png","caption":"Telinha"},"sameAs":["https:\/\/portaltela.pt\/"],"url":"https:\/\/portaltela.pt\/por\/367410592786\/"}]}},"_links":{"self":[{"href":"https:\/\/portaltela.pt\/api\/wp\/v2\/posts\/390135","targetHints":{"allow":["GET"]}}],"collection":[{"href":"https:\/\/portaltela.pt\/api\/wp\/v2\/posts"}],"about":[{"href":"https:\/\/portaltela.pt\/api\/wp\/v2\/types\/post"}],"author":[{"embeddable":true,"href":"https:\/\/portaltela.pt\/api\/wp\/v2\/users\/2"}],"replies":[{"embeddable":true,"href":"https:\/\/portaltela.pt\/api\/wp\/v2\/comments?post=390135"}],"version-history":[{"count":0,"href":"https:\/\/portaltela.pt\/api\/wp\/v2\/posts\/390135\/revisions"}],"wp:featuredmedia":[{"embeddable":true,"href":"https:\/\/portaltela.pt\/api\/wp\/v2\/media\/390148"}],"wp:attachment":[{"href":"https:\/\/portaltela.pt\/api\/wp\/v2\/media?parent=390135"}],"wp:term":[{"taxonomy":"category","embeddable":true,"href":"https:\/\/portaltela.pt\/api\/wp\/v2\/categories?post=390135"},{"taxonomy":"post_tag","embeddable":true,"href":"https:\/\/portaltela.pt\/api\/wp\/v2\/tags?post=390135"}],"curies":[{"name":"wp","href":"https:\/\/api.w.org\/{rel}","templated":true}]}}