{"id":390119,"date":"2026-02-26T22:30:00","date_gmt":"2026-02-27T01:30:00","guid":{"rendered":"https:\/\/portaltela.pt\/noticias\/2026\/02\/26\/gang-irlandes-ataca-vitimas-das-tempestades\/"},"modified":"2026-02-26T22:30:00","modified_gmt":"2026-02-27T01:30:00","slug":"gang-irlandes-ataca-vitimas-das-tempestades","status":"publish","type":"post","link":"https:\/\/portaltela.pt\/noticias\/2026\/02\/26\/gang-irlandes-ataca-vitimas-das-tempestades\/","title":{"rendered":"Gang irland\u00eas ataca v\u00edtimas das tempestades"},"content":{"rendered":"<p>Um grupo de origem irlandesa, apelidado de gang do alcatr\u00e3o, tem atuado junto das v\u00edtimas das tempestades na regi\u00e3o de Leiria desde 28 de janeiro. Abordam pessoas oferecendo reabilitar telhados e fachadas a pre\u00e7os baixos, para de seguida desaparecer com o dinheiro.<\/p>\n<p>Quem aceita o trabalho \u00e9 pressionado, com cami\u00f5es e maquinaria pesada a acompanhar a falsa interven\u00e7\u00e3o. A promessa de recupera\u00e7\u00e3o de obras d\u00e1 lugar a agress\u00f5es e cobran\u00e7as de valores superiores ao combinado.<\/p>\n<p>A GNR divulgou um v\u00eddeo que detalha o modus operandi repetido noutros pa\u00edses europeus e em Portugal. O alerta foi extendido pela c\u00e2mara de Leiria, que acompanha a situa\u00e7\u00e3o com as autoridades locais.<\/p>\n<h3>Acompanhamento e Fiscaliza\u00e7\u00e3o<\/h3>\n<p>A ASAE tem estado na zona para travar aproveitamentos da trag\u00e9dia. Em 630 a\u00e7\u00f5es de fiscaliza\u00e7\u00e3o, foram instaurados dois processos-crime por especula\u00e7\u00e3o de pre\u00e7os com telhas e 13 por falhas de higiene e seguran\u00e7a, nos concelhos da Batalha e Coimbra.<\/p>\n","protected":false},"excerpt":{"rendered":"<ul>\n<li>Grupo de origem irlandesa atua nas zonas afetadas pela tempestade Kristin desde 28 de janeiro, oferecendo reconstru\u00e7\u00e3o de telhados e fachadas a pre\u00e7os muito baixos e desaparecendo ap\u00f3s receber dinheiro.<\/li>\n<li>O grupo apresenta-se com cami\u00f5es e maquinaria pesada, afirma estar a realizar uma obra e ter sobrado alcatr\u00e3o, e pode recorrer \u00e0 viol\u00eancia para cobrar valores superiores aos combinados.<\/li>\n<li>O modus operandi levou a um alerta da Guarda Nacional Republicana (GNR) e da c\u00e2mara de Leiria.<\/li>\n<li>A GNR divulgou um v\u00eddeo explicando a atua\u00e7\u00e3o do grupo, conhecido como \u201cgang do alcatr\u00e3o\u201d e que j\u00e1 foi detetado noutros pa\u00edses europeus e em Portugal em anteriores ocasi\u00f5es.<\/li>\n<li>A Autoridade de Seguran\u00e7a Alimentar e Econ\u00f3mica (ASAE) tem estado na regi\u00e3o a fiscalizar atividades econ\u00f3micas; foram instaurados dois processos-crime por especula\u00e7\u00e3o de pre\u00e7os com telhas e treze contraordena\u00e7\u00f5es por falhas de higiene e seguran\u00e7a.<\/li>\n<\/ul>\n","protected":false},"author":2,"featured_media":390125,"comment_status":"closed","ping_status":"closed","sticky":false,"template":"","format":"standard","meta":{"footnotes":""},"categories":[1],"tags":[4949,1070,147,4116,1385,250],"class_list":["post-390119","post","type-post","status-publish","format-standard","has-post-thumbnail","hentry","category-noticias","tag-batalha","tag-coimbra","tag-crime","tag-crime-de-agressao","tag-leiria","tag-seguranca-publica"],"yoast_head":"<!-- This site is optimized with the Yoast SEO plugin v27.2 - https:\/\/yoast.com\/product\/yoast-seo-wordpress\/ -->\n<title>Gang irland\u00eas ataca v\u00edtimas das tempestades - Portal Tela Portugal<\/title>\n<meta name=\"robots\" content=\"index, follow, max-snippet:-1, max-image-preview:large, max-video-preview:-1\" \/>\n<meta property=\"og:locale\" content=\"pt_PT\" \/>\n<meta property=\"og:type\" content=\"article\" \/>\n<meta property=\"og:title\" content=\"Gang irland\u00eas ataca v\u00edtimas das tempestades - Portal Tela Portugal\" \/>\n<meta property=\"og:description\" content=\"Grupo de origem irlandesa atua nas zonas afetadas pela tempestade Kristin desde 28 de janeiro, oferecendo reconstru\u00e7\u00e3o de telhados e fachadas a pre\u00e7os muito baixos e desaparecendo ap\u00f3s receber dinheiro. O grupo apresenta-se com cami\u00f5es e maquinaria pesada, afirma estar a realizar uma obra e ter sobrado alcatr\u00e3o, e pode recorrer \u00e0 viol\u00eancia para cobrar valores superiores aos combinados. O modus operandi levou a um alerta da Guarda Nacional Republicana (GNR) e da c\u00e2mara de Leiria. A GNR divulgou um v\u00eddeo explicando a atua\u00e7\u00e3o do grupo, conhecido como \u201cgang do alcatr\u00e3o\u201d e que j\u00e1 foi detetado noutros pa\u00edses europeus e em Portugal em anteriores ocasi\u00f5es. A Autoridade de Seguran\u00e7a Alimentar e Econ\u00f3mica (ASAE) tem estado na regi\u00e3o a fiscalizar atividades econ\u00f3micas; foram instaurados dois processos-crime por especula\u00e7\u00e3o de pre\u00e7os com telhas e treze contraordena\u00e7\u00f5es por falhas de higiene e seguran\u00e7a.\" \/>\n<meta property=\"og:url\" content=\"https:\/\/portaltela.pt\/noticias\/2026\/02\/26\/gang-irlandes-ataca-vitimas-das-tempestades\/\" \/>\n<meta property=\"og:site_name\" content=\"Portal Tela Portugal\" \/>\n<meta property=\"article:published_time\" content=\"2026-02-27T01:30:00+00:00\" \/>\n<meta name=\"author\" content=\"Telinha\" \/>\n<meta name=\"twitter:card\" content=\"summary_large_image\" \/>\n<meta name=\"twitter:label1\" content=\"Escrito por\" \/>\n\t<meta name=\"twitter:data1\" content=\"Telinha\" \/>\n\t<meta name=\"twitter:label2\" content=\"Tempo estimado de leitura\" \/>\n\t<meta name=\"twitter:data2\" content=\"1 minuto\" \/>\n<script type=\"application\/ld+json\" class=\"yoast-schema-graph\">{\"@context\":\"https:\/\/schema.org\",\"@graph\":[{\"@type\":\"Article\",\"@id\":\"https:\/\/portaltela.pt\/noticias\/2026\/02\/26\/gang-irlandes-ataca-vitimas-das-tempestades\/#article\",\"isPartOf\":{\"@id\":\"https:\/\/portaltela.pt\/noticias\/2026\/02\/26\/gang-irlandes-ataca-vitimas-das-tempestades\/\"},\"author\":{\"name\":\"Telinha\",\"@id\":\"https:\/\/portaltela.pt\/#\/schema\/person\/c4278d4a6028830caff9ee44b42d32ed\"},\"headline\":\"Gang irland\u00eas ataca v\u00edtimas das tempestades\",\"datePublished\":\"2026-02-27T01:30:00+00:00\",\"mainEntityOfPage\":{\"@id\":\"https:\/\/portaltela.pt\/noticias\/2026\/02\/26\/gang-irlandes-ataca-vitimas-das-tempestades\/\"},\"wordCount\":175,\"image\":{\"@id\":\"https:\/\/portaltela.pt\/noticias\/2026\/02\/26\/gang-irlandes-ataca-vitimas-das-tempestades\/#primaryimage\"},\"thumbnailUrl\":\"https:\/\/portaltela.pt\/s.01k8rhncp4jt1\/2026\/02\/img_1500x1000uu2026-02-26-21-04-36-2269235.jpg\",\"keywords\":[\"Batalha\",\"Coimbra\",\"crime\",\"crime de agress\u00e3o\",\"Leiria\",\"seguran\u00e7a p\u00fablica\"],\"articleSection\":[\"Not\u00edcias\"],\"inLanguage\":\"pt-PT\"},{\"@type\":\"WebPage\",\"@id\":\"https:\/\/portaltela.pt\/noticias\/2026\/02\/26\/gang-irlandes-ataca-vitimas-das-tempestades\/\",\"url\":\"https:\/\/portaltela.pt\/noticias\/2026\/02\/26\/gang-irlandes-ataca-vitimas-das-tempestades\/\",\"name\":\"Gang irland\u00eas ataca v\u00edtimas das tempestades - Portal Tela Portugal\",\"isPartOf\":{\"@id\":\"https:\/\/portaltela.pt\/#website\"},\"primaryImageOfPage\":{\"@id\":\"https:\/\/portaltela.pt\/noticias\/2026\/02\/26\/gang-irlandes-ataca-vitimas-das-tempestades\/#primaryimage\"},\"image\":{\"@id\":\"https:\/\/portaltela.pt\/noticias\/2026\/02\/26\/gang-irlandes-ataca-vitimas-das-tempestades\/#primaryimage\"},\"thumbnailUrl\":\"https:\/\/portaltela.pt\/s.01k8rhncp4jt1\/2026\/02\/img_1500x1000uu2026-02-26-21-04-36-2269235.jpg\",\"datePublished\":\"2026-02-27T01:30:00+00:00\",\"author\":{\"@id\":\"https:\/\/portaltela.pt\/#\/schema\/person\/c4278d4a6028830caff9ee44b42d32ed\"},\"breadcrumb\":{\"@id\":\"https:\/\/portaltela.pt\/noticias\/2026\/02\/26\/gang-irlandes-ataca-vitimas-das-tempestades\/#breadcrumb\"},\"inLanguage\":\"pt-PT\",\"potentialAction\":[{\"@type\":\"ReadAction\",\"target\":[\"https:\/\/portaltela.pt\/noticias\/2026\/02\/26\/gang-irlandes-ataca-vitimas-das-tempestades\/\"]}]},{\"@type\":\"ImageObject\",\"inLanguage\":\"pt-PT\",\"@id\":\"https:\/\/portaltela.pt\/noticias\/2026\/02\/26\/gang-irlandes-ataca-vitimas-das-tempestades\/#primaryimage\",\"url\":\"https:\/\/portaltela.pt\/s.01k8rhncp4jt1\/2026\/02\/img_1500x1000uu2026-02-26-21-04-36-2269235.jpg\",\"contentUrl\":\"https:\/\/portaltela.pt\/s.01k8rhncp4jt1\/2026\/02\/img_1500x1000uu2026-02-26-21-04-36-2269235.jpg\",\"width\":796,\"height\":448,\"caption\":\"V\u00edtimas em trabalhos de recupera\u00e7\u00e3o de telhados\"},{\"@type\":\"BreadcrumbList\",\"@id\":\"https:\/\/portaltela.pt\/noticias\/2026\/02\/26\/gang-irlandes-ataca-vitimas-das-tempestades\/#breadcrumb\",\"itemListElement\":[{\"@type\":\"ListItem\",\"position\":1,\"name\":\"In\u00edcio\",\"item\":\"https:\/\/portaltela.pt\/\"},{\"@type\":\"ListItem\",\"position\":2,\"name\":\"Gang irland\u00eas ataca v\u00edtimas das tempestades\"}]},{\"@type\":\"WebSite\",\"@id\":\"https:\/\/portaltela.pt\/#website\",\"url\":\"https:\/\/portaltela.pt\/\",\"name\":\"Portal Tela Portugal\",\"description\":\"\",\"potentialAction\":[{\"@type\":\"SearchAction\",\"target\":{\"@type\":\"EntryPoint\",\"urlTemplate\":\"https:\/\/portaltela.pt\/?s={search_term_string}\"},\"query-input\":{\"@type\":\"PropertyValueSpecification\",\"valueRequired\":true,\"valueName\":\"search_term_string\"}}],\"inLanguage\":\"pt-PT\"},{\"@type\":\"Person\",\"@id\":\"https:\/\/portaltela.pt\/#\/schema\/person\/c4278d4a6028830caff9ee44b42d32ed\",\"name\":\"Telinha\",\"image\":{\"@type\":\"ImageObject\",\"inLanguage\":\"pt-PT\",\"@id\":\"https:\/\/portaltela.pt\/s.01k8rhncp4jt1\/2025\/11\/talking-bot-125x125.png\",\"url\":\"https:\/\/portaltela.pt\/s.01k8rhncp4jt1\/2025\/11\/talking-bot-125x125.png\",\"contentUrl\":\"https:\/\/portaltela.pt\/s.01k8rhncp4jt1\/2025\/11\/talking-bot-125x125.png\",\"caption\":\"Telinha\"},\"sameAs\":[\"https:\/\/portaltela.pt\/\"],\"url\":\"https:\/\/portaltela.pt\/por\/367410592786\/\"}]}<\/script>\n<!-- \/ Yoast SEO plugin. -->","yoast_head_json":{"title":"Gang irland\u00eas ataca v\u00edtimas das tempestades - Portal Tela Portugal","robots":{"index":"index","follow":"follow","max-snippet":"max-snippet:-1","max-image-preview":"max-image-preview:large","max-video-preview":"max-video-preview:-1"},"og_locale":"pt_PT","og_type":"article","og_title":"Gang irland\u00eas ataca v\u00edtimas das tempestades - Portal Tela Portugal","og_description":"Grupo de origem irlandesa atua nas zonas afetadas pela tempestade Kristin desde 28 de janeiro, oferecendo reconstru\u00e7\u00e3o de telhados e fachadas a pre\u00e7os muito baixos e desaparecendo ap\u00f3s receber dinheiro. O grupo apresenta-se com cami\u00f5es e maquinaria pesada, afirma estar a realizar uma obra e ter sobrado alcatr\u00e3o, e pode recorrer \u00e0 viol\u00eancia para cobrar valores superiores aos combinados. O modus operandi levou a um alerta da Guarda Nacional Republicana (GNR) e da c\u00e2mara de Leiria. A GNR divulgou um v\u00eddeo explicando a atua\u00e7\u00e3o do grupo, conhecido como \u201cgang do alcatr\u00e3o\u201d e que j\u00e1 foi detetado noutros pa\u00edses europeus e em Portugal em anteriores ocasi\u00f5es. A Autoridade de Seguran\u00e7a Alimentar e Econ\u00f3mica (ASAE) tem estado na regi\u00e3o a fiscalizar atividades econ\u00f3micas; foram instaurados dois processos-crime por especula\u00e7\u00e3o de pre\u00e7os com telhas e treze contraordena\u00e7\u00f5es por falhas de higiene e seguran\u00e7a.","og_url":"https:\/\/portaltela.pt\/noticias\/2026\/02\/26\/gang-irlandes-ataca-vitimas-das-tempestades\/","og_site_name":"Portal Tela Portugal","article_published_time":"2026-02-27T01:30:00+00:00","author":"Telinha","twitter_card":"summary_large_image","twitter_misc":{"Escrito por":"Telinha","Tempo estimado de leitura":"1 minuto"},"schema":{"@context":"https:\/\/schema.org","@graph":[{"@type":"Article","@id":"https:\/\/portaltela.pt\/noticias\/2026\/02\/26\/gang-irlandes-ataca-vitimas-das-tempestades\/#article","isPartOf":{"@id":"https:\/\/portaltela.pt\/noticias\/2026\/02\/26\/gang-irlandes-ataca-vitimas-das-tempestades\/"},"author":{"name":"Telinha","@id":"https:\/\/portaltela.pt\/#\/schema\/person\/c4278d4a6028830caff9ee44b42d32ed"},"headline":"Gang irland\u00eas ataca v\u00edtimas das tempestades","datePublished":"2026-02-27T01:30:00+00:00","mainEntityOfPage":{"@id":"https:\/\/portaltela.pt\/noticias\/2026\/02\/26\/gang-irlandes-ataca-vitimas-das-tempestades\/"},"wordCount":175,"image":{"@id":"https:\/\/portaltela.pt\/noticias\/2026\/02\/26\/gang-irlandes-ataca-vitimas-das-tempestades\/#primaryimage"},"thumbnailUrl":"https:\/\/portaltela.pt\/s.01k8rhncp4jt1\/2026\/02\/img_1500x1000uu2026-02-26-21-04-36-2269235.jpg","keywords":["Batalha","Coimbra","crime","crime de agress\u00e3o","Leiria","seguran\u00e7a p\u00fablica"],"articleSection":["Not\u00edcias"],"inLanguage":"pt-PT"},{"@type":"WebPage","@id":"https:\/\/portaltela.pt\/noticias\/2026\/02\/26\/gang-irlandes-ataca-vitimas-das-tempestades\/","url":"https:\/\/portaltela.pt\/noticias\/2026\/02\/26\/gang-irlandes-ataca-vitimas-das-tempestades\/","name":"Gang irland\u00eas ataca v\u00edtimas das tempestades - Portal Tela Portugal","isPartOf":{"@id":"https:\/\/portaltela.pt\/#website"},"primaryImageOfPage":{"@id":"https:\/\/portaltela.pt\/noticias\/2026\/02\/26\/gang-irlandes-ataca-vitimas-das-tempestades\/#primaryimage"},"image":{"@id":"https:\/\/portaltela.pt\/noticias\/2026\/02\/26\/gang-irlandes-ataca-vitimas-das-tempestades\/#primaryimage"},"thumbnailUrl":"https:\/\/portaltela.pt\/s.01k8rhncp4jt1\/2026\/02\/img_1500x1000uu2026-02-26-21-04-36-2269235.jpg","datePublished":"2026-02-27T01:30:00+00:00","author":{"@id":"https:\/\/portaltela.pt\/#\/schema\/person\/c4278d4a6028830caff9ee44b42d32ed"},"breadcrumb":{"@id":"https:\/\/portaltela.pt\/noticias\/2026\/02\/26\/gang-irlandes-ataca-vitimas-das-tempestades\/#breadcrumb"},"inLanguage":"pt-PT","potentialAction":[{"@type":"ReadAction","target":["https:\/\/portaltela.pt\/noticias\/2026\/02\/26\/gang-irlandes-ataca-vitimas-das-tempestades\/"]}]},{"@type":"ImageObject","inLanguage":"pt-PT","@id":"https:\/\/portaltela.pt\/noticias\/2026\/02\/26\/gang-irlandes-ataca-vitimas-das-tempestades\/#primaryimage","url":"https:\/\/portaltela.pt\/s.01k8rhncp4jt1\/2026\/02\/img_1500x1000uu2026-02-26-21-04-36-2269235.jpg","contentUrl":"https:\/\/portaltela.pt\/s.01k8rhncp4jt1\/2026\/02\/img_1500x1000uu2026-02-26-21-04-36-2269235.jpg","width":796,"height":448,"caption":"V\u00edtimas em trabalhos de recupera\u00e7\u00e3o de telhados"},{"@type":"BreadcrumbList","@id":"https:\/\/portaltela.pt\/noticias\/2026\/02\/26\/gang-irlandes-ataca-vitimas-das-tempestades\/#breadcrumb","itemListElement":[{"@type":"ListItem","position":1,"name":"In\u00edcio","item":"https:\/\/portaltela.pt\/"},{"@type":"ListItem","position":2,"name":"Gang irland\u00eas ataca v\u00edtimas das tempestades"}]},{"@type":"WebSite","@id":"https:\/\/portaltela.pt\/#website","url":"https:\/\/portaltela.pt\/","name":"Portal Tela Portugal","description":"","potentialAction":[{"@type":"SearchAction","target":{"@type":"EntryPoint","urlTemplate":"https:\/\/portaltela.pt\/?s={search_term_string}"},"query-input":{"@type":"PropertyValueSpecification","valueRequired":true,"valueName":"search_term_string"}}],"inLanguage":"pt-PT"},{"@type":"Person","@id":"https:\/\/portaltela.pt\/#\/schema\/person\/c4278d4a6028830caff9ee44b42d32ed","name":"Telinha","image":{"@type":"ImageObject","inLanguage":"pt-PT","@id":"https:\/\/portaltela.pt\/s.01k8rhncp4jt1\/2025\/11\/talking-bot-125x125.png","url":"https:\/\/portaltela.pt\/s.01k8rhncp4jt1\/2025\/11\/talking-bot-125x125.png","contentUrl":"https:\/\/portaltela.pt\/s.01k8rhncp4jt1\/2025\/11\/talking-bot-125x125.png","caption":"Telinha"},"sameAs":["https:\/\/portaltela.pt\/"],"url":"https:\/\/portaltela.pt\/por\/367410592786\/"}]}},"_links":{"self":[{"href":"https:\/\/portaltela.pt\/api\/wp\/v2\/posts\/390119","targetHints":{"allow":["GET"]}}],"collection":[{"href":"https:\/\/portaltela.pt\/api\/wp\/v2\/posts"}],"about":[{"href":"https:\/\/portaltela.pt\/api\/wp\/v2\/types\/post"}],"author":[{"embeddable":true,"href":"https:\/\/portaltela.pt\/api\/wp\/v2\/users\/2"}],"replies":[{"embeddable":true,"href":"https:\/\/portaltela.pt\/api\/wp\/v2\/comments?post=390119"}],"version-history":[{"count":0,"href":"https:\/\/portaltela.pt\/api\/wp\/v2\/posts\/390119\/revisions"}],"wp:featuredmedia":[{"embeddable":true,"href":"https:\/\/portaltela.pt\/api\/wp\/v2\/media\/390125"}],"wp:attachment":[{"href":"https:\/\/portaltela.pt\/api\/wp\/v2\/media?parent=390119"}],"wp:term":[{"taxonomy":"category","embeddable":true,"href":"https:\/\/portaltela.pt\/api\/wp\/v2\/categories?post=390119"},{"taxonomy":"post_tag","embeddable":true,"href":"https:\/\/portaltela.pt\/api\/wp\/v2\/tags?post=390119"}],"curies":[{"name":"wp","href":"https:\/\/api.w.org\/{rel}","templated":true}]}}