{"id":390117,"date":"2026-02-26T22:30:00","date_gmt":"2026-02-27T01:30:00","guid":{"rendered":"https:\/\/portaltela.pt\/noticias\/2026\/02\/26\/negociacoes-entre-eua-e-irao-terminam-sem-acordo\/"},"modified":"2026-02-26T22:30:00","modified_gmt":"2026-02-27T01:30:00","slug":"negociacoes-entre-eua-e-irao-terminam-sem-acordo","status":"publish","type":"post","link":"https:\/\/portaltela.pt\/noticias\/internacional\/2026\/02\/26\/negociacoes-entre-eua-e-irao-terminam-sem-acordo\/","title":{"rendered":"Negocia\u00e7\u00f5es entre EUA e Ir\u00e3o terminam sem acordo"},"content":{"rendered":"<p>O que aconteceu, quem esteve envolvido, quando e onde: as negocia\u00e7\u00f5es sobre o programa nuclear do Ir\u00e3o terminaram nesta quinta-feira em Genebra, Su\u00ed\u00e7a, sem acordo entre Ir\u00e3o e EUA, com media\u00e7\u00e3o indireta de Om\u00e3. As conversas, que decorreram ao longo do dia, tinham como objetivo evitar um ataque militar. O acompanhamento ficou a cargo da Ag\u00eancia Internacional de Energia At\u00f3mica (AIEA).<\/p>\n<p>Quem participou e como decorreu: os respons\u00e1veis iranianos apresentaram propostas durante uma reuni\u00e3o de mais de tr\u00eas horas, segundo fontes oficiais. Do lado americano, os enviados Steve Witkoff e Jared Kushner chegaram a considerar a proposta iraniana insatisfat\u00f3ria. J\u00e1 a segunda reuni\u00e3o, da tarde, durou menos de uma hora, sendo descrita como curta pelos mediadores.<\/p>\n<p>Onde fica o futuro das negocia\u00e7\u00f5es: o ministro omani, Sayyid Badr bin Hamad Al Busaidi, anunciou avan\u00e7os significativos e a inten\u00e7\u00e3o de novas reuni\u00f5es entre as delega\u00e7\u00f5es num futuro pr\u00f3ximo. As negocia\u00e7\u00f5es passam agora para um n\u00edvel t\u00e9cnico em Viena, sob a supervis\u00e3o da AIEA, para monitorizar eventual elimina\u00e7\u00e3o do programa nuclear iraniano, com Rafael Grossi presente no processo.<\/p>\n<h3>Seguimento e desdobramentos<\/h3>\n<p>As partes devem retomar contactos em breve, com novas reuni\u00f5es entre diplomatas em Genebra j\u00e1 no horizonte. Enquanto isso, permanecem em curso negocia\u00e7\u00f5es t\u00e9cnicas em Viena, visando estruturar os mecanismos de verifica\u00e7\u00e3o e cumprimento de qualquer acordo.<\/p>\n<p>A expectativa era de que este encontro fosse a \u00faltima oportunidade para evitar a\u00e7\u00f5es militares dos EUA contra o Ir\u00e3o. Em fun\u00e7\u00e3o do desfecho, o objetivo passa a depender de progressos adicionais em quadros t\u00e9cnicos e de garantias internacionais.<\/p>\n","protected":false},"excerpt":{"rendered":"<ul>\n<li>As negocia\u00e7\u00f5es sobre o programa nuclear do Ir\u00e3o terminaram sem acordo, com sinais contradit\u00f3rios entre mediadores e diplomatas norte-americanos.<\/li>\n<li>Enquanto alguns falam em avan\u00e7os significativos, fontes da delega\u00e7\u00e3o dos Estados Unidos disseram estar desapontadas com a proposta iraniana.<\/li>\n<li>O ministro dos Neg\u00f3cios Estrangeiros de Om\u00e3, Sayyid Badr bin Hamad al\u2011Busaidi, mediador em Genebra, anunciou avan\u00e7os e que as delega\u00e7\u00f5es v\u00e3o voltar a reunir-se em breve; negocia\u00e7\u00f5es t\u00e9cnicas seguir\u00e3o em Viena, com a supervis\u00e3o da Ag\u00eancia Internacional de Energia At\u00f3mica (AIEA).<\/li>\n<li>A reuni\u00e3o em Genebra, realizada nesta quinta-feira, foi vista como a \u00faltima oportunidade para evitar um ataque militar norte\u2011americano, com a sess\u00e3o da manh\u00e3 a durar mais de tr\u00eas horas e a da tarde menos de uma hora.<\/li>\n<li>O diretor da AIEA, Rafael Grossi, participou nas negocia\u00e7\u00f5es, que continuar\u00e3o em Viena para monitorizar eventual acordo de elimina\u00e7\u00e3o do programa nuclear iraniano.<\/li>\n<\/ul>\n","protected":false},"author":2,"featured_media":390123,"comment_status":"closed","ping_status":"closed","sticky":false,"template":"","format":"standard","meta":{"footnotes":""},"categories":[4,1],"tags":[5679,29,3153,2036,4222],"class_list":["post-390117","post","type-post","status-publish","format-standard","has-post-thumbnail","hentry","category-internacional","category-noticias","tag-aiea","tag-diplomacia","tag-ira","tag-negociacoes-internacionais","tag-seguranca-internacional"],"yoast_head":"<!-- This site is optimized with the Yoast SEO plugin v27.2 - https:\/\/yoast.com\/product\/yoast-seo-wordpress\/ -->\n<title>Negocia\u00e7\u00f5es entre EUA e Ir\u00e3o terminam sem acordo - Portal Tela Portugal<\/title>\n<meta name=\"robots\" content=\"index, follow, max-snippet:-1, max-image-preview:large, max-video-preview:-1\" \/>\n<meta property=\"og:locale\" content=\"pt_PT\" \/>\n<meta property=\"og:type\" content=\"article\" \/>\n<meta property=\"og:title\" content=\"Negocia\u00e7\u00f5es entre EUA e Ir\u00e3o terminam sem acordo - Portal Tela Portugal\" \/>\n<meta property=\"og:description\" content=\"As negocia\u00e7\u00f5es sobre o programa nuclear do Ir\u00e3o terminaram sem acordo, com sinais contradit\u00f3rios entre mediadores e diplomatas norte-americanos. Enquanto alguns falam em avan\u00e7os significativos, fontes da delega\u00e7\u00e3o dos Estados Unidos disseram estar desapontadas com a proposta iraniana. O ministro dos Neg\u00f3cios Estrangeiros de Om\u00e3, Sayyid Badr bin Hamad al\u2011Busaidi, mediador em Genebra, anunciou avan\u00e7os e que as delega\u00e7\u00f5es v\u00e3o voltar a reunir-se em breve; negocia\u00e7\u00f5es t\u00e9cnicas seguir\u00e3o em Viena, com a supervis\u00e3o da Ag\u00eancia Internacional de Energia At\u00f3mica (AIEA). A reuni\u00e3o em Genebra, realizada nesta quinta-feira, foi vista como a \u00faltima oportunidade para evitar um ataque militar norte\u2011americano, com a sess\u00e3o da manh\u00e3 a durar mais de tr\u00eas horas e a da tarde menos de uma hora. O diretor da AIEA, Rafael Grossi, participou nas negocia\u00e7\u00f5es, que continuar\u00e3o em Viena para monitorizar eventual acordo de elimina\u00e7\u00e3o do programa nuclear iraniano.\" \/>\n<meta property=\"og:url\" content=\"https:\/\/portaltela.pt\/noticias\/2026\/02\/26\/negociacoes-entre-eua-e-irao-terminam-sem-acordo\/\" \/>\n<meta property=\"og:site_name\" content=\"Portal Tela Portugal\" \/>\n<meta property=\"article:published_time\" content=\"2026-02-27T01:30:00+00:00\" \/>\n<meta name=\"author\" content=\"Telinha\" \/>\n<meta name=\"twitter:card\" content=\"summary_large_image\" \/>\n<meta name=\"twitter:label1\" content=\"Escrito por\" \/>\n\t<meta name=\"twitter:data1\" content=\"Telinha\" \/>\n\t<meta name=\"twitter:label2\" content=\"Tempo estimado de leitura\" \/>\n\t<meta name=\"twitter:data2\" content=\"1 minuto\" \/>\n<script type=\"application\/ld+json\" class=\"yoast-schema-graph\">{\"@context\":\"https:\/\/schema.org\",\"@graph\":[{\"@type\":\"Article\",\"@id\":\"https:\/\/portaltela.pt\/noticias\/2026\/02\/26\/negociacoes-entre-eua-e-irao-terminam-sem-acordo\/#article\",\"isPartOf\":{\"@id\":\"https:\/\/portaltela.pt\/noticias\/2026\/02\/26\/negociacoes-entre-eua-e-irao-terminam-sem-acordo\/\"},\"author\":{\"name\":\"Telinha\",\"@id\":\"https:\/\/portaltela.pt\/#\/schema\/person\/c4278d4a6028830caff9ee44b42d32ed\"},\"headline\":\"Negocia\u00e7\u00f5es entre EUA e Ir\u00e3o terminam sem acordo\",\"datePublished\":\"2026-02-27T01:30:00+00:00\",\"mainEntityOfPage\":{\"@id\":\"https:\/\/portaltela.pt\/noticias\/2026\/02\/26\/negociacoes-entre-eua-e-irao-terminam-sem-acordo\/\"},\"wordCount\":295,\"image\":{\"@id\":\"https:\/\/portaltela.pt\/noticias\/2026\/02\/26\/negociacoes-entre-eua-e-irao-terminam-sem-acordo\/#primaryimage\"},\"thumbnailUrl\":\"https:\/\/portaltela.pt\/s.01k8rhncp4jt1\/2026\/02\/img_1280x721uu2026-02-26-22-18-03-2269257.jpg\",\"keywords\":[\"AIEA\",\"diplomacia\",\"Ir\u00e3\",\"negocia\u00e7\u00f5es internacionais\",\"seguran\u00e7a internacional\"],\"articleSection\":[\"Internacional\",\"Not\u00edcias\"],\"inLanguage\":\"pt-PT\"},{\"@type\":\"WebPage\",\"@id\":\"https:\/\/portaltela.pt\/noticias\/2026\/02\/26\/negociacoes-entre-eua-e-irao-terminam-sem-acordo\/\",\"url\":\"https:\/\/portaltela.pt\/noticias\/2026\/02\/26\/negociacoes-entre-eua-e-irao-terminam-sem-acordo\/\",\"name\":\"Negocia\u00e7\u00f5es entre EUA e Ir\u00e3o terminam sem acordo - Portal Tela Portugal\",\"isPartOf\":{\"@id\":\"https:\/\/portaltela.pt\/#website\"},\"primaryImageOfPage\":{\"@id\":\"https:\/\/portaltela.pt\/noticias\/2026\/02\/26\/negociacoes-entre-eua-e-irao-terminam-sem-acordo\/#primaryimage\"},\"image\":{\"@id\":\"https:\/\/portaltela.pt\/noticias\/2026\/02\/26\/negociacoes-entre-eua-e-irao-terminam-sem-acordo\/#primaryimage\"},\"thumbnailUrl\":\"https:\/\/portaltela.pt\/s.01k8rhncp4jt1\/2026\/02\/img_1280x721uu2026-02-26-22-18-03-2269257.jpg\",\"datePublished\":\"2026-02-27T01:30:00+00:00\",\"author\":{\"@id\":\"https:\/\/portaltela.pt\/#\/schema\/person\/c4278d4a6028830caff9ee44b42d32ed\"},\"breadcrumb\":{\"@id\":\"https:\/\/portaltela.pt\/noticias\/2026\/02\/26\/negociacoes-entre-eua-e-irao-terminam-sem-acordo\/#breadcrumb\"},\"inLanguage\":\"pt-PT\",\"potentialAction\":[{\"@type\":\"ReadAction\",\"target\":[\"https:\/\/portaltela.pt\/noticias\/2026\/02\/26\/negociacoes-entre-eua-e-irao-terminam-sem-acordo\/\"]}]},{\"@type\":\"ImageObject\",\"inLanguage\":\"pt-PT\",\"@id\":\"https:\/\/portaltela.pt\/noticias\/2026\/02\/26\/negociacoes-entre-eua-e-irao-terminam-sem-acordo\/#primaryimage\",\"url\":\"https:\/\/portaltela.pt\/s.01k8rhncp4jt1\/2026\/02\/img_1280x721uu2026-02-26-22-18-03-2269257.jpg\",\"contentUrl\":\"https:\/\/portaltela.pt\/s.01k8rhncp4jt1\/2026\/02\/img_1280x721uu2026-02-26-22-18-03-2269257.jpg\",\"width\":796,\"height\":448,\"caption\":\"Jared Kushner e Steve Witkoff com o MNE de Om\u00e3, Sayyid Badr bin Hamad Al Busaidi, que mediou as negocia\u00e7\u00f5es\"},{\"@type\":\"BreadcrumbList\",\"@id\":\"https:\/\/portaltela.pt\/noticias\/2026\/02\/26\/negociacoes-entre-eua-e-irao-terminam-sem-acordo\/#breadcrumb\",\"itemListElement\":[{\"@type\":\"ListItem\",\"position\":1,\"name\":\"In\u00edcio\",\"item\":\"https:\/\/portaltela.pt\/\"},{\"@type\":\"ListItem\",\"position\":2,\"name\":\"Negocia\u00e7\u00f5es entre EUA e Ir\u00e3o terminam sem acordo\"}]},{\"@type\":\"WebSite\",\"@id\":\"https:\/\/portaltela.pt\/#website\",\"url\":\"https:\/\/portaltela.pt\/\",\"name\":\"Portal Tela Portugal\",\"description\":\"\",\"potentialAction\":[{\"@type\":\"SearchAction\",\"target\":{\"@type\":\"EntryPoint\",\"urlTemplate\":\"https:\/\/portaltela.pt\/?s={search_term_string}\"},\"query-input\":{\"@type\":\"PropertyValueSpecification\",\"valueRequired\":true,\"valueName\":\"search_term_string\"}}],\"inLanguage\":\"pt-PT\"},{\"@type\":\"Person\",\"@id\":\"https:\/\/portaltela.pt\/#\/schema\/person\/c4278d4a6028830caff9ee44b42d32ed\",\"name\":\"Telinha\",\"image\":{\"@type\":\"ImageObject\",\"inLanguage\":\"pt-PT\",\"@id\":\"https:\/\/portaltela.pt\/s.01k8rhncp4jt1\/2025\/11\/talking-bot-125x125.png\",\"url\":\"https:\/\/portaltela.pt\/s.01k8rhncp4jt1\/2025\/11\/talking-bot-125x125.png\",\"contentUrl\":\"https:\/\/portaltela.pt\/s.01k8rhncp4jt1\/2025\/11\/talking-bot-125x125.png\",\"caption\":\"Telinha\"},\"sameAs\":[\"https:\/\/portaltela.pt\/\"],\"url\":\"https:\/\/portaltela.pt\/por\/367410592786\/\"}]}<\/script>\n<!-- \/ Yoast SEO plugin. -->","yoast_head_json":{"title":"Negocia\u00e7\u00f5es entre EUA e Ir\u00e3o terminam sem acordo - Portal Tela Portugal","robots":{"index":"index","follow":"follow","max-snippet":"max-snippet:-1","max-image-preview":"max-image-preview:large","max-video-preview":"max-video-preview:-1"},"og_locale":"pt_PT","og_type":"article","og_title":"Negocia\u00e7\u00f5es entre EUA e Ir\u00e3o terminam sem acordo - Portal Tela Portugal","og_description":"As negocia\u00e7\u00f5es sobre o programa nuclear do Ir\u00e3o terminaram sem acordo, com sinais contradit\u00f3rios entre mediadores e diplomatas norte-americanos. Enquanto alguns falam em avan\u00e7os significativos, fontes da delega\u00e7\u00e3o dos Estados Unidos disseram estar desapontadas com a proposta iraniana. O ministro dos Neg\u00f3cios Estrangeiros de Om\u00e3, Sayyid Badr bin Hamad al\u2011Busaidi, mediador em Genebra, anunciou avan\u00e7os e que as delega\u00e7\u00f5es v\u00e3o voltar a reunir-se em breve; negocia\u00e7\u00f5es t\u00e9cnicas seguir\u00e3o em Viena, com a supervis\u00e3o da Ag\u00eancia Internacional de Energia At\u00f3mica (AIEA). A reuni\u00e3o em Genebra, realizada nesta quinta-feira, foi vista como a \u00faltima oportunidade para evitar um ataque militar norte\u2011americano, com a sess\u00e3o da manh\u00e3 a durar mais de tr\u00eas horas e a da tarde menos de uma hora. O diretor da AIEA, Rafael Grossi, participou nas negocia\u00e7\u00f5es, que continuar\u00e3o em Viena para monitorizar eventual acordo de elimina\u00e7\u00e3o do programa nuclear iraniano.","og_url":"https:\/\/portaltela.pt\/noticias\/2026\/02\/26\/negociacoes-entre-eua-e-irao-terminam-sem-acordo\/","og_site_name":"Portal Tela Portugal","article_published_time":"2026-02-27T01:30:00+00:00","author":"Telinha","twitter_card":"summary_large_image","twitter_misc":{"Escrito por":"Telinha","Tempo estimado de leitura":"1 minuto"},"schema":{"@context":"https:\/\/schema.org","@graph":[{"@type":"Article","@id":"https:\/\/portaltela.pt\/noticias\/2026\/02\/26\/negociacoes-entre-eua-e-irao-terminam-sem-acordo\/#article","isPartOf":{"@id":"https:\/\/portaltela.pt\/noticias\/2026\/02\/26\/negociacoes-entre-eua-e-irao-terminam-sem-acordo\/"},"author":{"name":"Telinha","@id":"https:\/\/portaltela.pt\/#\/schema\/person\/c4278d4a6028830caff9ee44b42d32ed"},"headline":"Negocia\u00e7\u00f5es entre EUA e Ir\u00e3o terminam sem acordo","datePublished":"2026-02-27T01:30:00+00:00","mainEntityOfPage":{"@id":"https:\/\/portaltela.pt\/noticias\/2026\/02\/26\/negociacoes-entre-eua-e-irao-terminam-sem-acordo\/"},"wordCount":295,"image":{"@id":"https:\/\/portaltela.pt\/noticias\/2026\/02\/26\/negociacoes-entre-eua-e-irao-terminam-sem-acordo\/#primaryimage"},"thumbnailUrl":"https:\/\/portaltela.pt\/s.01k8rhncp4jt1\/2026\/02\/img_1280x721uu2026-02-26-22-18-03-2269257.jpg","keywords":["AIEA","diplomacia","Ir\u00e3","negocia\u00e7\u00f5es internacionais","seguran\u00e7a internacional"],"articleSection":["Internacional","Not\u00edcias"],"inLanguage":"pt-PT"},{"@type":"WebPage","@id":"https:\/\/portaltela.pt\/noticias\/2026\/02\/26\/negociacoes-entre-eua-e-irao-terminam-sem-acordo\/","url":"https:\/\/portaltela.pt\/noticias\/2026\/02\/26\/negociacoes-entre-eua-e-irao-terminam-sem-acordo\/","name":"Negocia\u00e7\u00f5es entre EUA e Ir\u00e3o terminam sem acordo - Portal Tela Portugal","isPartOf":{"@id":"https:\/\/portaltela.pt\/#website"},"primaryImageOfPage":{"@id":"https:\/\/portaltela.pt\/noticias\/2026\/02\/26\/negociacoes-entre-eua-e-irao-terminam-sem-acordo\/#primaryimage"},"image":{"@id":"https:\/\/portaltela.pt\/noticias\/2026\/02\/26\/negociacoes-entre-eua-e-irao-terminam-sem-acordo\/#primaryimage"},"thumbnailUrl":"https:\/\/portaltela.pt\/s.01k8rhncp4jt1\/2026\/02\/img_1280x721uu2026-02-26-22-18-03-2269257.jpg","datePublished":"2026-02-27T01:30:00+00:00","author":{"@id":"https:\/\/portaltela.pt\/#\/schema\/person\/c4278d4a6028830caff9ee44b42d32ed"},"breadcrumb":{"@id":"https:\/\/portaltela.pt\/noticias\/2026\/02\/26\/negociacoes-entre-eua-e-irao-terminam-sem-acordo\/#breadcrumb"},"inLanguage":"pt-PT","potentialAction":[{"@type":"ReadAction","target":["https:\/\/portaltela.pt\/noticias\/2026\/02\/26\/negociacoes-entre-eua-e-irao-terminam-sem-acordo\/"]}]},{"@type":"ImageObject","inLanguage":"pt-PT","@id":"https:\/\/portaltela.pt\/noticias\/2026\/02\/26\/negociacoes-entre-eua-e-irao-terminam-sem-acordo\/#primaryimage","url":"https:\/\/portaltela.pt\/s.01k8rhncp4jt1\/2026\/02\/img_1280x721uu2026-02-26-22-18-03-2269257.jpg","contentUrl":"https:\/\/portaltela.pt\/s.01k8rhncp4jt1\/2026\/02\/img_1280x721uu2026-02-26-22-18-03-2269257.jpg","width":796,"height":448,"caption":"Jared Kushner e Steve Witkoff com o MNE de Om\u00e3, Sayyid Badr bin Hamad Al Busaidi, que mediou as negocia\u00e7\u00f5es"},{"@type":"BreadcrumbList","@id":"https:\/\/portaltela.pt\/noticias\/2026\/02\/26\/negociacoes-entre-eua-e-irao-terminam-sem-acordo\/#breadcrumb","itemListElement":[{"@type":"ListItem","position":1,"name":"In\u00edcio","item":"https:\/\/portaltela.pt\/"},{"@type":"ListItem","position":2,"name":"Negocia\u00e7\u00f5es entre EUA e Ir\u00e3o terminam sem acordo"}]},{"@type":"WebSite","@id":"https:\/\/portaltela.pt\/#website","url":"https:\/\/portaltela.pt\/","name":"Portal Tela Portugal","description":"","potentialAction":[{"@type":"SearchAction","target":{"@type":"EntryPoint","urlTemplate":"https:\/\/portaltela.pt\/?s={search_term_string}"},"query-input":{"@type":"PropertyValueSpecification","valueRequired":true,"valueName":"search_term_string"}}],"inLanguage":"pt-PT"},{"@type":"Person","@id":"https:\/\/portaltela.pt\/#\/schema\/person\/c4278d4a6028830caff9ee44b42d32ed","name":"Telinha","image":{"@type":"ImageObject","inLanguage":"pt-PT","@id":"https:\/\/portaltela.pt\/s.01k8rhncp4jt1\/2025\/11\/talking-bot-125x125.png","url":"https:\/\/portaltela.pt\/s.01k8rhncp4jt1\/2025\/11\/talking-bot-125x125.png","contentUrl":"https:\/\/portaltela.pt\/s.01k8rhncp4jt1\/2025\/11\/talking-bot-125x125.png","caption":"Telinha"},"sameAs":["https:\/\/portaltela.pt\/"],"url":"https:\/\/portaltela.pt\/por\/367410592786\/"}]}},"_links":{"self":[{"href":"https:\/\/portaltela.pt\/api\/wp\/v2\/posts\/390117","targetHints":{"allow":["GET"]}}],"collection":[{"href":"https:\/\/portaltela.pt\/api\/wp\/v2\/posts"}],"about":[{"href":"https:\/\/portaltela.pt\/api\/wp\/v2\/types\/post"}],"author":[{"embeddable":true,"href":"https:\/\/portaltela.pt\/api\/wp\/v2\/users\/2"}],"replies":[{"embeddable":true,"href":"https:\/\/portaltela.pt\/api\/wp\/v2\/comments?post=390117"}],"version-history":[{"count":0,"href":"https:\/\/portaltela.pt\/api\/wp\/v2\/posts\/390117\/revisions"}],"wp:featuredmedia":[{"embeddable":true,"href":"https:\/\/portaltela.pt\/api\/wp\/v2\/media\/390123"}],"wp:attachment":[{"href":"https:\/\/portaltela.pt\/api\/wp\/v2\/media?parent=390117"}],"wp:term":[{"taxonomy":"category","embeddable":true,"href":"https:\/\/portaltela.pt\/api\/wp\/v2\/categories?post=390117"},{"taxonomy":"post_tag","embeddable":true,"href":"https:\/\/portaltela.pt\/api\/wp\/v2\/tags?post=390117"}],"curies":[{"name":"wp","href":"https:\/\/api.w.org\/{rel}","templated":true}]}}