{"id":390105,"date":"2026-02-24T12:55:00","date_gmt":"2026-02-24T15:55:00","guid":{"rendered":"https:\/\/portaltela.pt\/noticias\/2026\/02\/24\/ana-abrunhosa-confronta-ministro-da-agricultura-durante-conferencia-de-imprensa\/"},"modified":"2026-02-24T12:55:00","modified_gmt":"2026-02-24T15:55:00","slug":"ana-abrunhosa-confronta-ministro-da-agricultura-durante-conferencia-de-imprensa","status":"publish","type":"post","link":"https:\/\/portaltela.pt\/noticias\/2026\/02\/24\/ana-abrunhosa-confronta-ministro-da-agricultura-durante-conferencia-de-imprensa\/","title":{"rendered":"Ana Abrunhosa confronta ministro da Agricultura durante confer\u00eancia de imprensa"},"content":{"rendered":"<p>Na tarde desta ter\u00e7a-feira, em Coimbra, um momento de tens\u00e3o ocorreu entre Ana Abrunhosa, presidente da C\u00e2mara Municipal de Coimbra, e o ministro da Agricultura, Jos\u00e9 Manuel Fernandes, diante de jornalistas. A troca de palavras decorreu no espa\u00e7o p\u00fablico, junto aos meios de comunica\u00e7\u00e3o.<\/p>\n<p>Abrunhosa acusou o ministro de n\u00e3o ouvir os autarcas e questionou se ele iria a uma confer\u00eancia de imprensa ou ouvir os representantes locais. Segundo a l\u00edder municipal, a presen\u00e7a do ministro n\u00e3o estaria a responder \u00e0s preocupa\u00e7\u00f5es dos autarcas.<\/p>\n<p>O confronto teve como cen\u00e1rio a agenda p\u00fablica em curso, com jornalistas a acompanhar o desenrolar da troca de impress\u00f5es entre as duas autoridades. O epis\u00f3dio manteve o tom contido, sem registo de desdobramentos adicionais no local.<\/p>\n<h3>Contexto do encontro<\/h3>\n<p>A situa\u00e7\u00e3o coloca em evid\u00eancia a din\u00e2mica entre as autoridades locais e o governo central durante a gest\u00e3o de pol\u00edticas agr\u00edcolas. As declara\u00e7\u00f5es p\u00fablicas ocorreram na sequ\u00eancia de interven\u00e7\u00f5es anteriores sobre o tema, sem confirma\u00e7\u00f5es de agenda futura.<\/p>\n<h3>Desdobramentos e pr\u00f3ximos passos<\/h3>\n<p>Ainda n\u00e3o foram divulgadas declara\u00e7\u00f5es oficiais sobre eventuais encontros subsequentes entre as partes. A atua\u00e7\u00e3o de ambos dever\u00e1 ficar refletida em comunicados oficiais ou interven\u00e7\u00f5es p\u00fablicas futuras.<\/p>\n","protected":false},"excerpt":{"rendered":"<ul>\n<li>Em Coimbra, na tarde de ter\u00e7a-feira, Ana Abrunhosa e o ministro da Agricultura envolveram-se numa troca de palavras em frente aos jornalistas.<\/li>\n<li>A presidente da C\u00e2mara de Coimbra acusou o ministro, Jos\u00e9 Manuel Fernandes, de n\u00e3o ouvir os autarcas.<\/li>\n<li>Abrunhosa questionou: &#8220;Vem fazer confer\u00eancia de imprensa ou vem ouvir os autarcas?&#8221;<\/li>\n<li>Disse ainda: &#8220;Se vem fazer confer\u00eancia de imprensa, vamos embora&#8221;.<\/li>\n<\/ul>\n","protected":false},"author":2,"featured_media":390111,"comment_status":"closed","ping_status":"closed","sticky":false,"template":"","format":"standard","meta":{"footnotes":""},"categories":[1],"tags":[4914,5443,4846,5901,1070,2832],"class_list":["post-390105","post","type-post","status-publish","format-standard","has-post-thumbnail","hentry","category-noticias","tag-a-agricultura","tag-a-camara-municipal","tag-administracao-local","tag-ana-abrunhosa","tag-coimbra","tag-politica"],"yoast_head":"<!-- This site is optimized with the Yoast SEO plugin v27.2 - https:\/\/yoast.com\/product\/yoast-seo-wordpress\/ -->\n<title>Ana Abrunhosa confronta ministro da Agricultura durante confer\u00eancia de imprensa - Portal Tela Portugal<\/title>\n<meta name=\"robots\" content=\"index, follow, max-snippet:-1, max-image-preview:large, max-video-preview:-1\" \/>\n<meta property=\"og:locale\" content=\"pt_PT\" \/>\n<meta property=\"og:type\" content=\"article\" \/>\n<meta property=\"og:title\" content=\"Ana Abrunhosa confronta ministro da Agricultura durante confer\u00eancia de imprensa - Portal Tela Portugal\" \/>\n<meta property=\"og:description\" content=\"Em Coimbra, na tarde de ter\u00e7a-feira, Ana Abrunhosa e o ministro da Agricultura envolveram-se numa troca de palavras em frente aos jornalistas. A presidente da C\u00e2mara de Coimbra acusou o ministro, Jos\u00e9 Manuel Fernandes, de n\u00e3o ouvir os autarcas. Abrunhosa questionou: &quot;Vem fazer confer\u00eancia de imprensa ou vem ouvir os autarcas?&quot; Disse ainda: &quot;Se vem fazer confer\u00eancia de imprensa, vamos embora&quot;.\" \/>\n<meta property=\"og:url\" content=\"https:\/\/portaltela.pt\/noticias\/2026\/02\/24\/ana-abrunhosa-confronta-ministro-da-agricultura-durante-conferencia-de-imprensa\/\" \/>\n<meta property=\"og:site_name\" content=\"Portal Tela Portugal\" \/>\n<meta property=\"article:published_time\" content=\"2026-02-24T15:55:00+00:00\" \/>\n<meta name=\"author\" content=\"Telinha\" \/>\n<meta name=\"twitter:card\" content=\"summary_large_image\" \/>\n<meta name=\"twitter:label1\" content=\"Escrito por\" \/>\n\t<meta name=\"twitter:data1\" content=\"Telinha\" \/>\n\t<meta name=\"twitter:label2\" content=\"Tempo estimado de leitura\" \/>\n\t<meta name=\"twitter:data2\" content=\"1 minuto\" \/>\n<script type=\"application\/ld+json\" class=\"yoast-schema-graph\">{\"@context\":\"https:\/\/schema.org\",\"@graph\":[{\"@type\":\"Article\",\"@id\":\"https:\/\/portaltela.pt\/noticias\/2026\/02\/24\/ana-abrunhosa-confronta-ministro-da-agricultura-durante-conferencia-de-imprensa\/#article\",\"isPartOf\":{\"@id\":\"https:\/\/portaltela.pt\/noticias\/2026\/02\/24\/ana-abrunhosa-confronta-ministro-da-agricultura-durante-conferencia-de-imprensa\/\"},\"author\":{\"name\":\"Telinha\",\"@id\":\"https:\/\/portaltela.pt\/#\/schema\/person\/c4278d4a6028830caff9ee44b42d32ed\"},\"headline\":\"Ana Abrunhosa confronta ministro da Agricultura durante confer\u00eancia de imprensa\",\"datePublished\":\"2026-02-24T15:55:00+00:00\",\"mainEntityOfPage\":{\"@id\":\"https:\/\/portaltela.pt\/noticias\/2026\/02\/24\/ana-abrunhosa-confronta-ministro-da-agricultura-durante-conferencia-de-imprensa\/\"},\"wordCount\":237,\"image\":{\"@id\":\"https:\/\/portaltela.pt\/noticias\/2026\/02\/24\/ana-abrunhosa-confronta-ministro-da-agricultura-durante-conferencia-de-imprensa\/#primaryimage\"},\"thumbnailUrl\":\"https:\/\/portaltela.pt\/s.01k8rhncp4jt1\/2026\/02\/img_1200x721uu2026-02-24-15-51-55-2423432-1.jpg\",\"keywords\":[\"A agricultura\",\"A C\u00e2mara Municipal\",\"Administra\u00e7\u00e3o Local\",\"Ana Abrunhosa\",\"Coimbra\",\"pol\u00edtica\"],\"articleSection\":[\"Not\u00edcias\"],\"inLanguage\":\"pt-PT\"},{\"@type\":\"WebPage\",\"@id\":\"https:\/\/portaltela.pt\/noticias\/2026\/02\/24\/ana-abrunhosa-confronta-ministro-da-agricultura-durante-conferencia-de-imprensa\/\",\"url\":\"https:\/\/portaltela.pt\/noticias\/2026\/02\/24\/ana-abrunhosa-confronta-ministro-da-agricultura-durante-conferencia-de-imprensa\/\",\"name\":\"Ana Abrunhosa confronta ministro da Agricultura durante confer\u00eancia de imprensa - Portal Tela Portugal\",\"isPartOf\":{\"@id\":\"https:\/\/portaltela.pt\/#website\"},\"primaryImageOfPage\":{\"@id\":\"https:\/\/portaltela.pt\/noticias\/2026\/02\/24\/ana-abrunhosa-confronta-ministro-da-agricultura-durante-conferencia-de-imprensa\/#primaryimage\"},\"image\":{\"@id\":\"https:\/\/portaltela.pt\/noticias\/2026\/02\/24\/ana-abrunhosa-confronta-ministro-da-agricultura-durante-conferencia-de-imprensa\/#primaryimage\"},\"thumbnailUrl\":\"https:\/\/portaltela.pt\/s.01k8rhncp4jt1\/2026\/02\/img_1200x721uu2026-02-24-15-51-55-2423432-1.jpg\",\"datePublished\":\"2026-02-24T15:55:00+00:00\",\"author\":{\"@id\":\"https:\/\/portaltela.pt\/#\/schema\/person\/c4278d4a6028830caff9ee44b42d32ed\"},\"breadcrumb\":{\"@id\":\"https:\/\/portaltela.pt\/noticias\/2026\/02\/24\/ana-abrunhosa-confronta-ministro-da-agricultura-durante-conferencia-de-imprensa\/#breadcrumb\"},\"inLanguage\":\"pt-PT\",\"potentialAction\":[{\"@type\":\"ReadAction\",\"target\":[\"https:\/\/portaltela.pt\/noticias\/2026\/02\/24\/ana-abrunhosa-confronta-ministro-da-agricultura-durante-conferencia-de-imprensa\/\"]}]},{\"@type\":\"ImageObject\",\"inLanguage\":\"pt-PT\",\"@id\":\"https:\/\/portaltela.pt\/noticias\/2026\/02\/24\/ana-abrunhosa-confronta-ministro-da-agricultura-durante-conferencia-de-imprensa\/#primaryimage\",\"url\":\"https:\/\/portaltela.pt\/s.01k8rhncp4jt1\/2026\/02\/img_1200x721uu2026-02-24-15-51-55-2423432-1.jpg\",\"contentUrl\":\"https:\/\/portaltela.pt\/s.01k8rhncp4jt1\/2026\/02\/img_1200x721uu2026-02-24-15-51-55-2423432-1.jpg\",\"width\":796,\"height\":448,\"caption\":\"Ana Abrunhosa e o ministro da Agricultura envolveram-se em troca acesa de palavras em frente aos meios de comunica\u00e7\u00e3o social, com a presidente da C\u00e2mara de Coimbra a acusar Jos\u00e9 Manuel Fernandes de n\u00e3o ouvir os autarcas. \\\"Vem fazer confer\u00eancia de imprensa ou vem ouvir os autarcas?\\\", disse Ana Abrunhosa ao ministro. \\\"Se vem fazer uma confer\u00eancia de imprensa, vamos embora\\\".\"},{\"@type\":\"BreadcrumbList\",\"@id\":\"https:\/\/portaltela.pt\/noticias\/2026\/02\/24\/ana-abrunhosa-confronta-ministro-da-agricultura-durante-conferencia-de-imprensa\/#breadcrumb\",\"itemListElement\":[{\"@type\":\"ListItem\",\"position\":1,\"name\":\"In\u00edcio\",\"item\":\"https:\/\/portaltela.pt\/\"},{\"@type\":\"ListItem\",\"position\":2,\"name\":\"Ana Abrunhosa confronta ministro da Agricultura durante confer\u00eancia de imprensa\"}]},{\"@type\":\"WebSite\",\"@id\":\"https:\/\/portaltela.pt\/#website\",\"url\":\"https:\/\/portaltela.pt\/\",\"name\":\"Portal Tela Portugal\",\"description\":\"\",\"potentialAction\":[{\"@type\":\"SearchAction\",\"target\":{\"@type\":\"EntryPoint\",\"urlTemplate\":\"https:\/\/portaltela.pt\/?s={search_term_string}\"},\"query-input\":{\"@type\":\"PropertyValueSpecification\",\"valueRequired\":true,\"valueName\":\"search_term_string\"}}],\"inLanguage\":\"pt-PT\"},{\"@type\":\"Person\",\"@id\":\"https:\/\/portaltela.pt\/#\/schema\/person\/c4278d4a6028830caff9ee44b42d32ed\",\"name\":\"Telinha\",\"image\":{\"@type\":\"ImageObject\",\"inLanguage\":\"pt-PT\",\"@id\":\"https:\/\/portaltela.pt\/s.01k8rhncp4jt1\/2025\/11\/talking-bot-125x125.png\",\"url\":\"https:\/\/portaltela.pt\/s.01k8rhncp4jt1\/2025\/11\/talking-bot-125x125.png\",\"contentUrl\":\"https:\/\/portaltela.pt\/s.01k8rhncp4jt1\/2025\/11\/talking-bot-125x125.png\",\"caption\":\"Telinha\"},\"sameAs\":[\"https:\/\/portaltela.pt\/\"],\"url\":\"https:\/\/portaltela.pt\/por\/367410592786\/\"}]}<\/script>\n<!-- \/ Yoast SEO plugin. -->","yoast_head_json":{"title":"Ana Abrunhosa confronta ministro da Agricultura durante confer\u00eancia de imprensa - Portal Tela Portugal","robots":{"index":"index","follow":"follow","max-snippet":"max-snippet:-1","max-image-preview":"max-image-preview:large","max-video-preview":"max-video-preview:-1"},"og_locale":"pt_PT","og_type":"article","og_title":"Ana Abrunhosa confronta ministro da Agricultura durante confer\u00eancia de imprensa - Portal Tela Portugal","og_description":"Em Coimbra, na tarde de ter\u00e7a-feira, Ana Abrunhosa e o ministro da Agricultura envolveram-se numa troca de palavras em frente aos jornalistas. A presidente da C\u00e2mara de Coimbra acusou o ministro, Jos\u00e9 Manuel Fernandes, de n\u00e3o ouvir os autarcas. Abrunhosa questionou: \"Vem fazer confer\u00eancia de imprensa ou vem ouvir os autarcas?\" Disse ainda: \"Se vem fazer confer\u00eancia de imprensa, vamos embora\".","og_url":"https:\/\/portaltela.pt\/noticias\/2026\/02\/24\/ana-abrunhosa-confronta-ministro-da-agricultura-durante-conferencia-de-imprensa\/","og_site_name":"Portal Tela Portugal","article_published_time":"2026-02-24T15:55:00+00:00","author":"Telinha","twitter_card":"summary_large_image","twitter_misc":{"Escrito por":"Telinha","Tempo estimado de leitura":"1 minuto"},"schema":{"@context":"https:\/\/schema.org","@graph":[{"@type":"Article","@id":"https:\/\/portaltela.pt\/noticias\/2026\/02\/24\/ana-abrunhosa-confronta-ministro-da-agricultura-durante-conferencia-de-imprensa\/#article","isPartOf":{"@id":"https:\/\/portaltela.pt\/noticias\/2026\/02\/24\/ana-abrunhosa-confronta-ministro-da-agricultura-durante-conferencia-de-imprensa\/"},"author":{"name":"Telinha","@id":"https:\/\/portaltela.pt\/#\/schema\/person\/c4278d4a6028830caff9ee44b42d32ed"},"headline":"Ana Abrunhosa confronta ministro da Agricultura durante confer\u00eancia de imprensa","datePublished":"2026-02-24T15:55:00+00:00","mainEntityOfPage":{"@id":"https:\/\/portaltela.pt\/noticias\/2026\/02\/24\/ana-abrunhosa-confronta-ministro-da-agricultura-durante-conferencia-de-imprensa\/"},"wordCount":237,"image":{"@id":"https:\/\/portaltela.pt\/noticias\/2026\/02\/24\/ana-abrunhosa-confronta-ministro-da-agricultura-durante-conferencia-de-imprensa\/#primaryimage"},"thumbnailUrl":"https:\/\/portaltela.pt\/s.01k8rhncp4jt1\/2026\/02\/img_1200x721uu2026-02-24-15-51-55-2423432-1.jpg","keywords":["A agricultura","A C\u00e2mara Municipal","Administra\u00e7\u00e3o Local","Ana Abrunhosa","Coimbra","pol\u00edtica"],"articleSection":["Not\u00edcias"],"inLanguage":"pt-PT"},{"@type":"WebPage","@id":"https:\/\/portaltela.pt\/noticias\/2026\/02\/24\/ana-abrunhosa-confronta-ministro-da-agricultura-durante-conferencia-de-imprensa\/","url":"https:\/\/portaltela.pt\/noticias\/2026\/02\/24\/ana-abrunhosa-confronta-ministro-da-agricultura-durante-conferencia-de-imprensa\/","name":"Ana Abrunhosa confronta ministro da Agricultura durante confer\u00eancia de imprensa - Portal Tela Portugal","isPartOf":{"@id":"https:\/\/portaltela.pt\/#website"},"primaryImageOfPage":{"@id":"https:\/\/portaltela.pt\/noticias\/2026\/02\/24\/ana-abrunhosa-confronta-ministro-da-agricultura-durante-conferencia-de-imprensa\/#primaryimage"},"image":{"@id":"https:\/\/portaltela.pt\/noticias\/2026\/02\/24\/ana-abrunhosa-confronta-ministro-da-agricultura-durante-conferencia-de-imprensa\/#primaryimage"},"thumbnailUrl":"https:\/\/portaltela.pt\/s.01k8rhncp4jt1\/2026\/02\/img_1200x721uu2026-02-24-15-51-55-2423432-1.jpg","datePublished":"2026-02-24T15:55:00+00:00","author":{"@id":"https:\/\/portaltela.pt\/#\/schema\/person\/c4278d4a6028830caff9ee44b42d32ed"},"breadcrumb":{"@id":"https:\/\/portaltela.pt\/noticias\/2026\/02\/24\/ana-abrunhosa-confronta-ministro-da-agricultura-durante-conferencia-de-imprensa\/#breadcrumb"},"inLanguage":"pt-PT","potentialAction":[{"@type":"ReadAction","target":["https:\/\/portaltela.pt\/noticias\/2026\/02\/24\/ana-abrunhosa-confronta-ministro-da-agricultura-durante-conferencia-de-imprensa\/"]}]},{"@type":"ImageObject","inLanguage":"pt-PT","@id":"https:\/\/portaltela.pt\/noticias\/2026\/02\/24\/ana-abrunhosa-confronta-ministro-da-agricultura-durante-conferencia-de-imprensa\/#primaryimage","url":"https:\/\/portaltela.pt\/s.01k8rhncp4jt1\/2026\/02\/img_1200x721uu2026-02-24-15-51-55-2423432-1.jpg","contentUrl":"https:\/\/portaltela.pt\/s.01k8rhncp4jt1\/2026\/02\/img_1200x721uu2026-02-24-15-51-55-2423432-1.jpg","width":796,"height":448,"caption":"Ana Abrunhosa e o ministro da Agricultura envolveram-se em troca acesa de palavras em frente aos meios de comunica\u00e7\u00e3o social, com a presidente da C\u00e2mara de Coimbra a acusar Jos\u00e9 Manuel Fernandes de n\u00e3o ouvir os autarcas. \"Vem fazer confer\u00eancia de imprensa ou vem ouvir os autarcas?\", disse Ana Abrunhosa ao ministro. \"Se vem fazer uma confer\u00eancia de imprensa, vamos embora\"."},{"@type":"BreadcrumbList","@id":"https:\/\/portaltela.pt\/noticias\/2026\/02\/24\/ana-abrunhosa-confronta-ministro-da-agricultura-durante-conferencia-de-imprensa\/#breadcrumb","itemListElement":[{"@type":"ListItem","position":1,"name":"In\u00edcio","item":"https:\/\/portaltela.pt\/"},{"@type":"ListItem","position":2,"name":"Ana Abrunhosa confronta ministro da Agricultura durante confer\u00eancia de imprensa"}]},{"@type":"WebSite","@id":"https:\/\/portaltela.pt\/#website","url":"https:\/\/portaltela.pt\/","name":"Portal Tela Portugal","description":"","potentialAction":[{"@type":"SearchAction","target":{"@type":"EntryPoint","urlTemplate":"https:\/\/portaltela.pt\/?s={search_term_string}"},"query-input":{"@type":"PropertyValueSpecification","valueRequired":true,"valueName":"search_term_string"}}],"inLanguage":"pt-PT"},{"@type":"Person","@id":"https:\/\/portaltela.pt\/#\/schema\/person\/c4278d4a6028830caff9ee44b42d32ed","name":"Telinha","image":{"@type":"ImageObject","inLanguage":"pt-PT","@id":"https:\/\/portaltela.pt\/s.01k8rhncp4jt1\/2025\/11\/talking-bot-125x125.png","url":"https:\/\/portaltela.pt\/s.01k8rhncp4jt1\/2025\/11\/talking-bot-125x125.png","contentUrl":"https:\/\/portaltela.pt\/s.01k8rhncp4jt1\/2025\/11\/talking-bot-125x125.png","caption":"Telinha"},"sameAs":["https:\/\/portaltela.pt\/"],"url":"https:\/\/portaltela.pt\/por\/367410592786\/"}]}},"_links":{"self":[{"href":"https:\/\/portaltela.pt\/api\/wp\/v2\/posts\/390105","targetHints":{"allow":["GET"]}}],"collection":[{"href":"https:\/\/portaltela.pt\/api\/wp\/v2\/posts"}],"about":[{"href":"https:\/\/portaltela.pt\/api\/wp\/v2\/types\/post"}],"author":[{"embeddable":true,"href":"https:\/\/portaltela.pt\/api\/wp\/v2\/users\/2"}],"replies":[{"embeddable":true,"href":"https:\/\/portaltela.pt\/api\/wp\/v2\/comments?post=390105"}],"version-history":[{"count":0,"href":"https:\/\/portaltela.pt\/api\/wp\/v2\/posts\/390105\/revisions"}],"wp:featuredmedia":[{"embeddable":true,"href":"https:\/\/portaltela.pt\/api\/wp\/v2\/media\/390111"}],"wp:attachment":[{"href":"https:\/\/portaltela.pt\/api\/wp\/v2\/media?parent=390105"}],"wp:term":[{"taxonomy":"category","embeddable":true,"href":"https:\/\/portaltela.pt\/api\/wp\/v2\/categories?post=390105"},{"taxonomy":"post_tag","embeddable":true,"href":"https:\/\/portaltela.pt\/api\/wp\/v2\/tags?post=390105"}],"curies":[{"name":"wp","href":"https:\/\/api.w.org\/{rel}","templated":true}]}}