{"id":390087,"date":"2026-02-26T21:00:00","date_gmt":"2026-02-27T00:00:00","guid":{"rendered":"https:\/\/portaltela.pt\/noticias\/2026\/02\/26\/o-estigma-do-diploma-impacto-na-empregabilidade-e-oportunidades\/"},"modified":"2026-02-26T21:00:00","modified_gmt":"2026-02-27T00:00:00","slug":"o-estigma-do-diploma-impacto-na-empregabilidade-e-oportunidades","status":"publish","type":"post","link":"https:\/\/portaltela.pt\/noticias\/2026\/02\/26\/o-estigma-do-diploma-impacto-na-empregabilidade-e-oportunidades\/","title":{"rendered":"O Estigma do Diploma: impacto na empregabilidade e oportunidades"},"content":{"rendered":"<p>H\u00e1 d\u00e9cadas, juristas gerem a sa\u00fade e economistas tutelam transportes sem contesta\u00e7\u00e3o. Contudo, a assun\u00e7\u00e3o de fun\u00e7\u00f5es estrat\u00e9gicas por algu\u00e9m com forma\u00e7\u00e3o em Enfermagem gerou controv\u00e9rsia. O debate evita confundir licenciatura com destino definitivo.<\/p>\n<p>F\u00e1bio Teixeira, licenciado em Enfermagem pela ESEP em 2018, nunca exerceu enfermagem. Seguiu para uma p\u00f3s-gradua\u00e7\u00e3o em Gest\u00e3o de Projetos na PBS, conquistou certifica\u00e7\u00f5es internacionais e desenvolveu um curr\u00edculo como gestor de projetos e business developer em consultoria tecnol\u00f3gica.<\/p>\n<p>N\u00e3o se trata de uma reconvers\u00e3o tardia nem de tentar ser o que n\u00e3o \u00e9. O caso ilustra um mercado onde as compet\u00eancias sobem por camadas e as fun\u00e7\u00f5es exigem mais do que um r\u00f3tulo acad\u00e9mico.<\/p>\n<p>O ensino superior p\u00f3s-Bolonha visa flexibilidade, mobilidade e progress\u00e3o por ciclos, permitindo percursos complementares. O mundo do trabalho mudou, com carreiras definidas pela combina\u00e7\u00e3o de compet\u00eancias, n\u00e3o por uma decis\u00e3o tomada aos 18.<\/p>\n<p>Explica\u00e7\u00e3o adicional: F\u00e1bio n\u00e3o foi contratado para engenharia, mas para gest\u00e3o interna, organiza\u00e7\u00e3o de processos, planeamento e acompanhamento de licenciamentos. Em projetos complexos, esses pap\u00e9is evitam atrasos, reduzem fric\u00e7\u00f5es e asseguram decis\u00f5es audit\u00e1veis.<\/p>\n<p>No futebol, n\u00e3o h\u00e1 onze Ronaldos num s\u00f3 plantel; \u00e9 preciso equil\u00edbrio e fun\u00e7\u00f5es distintas. O mesmo se aplica \u00e0s organiza\u00e7\u00f5es: o sucesso depende de compet\u00eancias adequadas, experi\u00eancia e responsabilidade pelos resultados.<\/p>\n<p>Rigor \u00e9 exigir o desempenho correspondente \u00e0 fun\u00e7\u00e3o, sem reduzir o profissional ao tra\u00e7o de uma licenciatura. Condenar algu\u00e9m por esse r\u00f3tulo perpetua preconceitos e impede talento.<\/p>\n<h3>Contexto e implica\u00e7\u00f5es<\/h3>\n<p>A discuss\u00e3o aponta para a import\u00e2ncia de reconhecer trajet\u00f3rias diversas. O foco est\u00e1 na capacidade de entregar resultados, n\u00e3o no diploma isolado.<\/p>\n<h3>Perspetivas no mercado de trabalho<\/h3>\n<p>Especialistas defendem que as fun\u00e7\u00f5es estrat\u00e9gicas exigem compet\u00eancias t\u00e9cnicas, gest\u00e3o de processo e vis\u00e3o de neg\u00f3cio, adquiridas ao longo de v\u00e1rias experi\u00eancias.<\/p>\n","protected":false},"excerpt":{"rendered":"<ul>\n<li>F\u00e1bio Teixeira, licenciado em Enfermagem pela ESEP em 2018, nunca exerceu a profiss\u00e3o.<\/li>\n<li>Fez uma p\u00f3s\u2011gradua\u00e7\u00e3o em Gest\u00e3o de Projetos na PBS, obteve certifica\u00e7\u00f5es internacionais e trabalha como gestor de projetos e business developer em consultoria tecnol\u00f3gica.<\/li>\n<li>O texto defende que n\u00e3o se trata de reconvers\u00e3o tardia, mas de um mercado que exige compet\u00eancias em camadas e fun\u00e7\u00f5es que v\u00e3o al\u00e9m do r\u00f3tulo acad\u00e9mico.<\/li>\n<li>O modelo p\u00f3s\u2011Bolonha visa flexibilidade, mobilidade e progress\u00e3o por ciclos, valorizando percursos complementares e especializa\u00e7\u00f5es sucessivas.<\/li>\n<li>Refere que, em projetos complexos, fun\u00e7\u00f5es de organiza\u00e7\u00e3o de processos, planeamento e licenciamento s\u00e3o essenciais para evitar atrasos e tornar decis\u00f5es audit\u00e1veis, defendendo rigor com base na compet\u00eancia e responsabilidade.<\/li>\n<\/ul>\n","protected":false},"author":2,"featured_media":390092,"comment_status":"closed","ping_status":"closed","sticky":false,"template":"","format":"standard","meta":{"footnotes":""},"categories":[1],"tags":[5797,28,163,2662,92,2201],"class_list":["post-390087","post","type-post","status-publish","format-standard","has-post-thumbnail","hentry","category-noticias","tag-carreiras","tag-economia","tag-educacao","tag-enfermagem","tag-ensino","tag-trabalho"],"yoast_head":"<!-- This site is optimized with the Yoast SEO plugin v27.2 - https:\/\/yoast.com\/product\/yoast-seo-wordpress\/ -->\n<title>O Estigma do Diploma: impacto na empregabilidade e oportunidades - Portal Tela Portugal<\/title>\n<meta name=\"robots\" content=\"index, follow, max-snippet:-1, max-image-preview:large, max-video-preview:-1\" \/>\n<meta property=\"og:locale\" content=\"pt_PT\" \/>\n<meta property=\"og:type\" content=\"article\" \/>\n<meta property=\"og:title\" content=\"O Estigma do Diploma: impacto na empregabilidade e oportunidades - Portal Tela Portugal\" \/>\n<meta property=\"og:description\" content=\"F\u00e1bio Teixeira, licenciado em Enfermagem pela ESEP em 2018, nunca exerceu a profiss\u00e3o. Fez uma p\u00f3s\u2011gradua\u00e7\u00e3o em Gest\u00e3o de Projetos na PBS, obteve certifica\u00e7\u00f5es internacionais e trabalha como gestor de projetos e business developer em consultoria tecnol\u00f3gica. O texto defende que n\u00e3o se trata de reconvers\u00e3o tardia, mas de um mercado que exige compet\u00eancias em camadas e fun\u00e7\u00f5es que v\u00e3o al\u00e9m do r\u00f3tulo acad\u00e9mico. O modelo p\u00f3s\u2011Bolonha visa flexibilidade, mobilidade e progress\u00e3o por ciclos, valorizando percursos complementares e especializa\u00e7\u00f5es sucessivas. Refere que, em projetos complexos, fun\u00e7\u00f5es de organiza\u00e7\u00e3o de processos, planeamento e licenciamento s\u00e3o essenciais para evitar atrasos e tornar decis\u00f5es audit\u00e1veis, defendendo rigor com base na compet\u00eancia e responsabilidade.\" \/>\n<meta property=\"og:url\" content=\"https:\/\/portaltela.pt\/noticias\/2026\/02\/26\/o-estigma-do-diploma-impacto-na-empregabilidade-e-oportunidades\/\" \/>\n<meta property=\"og:site_name\" content=\"Portal Tela Portugal\" \/>\n<meta property=\"article:published_time\" content=\"2026-02-27T00:00:00+00:00\" \/>\n<meta name=\"author\" content=\"Telinha\" \/>\n<meta name=\"twitter:card\" content=\"summary_large_image\" \/>\n<meta name=\"twitter:label1\" content=\"Escrito por\" \/>\n\t<meta name=\"twitter:data1\" content=\"Telinha\" \/>\n\t<meta name=\"twitter:label2\" content=\"Tempo estimado de leitura\" \/>\n\t<meta name=\"twitter:data2\" content=\"2 minutos\" \/>\n<script type=\"application\/ld+json\" class=\"yoast-schema-graph\">{\"@context\":\"https:\/\/schema.org\",\"@graph\":[{\"@type\":\"Article\",\"@id\":\"https:\/\/portaltela.pt\/noticias\/2026\/02\/26\/o-estigma-do-diploma-impacto-na-empregabilidade-e-oportunidades\/#article\",\"isPartOf\":{\"@id\":\"https:\/\/portaltela.pt\/noticias\/2026\/02\/26\/o-estigma-do-diploma-impacto-na-empregabilidade-e-oportunidades\/\"},\"author\":{\"name\":\"Telinha\",\"@id\":\"https:\/\/portaltela.pt\/#\/schema\/person\/c4278d4a6028830caff9ee44b42d32ed\"},\"headline\":\"O Estigma do Diploma: impacto na empregabilidade e oportunidades\",\"datePublished\":\"2026-02-27T00:00:00+00:00\",\"mainEntityOfPage\":{\"@id\":\"https:\/\/portaltela.pt\/noticias\/2026\/02\/26\/o-estigma-do-diploma-impacto-na-empregabilidade-e-oportunidades\/\"},\"wordCount\":351,\"image\":{\"@id\":\"https:\/\/portaltela.pt\/noticias\/2026\/02\/26\/o-estigma-do-diploma-impacto-na-empregabilidade-e-oportunidades\/#primaryimage\"},\"thumbnailUrl\":\"https:\/\/portaltela.pt\/s.01k8rhncp4jt1\/2026\/02\/image-1969.jpg\",\"keywords\":[\"carreiras\",\"economia\",\"educa\u00e7\u00e3o\",\"Enfermagem\",\"ensino\",\"trabalho\"],\"articleSection\":[\"Not\u00edcias\"],\"inLanguage\":\"pt-PT\"},{\"@type\":\"WebPage\",\"@id\":\"https:\/\/portaltela.pt\/noticias\/2026\/02\/26\/o-estigma-do-diploma-impacto-na-empregabilidade-e-oportunidades\/\",\"url\":\"https:\/\/portaltela.pt\/noticias\/2026\/02\/26\/o-estigma-do-diploma-impacto-na-empregabilidade-e-oportunidades\/\",\"name\":\"O Estigma do Diploma: impacto na empregabilidade e oportunidades - Portal Tela Portugal\",\"isPartOf\":{\"@id\":\"https:\/\/portaltela.pt\/#website\"},\"primaryImageOfPage\":{\"@id\":\"https:\/\/portaltela.pt\/noticias\/2026\/02\/26\/o-estigma-do-diploma-impacto-na-empregabilidade-e-oportunidades\/#primaryimage\"},\"image\":{\"@id\":\"https:\/\/portaltela.pt\/noticias\/2026\/02\/26\/o-estigma-do-diploma-impacto-na-empregabilidade-e-oportunidades\/#primaryimage\"},\"thumbnailUrl\":\"https:\/\/portaltela.pt\/s.01k8rhncp4jt1\/2026\/02\/image-1969.jpg\",\"datePublished\":\"2026-02-27T00:00:00+00:00\",\"author\":{\"@id\":\"https:\/\/portaltela.pt\/#\/schema\/person\/c4278d4a6028830caff9ee44b42d32ed\"},\"breadcrumb\":{\"@id\":\"https:\/\/portaltela.pt\/noticias\/2026\/02\/26\/o-estigma-do-diploma-impacto-na-empregabilidade-e-oportunidades\/#breadcrumb\"},\"inLanguage\":\"pt-PT\",\"potentialAction\":[{\"@type\":\"ReadAction\",\"target\":[\"https:\/\/portaltela.pt\/noticias\/2026\/02\/26\/o-estigma-do-diploma-impacto-na-empregabilidade-e-oportunidades\/\"]}]},{\"@type\":\"ImageObject\",\"inLanguage\":\"pt-PT\",\"@id\":\"https:\/\/portaltela.pt\/noticias\/2026\/02\/26\/o-estigma-do-diploma-impacto-na-empregabilidade-e-oportunidades\/#primaryimage\",\"url\":\"https:\/\/portaltela.pt\/s.01k8rhncp4jt1\/2026\/02\/image-1969.jpg\",\"contentUrl\":\"https:\/\/portaltela.pt\/s.01k8rhncp4jt1\/2026\/02\/image-1969.jpg\",\"width\":796,\"height\":448,\"caption\":\"Imagem de contexto do artigo O Estigma do Diploma\"},{\"@type\":\"BreadcrumbList\",\"@id\":\"https:\/\/portaltela.pt\/noticias\/2026\/02\/26\/o-estigma-do-diploma-impacto-na-empregabilidade-e-oportunidades\/#breadcrumb\",\"itemListElement\":[{\"@type\":\"ListItem\",\"position\":1,\"name\":\"In\u00edcio\",\"item\":\"https:\/\/portaltela.pt\/\"},{\"@type\":\"ListItem\",\"position\":2,\"name\":\"O Estigma do Diploma: impacto na empregabilidade e oportunidades\"}]},{\"@type\":\"WebSite\",\"@id\":\"https:\/\/portaltela.pt\/#website\",\"url\":\"https:\/\/portaltela.pt\/\",\"name\":\"Portal Tela Portugal\",\"description\":\"\",\"potentialAction\":[{\"@type\":\"SearchAction\",\"target\":{\"@type\":\"EntryPoint\",\"urlTemplate\":\"https:\/\/portaltela.pt\/?s={search_term_string}\"},\"query-input\":{\"@type\":\"PropertyValueSpecification\",\"valueRequired\":true,\"valueName\":\"search_term_string\"}}],\"inLanguage\":\"pt-PT\"},{\"@type\":\"Person\",\"@id\":\"https:\/\/portaltela.pt\/#\/schema\/person\/c4278d4a6028830caff9ee44b42d32ed\",\"name\":\"Telinha\",\"image\":{\"@type\":\"ImageObject\",\"inLanguage\":\"pt-PT\",\"@id\":\"https:\/\/portaltela.pt\/s.01k8rhncp4jt1\/2025\/11\/talking-bot-125x125.png\",\"url\":\"https:\/\/portaltela.pt\/s.01k8rhncp4jt1\/2025\/11\/talking-bot-125x125.png\",\"contentUrl\":\"https:\/\/portaltela.pt\/s.01k8rhncp4jt1\/2025\/11\/talking-bot-125x125.png\",\"caption\":\"Telinha\"},\"sameAs\":[\"https:\/\/portaltela.pt\/\"],\"url\":\"https:\/\/portaltela.pt\/por\/367410592786\/\"}]}<\/script>\n<!-- \/ Yoast SEO plugin. -->","yoast_head_json":{"title":"O Estigma do Diploma: impacto na empregabilidade e oportunidades - Portal Tela Portugal","robots":{"index":"index","follow":"follow","max-snippet":"max-snippet:-1","max-image-preview":"max-image-preview:large","max-video-preview":"max-video-preview:-1"},"og_locale":"pt_PT","og_type":"article","og_title":"O Estigma do Diploma: impacto na empregabilidade e oportunidades - Portal Tela Portugal","og_description":"F\u00e1bio Teixeira, licenciado em Enfermagem pela ESEP em 2018, nunca exerceu a profiss\u00e3o. Fez uma p\u00f3s\u2011gradua\u00e7\u00e3o em Gest\u00e3o de Projetos na PBS, obteve certifica\u00e7\u00f5es internacionais e trabalha como gestor de projetos e business developer em consultoria tecnol\u00f3gica. O texto defende que n\u00e3o se trata de reconvers\u00e3o tardia, mas de um mercado que exige compet\u00eancias em camadas e fun\u00e7\u00f5es que v\u00e3o al\u00e9m do r\u00f3tulo acad\u00e9mico. O modelo p\u00f3s\u2011Bolonha visa flexibilidade, mobilidade e progress\u00e3o por ciclos, valorizando percursos complementares e especializa\u00e7\u00f5es sucessivas. Refere que, em projetos complexos, fun\u00e7\u00f5es de organiza\u00e7\u00e3o de processos, planeamento e licenciamento s\u00e3o essenciais para evitar atrasos e tornar decis\u00f5es audit\u00e1veis, defendendo rigor com base na compet\u00eancia e responsabilidade.","og_url":"https:\/\/portaltela.pt\/noticias\/2026\/02\/26\/o-estigma-do-diploma-impacto-na-empregabilidade-e-oportunidades\/","og_site_name":"Portal Tela Portugal","article_published_time":"2026-02-27T00:00:00+00:00","author":"Telinha","twitter_card":"summary_large_image","twitter_misc":{"Escrito por":"Telinha","Tempo estimado de leitura":"2 minutos"},"schema":{"@context":"https:\/\/schema.org","@graph":[{"@type":"Article","@id":"https:\/\/portaltela.pt\/noticias\/2026\/02\/26\/o-estigma-do-diploma-impacto-na-empregabilidade-e-oportunidades\/#article","isPartOf":{"@id":"https:\/\/portaltela.pt\/noticias\/2026\/02\/26\/o-estigma-do-diploma-impacto-na-empregabilidade-e-oportunidades\/"},"author":{"name":"Telinha","@id":"https:\/\/portaltela.pt\/#\/schema\/person\/c4278d4a6028830caff9ee44b42d32ed"},"headline":"O Estigma do Diploma: impacto na empregabilidade e oportunidades","datePublished":"2026-02-27T00:00:00+00:00","mainEntityOfPage":{"@id":"https:\/\/portaltela.pt\/noticias\/2026\/02\/26\/o-estigma-do-diploma-impacto-na-empregabilidade-e-oportunidades\/"},"wordCount":351,"image":{"@id":"https:\/\/portaltela.pt\/noticias\/2026\/02\/26\/o-estigma-do-diploma-impacto-na-empregabilidade-e-oportunidades\/#primaryimage"},"thumbnailUrl":"https:\/\/portaltela.pt\/s.01k8rhncp4jt1\/2026\/02\/image-1969.jpg","keywords":["carreiras","economia","educa\u00e7\u00e3o","Enfermagem","ensino","trabalho"],"articleSection":["Not\u00edcias"],"inLanguage":"pt-PT"},{"@type":"WebPage","@id":"https:\/\/portaltela.pt\/noticias\/2026\/02\/26\/o-estigma-do-diploma-impacto-na-empregabilidade-e-oportunidades\/","url":"https:\/\/portaltela.pt\/noticias\/2026\/02\/26\/o-estigma-do-diploma-impacto-na-empregabilidade-e-oportunidades\/","name":"O Estigma do Diploma: impacto na empregabilidade e oportunidades - Portal Tela Portugal","isPartOf":{"@id":"https:\/\/portaltela.pt\/#website"},"primaryImageOfPage":{"@id":"https:\/\/portaltela.pt\/noticias\/2026\/02\/26\/o-estigma-do-diploma-impacto-na-empregabilidade-e-oportunidades\/#primaryimage"},"image":{"@id":"https:\/\/portaltela.pt\/noticias\/2026\/02\/26\/o-estigma-do-diploma-impacto-na-empregabilidade-e-oportunidades\/#primaryimage"},"thumbnailUrl":"https:\/\/portaltela.pt\/s.01k8rhncp4jt1\/2026\/02\/image-1969.jpg","datePublished":"2026-02-27T00:00:00+00:00","author":{"@id":"https:\/\/portaltela.pt\/#\/schema\/person\/c4278d4a6028830caff9ee44b42d32ed"},"breadcrumb":{"@id":"https:\/\/portaltela.pt\/noticias\/2026\/02\/26\/o-estigma-do-diploma-impacto-na-empregabilidade-e-oportunidades\/#breadcrumb"},"inLanguage":"pt-PT","potentialAction":[{"@type":"ReadAction","target":["https:\/\/portaltela.pt\/noticias\/2026\/02\/26\/o-estigma-do-diploma-impacto-na-empregabilidade-e-oportunidades\/"]}]},{"@type":"ImageObject","inLanguage":"pt-PT","@id":"https:\/\/portaltela.pt\/noticias\/2026\/02\/26\/o-estigma-do-diploma-impacto-na-empregabilidade-e-oportunidades\/#primaryimage","url":"https:\/\/portaltela.pt\/s.01k8rhncp4jt1\/2026\/02\/image-1969.jpg","contentUrl":"https:\/\/portaltela.pt\/s.01k8rhncp4jt1\/2026\/02\/image-1969.jpg","width":796,"height":448,"caption":"Imagem de contexto do artigo O Estigma do Diploma"},{"@type":"BreadcrumbList","@id":"https:\/\/portaltela.pt\/noticias\/2026\/02\/26\/o-estigma-do-diploma-impacto-na-empregabilidade-e-oportunidades\/#breadcrumb","itemListElement":[{"@type":"ListItem","position":1,"name":"In\u00edcio","item":"https:\/\/portaltela.pt\/"},{"@type":"ListItem","position":2,"name":"O Estigma do Diploma: impacto na empregabilidade e oportunidades"}]},{"@type":"WebSite","@id":"https:\/\/portaltela.pt\/#website","url":"https:\/\/portaltela.pt\/","name":"Portal Tela Portugal","description":"","potentialAction":[{"@type":"SearchAction","target":{"@type":"EntryPoint","urlTemplate":"https:\/\/portaltela.pt\/?s={search_term_string}"},"query-input":{"@type":"PropertyValueSpecification","valueRequired":true,"valueName":"search_term_string"}}],"inLanguage":"pt-PT"},{"@type":"Person","@id":"https:\/\/portaltela.pt\/#\/schema\/person\/c4278d4a6028830caff9ee44b42d32ed","name":"Telinha","image":{"@type":"ImageObject","inLanguage":"pt-PT","@id":"https:\/\/portaltela.pt\/s.01k8rhncp4jt1\/2025\/11\/talking-bot-125x125.png","url":"https:\/\/portaltela.pt\/s.01k8rhncp4jt1\/2025\/11\/talking-bot-125x125.png","contentUrl":"https:\/\/portaltela.pt\/s.01k8rhncp4jt1\/2025\/11\/talking-bot-125x125.png","caption":"Telinha"},"sameAs":["https:\/\/portaltela.pt\/"],"url":"https:\/\/portaltela.pt\/por\/367410592786\/"}]}},"_links":{"self":[{"href":"https:\/\/portaltela.pt\/api\/wp\/v2\/posts\/390087","targetHints":{"allow":["GET"]}}],"collection":[{"href":"https:\/\/portaltela.pt\/api\/wp\/v2\/posts"}],"about":[{"href":"https:\/\/portaltela.pt\/api\/wp\/v2\/types\/post"}],"author":[{"embeddable":true,"href":"https:\/\/portaltela.pt\/api\/wp\/v2\/users\/2"}],"replies":[{"embeddable":true,"href":"https:\/\/portaltela.pt\/api\/wp\/v2\/comments?post=390087"}],"version-history":[{"count":0,"href":"https:\/\/portaltela.pt\/api\/wp\/v2\/posts\/390087\/revisions"}],"wp:featuredmedia":[{"embeddable":true,"href":"https:\/\/portaltela.pt\/api\/wp\/v2\/media\/390092"}],"wp:attachment":[{"href":"https:\/\/portaltela.pt\/api\/wp\/v2\/media?parent=390087"}],"wp:term":[{"taxonomy":"category","embeddable":true,"href":"https:\/\/portaltela.pt\/api\/wp\/v2\/categories?post=390087"},{"taxonomy":"post_tag","embeddable":true,"href":"https:\/\/portaltela.pt\/api\/wp\/v2\/tags?post=390087"}],"curies":[{"name":"wp","href":"https:\/\/api.w.org\/{rel}","templated":true}]}}