{"id":390058,"date":"2026-02-26T20:10:00","date_gmt":"2026-02-26T23:10:00","guid":{"rendered":"https:\/\/portaltela.pt\/noticias\/2026\/02\/26\/condenado-a-seis-anos-e-meio-por-atacar-colega-de-casa-com-cutelo\/"},"modified":"2026-02-26T20:10:00","modified_gmt":"2026-02-26T23:10:00","slug":"condenado-a-seis-anos-e-meio-por-atacar-colega-de-casa-com-cutelo","status":"publish","type":"post","link":"https:\/\/portaltela.pt\/noticias\/2026\/02\/26\/condenado-a-seis-anos-e-meio-por-atacar-colega-de-casa-com-cutelo\/","title":{"rendered":"Condenado a seis anos e meio por atacar colega de casa com cutelo"},"content":{"rendered":"<p>Um trabalhador agr\u00edcola residente num monte perto de Zambujeira do Mar, no concelho de Odemira, foi condenado pelo Tribunal de Beja a seis anos e cinco meses de pris\u00e3o por tentativa de homic\u00eddio e ofensa \u00e0 integridade f\u00edsica.<\/p>\n<p>Mausam Thapa, de 24 anos, nepal\u00eas, encontra-se em pris\u00e3o preventiva desde 11 de abril de 2025. O arguido vivia com o pai numa habita\u00e7\u00e3o ocupada por trabalhadores de v\u00e1rias nacionalidades.<\/p>\n<p>Segundo o processo, o ataque ocorreu por motivos f\u00fateis e alcoholizados. Inicialmente, o homem, com uma bofetada, atingiu uma das v\u00edtimas e, de seguida, com um cutelo de cozinha de 20 cm, desferiu um golpe na nuca de outro compatriota, que encontrava-se de costas.<\/p>\n<p>Durante o julgamento, o arguido negou ter tido qualquer plano para matar, mas admitiu ter desferido o golpe descrito na acusa\u00e7\u00e3o. O seu advogado contestou a tipifica\u00e7\u00e3o, pedindo condena\u00e7\u00e3o por dois crimes de ofensa \u00e0 integridade f\u00edsica com pena n\u00e3o suspensa, alegando excesso na decis\u00e3o.<\/p>\n<p>O ac\u00f3rd\u00e3o, lido na semana passada, tamb\u00e9m determinou a expuls\u00e3o do territ\u00f3rio nacional pelo prazo de cinco anos, e o pagamento de 5000 euros \u00e0 v\u00edtima a t\u00edtulo de danos n\u00e3o patrimoniais. Mant\u00e9m, no entanto, a pris\u00e3o preventiva em vigor.<\/p>\n","protected":false},"excerpt":{"rendered":"<ul>\n<li>Mausam Thapa, de 24 anos, foi condenado pelo Tribunal de Beja a seis anos e cinco meses de pris\u00e3o por tentativa de homic\u00eddio e ofensa \u00e0 integridade f\u00edsica, em Zambujeira do Mar, Odemira.<\/li>\n<li>O arguido j\u00e1 estava em pris\u00e3o preventiva desde 11 de abril de 2025, ap\u00f3s viver numa habita\u00e7\u00e3o ocupada por trabalhadores de v\u00e1rias nacionalidades.<\/li>\n<li>O ataque come\u00e7ou com uma bofetada a uma das v\u00edtimas e, depois, com um cutelo de cozinha de l\u00e2mina de vinte cent\u00edmetros, golpeando o outro homem por tr\u00e1s, atingindo-lhe o cr\u00e2nio.<\/li>\n<li>A decis\u00e3o incluiu ainda expuls\u00e3o do territ\u00f3rio nacional pelo prazo de cinco anos e o pagamento de cinco mil euros \u00e0 v\u00edtima a t\u00edtulo de danos n\u00e3o patrimoniais; mant\u00e9m-se em pris\u00e3o preventiva.<\/li>\n<li>O arguido negou ter tido qualquer plano para matar a v\u00edtima, admitindo apenas ter a atingido conforme descrito; o advogado contestou a pena, considerando-a excessiva.<\/li>\n<\/ul>\n","protected":false},"author":2,"featured_media":390062,"comment_status":"closed","ping_status":"closed","sticky":false,"template":"","format":"standard","meta":{"footnotes":""},"categories":[1],"tags":[147,1345,712,1648,4343,939],"class_list":["post-390058","post","type-post","status-publish","format-standard","has-post-thumbnail","hentry","category-noticias","tag-crime","tag-homicidio","tag-imigracao","tag-odemira","tag-prisoes","tag-violencia"],"yoast_head":"<!-- This site is optimized with the Yoast SEO plugin v27.2 - https:\/\/yoast.com\/product\/yoast-seo-wordpress\/ -->\n<title>Condenado a seis anos e meio por atacar colega de casa com cutelo - Portal Tela Portugal<\/title>\n<meta name=\"robots\" content=\"index, follow, max-snippet:-1, max-image-preview:large, max-video-preview:-1\" \/>\n<meta property=\"og:locale\" content=\"pt_PT\" \/>\n<meta property=\"og:type\" content=\"article\" \/>\n<meta property=\"og:title\" content=\"Condenado a seis anos e meio por atacar colega de casa com cutelo - Portal Tela Portugal\" \/>\n<meta property=\"og:description\" content=\"Mausam Thapa, de 24 anos, foi condenado pelo Tribunal de Beja a seis anos e cinco meses de pris\u00e3o por tentativa de homic\u00eddio e ofensa \u00e0 integridade f\u00edsica, em Zambujeira do Mar, Odemira. O arguido j\u00e1 estava em pris\u00e3o preventiva desde 11 de abril de 2025, ap\u00f3s viver numa habita\u00e7\u00e3o ocupada por trabalhadores de v\u00e1rias nacionalidades. O ataque come\u00e7ou com uma bofetada a uma das v\u00edtimas e, depois, com um cutelo de cozinha de l\u00e2mina de vinte cent\u00edmetros, golpeando o outro homem por tr\u00e1s, atingindo-lhe o cr\u00e2nio. A decis\u00e3o incluiu ainda expuls\u00e3o do territ\u00f3rio nacional pelo prazo de cinco anos e o pagamento de cinco mil euros \u00e0 v\u00edtima a t\u00edtulo de danos n\u00e3o patrimoniais; mant\u00e9m-se em pris\u00e3o preventiva. O arguido negou ter tido qualquer plano para matar a v\u00edtima, admitindo apenas ter a atingido conforme descrito; o advogado contestou a pena, considerando-a excessiva.\" \/>\n<meta property=\"og:url\" content=\"https:\/\/portaltela.pt\/noticias\/2026\/02\/26\/condenado-a-seis-anos-e-meio-por-atacar-colega-de-casa-com-cutelo\/\" \/>\n<meta property=\"og:site_name\" content=\"Portal Tela Portugal\" \/>\n<meta property=\"article:published_time\" content=\"2026-02-26T23:10:00+00:00\" \/>\n<meta name=\"author\" content=\"Telinha\" \/>\n<meta name=\"twitter:card\" content=\"summary_large_image\" \/>\n<meta name=\"twitter:label1\" content=\"Escrito por\" \/>\n\t<meta name=\"twitter:data1\" content=\"Telinha\" \/>\n\t<meta name=\"twitter:label2\" content=\"Tempo estimado de leitura\" \/>\n\t<meta name=\"twitter:data2\" content=\"1 minuto\" \/>\n<script type=\"application\/ld+json\" class=\"yoast-schema-graph\">{\"@context\":\"https:\/\/schema.org\",\"@graph\":[{\"@type\":\"Article\",\"@id\":\"https:\/\/portaltela.pt\/noticias\/2026\/02\/26\/condenado-a-seis-anos-e-meio-por-atacar-colega-de-casa-com-cutelo\/#article\",\"isPartOf\":{\"@id\":\"https:\/\/portaltela.pt\/noticias\/2026\/02\/26\/condenado-a-seis-anos-e-meio-por-atacar-colega-de-casa-com-cutelo\/\"},\"author\":{\"name\":\"Telinha\",\"@id\":\"https:\/\/portaltela.pt\/#\/schema\/person\/c4278d4a6028830caff9ee44b42d32ed\"},\"headline\":\"Condenado a seis anos e meio por atacar colega de casa com cutelo\",\"datePublished\":\"2026-02-26T23:10:00+00:00\",\"mainEntityOfPage\":{\"@id\":\"https:\/\/portaltela.pt\/noticias\/2026\/02\/26\/condenado-a-seis-anos-e-meio-por-atacar-colega-de-casa-com-cutelo\/\"},\"wordCount\":228,\"image\":{\"@id\":\"https:\/\/portaltela.pt\/noticias\/2026\/02\/26\/condenado-a-seis-anos-e-meio-por-atacar-colega-de-casa-com-cutelo\/#primaryimage\"},\"thumbnailUrl\":\"https:\/\/portaltela.pt\/s.01k8rhncp4jt1\/2026\/02\/image-1965.jpg\",\"keywords\":[\"crime\",\"homic\u00eddio\",\"imigra\u00e7\u00e3o\",\"Odemira\",\"pris\u00f5es\",\"viol\u00eancia\"],\"articleSection\":[\"Not\u00edcias\"],\"inLanguage\":\"pt-PT\"},{\"@type\":\"WebPage\",\"@id\":\"https:\/\/portaltela.pt\/noticias\/2026\/02\/26\/condenado-a-seis-anos-e-meio-por-atacar-colega-de-casa-com-cutelo\/\",\"url\":\"https:\/\/portaltela.pt\/noticias\/2026\/02\/26\/condenado-a-seis-anos-e-meio-por-atacar-colega-de-casa-com-cutelo\/\",\"name\":\"Condenado a seis anos e meio por atacar colega de casa com cutelo - Portal Tela Portugal\",\"isPartOf\":{\"@id\":\"https:\/\/portaltela.pt\/#website\"},\"primaryImageOfPage\":{\"@id\":\"https:\/\/portaltela.pt\/noticias\/2026\/02\/26\/condenado-a-seis-anos-e-meio-por-atacar-colega-de-casa-com-cutelo\/#primaryimage\"},\"image\":{\"@id\":\"https:\/\/portaltela.pt\/noticias\/2026\/02\/26\/condenado-a-seis-anos-e-meio-por-atacar-colega-de-casa-com-cutelo\/#primaryimage\"},\"thumbnailUrl\":\"https:\/\/portaltela.pt\/s.01k8rhncp4jt1\/2026\/02\/image-1965.jpg\",\"datePublished\":\"2026-02-26T23:10:00+00:00\",\"author\":{\"@id\":\"https:\/\/portaltela.pt\/#\/schema\/person\/c4278d4a6028830caff9ee44b42d32ed\"},\"breadcrumb\":{\"@id\":\"https:\/\/portaltela.pt\/noticias\/2026\/02\/26\/condenado-a-seis-anos-e-meio-por-atacar-colega-de-casa-com-cutelo\/#breadcrumb\"},\"inLanguage\":\"pt-PT\",\"potentialAction\":[{\"@type\":\"ReadAction\",\"target\":[\"https:\/\/portaltela.pt\/noticias\/2026\/02\/26\/condenado-a-seis-anos-e-meio-por-atacar-colega-de-casa-com-cutelo\/\"]}]},{\"@type\":\"ImageObject\",\"inLanguage\":\"pt-PT\",\"@id\":\"https:\/\/portaltela.pt\/noticias\/2026\/02\/26\/condenado-a-seis-anos-e-meio-por-atacar-colega-de-casa-com-cutelo\/#primaryimage\",\"url\":\"https:\/\/portaltela.pt\/s.01k8rhncp4jt1\/2026\/02\/image-1965.jpg\",\"contentUrl\":\"https:\/\/portaltela.pt\/s.01k8rhncp4jt1\/2026\/02\/image-1965.jpg\",\"width\":796,\"height\":448,\"caption\":\"Arguido est\u00e1 preso preventivamente\"},{\"@type\":\"BreadcrumbList\",\"@id\":\"https:\/\/portaltela.pt\/noticias\/2026\/02\/26\/condenado-a-seis-anos-e-meio-por-atacar-colega-de-casa-com-cutelo\/#breadcrumb\",\"itemListElement\":[{\"@type\":\"ListItem\",\"position\":1,\"name\":\"In\u00edcio\",\"item\":\"https:\/\/portaltela.pt\/\"},{\"@type\":\"ListItem\",\"position\":2,\"name\":\"Condenado a seis anos e meio por atacar colega de casa com cutelo\"}]},{\"@type\":\"WebSite\",\"@id\":\"https:\/\/portaltela.pt\/#website\",\"url\":\"https:\/\/portaltela.pt\/\",\"name\":\"Portal Tela Portugal\",\"description\":\"\",\"potentialAction\":[{\"@type\":\"SearchAction\",\"target\":{\"@type\":\"EntryPoint\",\"urlTemplate\":\"https:\/\/portaltela.pt\/?s={search_term_string}\"},\"query-input\":{\"@type\":\"PropertyValueSpecification\",\"valueRequired\":true,\"valueName\":\"search_term_string\"}}],\"inLanguage\":\"pt-PT\"},{\"@type\":\"Person\",\"@id\":\"https:\/\/portaltela.pt\/#\/schema\/person\/c4278d4a6028830caff9ee44b42d32ed\",\"name\":\"Telinha\",\"image\":{\"@type\":\"ImageObject\",\"inLanguage\":\"pt-PT\",\"@id\":\"https:\/\/portaltela.pt\/s.01k8rhncp4jt1\/2025\/11\/talking-bot-125x125.png\",\"url\":\"https:\/\/portaltela.pt\/s.01k8rhncp4jt1\/2025\/11\/talking-bot-125x125.png\",\"contentUrl\":\"https:\/\/portaltela.pt\/s.01k8rhncp4jt1\/2025\/11\/talking-bot-125x125.png\",\"caption\":\"Telinha\"},\"sameAs\":[\"https:\/\/portaltela.pt\/\"],\"url\":\"https:\/\/portaltela.pt\/por\/367410592786\/\"}]}<\/script>\n<!-- \/ Yoast SEO plugin. -->","yoast_head_json":{"title":"Condenado a seis anos e meio por atacar colega de casa com cutelo - Portal Tela Portugal","robots":{"index":"index","follow":"follow","max-snippet":"max-snippet:-1","max-image-preview":"max-image-preview:large","max-video-preview":"max-video-preview:-1"},"og_locale":"pt_PT","og_type":"article","og_title":"Condenado a seis anos e meio por atacar colega de casa com cutelo - Portal Tela Portugal","og_description":"Mausam Thapa, de 24 anos, foi condenado pelo Tribunal de Beja a seis anos e cinco meses de pris\u00e3o por tentativa de homic\u00eddio e ofensa \u00e0 integridade f\u00edsica, em Zambujeira do Mar, Odemira. O arguido j\u00e1 estava em pris\u00e3o preventiva desde 11 de abril de 2025, ap\u00f3s viver numa habita\u00e7\u00e3o ocupada por trabalhadores de v\u00e1rias nacionalidades. O ataque come\u00e7ou com uma bofetada a uma das v\u00edtimas e, depois, com um cutelo de cozinha de l\u00e2mina de vinte cent\u00edmetros, golpeando o outro homem por tr\u00e1s, atingindo-lhe o cr\u00e2nio. A decis\u00e3o incluiu ainda expuls\u00e3o do territ\u00f3rio nacional pelo prazo de cinco anos e o pagamento de cinco mil euros \u00e0 v\u00edtima a t\u00edtulo de danos n\u00e3o patrimoniais; mant\u00e9m-se em pris\u00e3o preventiva. O arguido negou ter tido qualquer plano para matar a v\u00edtima, admitindo apenas ter a atingido conforme descrito; o advogado contestou a pena, considerando-a excessiva.","og_url":"https:\/\/portaltela.pt\/noticias\/2026\/02\/26\/condenado-a-seis-anos-e-meio-por-atacar-colega-de-casa-com-cutelo\/","og_site_name":"Portal Tela Portugal","article_published_time":"2026-02-26T23:10:00+00:00","author":"Telinha","twitter_card":"summary_large_image","twitter_misc":{"Escrito por":"Telinha","Tempo estimado de leitura":"1 minuto"},"schema":{"@context":"https:\/\/schema.org","@graph":[{"@type":"Article","@id":"https:\/\/portaltela.pt\/noticias\/2026\/02\/26\/condenado-a-seis-anos-e-meio-por-atacar-colega-de-casa-com-cutelo\/#article","isPartOf":{"@id":"https:\/\/portaltela.pt\/noticias\/2026\/02\/26\/condenado-a-seis-anos-e-meio-por-atacar-colega-de-casa-com-cutelo\/"},"author":{"name":"Telinha","@id":"https:\/\/portaltela.pt\/#\/schema\/person\/c4278d4a6028830caff9ee44b42d32ed"},"headline":"Condenado a seis anos e meio por atacar colega de casa com cutelo","datePublished":"2026-02-26T23:10:00+00:00","mainEntityOfPage":{"@id":"https:\/\/portaltela.pt\/noticias\/2026\/02\/26\/condenado-a-seis-anos-e-meio-por-atacar-colega-de-casa-com-cutelo\/"},"wordCount":228,"image":{"@id":"https:\/\/portaltela.pt\/noticias\/2026\/02\/26\/condenado-a-seis-anos-e-meio-por-atacar-colega-de-casa-com-cutelo\/#primaryimage"},"thumbnailUrl":"https:\/\/portaltela.pt\/s.01k8rhncp4jt1\/2026\/02\/image-1965.jpg","keywords":["crime","homic\u00eddio","imigra\u00e7\u00e3o","Odemira","pris\u00f5es","viol\u00eancia"],"articleSection":["Not\u00edcias"],"inLanguage":"pt-PT"},{"@type":"WebPage","@id":"https:\/\/portaltela.pt\/noticias\/2026\/02\/26\/condenado-a-seis-anos-e-meio-por-atacar-colega-de-casa-com-cutelo\/","url":"https:\/\/portaltela.pt\/noticias\/2026\/02\/26\/condenado-a-seis-anos-e-meio-por-atacar-colega-de-casa-com-cutelo\/","name":"Condenado a seis anos e meio por atacar colega de casa com cutelo - Portal Tela Portugal","isPartOf":{"@id":"https:\/\/portaltela.pt\/#website"},"primaryImageOfPage":{"@id":"https:\/\/portaltela.pt\/noticias\/2026\/02\/26\/condenado-a-seis-anos-e-meio-por-atacar-colega-de-casa-com-cutelo\/#primaryimage"},"image":{"@id":"https:\/\/portaltela.pt\/noticias\/2026\/02\/26\/condenado-a-seis-anos-e-meio-por-atacar-colega-de-casa-com-cutelo\/#primaryimage"},"thumbnailUrl":"https:\/\/portaltela.pt\/s.01k8rhncp4jt1\/2026\/02\/image-1965.jpg","datePublished":"2026-02-26T23:10:00+00:00","author":{"@id":"https:\/\/portaltela.pt\/#\/schema\/person\/c4278d4a6028830caff9ee44b42d32ed"},"breadcrumb":{"@id":"https:\/\/portaltela.pt\/noticias\/2026\/02\/26\/condenado-a-seis-anos-e-meio-por-atacar-colega-de-casa-com-cutelo\/#breadcrumb"},"inLanguage":"pt-PT","potentialAction":[{"@type":"ReadAction","target":["https:\/\/portaltela.pt\/noticias\/2026\/02\/26\/condenado-a-seis-anos-e-meio-por-atacar-colega-de-casa-com-cutelo\/"]}]},{"@type":"ImageObject","inLanguage":"pt-PT","@id":"https:\/\/portaltela.pt\/noticias\/2026\/02\/26\/condenado-a-seis-anos-e-meio-por-atacar-colega-de-casa-com-cutelo\/#primaryimage","url":"https:\/\/portaltela.pt\/s.01k8rhncp4jt1\/2026\/02\/image-1965.jpg","contentUrl":"https:\/\/portaltela.pt\/s.01k8rhncp4jt1\/2026\/02\/image-1965.jpg","width":796,"height":448,"caption":"Arguido est\u00e1 preso preventivamente"},{"@type":"BreadcrumbList","@id":"https:\/\/portaltela.pt\/noticias\/2026\/02\/26\/condenado-a-seis-anos-e-meio-por-atacar-colega-de-casa-com-cutelo\/#breadcrumb","itemListElement":[{"@type":"ListItem","position":1,"name":"In\u00edcio","item":"https:\/\/portaltela.pt\/"},{"@type":"ListItem","position":2,"name":"Condenado a seis anos e meio por atacar colega de casa com cutelo"}]},{"@type":"WebSite","@id":"https:\/\/portaltela.pt\/#website","url":"https:\/\/portaltela.pt\/","name":"Portal Tela Portugal","description":"","potentialAction":[{"@type":"SearchAction","target":{"@type":"EntryPoint","urlTemplate":"https:\/\/portaltela.pt\/?s={search_term_string}"},"query-input":{"@type":"PropertyValueSpecification","valueRequired":true,"valueName":"search_term_string"}}],"inLanguage":"pt-PT"},{"@type":"Person","@id":"https:\/\/portaltela.pt\/#\/schema\/person\/c4278d4a6028830caff9ee44b42d32ed","name":"Telinha","image":{"@type":"ImageObject","inLanguage":"pt-PT","@id":"https:\/\/portaltela.pt\/s.01k8rhncp4jt1\/2025\/11\/talking-bot-125x125.png","url":"https:\/\/portaltela.pt\/s.01k8rhncp4jt1\/2025\/11\/talking-bot-125x125.png","contentUrl":"https:\/\/portaltela.pt\/s.01k8rhncp4jt1\/2025\/11\/talking-bot-125x125.png","caption":"Telinha"},"sameAs":["https:\/\/portaltela.pt\/"],"url":"https:\/\/portaltela.pt\/por\/367410592786\/"}]}},"_links":{"self":[{"href":"https:\/\/portaltela.pt\/api\/wp\/v2\/posts\/390058","targetHints":{"allow":["GET"]}}],"collection":[{"href":"https:\/\/portaltela.pt\/api\/wp\/v2\/posts"}],"about":[{"href":"https:\/\/portaltela.pt\/api\/wp\/v2\/types\/post"}],"author":[{"embeddable":true,"href":"https:\/\/portaltela.pt\/api\/wp\/v2\/users\/2"}],"replies":[{"embeddable":true,"href":"https:\/\/portaltela.pt\/api\/wp\/v2\/comments?post=390058"}],"version-history":[{"count":0,"href":"https:\/\/portaltela.pt\/api\/wp\/v2\/posts\/390058\/revisions"}],"wp:featuredmedia":[{"embeddable":true,"href":"https:\/\/portaltela.pt\/api\/wp\/v2\/media\/390062"}],"wp:attachment":[{"href":"https:\/\/portaltela.pt\/api\/wp\/v2\/media?parent=390058"}],"wp:term":[{"taxonomy":"category","embeddable":true,"href":"https:\/\/portaltela.pt\/api\/wp\/v2\/categories?post=390058"},{"taxonomy":"post_tag","embeddable":true,"href":"https:\/\/portaltela.pt\/api\/wp\/v2\/tags?post=390058"}],"curies":[{"name":"wp","href":"https:\/\/api.w.org\/{rel}","templated":true}]}}