{"id":390033,"date":"2026-02-26T19:40:40","date_gmt":"2026-02-26T22:40:40","guid":{"rendered":"https:\/\/portaltela.pt\/noticias\/2026\/02\/26\/sacavenense-contrata-o-extremo-toni-silva\/"},"modified":"2026-02-26T19:40:40","modified_gmt":"2026-02-26T22:40:40","slug":"sacavenense-contrata-o-extremo-toni-silva","status":"publish","type":"post","link":"https:\/\/portaltela.pt\/desporto\/futebol\/2026\/02\/26\/sacavenense-contrata-o-extremo-toni-silva\/","title":{"rendered":"Sacavenense contrata o extremo Toni Silva"},"content":{"rendered":"<p>O Sacavenense anunciou a contrata\u00e7\u00e3o de Toni Silva, extremo de 32 anos, que chega para refor\u00e7ar a equipa no atual 2.\u00ba lugar da 1.\u00aa Divis\u00e3o Distrital de Lisboa. O jogador dividiu a forma\u00e7\u00e3o entre Benfica e Liverpool na juventude.<\/p>\n<p>Toni Silva tem experi\u00eancia na 1.\u00aa Liga, onde atuou pelo U. Madeira em 2015\/16, contribuindo com 3 golos em 16 jogos. O atleta passou ainda pelo CSKA Sofia, da Bulg\u00e1ria, numa passagem marcada pela visibilidade internacional.<\/p>\n<p>Ao longo da carreira, o internacional pela Guin\u00e9-Bissau disputou competi\u00e7\u00f5es na Turquia, Gr\u00e9cia, \u00c1frica do Sul, Egito, Rom\u00e9nia, Cazaquist\u00e3o, Kuwait e Malta. Recentemente, jogou na primeira metade desta \u00e9poca pelo Zabbar St. Patrick, de Malta.<\/p>\n<p>O objetivo do refor\u00e7o \u00e9 ajudar o Sacavenense a seguir firme na luta pelo regresso ao Campeonato de Portugal, ap\u00f3s a campanha atual na divis\u00e3o distrital. A dire\u00e7\u00e3o t\u00e9cnica acredita que a experi\u00eancia internacional do jogador agrega valor ao plantel.<\/p>\n","protected":false},"excerpt":{"rendered":"<ul>\n<li>O Sacavenense, que ocupa o 2.\u00ba lugar da 1.\u00aa Divis\u00e3o distrital de Lisboa, anunciou a contrata\u00e7\u00e3o de Toni Silva.<\/li>\n<li>Toni Silva, extremo de 32 anos, dividiu a forma\u00e7\u00e3o entre Benfica e Liverpool.<\/li>\n<li>Jogou na 1.\u00aa Liga pela Uni\u00e3o Madeira na \u00e9poca de 2015\/16, com 3 golos em 16 jogos, depois de passagem pelo CSKA Sofia.<\/li>\n<li>O internacional pela Guin\u00e9-Bissau j\u00e1 atuou em Turquia, Gr\u00e9cia, \u00c1frica do Sul, Egito, Rom\u00e9nia, Cazaquist\u00e3o, Kuwait e Malta, onde ficou na primeira metade desta \u00e9poca pelo Zabbar St. Patrick.<\/li>\n<li>Toni Silva chega para ajudar o Sacavenense na luta pelo regresso ao Campeonato de Portugal.<\/li>\n<\/ul>\n","protected":false},"author":2,"featured_media":390039,"comment_status":"closed","ping_status":"closed","sticky":false,"template":"","format":"standard","meta":{"footnotes":""},"categories":[21,24],"tags":[1268,152,32,81,981,1014],"class_list":["post-390033","post","type-post","status-publish","format-standard","has-post-thumbnail","hentry","category-desporto","category-futebol","tag-campeonato-de-portugal","tag-desporto","tag-futebol","tag-internacionais","tag-lisboa","tag-portugal"],"yoast_head":"<!-- This site is optimized with the Yoast SEO plugin v27.2 - https:\/\/yoast.com\/product\/yoast-seo-wordpress\/ -->\n<title>Sacavenense contrata o extremo Toni Silva - Portal Tela Portugal<\/title>\n<meta name=\"robots\" content=\"index, follow, max-snippet:-1, max-image-preview:large, max-video-preview:-1\" \/>\n<meta property=\"og:locale\" content=\"pt_PT\" \/>\n<meta property=\"og:type\" content=\"article\" \/>\n<meta property=\"og:title\" content=\"Sacavenense contrata o extremo Toni Silva - Portal Tela Portugal\" \/>\n<meta property=\"og:description\" content=\"O Sacavenense, que ocupa o 2.\u00ba lugar da 1.\u00aa Divis\u00e3o distrital de Lisboa, anunciou a contrata\u00e7\u00e3o de Toni Silva. Toni Silva, extremo de 32 anos, dividiu a forma\u00e7\u00e3o entre Benfica e Liverpool. Jogou na 1.\u00aa Liga pela Uni\u00e3o Madeira na \u00e9poca de 2015\/16, com 3 golos em 16 jogos, depois de passagem pelo CSKA Sofia. O internacional pela Guin\u00e9-Bissau j\u00e1 atuou em Turquia, Gr\u00e9cia, \u00c1frica do Sul, Egito, Rom\u00e9nia, Cazaquist\u00e3o, Kuwait e Malta, onde ficou na primeira metade desta \u00e9poca pelo Zabbar St. Patrick. Toni Silva chega para ajudar o Sacavenense na luta pelo regresso ao Campeonato de Portugal.\" \/>\n<meta property=\"og:url\" content=\"https:\/\/portaltela.pt\/noticias\/2026\/02\/26\/sacavenense-contrata-o-extremo-toni-silva\/\" \/>\n<meta property=\"og:site_name\" content=\"Portal Tela Portugal\" \/>\n<meta property=\"article:published_time\" content=\"2026-02-26T22:40:40+00:00\" \/>\n<meta name=\"author\" content=\"Telinha\" \/>\n<meta name=\"twitter:card\" content=\"summary_large_image\" \/>\n<meta name=\"twitter:label1\" content=\"Escrito por\" \/>\n\t<meta name=\"twitter:data1\" content=\"Telinha\" \/>\n\t<meta name=\"twitter:label2\" content=\"Tempo estimado de leitura\" \/>\n\t<meta name=\"twitter:data2\" content=\"1 minuto\" \/>\n<script type=\"application\/ld+json\" class=\"yoast-schema-graph\">{\"@context\":\"https:\/\/schema.org\",\"@graph\":[{\"@type\":\"Article\",\"@id\":\"https:\/\/portaltela.pt\/noticias\/2026\/02\/26\/sacavenense-contrata-o-extremo-toni-silva\/#article\",\"isPartOf\":{\"@id\":\"https:\/\/portaltela.pt\/noticias\/2026\/02\/26\/sacavenense-contrata-o-extremo-toni-silva\/\"},\"author\":{\"name\":\"Telinha\",\"@id\":\"https:\/\/portaltela.pt\/#\/schema\/person\/c4278d4a6028830caff9ee44b42d32ed\"},\"headline\":\"Sacavenense contrata o extremo Toni Silva\",\"datePublished\":\"2026-02-26T22:40:40+00:00\",\"mainEntityOfPage\":{\"@id\":\"https:\/\/portaltela.pt\/noticias\/2026\/02\/26\/sacavenense-contrata-o-extremo-toni-silva\/\"},\"wordCount\":165,\"image\":{\"@id\":\"https:\/\/portaltela.pt\/noticias\/2026\/02\/26\/sacavenense-contrata-o-extremo-toni-silva\/#primaryimage\"},\"thumbnailUrl\":\"https:\/\/portaltela.pt\/s.01k8rhncp4jt1\/2026\/02\/img_920x518uu2026-02-26-22-38-25-2423872-im-639077423283403735.jpg\",\"keywords\":[\"Campeonato de Portugal\",\"desporto\",\"futebol\",\"internacionais\",\"Lisboa\",\"Portugal\"],\"articleSection\":[\"Desporto\",\"Futebol\"],\"inLanguage\":\"pt-PT\"},{\"@type\":\"WebPage\",\"@id\":\"https:\/\/portaltela.pt\/noticias\/2026\/02\/26\/sacavenense-contrata-o-extremo-toni-silva\/\",\"url\":\"https:\/\/portaltela.pt\/noticias\/2026\/02\/26\/sacavenense-contrata-o-extremo-toni-silva\/\",\"name\":\"Sacavenense contrata o extremo Toni Silva - Portal Tela Portugal\",\"isPartOf\":{\"@id\":\"https:\/\/portaltela.pt\/#website\"},\"primaryImageOfPage\":{\"@id\":\"https:\/\/portaltela.pt\/noticias\/2026\/02\/26\/sacavenense-contrata-o-extremo-toni-silva\/#primaryimage\"},\"image\":{\"@id\":\"https:\/\/portaltela.pt\/noticias\/2026\/02\/26\/sacavenense-contrata-o-extremo-toni-silva\/#primaryimage\"},\"thumbnailUrl\":\"https:\/\/portaltela.pt\/s.01k8rhncp4jt1\/2026\/02\/img_920x518uu2026-02-26-22-38-25-2423872-im-639077423283403735.jpg\",\"datePublished\":\"2026-02-26T22:40:40+00:00\",\"author\":{\"@id\":\"https:\/\/portaltela.pt\/#\/schema\/person\/c4278d4a6028830caff9ee44b42d32ed\"},\"breadcrumb\":{\"@id\":\"https:\/\/portaltela.pt\/noticias\/2026\/02\/26\/sacavenense-contrata-o-extremo-toni-silva\/#breadcrumb\"},\"inLanguage\":\"pt-PT\",\"potentialAction\":[{\"@type\":\"ReadAction\",\"target\":[\"https:\/\/portaltela.pt\/noticias\/2026\/02\/26\/sacavenense-contrata-o-extremo-toni-silva\/\"]}]},{\"@type\":\"ImageObject\",\"inLanguage\":\"pt-PT\",\"@id\":\"https:\/\/portaltela.pt\/noticias\/2026\/02\/26\/sacavenense-contrata-o-extremo-toni-silva\/#primaryimage\",\"url\":\"https:\/\/portaltela.pt\/s.01k8rhncp4jt1\/2026\/02\/img_920x518uu2026-02-26-22-38-25-2423872-im-639077423283403735.jpg\",\"contentUrl\":\"https:\/\/portaltela.pt\/s.01k8rhncp4jt1\/2026\/02\/img_920x518uu2026-02-26-22-38-25-2423872-im-639077423283403735.jpg\",\"width\":796,\"height\":448,\"caption\":\"Toni Silva apresentado\"},{\"@type\":\"BreadcrumbList\",\"@id\":\"https:\/\/portaltela.pt\/noticias\/2026\/02\/26\/sacavenense-contrata-o-extremo-toni-silva\/#breadcrumb\",\"itemListElement\":[{\"@type\":\"ListItem\",\"position\":1,\"name\":\"In\u00edcio\",\"item\":\"https:\/\/portaltela.pt\/\"},{\"@type\":\"ListItem\",\"position\":2,\"name\":\"Sacavenense contrata o extremo Toni Silva\"}]},{\"@type\":\"WebSite\",\"@id\":\"https:\/\/portaltela.pt\/#website\",\"url\":\"https:\/\/portaltela.pt\/\",\"name\":\"Portal Tela Portugal\",\"description\":\"\",\"potentialAction\":[{\"@type\":\"SearchAction\",\"target\":{\"@type\":\"EntryPoint\",\"urlTemplate\":\"https:\/\/portaltela.pt\/?s={search_term_string}\"},\"query-input\":{\"@type\":\"PropertyValueSpecification\",\"valueRequired\":true,\"valueName\":\"search_term_string\"}}],\"inLanguage\":\"pt-PT\"},{\"@type\":\"Person\",\"@id\":\"https:\/\/portaltela.pt\/#\/schema\/person\/c4278d4a6028830caff9ee44b42d32ed\",\"name\":\"Telinha\",\"image\":{\"@type\":\"ImageObject\",\"inLanguage\":\"pt-PT\",\"@id\":\"https:\/\/portaltela.pt\/s.01k8rhncp4jt1\/2025\/11\/talking-bot-125x125.png\",\"url\":\"https:\/\/portaltela.pt\/s.01k8rhncp4jt1\/2025\/11\/talking-bot-125x125.png\",\"contentUrl\":\"https:\/\/portaltela.pt\/s.01k8rhncp4jt1\/2025\/11\/talking-bot-125x125.png\",\"caption\":\"Telinha\"},\"sameAs\":[\"https:\/\/portaltela.pt\/\"],\"url\":\"https:\/\/portaltela.pt\/por\/367410592786\/\"}]}<\/script>\n<!-- \/ Yoast SEO plugin. -->","yoast_head_json":{"title":"Sacavenense contrata o extremo Toni Silva - Portal Tela Portugal","robots":{"index":"index","follow":"follow","max-snippet":"max-snippet:-1","max-image-preview":"max-image-preview:large","max-video-preview":"max-video-preview:-1"},"og_locale":"pt_PT","og_type":"article","og_title":"Sacavenense contrata o extremo Toni Silva - Portal Tela Portugal","og_description":"O Sacavenense, que ocupa o 2.\u00ba lugar da 1.\u00aa Divis\u00e3o distrital de Lisboa, anunciou a contrata\u00e7\u00e3o de Toni Silva. Toni Silva, extremo de 32 anos, dividiu a forma\u00e7\u00e3o entre Benfica e Liverpool. Jogou na 1.\u00aa Liga pela Uni\u00e3o Madeira na \u00e9poca de 2015\/16, com 3 golos em 16 jogos, depois de passagem pelo CSKA Sofia. O internacional pela Guin\u00e9-Bissau j\u00e1 atuou em Turquia, Gr\u00e9cia, \u00c1frica do Sul, Egito, Rom\u00e9nia, Cazaquist\u00e3o, Kuwait e Malta, onde ficou na primeira metade desta \u00e9poca pelo Zabbar St. Patrick. Toni Silva chega para ajudar o Sacavenense na luta pelo regresso ao Campeonato de Portugal.","og_url":"https:\/\/portaltela.pt\/noticias\/2026\/02\/26\/sacavenense-contrata-o-extremo-toni-silva\/","og_site_name":"Portal Tela Portugal","article_published_time":"2026-02-26T22:40:40+00:00","author":"Telinha","twitter_card":"summary_large_image","twitter_misc":{"Escrito por":"Telinha","Tempo estimado de leitura":"1 minuto"},"schema":{"@context":"https:\/\/schema.org","@graph":[{"@type":"Article","@id":"https:\/\/portaltela.pt\/noticias\/2026\/02\/26\/sacavenense-contrata-o-extremo-toni-silva\/#article","isPartOf":{"@id":"https:\/\/portaltela.pt\/noticias\/2026\/02\/26\/sacavenense-contrata-o-extremo-toni-silva\/"},"author":{"name":"Telinha","@id":"https:\/\/portaltela.pt\/#\/schema\/person\/c4278d4a6028830caff9ee44b42d32ed"},"headline":"Sacavenense contrata o extremo Toni Silva","datePublished":"2026-02-26T22:40:40+00:00","mainEntityOfPage":{"@id":"https:\/\/portaltela.pt\/noticias\/2026\/02\/26\/sacavenense-contrata-o-extremo-toni-silva\/"},"wordCount":165,"image":{"@id":"https:\/\/portaltela.pt\/noticias\/2026\/02\/26\/sacavenense-contrata-o-extremo-toni-silva\/#primaryimage"},"thumbnailUrl":"https:\/\/portaltela.pt\/s.01k8rhncp4jt1\/2026\/02\/img_920x518uu2026-02-26-22-38-25-2423872-im-639077423283403735.jpg","keywords":["Campeonato de Portugal","desporto","futebol","internacionais","Lisboa","Portugal"],"articleSection":["Desporto","Futebol"],"inLanguage":"pt-PT"},{"@type":"WebPage","@id":"https:\/\/portaltela.pt\/noticias\/2026\/02\/26\/sacavenense-contrata-o-extremo-toni-silva\/","url":"https:\/\/portaltela.pt\/noticias\/2026\/02\/26\/sacavenense-contrata-o-extremo-toni-silva\/","name":"Sacavenense contrata o extremo Toni Silva - Portal Tela Portugal","isPartOf":{"@id":"https:\/\/portaltela.pt\/#website"},"primaryImageOfPage":{"@id":"https:\/\/portaltela.pt\/noticias\/2026\/02\/26\/sacavenense-contrata-o-extremo-toni-silva\/#primaryimage"},"image":{"@id":"https:\/\/portaltela.pt\/noticias\/2026\/02\/26\/sacavenense-contrata-o-extremo-toni-silva\/#primaryimage"},"thumbnailUrl":"https:\/\/portaltela.pt\/s.01k8rhncp4jt1\/2026\/02\/img_920x518uu2026-02-26-22-38-25-2423872-im-639077423283403735.jpg","datePublished":"2026-02-26T22:40:40+00:00","author":{"@id":"https:\/\/portaltela.pt\/#\/schema\/person\/c4278d4a6028830caff9ee44b42d32ed"},"breadcrumb":{"@id":"https:\/\/portaltela.pt\/noticias\/2026\/02\/26\/sacavenense-contrata-o-extremo-toni-silva\/#breadcrumb"},"inLanguage":"pt-PT","potentialAction":[{"@type":"ReadAction","target":["https:\/\/portaltela.pt\/noticias\/2026\/02\/26\/sacavenense-contrata-o-extremo-toni-silva\/"]}]},{"@type":"ImageObject","inLanguage":"pt-PT","@id":"https:\/\/portaltela.pt\/noticias\/2026\/02\/26\/sacavenense-contrata-o-extremo-toni-silva\/#primaryimage","url":"https:\/\/portaltela.pt\/s.01k8rhncp4jt1\/2026\/02\/img_920x518uu2026-02-26-22-38-25-2423872-im-639077423283403735.jpg","contentUrl":"https:\/\/portaltela.pt\/s.01k8rhncp4jt1\/2026\/02\/img_920x518uu2026-02-26-22-38-25-2423872-im-639077423283403735.jpg","width":796,"height":448,"caption":"Toni Silva apresentado"},{"@type":"BreadcrumbList","@id":"https:\/\/portaltela.pt\/noticias\/2026\/02\/26\/sacavenense-contrata-o-extremo-toni-silva\/#breadcrumb","itemListElement":[{"@type":"ListItem","position":1,"name":"In\u00edcio","item":"https:\/\/portaltela.pt\/"},{"@type":"ListItem","position":2,"name":"Sacavenense contrata o extremo Toni Silva"}]},{"@type":"WebSite","@id":"https:\/\/portaltela.pt\/#website","url":"https:\/\/portaltela.pt\/","name":"Portal Tela Portugal","description":"","potentialAction":[{"@type":"SearchAction","target":{"@type":"EntryPoint","urlTemplate":"https:\/\/portaltela.pt\/?s={search_term_string}"},"query-input":{"@type":"PropertyValueSpecification","valueRequired":true,"valueName":"search_term_string"}}],"inLanguage":"pt-PT"},{"@type":"Person","@id":"https:\/\/portaltela.pt\/#\/schema\/person\/c4278d4a6028830caff9ee44b42d32ed","name":"Telinha","image":{"@type":"ImageObject","inLanguage":"pt-PT","@id":"https:\/\/portaltela.pt\/s.01k8rhncp4jt1\/2025\/11\/talking-bot-125x125.png","url":"https:\/\/portaltela.pt\/s.01k8rhncp4jt1\/2025\/11\/talking-bot-125x125.png","contentUrl":"https:\/\/portaltela.pt\/s.01k8rhncp4jt1\/2025\/11\/talking-bot-125x125.png","caption":"Telinha"},"sameAs":["https:\/\/portaltela.pt\/"],"url":"https:\/\/portaltela.pt\/por\/367410592786\/"}]}},"_links":{"self":[{"href":"https:\/\/portaltela.pt\/api\/wp\/v2\/posts\/390033","targetHints":{"allow":["GET"]}}],"collection":[{"href":"https:\/\/portaltela.pt\/api\/wp\/v2\/posts"}],"about":[{"href":"https:\/\/portaltela.pt\/api\/wp\/v2\/types\/post"}],"author":[{"embeddable":true,"href":"https:\/\/portaltela.pt\/api\/wp\/v2\/users\/2"}],"replies":[{"embeddable":true,"href":"https:\/\/portaltela.pt\/api\/wp\/v2\/comments?post=390033"}],"version-history":[{"count":0,"href":"https:\/\/portaltela.pt\/api\/wp\/v2\/posts\/390033\/revisions"}],"wp:featuredmedia":[{"embeddable":true,"href":"https:\/\/portaltela.pt\/api\/wp\/v2\/media\/390039"}],"wp:attachment":[{"href":"https:\/\/portaltela.pt\/api\/wp\/v2\/media?parent=390033"}],"wp:term":[{"taxonomy":"category","embeddable":true,"href":"https:\/\/portaltela.pt\/api\/wp\/v2\/categories?post=390033"},{"taxonomy":"post_tag","embeddable":true,"href":"https:\/\/portaltela.pt\/api\/wp\/v2\/tags?post=390033"}],"curies":[{"name":"wp","href":"https:\/\/api.w.org\/{rel}","templated":true}]}}