{"id":390032,"date":"2026-02-26T19:32:00","date_gmt":"2026-02-26T22:32:00","guid":{"rendered":"https:\/\/portaltela.pt\/noticias\/2026\/02\/26\/secretaria-geral-recusa-responsabilidades-sobre-desconhecimento-da-greve-no-inem\/"},"modified":"2026-02-26T19:32:00","modified_gmt":"2026-02-26T22:32:00","slug":"secretaria-geral-recusa-responsabilidades-sobre-desconhecimento-da-greve-no-inem","status":"publish","type":"post","link":"https:\/\/portaltela.pt\/noticias\/2026\/02\/26\/secretaria-geral-recusa-responsabilidades-sobre-desconhecimento-da-greve-no-inem\/","title":{"rendered":"Secret\u00e1ria-geral recusa responsabilidades sobre desconhecimento da greve no INEM"},"content":{"rendered":"<p>A secret\u00e1ria-geral do Minist\u00e9rio da Sa\u00fade recusou responsabilidades pela falta de conhecimento do INEM sobre as greves de 2024, destacando que a informa\u00e7\u00e3o chegou \u00e0 Dire\u00e7\u00e3o-Executiva do SNS e \u00e0 Administra\u00e7\u00e3o Central do Sistema de Sa\u00fade. O depoimento ocorreu na Comiss\u00e3o Parlamentar de Inqu\u00e9rito ao INEM.<\/p>\n<p>Ana Margarida de Brito Pedroso explicou que n\u00e3o compete \u00e0 secretaria-geral divulgar pr\u00e9-avisos de greve, apenas recolher dados estat\u00edsticos de aus\u00eancias por greve. Segundo ela, a secretaria-geral s\u00f3 lida com informa\u00e7\u00f5es de recursos humanos nesse \u00e2mbito.<\/p>\n<p>A IGAS concluiu que o INEM n\u00e3o foi informado dos pr\u00e9-avisos das greves de 31 de outubro e 4 de novembro, ainda que esses avisos tenham sido enviados pelos sindicatos ao Minist\u00e9rio da Sa\u00fade. No 4 de novembro houve greve que coincidiu com trabalho extraordin\u00e1rio.<\/p>\n<h3>Conte\u00fado e responsabilidades<\/h3>\n<p>A respons\u00e1vel afirmou que, se a paralisa\u00e7\u00e3o foi convocada de forma correta, o sindicato deve ter comunicado o pr\u00e9-aviso diretamente ou divulgado de modo id\u00f3neo, cabendo ao INEM acionar mecanismos para conhecer esse aviso.<\/p>\n<p>Disse ainda que n\u00e3o existe terceiro interveniente com obriga\u00e7\u00e3o legal de transmitir o pr\u00e9-aviso e que s\u00f3 pode agir conforme a lei. Refor\u00e7ou que, enquanto cidad\u00e3, atuou dentro das compet\u00eancias da secretaria-geral.<\/p>\n<p>Questionada sobre a dificuldade de o INEM n\u00e3o ter tido conhecimento de uma das greves, Pedroso afirmou que o relat\u00f3rio do inspetor-geral da Sa\u00fade admite que a greve era de conhecimento p\u00fablico. Afirmou que o INEM atuou relativamente a duas greves simult\u00e2neas.<\/p>\n<p>O gabinete ministerial reencaminhou a informa\u00e7\u00e3o da greve ao INEM e \u00e0 ACSS, gestora dos recursos humanos, lembrando que o INEM integra o SNS. A titular manteve que a greve era p\u00fablica e que, se estava convocada, o INEM devia ter conhecimento direto.<\/p>\n<h3>Implica\u00e7\u00e3o pr\u00e1tica<\/h3>\n<p>Sobre servi\u00e7os m\u00ednimos, Pedroso referiu parecer da ACSS que a paralisa\u00e7\u00e3o parece ter sido devidamente convocada. Acrescentou que, se estivessem definidos, caberia \u00e0 institui\u00e7\u00e3o regul\u00e1-los. A CPI investiga responsabilidades pol\u00edticas, t\u00e9cnicas e financeiras.<\/p>\n<p>Entre 30 de outubro e 4 de novembro de 2024, registaram-se 12 mortes associadas a atrasos no socorro, segundo a IGAS. A Comiss\u00e3o investiga a atua\u00e7\u00e3o do INEM durante a greve final de outubro e in\u00edcio de novembro de 2024.<\/p>\n","protected":false},"excerpt":{"rendered":"<ul>\n<li>A secret\u00e1ria-geral do Minist\u00e9rio da Sa\u00fade negou qualquer responsabilidade pela falta de conhecimento do INEM sobre as greves de 2024, lembrando que a informa\u00e7\u00e3o chegou \u00e0 Dire\u00e7\u00e3o-Executiva do SNS e \u00e0 Administra\u00e7\u00e3o Central do Sistema de Sa\u00fade.<\/li>\n<li>Ana Margarida de Brito Pedroso disse que n\u00e3o compete \u00e0 secretaria-geral divulgar pr\u00e9-avisos de greve, apenas recolher dados estat\u00edsticos de aus\u00eancias por greve.<\/li>\n<li>A Inspe\u00e7\u00e3o-Geral das Atividades em Sa\u00fade concluiu que o INEM n\u00e3o foi informado atempadamente dos pr\u00e9-avisos das greves de 31 de outubro e 4 de novembro, mesmo ap\u00f3s terem sido enviados pelos sindicatos ao Minist\u00e9rio da Sa\u00fade.<\/li>\n<li>Sobre a greve de 4 de novembro de 2024, afirmou que, se a paralisa\u00e7\u00e3o foi convocada corretamente, o INEM devia ter mecanismos para conhecer esses pr\u00e9-avisos, e que n\u00e3o h\u00e1 terceiro interveniente com obriga\u00e7\u00e3o legal de transmiti-los.<\/li>\n<li>Entre 30 de outubro e 4 de novembro de 2024 ocorreram, durante as greves de t\u00e9cnicos de emerg\u00eancia pr\u00e9-hospitalar, 12 mortes; a CPI analisa responsabilidades pol\u00edticas, t\u00e9cnicas e financeiras ligadas ao INEM.<\/li>\n<\/ul>\n","protected":false},"author":2,"featured_media":390040,"comment_status":"closed","ping_status":"closed","sticky":false,"template":"","format":"standard","meta":{"footnotes":""},"categories":[1],"tags":[3863,1164,2603,215,172,1775],"class_list":["post-390032","post","type-post","status-publish","format-standard","has-post-thumbnail","hentry","category-noticias","tag-acss","tag-greve","tag-igas","tag-investigacao","tag-saude","tag-sns"],"yoast_head":"<!-- This site is optimized with the Yoast SEO plugin v27.2 - https:\/\/yoast.com\/product\/yoast-seo-wordpress\/ -->\n<title>Secret\u00e1ria-geral recusa responsabilidades sobre desconhecimento da greve no INEM - Portal Tela Portugal<\/title>\n<meta name=\"robots\" content=\"index, follow, max-snippet:-1, max-image-preview:large, max-video-preview:-1\" \/>\n<meta property=\"og:locale\" content=\"pt_PT\" \/>\n<meta property=\"og:type\" content=\"article\" \/>\n<meta property=\"og:title\" content=\"Secret\u00e1ria-geral recusa responsabilidades sobre desconhecimento da greve no INEM - Portal Tela Portugal\" \/>\n<meta property=\"og:description\" content=\"A secret\u00e1ria-geral do Minist\u00e9rio da Sa\u00fade negou qualquer responsabilidade pela falta de conhecimento do INEM sobre as greves de 2024, lembrando que a informa\u00e7\u00e3o chegou \u00e0 Dire\u00e7\u00e3o-Executiva do SNS e \u00e0 Administra\u00e7\u00e3o Central do Sistema de Sa\u00fade. Ana Margarida de Brito Pedroso disse que n\u00e3o compete \u00e0 secretaria-geral divulgar pr\u00e9-avisos de greve, apenas recolher dados estat\u00edsticos de aus\u00eancias por greve. A Inspe\u00e7\u00e3o-Geral das Atividades em Sa\u00fade concluiu que o INEM n\u00e3o foi informado atempadamente dos pr\u00e9-avisos das greves de 31 de outubro e 4 de novembro, mesmo ap\u00f3s terem sido enviados pelos sindicatos ao Minist\u00e9rio da Sa\u00fade. Sobre a greve de 4 de novembro de 2024, afirmou que, se a paralisa\u00e7\u00e3o foi convocada corretamente, o INEM devia ter mecanismos para conhecer esses pr\u00e9-avisos, e que n\u00e3o h\u00e1 terceiro interveniente com obriga\u00e7\u00e3o legal de transmiti-los. Entre 30 de outubro e 4 de novembro de 2024 ocorreram, durante as greves de t\u00e9cnicos de emerg\u00eancia pr\u00e9-hospitalar, 12 mortes; a CPI analisa responsabilidades pol\u00edticas, t\u00e9cnicas e financeiras ligadas ao INEM.\" \/>\n<meta property=\"og:url\" content=\"https:\/\/portaltela.pt\/noticias\/2026\/02\/26\/secretaria-geral-recusa-responsabilidades-sobre-desconhecimento-da-greve-no-inem\/\" \/>\n<meta property=\"og:site_name\" content=\"Portal Tela Portugal\" \/>\n<meta property=\"article:published_time\" content=\"2026-02-26T22:32:00+00:00\" \/>\n<meta name=\"author\" content=\"Telinha\" \/>\n<meta name=\"twitter:card\" content=\"summary_large_image\" \/>\n<meta name=\"twitter:label1\" content=\"Escrito por\" \/>\n\t<meta name=\"twitter:data1\" content=\"Telinha\" \/>\n\t<meta name=\"twitter:label2\" content=\"Tempo estimado de leitura\" \/>\n\t<meta name=\"twitter:data2\" content=\"2 minutos\" \/>\n<script type=\"application\/ld+json\" class=\"yoast-schema-graph\">{\"@context\":\"https:\/\/schema.org\",\"@graph\":[{\"@type\":\"Article\",\"@id\":\"https:\/\/portaltela.pt\/noticias\/2026\/02\/26\/secretaria-geral-recusa-responsabilidades-sobre-desconhecimento-da-greve-no-inem\/#article\",\"isPartOf\":{\"@id\":\"https:\/\/portaltela.pt\/noticias\/2026\/02\/26\/secretaria-geral-recusa-responsabilidades-sobre-desconhecimento-da-greve-no-inem\/\"},\"author\":{\"name\":\"Telinha\",\"@id\":\"https:\/\/portaltela.pt\/#\/schema\/person\/c4278d4a6028830caff9ee44b42d32ed\"},\"headline\":\"Secret\u00e1ria-geral recusa responsabilidades sobre desconhecimento da greve no INEM\",\"datePublished\":\"2026-02-26T22:32:00+00:00\",\"mainEntityOfPage\":{\"@id\":\"https:\/\/portaltela.pt\/noticias\/2026\/02\/26\/secretaria-geral-recusa-responsabilidades-sobre-desconhecimento-da-greve-no-inem\/\"},\"wordCount\":400,\"image\":{\"@id\":\"https:\/\/portaltela.pt\/noticias\/2026\/02\/26\/secretaria-geral-recusa-responsabilidades-sobre-desconhecimento-da-greve-no-inem\/#primaryimage\"},\"thumbnailUrl\":\"https:\/\/portaltela.pt\/s.01k8rhncp4jt1\/2026\/02\/image-1963.jpg\",\"keywords\":[\"ACSS\",\"greve\",\"IGAS\",\"investiga\u00e7\u00e3o\",\"sa\u00fade\",\"SNS\"],\"articleSection\":[\"Not\u00edcias\"],\"inLanguage\":\"pt-PT\"},{\"@type\":\"WebPage\",\"@id\":\"https:\/\/portaltela.pt\/noticias\/2026\/02\/26\/secretaria-geral-recusa-responsabilidades-sobre-desconhecimento-da-greve-no-inem\/\",\"url\":\"https:\/\/portaltela.pt\/noticias\/2026\/02\/26\/secretaria-geral-recusa-responsabilidades-sobre-desconhecimento-da-greve-no-inem\/\",\"name\":\"Secret\u00e1ria-geral recusa responsabilidades sobre desconhecimento da greve no INEM - Portal Tela Portugal\",\"isPartOf\":{\"@id\":\"https:\/\/portaltela.pt\/#website\"},\"primaryImageOfPage\":{\"@id\":\"https:\/\/portaltela.pt\/noticias\/2026\/02\/26\/secretaria-geral-recusa-responsabilidades-sobre-desconhecimento-da-greve-no-inem\/#primaryimage\"},\"image\":{\"@id\":\"https:\/\/portaltela.pt\/noticias\/2026\/02\/26\/secretaria-geral-recusa-responsabilidades-sobre-desconhecimento-da-greve-no-inem\/#primaryimage\"},\"thumbnailUrl\":\"https:\/\/portaltela.pt\/s.01k8rhncp4jt1\/2026\/02\/image-1963.jpg\",\"datePublished\":\"2026-02-26T22:32:00+00:00\",\"author\":{\"@id\":\"https:\/\/portaltela.pt\/#\/schema\/person\/c4278d4a6028830caff9ee44b42d32ed\"},\"breadcrumb\":{\"@id\":\"https:\/\/portaltela.pt\/noticias\/2026\/02\/26\/secretaria-geral-recusa-responsabilidades-sobre-desconhecimento-da-greve-no-inem\/#breadcrumb\"},\"inLanguage\":\"pt-PT\",\"potentialAction\":[{\"@type\":\"ReadAction\",\"target\":[\"https:\/\/portaltela.pt\/noticias\/2026\/02\/26\/secretaria-geral-recusa-responsabilidades-sobre-desconhecimento-da-greve-no-inem\/\"]}]},{\"@type\":\"ImageObject\",\"inLanguage\":\"pt-PT\",\"@id\":\"https:\/\/portaltela.pt\/noticias\/2026\/02\/26\/secretaria-geral-recusa-responsabilidades-sobre-desconhecimento-da-greve-no-inem\/#primaryimage\",\"url\":\"https:\/\/portaltela.pt\/s.01k8rhncp4jt1\/2026\/02\/image-1963.jpg\",\"contentUrl\":\"https:\/\/portaltela.pt\/s.01k8rhncp4jt1\/2026\/02\/image-1963.jpg\",\"width\":796,\"height\":448,\"caption\":\"Minist\u00e9rio da Sa\u00fade rejeita culpa de n\u00e3o ter sido informado da greve do INEM\"},{\"@type\":\"BreadcrumbList\",\"@id\":\"https:\/\/portaltela.pt\/noticias\/2026\/02\/26\/secretaria-geral-recusa-responsabilidades-sobre-desconhecimento-da-greve-no-inem\/#breadcrumb\",\"itemListElement\":[{\"@type\":\"ListItem\",\"position\":1,\"name\":\"In\u00edcio\",\"item\":\"https:\/\/portaltela.pt\/\"},{\"@type\":\"ListItem\",\"position\":2,\"name\":\"Secret\u00e1ria-geral recusa responsabilidades sobre desconhecimento da greve no INEM\"}]},{\"@type\":\"WebSite\",\"@id\":\"https:\/\/portaltela.pt\/#website\",\"url\":\"https:\/\/portaltela.pt\/\",\"name\":\"Portal Tela Portugal\",\"description\":\"\",\"potentialAction\":[{\"@type\":\"SearchAction\",\"target\":{\"@type\":\"EntryPoint\",\"urlTemplate\":\"https:\/\/portaltela.pt\/?s={search_term_string}\"},\"query-input\":{\"@type\":\"PropertyValueSpecification\",\"valueRequired\":true,\"valueName\":\"search_term_string\"}}],\"inLanguage\":\"pt-PT\"},{\"@type\":\"Person\",\"@id\":\"https:\/\/portaltela.pt\/#\/schema\/person\/c4278d4a6028830caff9ee44b42d32ed\",\"name\":\"Telinha\",\"image\":{\"@type\":\"ImageObject\",\"inLanguage\":\"pt-PT\",\"@id\":\"https:\/\/portaltela.pt\/s.01k8rhncp4jt1\/2025\/11\/talking-bot-125x125.png\",\"url\":\"https:\/\/portaltela.pt\/s.01k8rhncp4jt1\/2025\/11\/talking-bot-125x125.png\",\"contentUrl\":\"https:\/\/portaltela.pt\/s.01k8rhncp4jt1\/2025\/11\/talking-bot-125x125.png\",\"caption\":\"Telinha\"},\"sameAs\":[\"https:\/\/portaltela.pt\/\"],\"url\":\"https:\/\/portaltela.pt\/por\/367410592786\/\"}]}<\/script>\n<!-- \/ Yoast SEO plugin. -->","yoast_head_json":{"title":"Secret\u00e1ria-geral recusa responsabilidades sobre desconhecimento da greve no INEM - Portal Tela Portugal","robots":{"index":"index","follow":"follow","max-snippet":"max-snippet:-1","max-image-preview":"max-image-preview:large","max-video-preview":"max-video-preview:-1"},"og_locale":"pt_PT","og_type":"article","og_title":"Secret\u00e1ria-geral recusa responsabilidades sobre desconhecimento da greve no INEM - Portal Tela Portugal","og_description":"A secret\u00e1ria-geral do Minist\u00e9rio da Sa\u00fade negou qualquer responsabilidade pela falta de conhecimento do INEM sobre as greves de 2024, lembrando que a informa\u00e7\u00e3o chegou \u00e0 Dire\u00e7\u00e3o-Executiva do SNS e \u00e0 Administra\u00e7\u00e3o Central do Sistema de Sa\u00fade. Ana Margarida de Brito Pedroso disse que n\u00e3o compete \u00e0 secretaria-geral divulgar pr\u00e9-avisos de greve, apenas recolher dados estat\u00edsticos de aus\u00eancias por greve. A Inspe\u00e7\u00e3o-Geral das Atividades em Sa\u00fade concluiu que o INEM n\u00e3o foi informado atempadamente dos pr\u00e9-avisos das greves de 31 de outubro e 4 de novembro, mesmo ap\u00f3s terem sido enviados pelos sindicatos ao Minist\u00e9rio da Sa\u00fade. Sobre a greve de 4 de novembro de 2024, afirmou que, se a paralisa\u00e7\u00e3o foi convocada corretamente, o INEM devia ter mecanismos para conhecer esses pr\u00e9-avisos, e que n\u00e3o h\u00e1 terceiro interveniente com obriga\u00e7\u00e3o legal de transmiti-los. Entre 30 de outubro e 4 de novembro de 2024 ocorreram, durante as greves de t\u00e9cnicos de emerg\u00eancia pr\u00e9-hospitalar, 12 mortes; a CPI analisa responsabilidades pol\u00edticas, t\u00e9cnicas e financeiras ligadas ao INEM.","og_url":"https:\/\/portaltela.pt\/noticias\/2026\/02\/26\/secretaria-geral-recusa-responsabilidades-sobre-desconhecimento-da-greve-no-inem\/","og_site_name":"Portal Tela Portugal","article_published_time":"2026-02-26T22:32:00+00:00","author":"Telinha","twitter_card":"summary_large_image","twitter_misc":{"Escrito por":"Telinha","Tempo estimado de leitura":"2 minutos"},"schema":{"@context":"https:\/\/schema.org","@graph":[{"@type":"Article","@id":"https:\/\/portaltela.pt\/noticias\/2026\/02\/26\/secretaria-geral-recusa-responsabilidades-sobre-desconhecimento-da-greve-no-inem\/#article","isPartOf":{"@id":"https:\/\/portaltela.pt\/noticias\/2026\/02\/26\/secretaria-geral-recusa-responsabilidades-sobre-desconhecimento-da-greve-no-inem\/"},"author":{"name":"Telinha","@id":"https:\/\/portaltela.pt\/#\/schema\/person\/c4278d4a6028830caff9ee44b42d32ed"},"headline":"Secret\u00e1ria-geral recusa responsabilidades sobre desconhecimento da greve no INEM","datePublished":"2026-02-26T22:32:00+00:00","mainEntityOfPage":{"@id":"https:\/\/portaltela.pt\/noticias\/2026\/02\/26\/secretaria-geral-recusa-responsabilidades-sobre-desconhecimento-da-greve-no-inem\/"},"wordCount":400,"image":{"@id":"https:\/\/portaltela.pt\/noticias\/2026\/02\/26\/secretaria-geral-recusa-responsabilidades-sobre-desconhecimento-da-greve-no-inem\/#primaryimage"},"thumbnailUrl":"https:\/\/portaltela.pt\/s.01k8rhncp4jt1\/2026\/02\/image-1963.jpg","keywords":["ACSS","greve","IGAS","investiga\u00e7\u00e3o","sa\u00fade","SNS"],"articleSection":["Not\u00edcias"],"inLanguage":"pt-PT"},{"@type":"WebPage","@id":"https:\/\/portaltela.pt\/noticias\/2026\/02\/26\/secretaria-geral-recusa-responsabilidades-sobre-desconhecimento-da-greve-no-inem\/","url":"https:\/\/portaltela.pt\/noticias\/2026\/02\/26\/secretaria-geral-recusa-responsabilidades-sobre-desconhecimento-da-greve-no-inem\/","name":"Secret\u00e1ria-geral recusa responsabilidades sobre desconhecimento da greve no INEM - Portal Tela Portugal","isPartOf":{"@id":"https:\/\/portaltela.pt\/#website"},"primaryImageOfPage":{"@id":"https:\/\/portaltela.pt\/noticias\/2026\/02\/26\/secretaria-geral-recusa-responsabilidades-sobre-desconhecimento-da-greve-no-inem\/#primaryimage"},"image":{"@id":"https:\/\/portaltela.pt\/noticias\/2026\/02\/26\/secretaria-geral-recusa-responsabilidades-sobre-desconhecimento-da-greve-no-inem\/#primaryimage"},"thumbnailUrl":"https:\/\/portaltela.pt\/s.01k8rhncp4jt1\/2026\/02\/image-1963.jpg","datePublished":"2026-02-26T22:32:00+00:00","author":{"@id":"https:\/\/portaltela.pt\/#\/schema\/person\/c4278d4a6028830caff9ee44b42d32ed"},"breadcrumb":{"@id":"https:\/\/portaltela.pt\/noticias\/2026\/02\/26\/secretaria-geral-recusa-responsabilidades-sobre-desconhecimento-da-greve-no-inem\/#breadcrumb"},"inLanguage":"pt-PT","potentialAction":[{"@type":"ReadAction","target":["https:\/\/portaltela.pt\/noticias\/2026\/02\/26\/secretaria-geral-recusa-responsabilidades-sobre-desconhecimento-da-greve-no-inem\/"]}]},{"@type":"ImageObject","inLanguage":"pt-PT","@id":"https:\/\/portaltela.pt\/noticias\/2026\/02\/26\/secretaria-geral-recusa-responsabilidades-sobre-desconhecimento-da-greve-no-inem\/#primaryimage","url":"https:\/\/portaltela.pt\/s.01k8rhncp4jt1\/2026\/02\/image-1963.jpg","contentUrl":"https:\/\/portaltela.pt\/s.01k8rhncp4jt1\/2026\/02\/image-1963.jpg","width":796,"height":448,"caption":"Minist\u00e9rio da Sa\u00fade rejeita culpa de n\u00e3o ter sido informado da greve do INEM"},{"@type":"BreadcrumbList","@id":"https:\/\/portaltela.pt\/noticias\/2026\/02\/26\/secretaria-geral-recusa-responsabilidades-sobre-desconhecimento-da-greve-no-inem\/#breadcrumb","itemListElement":[{"@type":"ListItem","position":1,"name":"In\u00edcio","item":"https:\/\/portaltela.pt\/"},{"@type":"ListItem","position":2,"name":"Secret\u00e1ria-geral recusa responsabilidades sobre desconhecimento da greve no INEM"}]},{"@type":"WebSite","@id":"https:\/\/portaltela.pt\/#website","url":"https:\/\/portaltela.pt\/","name":"Portal Tela Portugal","description":"","potentialAction":[{"@type":"SearchAction","target":{"@type":"EntryPoint","urlTemplate":"https:\/\/portaltela.pt\/?s={search_term_string}"},"query-input":{"@type":"PropertyValueSpecification","valueRequired":true,"valueName":"search_term_string"}}],"inLanguage":"pt-PT"},{"@type":"Person","@id":"https:\/\/portaltela.pt\/#\/schema\/person\/c4278d4a6028830caff9ee44b42d32ed","name":"Telinha","image":{"@type":"ImageObject","inLanguage":"pt-PT","@id":"https:\/\/portaltela.pt\/s.01k8rhncp4jt1\/2025\/11\/talking-bot-125x125.png","url":"https:\/\/portaltela.pt\/s.01k8rhncp4jt1\/2025\/11\/talking-bot-125x125.png","contentUrl":"https:\/\/portaltela.pt\/s.01k8rhncp4jt1\/2025\/11\/talking-bot-125x125.png","caption":"Telinha"},"sameAs":["https:\/\/portaltela.pt\/"],"url":"https:\/\/portaltela.pt\/por\/367410592786\/"}]}},"_links":{"self":[{"href":"https:\/\/portaltela.pt\/api\/wp\/v2\/posts\/390032","targetHints":{"allow":["GET"]}}],"collection":[{"href":"https:\/\/portaltela.pt\/api\/wp\/v2\/posts"}],"about":[{"href":"https:\/\/portaltela.pt\/api\/wp\/v2\/types\/post"}],"author":[{"embeddable":true,"href":"https:\/\/portaltela.pt\/api\/wp\/v2\/users\/2"}],"replies":[{"embeddable":true,"href":"https:\/\/portaltela.pt\/api\/wp\/v2\/comments?post=390032"}],"version-history":[{"count":0,"href":"https:\/\/portaltela.pt\/api\/wp\/v2\/posts\/390032\/revisions"}],"wp:featuredmedia":[{"embeddable":true,"href":"https:\/\/portaltela.pt\/api\/wp\/v2\/media\/390040"}],"wp:attachment":[{"href":"https:\/\/portaltela.pt\/api\/wp\/v2\/media?parent=390032"}],"wp:term":[{"taxonomy":"category","embeddable":true,"href":"https:\/\/portaltela.pt\/api\/wp\/v2\/categories?post=390032"},{"taxonomy":"post_tag","embeddable":true,"href":"https:\/\/portaltela.pt\/api\/wp\/v2\/tags?post=390032"}],"curies":[{"name":"wp","href":"https:\/\/api.w.org\/{rel}","templated":true}]}}