{"id":390031,"date":"2026-02-26T19:42:00","date_gmt":"2026-02-26T22:42:00","guid":{"rendered":"https:\/\/portaltela.pt\/noticias\/2026\/02\/26\/neymar-estreia-se-a-marcar-em-2026-e-danca-junto-a-bandeirola-de-canto\/"},"modified":"2026-02-26T19:42:00","modified_gmt":"2026-02-26T22:42:00","slug":"neymar-estreia-se-a-marcar-em-2026-e-danca-junto-a-bandeirola-de-canto","status":"publish","type":"post","link":"https:\/\/portaltela.pt\/desporto\/futebol\/2026\/02\/26\/neymar-estreia-se-a-marcar-em-2026-e-danca-junto-a-bandeirola-de-canto\/","title":{"rendered":"Neymar estreia-se a marcar em 2026 e dan\u00e7a junto \u00e0 bandeirola de canto"},"content":{"rendered":"<p>Neymar inaugurou o marcador em 2026 ao abrir o placar na partida Santos-Vasco da Gama, a 4.\u00aa jornada do Brasileir\u00e3o, disputada nesta quinta-feira. O encontro ocorreu em casa do Santos, no \u00e2mbito da competi\u00e7\u00e3o nacional.<\/p>\n<p>O brasileiro celebrou de forma firme, mandando calar os adeptos advers\u00e1rios ap\u00f3s o golo. O lance destacou-se pela intensidade do festejo, sem que houvesse indica\u00e7\u00e3o de incidentes relevantes.<\/p>\n<p>Na ocasi\u00e3o, Neymar demonstrou tamb\u00e9m uma celebra\u00e7\u00e3o junto \u00e0 bandeirola de canto, reminiscente de a\u00e7\u00f5es de Vin\u00edcius Jr. em jogos da Liga dos Campe\u00f5es, segundo o relato de quem acompanhou a partida.<\/p>\n","protected":false},"excerpt":{"rendered":"<ul>\n<li>Neymar estreou-se em 2026 a marcar, ao abrir o marcador no Santos diante do Vasco da Gama, na 4.\u00aa jornada do Brasileir\u00e3o.<\/li>\n<li>Na celebra\u00e7\u00e3o, o internacional brasileiro mandou calar os adeptos advers\u00e1rios.<\/li>\n<li>Neymar dan\u00e7ou junto \u00e0 bandeirola de canto, \u00e0 semelhan\u00e7a do que Vin\u00edcius J\u00fanior fez nos jogos contra o Benfica.<\/li>\n<li>O golo ocorreu durante a partida entre Santos e Vasco da Gama.<\/li>\n<li>A jogada fica marcada pela compara\u00e7\u00e3o da celebra\u00e7\u00e3o com as realizadas por Vin\u00edcius J\u00fanior na Liga dos Campe\u00f5es.<\/li>\n<\/ul>\n","protected":false},"author":2,"featured_media":390037,"comment_status":"closed","ping_status":"closed","sticky":false,"template":"","format":"standard","meta":{"footnotes":""},"categories":[21,24],"tags":[89,32,3552,2556],"class_list":["post-390031","post","type-post","status-publish","format-standard","has-post-thumbnail","hentry","category-desporto","category-futebol","tag-brasileirao","tag-futebol","tag-neymar","tag-santos"],"yoast_head":"<!-- This site is optimized with the Yoast SEO plugin v27.2 - https:\/\/yoast.com\/product\/yoast-seo-wordpress\/ -->\n<title>Neymar estreia-se a marcar em 2026 e dan\u00e7a junto \u00e0 bandeirola de canto - Portal Tela Portugal<\/title>\n<meta name=\"robots\" content=\"index, follow, max-snippet:-1, max-image-preview:large, max-video-preview:-1\" \/>\n<meta property=\"og:locale\" content=\"pt_PT\" \/>\n<meta property=\"og:type\" content=\"article\" \/>\n<meta property=\"og:title\" content=\"Neymar estreia-se a marcar em 2026 e dan\u00e7a junto \u00e0 bandeirola de canto - Portal Tela Portugal\" \/>\n<meta property=\"og:description\" content=\"Neymar estreou-se em 2026 a marcar, ao abrir o marcador no Santos diante do Vasco da Gama, na 4.\u00aa jornada do Brasileir\u00e3o. Na celebra\u00e7\u00e3o, o internacional brasileiro mandou calar os adeptos advers\u00e1rios. Neymar dan\u00e7ou junto \u00e0 bandeirola de canto, \u00e0 semelhan\u00e7a do que Vin\u00edcius J\u00fanior fez nos jogos contra o Benfica. O golo ocorreu durante a partida entre Santos e Vasco da Gama. A jogada fica marcada pela compara\u00e7\u00e3o da celebra\u00e7\u00e3o com as realizadas por Vin\u00edcius J\u00fanior na Liga dos Campe\u00f5es.\" \/>\n<meta property=\"og:url\" content=\"https:\/\/portaltela.pt\/noticias\/2026\/02\/26\/neymar-estreia-se-a-marcar-em-2026-e-danca-junto-a-bandeirola-de-canto\/\" \/>\n<meta property=\"og:site_name\" content=\"Portal Tela Portugal\" \/>\n<meta property=\"article:published_time\" content=\"2026-02-26T22:42:00+00:00\" \/>\n<meta name=\"author\" content=\"Telinha\" \/>\n<meta name=\"twitter:card\" content=\"summary_large_image\" \/>\n<meta name=\"twitter:label1\" content=\"Escrito por\" \/>\n\t<meta name=\"twitter:data1\" content=\"Telinha\" \/>\n\t<meta name=\"twitter:label2\" content=\"Tempo estimado de leitura\" \/>\n\t<meta name=\"twitter:data2\" content=\"1 minuto\" \/>\n<script type=\"application\/ld+json\" class=\"yoast-schema-graph\">{\"@context\":\"https:\/\/schema.org\",\"@graph\":[{\"@type\":\"Article\",\"@id\":\"https:\/\/portaltela.pt\/noticias\/2026\/02\/26\/neymar-estreia-se-a-marcar-em-2026-e-danca-junto-a-bandeirola-de-canto\/#article\",\"isPartOf\":{\"@id\":\"https:\/\/portaltela.pt\/noticias\/2026\/02\/26\/neymar-estreia-se-a-marcar-em-2026-e-danca-junto-a-bandeirola-de-canto\/\"},\"author\":{\"name\":\"Telinha\",\"@id\":\"https:\/\/portaltela.pt\/#\/schema\/person\/c4278d4a6028830caff9ee44b42d32ed\"},\"headline\":\"Neymar estreia-se a marcar em 2026 e dan\u00e7a junto \u00e0 bandeirola de canto\",\"datePublished\":\"2026-02-26T22:42:00+00:00\",\"mainEntityOfPage\":{\"@id\":\"https:\/\/portaltela.pt\/noticias\/2026\/02\/26\/neymar-estreia-se-a-marcar-em-2026-e-danca-junto-a-bandeirola-de-canto\/\"},\"wordCount\":115,\"image\":{\"@id\":\"https:\/\/portaltela.pt\/noticias\/2026\/02\/26\/neymar-estreia-se-a-marcar-em-2026-e-danca-junto-a-bandeirola-de-canto\/#primaryimage\"},\"thumbnailUrl\":\"https:\/\/portaltela.pt\/s.01k8rhncp4jt1\/2026\/02\/img_1200x721uu2026-02-26-22-44-04-2423875.jpg\",\"keywords\":[\"brasileir\u00e3o\",\"futebol\",\"Neymar\",\"Santos\"],\"articleSection\":[\"Desporto\",\"Futebol\"],\"inLanguage\":\"pt-PT\"},{\"@type\":\"WebPage\",\"@id\":\"https:\/\/portaltela.pt\/noticias\/2026\/02\/26\/neymar-estreia-se-a-marcar-em-2026-e-danca-junto-a-bandeirola-de-canto\/\",\"url\":\"https:\/\/portaltela.pt\/noticias\/2026\/02\/26\/neymar-estreia-se-a-marcar-em-2026-e-danca-junto-a-bandeirola-de-canto\/\",\"name\":\"Neymar estreia-se a marcar em 2026 e dan\u00e7a junto \u00e0 bandeirola de canto - Portal Tela Portugal\",\"isPartOf\":{\"@id\":\"https:\/\/portaltela.pt\/#website\"},\"primaryImageOfPage\":{\"@id\":\"https:\/\/portaltela.pt\/noticias\/2026\/02\/26\/neymar-estreia-se-a-marcar-em-2026-e-danca-junto-a-bandeirola-de-canto\/#primaryimage\"},\"image\":{\"@id\":\"https:\/\/portaltela.pt\/noticias\/2026\/02\/26\/neymar-estreia-se-a-marcar-em-2026-e-danca-junto-a-bandeirola-de-canto\/#primaryimage\"},\"thumbnailUrl\":\"https:\/\/portaltela.pt\/s.01k8rhncp4jt1\/2026\/02\/img_1200x721uu2026-02-26-22-44-04-2423875.jpg\",\"datePublished\":\"2026-02-26T22:42:00+00:00\",\"author\":{\"@id\":\"https:\/\/portaltela.pt\/#\/schema\/person\/c4278d4a6028830caff9ee44b42d32ed\"},\"breadcrumb\":{\"@id\":\"https:\/\/portaltela.pt\/noticias\/2026\/02\/26\/neymar-estreia-se-a-marcar-em-2026-e-danca-junto-a-bandeirola-de-canto\/#breadcrumb\"},\"inLanguage\":\"pt-PT\",\"potentialAction\":[{\"@type\":\"ReadAction\",\"target\":[\"https:\/\/portaltela.pt\/noticias\/2026\/02\/26\/neymar-estreia-se-a-marcar-em-2026-e-danca-junto-a-bandeirola-de-canto\/\"]}]},{\"@type\":\"ImageObject\",\"inLanguage\":\"pt-PT\",\"@id\":\"https:\/\/portaltela.pt\/noticias\/2026\/02\/26\/neymar-estreia-se-a-marcar-em-2026-e-danca-junto-a-bandeirola-de-canto\/#primaryimage\",\"url\":\"https:\/\/portaltela.pt\/s.01k8rhncp4jt1\/2026\/02\/img_1200x721uu2026-02-26-22-44-04-2423875.jpg\",\"contentUrl\":\"https:\/\/portaltela.pt\/s.01k8rhncp4jt1\/2026\/02\/img_1200x721uu2026-02-26-22-44-04-2423875.jpg\",\"width\":796,\"height\":448,\"caption\":\"Neymar estreia-se a marcar em 2026 e faz dan\u00e7a junto \u00e0 bandeirola de canto... como Vin\u00edcius\"},{\"@type\":\"BreadcrumbList\",\"@id\":\"https:\/\/portaltela.pt\/noticias\/2026\/02\/26\/neymar-estreia-se-a-marcar-em-2026-e-danca-junto-a-bandeirola-de-canto\/#breadcrumb\",\"itemListElement\":[{\"@type\":\"ListItem\",\"position\":1,\"name\":\"In\u00edcio\",\"item\":\"https:\/\/portaltela.pt\/\"},{\"@type\":\"ListItem\",\"position\":2,\"name\":\"Neymar estreia-se a marcar em 2026 e dan\u00e7a junto \u00e0 bandeirola de canto\"}]},{\"@type\":\"WebSite\",\"@id\":\"https:\/\/portaltela.pt\/#website\",\"url\":\"https:\/\/portaltela.pt\/\",\"name\":\"Portal Tela Portugal\",\"description\":\"\",\"potentialAction\":[{\"@type\":\"SearchAction\",\"target\":{\"@type\":\"EntryPoint\",\"urlTemplate\":\"https:\/\/portaltela.pt\/?s={search_term_string}\"},\"query-input\":{\"@type\":\"PropertyValueSpecification\",\"valueRequired\":true,\"valueName\":\"search_term_string\"}}],\"inLanguage\":\"pt-PT\"},{\"@type\":\"Person\",\"@id\":\"https:\/\/portaltela.pt\/#\/schema\/person\/c4278d4a6028830caff9ee44b42d32ed\",\"name\":\"Telinha\",\"image\":{\"@type\":\"ImageObject\",\"inLanguage\":\"pt-PT\",\"@id\":\"https:\/\/portaltela.pt\/s.01k8rhncp4jt1\/2025\/11\/talking-bot-125x125.png\",\"url\":\"https:\/\/portaltela.pt\/s.01k8rhncp4jt1\/2025\/11\/talking-bot-125x125.png\",\"contentUrl\":\"https:\/\/portaltela.pt\/s.01k8rhncp4jt1\/2025\/11\/talking-bot-125x125.png\",\"caption\":\"Telinha\"},\"sameAs\":[\"https:\/\/portaltela.pt\/\"],\"url\":\"https:\/\/portaltela.pt\/por\/367410592786\/\"}]}<\/script>\n<!-- \/ Yoast SEO plugin. -->","yoast_head_json":{"title":"Neymar estreia-se a marcar em 2026 e dan\u00e7a junto \u00e0 bandeirola de canto - Portal Tela Portugal","robots":{"index":"index","follow":"follow","max-snippet":"max-snippet:-1","max-image-preview":"max-image-preview:large","max-video-preview":"max-video-preview:-1"},"og_locale":"pt_PT","og_type":"article","og_title":"Neymar estreia-se a marcar em 2026 e dan\u00e7a junto \u00e0 bandeirola de canto - Portal Tela Portugal","og_description":"Neymar estreou-se em 2026 a marcar, ao abrir o marcador no Santos diante do Vasco da Gama, na 4.\u00aa jornada do Brasileir\u00e3o. Na celebra\u00e7\u00e3o, o internacional brasileiro mandou calar os adeptos advers\u00e1rios. Neymar dan\u00e7ou junto \u00e0 bandeirola de canto, \u00e0 semelhan\u00e7a do que Vin\u00edcius J\u00fanior fez nos jogos contra o Benfica. O golo ocorreu durante a partida entre Santos e Vasco da Gama. A jogada fica marcada pela compara\u00e7\u00e3o da celebra\u00e7\u00e3o com as realizadas por Vin\u00edcius J\u00fanior na Liga dos Campe\u00f5es.","og_url":"https:\/\/portaltela.pt\/noticias\/2026\/02\/26\/neymar-estreia-se-a-marcar-em-2026-e-danca-junto-a-bandeirola-de-canto\/","og_site_name":"Portal Tela Portugal","article_published_time":"2026-02-26T22:42:00+00:00","author":"Telinha","twitter_card":"summary_large_image","twitter_misc":{"Escrito por":"Telinha","Tempo estimado de leitura":"1 minuto"},"schema":{"@context":"https:\/\/schema.org","@graph":[{"@type":"Article","@id":"https:\/\/portaltela.pt\/noticias\/2026\/02\/26\/neymar-estreia-se-a-marcar-em-2026-e-danca-junto-a-bandeirola-de-canto\/#article","isPartOf":{"@id":"https:\/\/portaltela.pt\/noticias\/2026\/02\/26\/neymar-estreia-se-a-marcar-em-2026-e-danca-junto-a-bandeirola-de-canto\/"},"author":{"name":"Telinha","@id":"https:\/\/portaltela.pt\/#\/schema\/person\/c4278d4a6028830caff9ee44b42d32ed"},"headline":"Neymar estreia-se a marcar em 2026 e dan\u00e7a junto \u00e0 bandeirola de canto","datePublished":"2026-02-26T22:42:00+00:00","mainEntityOfPage":{"@id":"https:\/\/portaltela.pt\/noticias\/2026\/02\/26\/neymar-estreia-se-a-marcar-em-2026-e-danca-junto-a-bandeirola-de-canto\/"},"wordCount":115,"image":{"@id":"https:\/\/portaltela.pt\/noticias\/2026\/02\/26\/neymar-estreia-se-a-marcar-em-2026-e-danca-junto-a-bandeirola-de-canto\/#primaryimage"},"thumbnailUrl":"https:\/\/portaltela.pt\/s.01k8rhncp4jt1\/2026\/02\/img_1200x721uu2026-02-26-22-44-04-2423875.jpg","keywords":["brasileir\u00e3o","futebol","Neymar","Santos"],"articleSection":["Desporto","Futebol"],"inLanguage":"pt-PT"},{"@type":"WebPage","@id":"https:\/\/portaltela.pt\/noticias\/2026\/02\/26\/neymar-estreia-se-a-marcar-em-2026-e-danca-junto-a-bandeirola-de-canto\/","url":"https:\/\/portaltela.pt\/noticias\/2026\/02\/26\/neymar-estreia-se-a-marcar-em-2026-e-danca-junto-a-bandeirola-de-canto\/","name":"Neymar estreia-se a marcar em 2026 e dan\u00e7a junto \u00e0 bandeirola de canto - Portal Tela Portugal","isPartOf":{"@id":"https:\/\/portaltela.pt\/#website"},"primaryImageOfPage":{"@id":"https:\/\/portaltela.pt\/noticias\/2026\/02\/26\/neymar-estreia-se-a-marcar-em-2026-e-danca-junto-a-bandeirola-de-canto\/#primaryimage"},"image":{"@id":"https:\/\/portaltela.pt\/noticias\/2026\/02\/26\/neymar-estreia-se-a-marcar-em-2026-e-danca-junto-a-bandeirola-de-canto\/#primaryimage"},"thumbnailUrl":"https:\/\/portaltela.pt\/s.01k8rhncp4jt1\/2026\/02\/img_1200x721uu2026-02-26-22-44-04-2423875.jpg","datePublished":"2026-02-26T22:42:00+00:00","author":{"@id":"https:\/\/portaltela.pt\/#\/schema\/person\/c4278d4a6028830caff9ee44b42d32ed"},"breadcrumb":{"@id":"https:\/\/portaltela.pt\/noticias\/2026\/02\/26\/neymar-estreia-se-a-marcar-em-2026-e-danca-junto-a-bandeirola-de-canto\/#breadcrumb"},"inLanguage":"pt-PT","potentialAction":[{"@type":"ReadAction","target":["https:\/\/portaltela.pt\/noticias\/2026\/02\/26\/neymar-estreia-se-a-marcar-em-2026-e-danca-junto-a-bandeirola-de-canto\/"]}]},{"@type":"ImageObject","inLanguage":"pt-PT","@id":"https:\/\/portaltela.pt\/noticias\/2026\/02\/26\/neymar-estreia-se-a-marcar-em-2026-e-danca-junto-a-bandeirola-de-canto\/#primaryimage","url":"https:\/\/portaltela.pt\/s.01k8rhncp4jt1\/2026\/02\/img_1200x721uu2026-02-26-22-44-04-2423875.jpg","contentUrl":"https:\/\/portaltela.pt\/s.01k8rhncp4jt1\/2026\/02\/img_1200x721uu2026-02-26-22-44-04-2423875.jpg","width":796,"height":448,"caption":"Neymar estreia-se a marcar em 2026 e faz dan\u00e7a junto \u00e0 bandeirola de canto... como Vin\u00edcius"},{"@type":"BreadcrumbList","@id":"https:\/\/portaltela.pt\/noticias\/2026\/02\/26\/neymar-estreia-se-a-marcar-em-2026-e-danca-junto-a-bandeirola-de-canto\/#breadcrumb","itemListElement":[{"@type":"ListItem","position":1,"name":"In\u00edcio","item":"https:\/\/portaltela.pt\/"},{"@type":"ListItem","position":2,"name":"Neymar estreia-se a marcar em 2026 e dan\u00e7a junto \u00e0 bandeirola de canto"}]},{"@type":"WebSite","@id":"https:\/\/portaltela.pt\/#website","url":"https:\/\/portaltela.pt\/","name":"Portal Tela Portugal","description":"","potentialAction":[{"@type":"SearchAction","target":{"@type":"EntryPoint","urlTemplate":"https:\/\/portaltela.pt\/?s={search_term_string}"},"query-input":{"@type":"PropertyValueSpecification","valueRequired":true,"valueName":"search_term_string"}}],"inLanguage":"pt-PT"},{"@type":"Person","@id":"https:\/\/portaltela.pt\/#\/schema\/person\/c4278d4a6028830caff9ee44b42d32ed","name":"Telinha","image":{"@type":"ImageObject","inLanguage":"pt-PT","@id":"https:\/\/portaltela.pt\/s.01k8rhncp4jt1\/2025\/11\/talking-bot-125x125.png","url":"https:\/\/portaltela.pt\/s.01k8rhncp4jt1\/2025\/11\/talking-bot-125x125.png","contentUrl":"https:\/\/portaltela.pt\/s.01k8rhncp4jt1\/2025\/11\/talking-bot-125x125.png","caption":"Telinha"},"sameAs":["https:\/\/portaltela.pt\/"],"url":"https:\/\/portaltela.pt\/por\/367410592786\/"}]}},"_links":{"self":[{"href":"https:\/\/portaltela.pt\/api\/wp\/v2\/posts\/390031","targetHints":{"allow":["GET"]}}],"collection":[{"href":"https:\/\/portaltela.pt\/api\/wp\/v2\/posts"}],"about":[{"href":"https:\/\/portaltela.pt\/api\/wp\/v2\/types\/post"}],"author":[{"embeddable":true,"href":"https:\/\/portaltela.pt\/api\/wp\/v2\/users\/2"}],"replies":[{"embeddable":true,"href":"https:\/\/portaltela.pt\/api\/wp\/v2\/comments?post=390031"}],"version-history":[{"count":0,"href":"https:\/\/portaltela.pt\/api\/wp\/v2\/posts\/390031\/revisions"}],"wp:featuredmedia":[{"embeddable":true,"href":"https:\/\/portaltela.pt\/api\/wp\/v2\/media\/390037"}],"wp:attachment":[{"href":"https:\/\/portaltela.pt\/api\/wp\/v2\/media?parent=390031"}],"wp:term":[{"taxonomy":"category","embeddable":true,"href":"https:\/\/portaltela.pt\/api\/wp\/v2\/categories?post=390031"},{"taxonomy":"post_tag","embeddable":true,"href":"https:\/\/portaltela.pt\/api\/wp\/v2\/tags?post=390031"}],"curies":[{"name":"wp","href":"https:\/\/api.w.org\/{rel}","templated":true}]}}