{"id":390025,"date":"2026-02-26T19:24:00","date_gmt":"2026-02-26T22:24:00","guid":{"rendered":"https:\/\/portaltela.pt\/noticias\/2026\/02\/26\/secretaria-geral-recusa-responsabilidades-pela-pouca-informacao-sobre-a-greve-no-inem\/"},"modified":"2026-02-26T19:24:00","modified_gmt":"2026-02-26T22:24:00","slug":"secretaria-geral-recusa-responsabilidades-pela-pouca-informacao-sobre-a-greve-no-inem","status":"publish","type":"post","link":"https:\/\/portaltela.pt\/noticias\/politica\/2026\/02\/26\/secretaria-geral-recusa-responsabilidades-pela-pouca-informacao-sobre-a-greve-no-inem\/","title":{"rendered":"Secret\u00e1ria-geral recusa responsabilidades pela pouca informa\u00e7\u00e3o sobre a greve no INEM"},"content":{"rendered":"<p>Entre 30 de Outubro e 4 de Novembro de 2024, t\u00e9cnicos de emerg\u00eancia pr\u00e9-hospitalar estiveram em greve em Portugal. Registaram-se 12 mortes, tr\u00eas das quais associadas a atrasos no socorro, segundo a Inspec\u00e7\u00e3o-Geral das Actividades em Sa\u00fade (IGAS). A Comiss\u00e3o Parlamentar de Inqu\u00e9rito ao INEM acompanha o caso.<\/p>\n<p>A secret\u00e1ria-geral do Minist\u00e9rio da Sa\u00fade, Ana Margarida de Brito Pedroso, afirmou que n\u00e3o tem responsabilidade na falta de conhecimento do INEM sobre as greves de 2024. Disse que a informa\u00e7\u00e3o chegou \u00e0 Direc\u00e7\u00e3o-executiva do SNS e \u00e0 Administra\u00e7\u00e3o Central do Sistema de Sa\u00fade, sem abrir margem a culpas pr\u00f3prias.<\/p>\n<p>A respons\u00e1vel sublinhou que a secretaria-geral n\u00e3o divulga pr\u00e9-avisos de greve, apenas recolhe dados estat\u00edsticos de aus\u00eancias por greve. A fun\u00e7\u00e3o nessa \u00e1rea fica restrita a registar informa\u00e7\u00f5es de recursos humanos, afirmou aos deputados da comiss\u00e3o.<\/p>\n<p>Segundo o relat\u00f3rio da IGAS, o INEM n\u00e3o foi informado atempadamente dos pr\u00e9-avisos das greves gerais de 31 de Outubro a 4 de Novembro, apesar de terem sido recebidos pelo Minist\u00e9rio da Sa\u00fade. A paralisa\u00e7\u00e3o de 4 de Novembro coincidiu com outra greve de trabalho extraordin\u00e1rio.<\/p>\n<p>A parlamentar questionou se houve falha de transmiss\u00e3o de pr\u00e9-avisos, e a secret\u00e1ria-geral respondeu que n\u00e3o existe um terceiro interveniente com obriga\u00e7\u00e3o legal de comunicar o pr\u00e9-aviso. Reiterou que apenas pode agir dentro da lei vigente.<\/p>\n<p>Sobre a greve ser considerada p\u00fablica, a respons\u00e1vel disse que o INEM atuou perante tr\u00eas greves simult\u00e2neas, abrangendo duas. Garantiu que a informa\u00e7\u00e3o foi encaminhada ao ACSS e \u00e0 Dire\u00e7\u00e3o Executiva do SNS, considerando o INEM parte do SNS.<\/p>\n<p>Ao falar sobre servi\u00e7os m\u00ednimos, Ana Margarida de Brito Pedroso referiu que um parecer da ACSS indica convoca\u00e7\u00e3o regular da greve. Caso contr\u00e1rio, a institui\u00e7\u00e3o visada seria respons\u00e1vel por acautelar servi\u00e7os m\u00ednimos.<\/p>\n<p>Durante o per\u00edodo de greve, o INEM enfrentou dificuldades que contribu\u00edram para atrasos no socorro, segundo a avalia\u00e7\u00e3o da IGAS. A comiss\u00e3o de inqu\u00e9rito fiscaliza responsabilidades pol\u00edticas, t\u00e9cnicas e financeiras relacionadas com a atua\u00e7\u00e3o do INEM e o que ocorreu no final de Outubro de 2024.<\/p>\n","protected":false},"excerpt":{"rendered":"<ul>\n<li>Durante as greves dos t\u00e9cnicos de emerg\u00eancia pr\u00e9-hospitalar, entre 30 de outubro e 4 de novembro de 2024, foram registadas 12 mortes, tr\u00eas associadas a atrasos no socorro.<\/li>\n<li>A secret\u00e1ria-geral do Minist\u00e9rio da Sa\u00fade, Ana Margarida de Brito Pedroso, afirmou que n\u00e3o \u00e9 respons\u00e1vel pelo conhecimento de pr\u00e9-avisos de greve pelo INEM e que a informa\u00e7\u00e3o chegou \u00e0 Dire\u00e7\u00e3o-executiva do SNS e \u00e0 Administra\u00e7\u00e3o Central do Sistema de Sa\u00fade.<\/li>\n<li>A Inspe\u00e7\u00e3o-Geral das Atividades em Sa\u00fade (IGAS) concluiu que o INEM n\u00e3o foi informado dos pr\u00e9-avisos das greves entre 31 de outubro e 4 de novembro, apesar de terem sido enviados pelos sindicatos ao Minist\u00e9rio da Sa\u00fade.<\/li>\n<li>A respons\u00e1vel disse que n\u00e3o h\u00e1 interveniente externo com obriga\u00e7\u00e3o legal de transmitir o pr\u00e9-aviso e que a greve era p\u00fablica; o INEM tinha de ter conhecimento direto e pr\u00f3prio.<\/li>\n<li>A Comiss\u00e3o Parlamentar de Inqu\u00e9rito (CPI) pretende apurar responsabilidades pol\u00edticas, t\u00e9cnicas e financeiras relativas ao INEM e \u00e0 atua\u00e7\u00e3o durante a greve final de outubro e in\u00edcio de novembro de 2024.<\/li>\n<\/ul>\n","protected":false},"author":2,"featured_media":390027,"comment_status":"closed","ping_status":"closed","sticky":false,"template":"","format":"standard","meta":{"footnotes":""},"categories":[1,5],"tags":[168,1164,2603,1922,172,5308],"class_list":["post-390025","post","type-post","status-publish","format-standard","has-post-thumbnail","hentry","category-noticias","category-politica","tag-administracao-publica","tag-greve","tag-igas","tag-inem","tag-saude","tag-servicos-minimos"],"yoast_head":"<!-- This site is optimized with the Yoast SEO plugin v27.2 - https:\/\/yoast.com\/product\/yoast-seo-wordpress\/ -->\n<title>Secret\u00e1ria-geral recusa responsabilidades pela pouca informa\u00e7\u00e3o sobre a greve no INEM - Portal Tela Portugal<\/title>\n<meta name=\"robots\" content=\"index, follow, max-snippet:-1, max-image-preview:large, max-video-preview:-1\" \/>\n<meta property=\"og:locale\" content=\"pt_PT\" \/>\n<meta property=\"og:type\" content=\"article\" \/>\n<meta property=\"og:title\" content=\"Secret\u00e1ria-geral recusa responsabilidades pela pouca informa\u00e7\u00e3o sobre a greve no INEM - Portal Tela Portugal\" \/>\n<meta property=\"og:description\" content=\"Durante as greves dos t\u00e9cnicos de emerg\u00eancia pr\u00e9-hospitalar, entre 30 de outubro e 4 de novembro de 2024, foram registadas 12 mortes, tr\u00eas associadas a atrasos no socorro. A secret\u00e1ria-geral do Minist\u00e9rio da Sa\u00fade, Ana Margarida de Brito Pedroso, afirmou que n\u00e3o \u00e9 respons\u00e1vel pelo conhecimento de pr\u00e9-avisos de greve pelo INEM e que a informa\u00e7\u00e3o chegou \u00e0 Dire\u00e7\u00e3o-executiva do SNS e \u00e0 Administra\u00e7\u00e3o Central do Sistema de Sa\u00fade. A Inspe\u00e7\u00e3o-Geral das Atividades em Sa\u00fade (IGAS) concluiu que o INEM n\u00e3o foi informado dos pr\u00e9-avisos das greves entre 31 de outubro e 4 de novembro, apesar de terem sido enviados pelos sindicatos ao Minist\u00e9rio da Sa\u00fade. A respons\u00e1vel disse que n\u00e3o h\u00e1 interveniente externo com obriga\u00e7\u00e3o legal de transmitir o pr\u00e9-aviso e que a greve era p\u00fablica; o INEM tinha de ter conhecimento direto e pr\u00f3prio. A Comiss\u00e3o Parlamentar de Inqu\u00e9rito (CPI) pretende apurar responsabilidades pol\u00edticas, t\u00e9cnicas e financeiras relativas ao INEM e \u00e0 atua\u00e7\u00e3o durante a greve final de outubro e in\u00edcio de novembro de 2024.\" \/>\n<meta property=\"og:url\" content=\"https:\/\/portaltela.pt\/noticias\/2026\/02\/26\/secretaria-geral-recusa-responsabilidades-pela-pouca-informacao-sobre-a-greve-no-inem\/\" \/>\n<meta property=\"og:site_name\" content=\"Portal Tela Portugal\" \/>\n<meta property=\"article:published_time\" content=\"2026-02-26T22:24:00+00:00\" \/>\n<meta name=\"author\" content=\"Telinha\" \/>\n<meta name=\"twitter:card\" content=\"summary_large_image\" \/>\n<meta name=\"twitter:label1\" content=\"Escrito por\" \/>\n\t<meta name=\"twitter:data1\" content=\"Telinha\" \/>\n\t<meta name=\"twitter:label2\" content=\"Tempo estimado de leitura\" \/>\n\t<meta name=\"twitter:data2\" content=\"2 minutos\" \/>\n<script type=\"application\/ld+json\" class=\"yoast-schema-graph\">{\"@context\":\"https:\/\/schema.org\",\"@graph\":[{\"@type\":\"Article\",\"@id\":\"https:\/\/portaltela.pt\/noticias\/2026\/02\/26\/secretaria-geral-recusa-responsabilidades-pela-pouca-informacao-sobre-a-greve-no-inem\/#article\",\"isPartOf\":{\"@id\":\"https:\/\/portaltela.pt\/noticias\/2026\/02\/26\/secretaria-geral-recusa-responsabilidades-pela-pouca-informacao-sobre-a-greve-no-inem\/\"},\"author\":{\"name\":\"Telinha\",\"@id\":\"https:\/\/portaltela.pt\/#\/schema\/person\/c4278d4a6028830caff9ee44b42d32ed\"},\"headline\":\"Secret\u00e1ria-geral recusa responsabilidades pela pouca informa\u00e7\u00e3o sobre a greve no INEM\",\"datePublished\":\"2026-02-26T22:24:00+00:00\",\"mainEntityOfPage\":{\"@id\":\"https:\/\/portaltela.pt\/noticias\/2026\/02\/26\/secretaria-geral-recusa-responsabilidades-pela-pouca-informacao-sobre-a-greve-no-inem\/\"},\"wordCount\":394,\"image\":{\"@id\":\"https:\/\/portaltela.pt\/noticias\/2026\/02\/26\/secretaria-geral-recusa-responsabilidades-pela-pouca-informacao-sobre-a-greve-no-inem\/#primaryimage\"},\"thumbnailUrl\":\"https:\/\/portaltela.pt\/s.01k8rhncp4jt1\/2026\/02\/2070163.jpg\",\"keywords\":[\"administra\u00e7\u00e3o p\u00fablica\",\"greve\",\"IGAS\",\"INEM\",\"sa\u00fade\",\"servi\u00e7os m\u00ednimos\"],\"articleSection\":[\"Not\u00edcias\",\"Pol\u00edtica\"],\"inLanguage\":\"pt-PT\"},{\"@type\":\"WebPage\",\"@id\":\"https:\/\/portaltela.pt\/noticias\/2026\/02\/26\/secretaria-geral-recusa-responsabilidades-pela-pouca-informacao-sobre-a-greve-no-inem\/\",\"url\":\"https:\/\/portaltela.pt\/noticias\/2026\/02\/26\/secretaria-geral-recusa-responsabilidades-pela-pouca-informacao-sobre-a-greve-no-inem\/\",\"name\":\"Secret\u00e1ria-geral recusa responsabilidades pela pouca informa\u00e7\u00e3o sobre a greve no INEM - Portal Tela Portugal\",\"isPartOf\":{\"@id\":\"https:\/\/portaltela.pt\/#website\"},\"primaryImageOfPage\":{\"@id\":\"https:\/\/portaltela.pt\/noticias\/2026\/02\/26\/secretaria-geral-recusa-responsabilidades-pela-pouca-informacao-sobre-a-greve-no-inem\/#primaryimage\"},\"image\":{\"@id\":\"https:\/\/portaltela.pt\/noticias\/2026\/02\/26\/secretaria-geral-recusa-responsabilidades-pela-pouca-informacao-sobre-a-greve-no-inem\/#primaryimage\"},\"thumbnailUrl\":\"https:\/\/portaltela.pt\/s.01k8rhncp4jt1\/2026\/02\/2070163.jpg\",\"datePublished\":\"2026-02-26T22:24:00+00:00\",\"author\":{\"@id\":\"https:\/\/portaltela.pt\/#\/schema\/person\/c4278d4a6028830caff9ee44b42d32ed\"},\"breadcrumb\":{\"@id\":\"https:\/\/portaltela.pt\/noticias\/2026\/02\/26\/secretaria-geral-recusa-responsabilidades-pela-pouca-informacao-sobre-a-greve-no-inem\/#breadcrumb\"},\"inLanguage\":\"pt-PT\",\"potentialAction\":[{\"@type\":\"ReadAction\",\"target\":[\"https:\/\/portaltela.pt\/noticias\/2026\/02\/26\/secretaria-geral-recusa-responsabilidades-pela-pouca-informacao-sobre-a-greve-no-inem\/\"]}]},{\"@type\":\"ImageObject\",\"inLanguage\":\"pt-PT\",\"@id\":\"https:\/\/portaltela.pt\/noticias\/2026\/02\/26\/secretaria-geral-recusa-responsabilidades-pela-pouca-informacao-sobre-a-greve-no-inem\/#primaryimage\",\"url\":\"https:\/\/portaltela.pt\/s.01k8rhncp4jt1\/2026\/02\/2070163.jpg\",\"contentUrl\":\"https:\/\/portaltela.pt\/s.01k8rhncp4jt1\/2026\/02\/2070163.jpg\",\"width\":796,\"height\":448,\"caption\":\"A greve geral coincidiu com a greve ao trabalho extraordin\u00e1rio que tinha sido convocada pelo Sindicato dos T\u00e9cnicos de Emerg\u00eancia Pr\u00e9-Hospitalar\"},{\"@type\":\"BreadcrumbList\",\"@id\":\"https:\/\/portaltela.pt\/noticias\/2026\/02\/26\/secretaria-geral-recusa-responsabilidades-pela-pouca-informacao-sobre-a-greve-no-inem\/#breadcrumb\",\"itemListElement\":[{\"@type\":\"ListItem\",\"position\":1,\"name\":\"In\u00edcio\",\"item\":\"https:\/\/portaltela.pt\/\"},{\"@type\":\"ListItem\",\"position\":2,\"name\":\"Secret\u00e1ria-geral recusa responsabilidades pela pouca informa\u00e7\u00e3o sobre a greve no INEM\"}]},{\"@type\":\"WebSite\",\"@id\":\"https:\/\/portaltela.pt\/#website\",\"url\":\"https:\/\/portaltela.pt\/\",\"name\":\"Portal Tela Portugal\",\"description\":\"\",\"potentialAction\":[{\"@type\":\"SearchAction\",\"target\":{\"@type\":\"EntryPoint\",\"urlTemplate\":\"https:\/\/portaltela.pt\/?s={search_term_string}\"},\"query-input\":{\"@type\":\"PropertyValueSpecification\",\"valueRequired\":true,\"valueName\":\"search_term_string\"}}],\"inLanguage\":\"pt-PT\"},{\"@type\":\"Person\",\"@id\":\"https:\/\/portaltela.pt\/#\/schema\/person\/c4278d4a6028830caff9ee44b42d32ed\",\"name\":\"Telinha\",\"image\":{\"@type\":\"ImageObject\",\"inLanguage\":\"pt-PT\",\"@id\":\"https:\/\/portaltela.pt\/s.01k8rhncp4jt1\/2025\/11\/talking-bot-125x125.png\",\"url\":\"https:\/\/portaltela.pt\/s.01k8rhncp4jt1\/2025\/11\/talking-bot-125x125.png\",\"contentUrl\":\"https:\/\/portaltela.pt\/s.01k8rhncp4jt1\/2025\/11\/talking-bot-125x125.png\",\"caption\":\"Telinha\"},\"sameAs\":[\"https:\/\/portaltela.pt\/\"],\"url\":\"https:\/\/portaltela.pt\/por\/367410592786\/\"}]}<\/script>\n<!-- \/ Yoast SEO plugin. -->","yoast_head_json":{"title":"Secret\u00e1ria-geral recusa responsabilidades pela pouca informa\u00e7\u00e3o sobre a greve no INEM - Portal Tela Portugal","robots":{"index":"index","follow":"follow","max-snippet":"max-snippet:-1","max-image-preview":"max-image-preview:large","max-video-preview":"max-video-preview:-1"},"og_locale":"pt_PT","og_type":"article","og_title":"Secret\u00e1ria-geral recusa responsabilidades pela pouca informa\u00e7\u00e3o sobre a greve no INEM - Portal Tela Portugal","og_description":"Durante as greves dos t\u00e9cnicos de emerg\u00eancia pr\u00e9-hospitalar, entre 30 de outubro e 4 de novembro de 2024, foram registadas 12 mortes, tr\u00eas associadas a atrasos no socorro. A secret\u00e1ria-geral do Minist\u00e9rio da Sa\u00fade, Ana Margarida de Brito Pedroso, afirmou que n\u00e3o \u00e9 respons\u00e1vel pelo conhecimento de pr\u00e9-avisos de greve pelo INEM e que a informa\u00e7\u00e3o chegou \u00e0 Dire\u00e7\u00e3o-executiva do SNS e \u00e0 Administra\u00e7\u00e3o Central do Sistema de Sa\u00fade. A Inspe\u00e7\u00e3o-Geral das Atividades em Sa\u00fade (IGAS) concluiu que o INEM n\u00e3o foi informado dos pr\u00e9-avisos das greves entre 31 de outubro e 4 de novembro, apesar de terem sido enviados pelos sindicatos ao Minist\u00e9rio da Sa\u00fade. A respons\u00e1vel disse que n\u00e3o h\u00e1 interveniente externo com obriga\u00e7\u00e3o legal de transmitir o pr\u00e9-aviso e que a greve era p\u00fablica; o INEM tinha de ter conhecimento direto e pr\u00f3prio. A Comiss\u00e3o Parlamentar de Inqu\u00e9rito (CPI) pretende apurar responsabilidades pol\u00edticas, t\u00e9cnicas e financeiras relativas ao INEM e \u00e0 atua\u00e7\u00e3o durante a greve final de outubro e in\u00edcio de novembro de 2024.","og_url":"https:\/\/portaltela.pt\/noticias\/2026\/02\/26\/secretaria-geral-recusa-responsabilidades-pela-pouca-informacao-sobre-a-greve-no-inem\/","og_site_name":"Portal Tela Portugal","article_published_time":"2026-02-26T22:24:00+00:00","author":"Telinha","twitter_card":"summary_large_image","twitter_misc":{"Escrito por":"Telinha","Tempo estimado de leitura":"2 minutos"},"schema":{"@context":"https:\/\/schema.org","@graph":[{"@type":"Article","@id":"https:\/\/portaltela.pt\/noticias\/2026\/02\/26\/secretaria-geral-recusa-responsabilidades-pela-pouca-informacao-sobre-a-greve-no-inem\/#article","isPartOf":{"@id":"https:\/\/portaltela.pt\/noticias\/2026\/02\/26\/secretaria-geral-recusa-responsabilidades-pela-pouca-informacao-sobre-a-greve-no-inem\/"},"author":{"name":"Telinha","@id":"https:\/\/portaltela.pt\/#\/schema\/person\/c4278d4a6028830caff9ee44b42d32ed"},"headline":"Secret\u00e1ria-geral recusa responsabilidades pela pouca informa\u00e7\u00e3o sobre a greve no INEM","datePublished":"2026-02-26T22:24:00+00:00","mainEntityOfPage":{"@id":"https:\/\/portaltela.pt\/noticias\/2026\/02\/26\/secretaria-geral-recusa-responsabilidades-pela-pouca-informacao-sobre-a-greve-no-inem\/"},"wordCount":394,"image":{"@id":"https:\/\/portaltela.pt\/noticias\/2026\/02\/26\/secretaria-geral-recusa-responsabilidades-pela-pouca-informacao-sobre-a-greve-no-inem\/#primaryimage"},"thumbnailUrl":"https:\/\/portaltela.pt\/s.01k8rhncp4jt1\/2026\/02\/2070163.jpg","keywords":["administra\u00e7\u00e3o p\u00fablica","greve","IGAS","INEM","sa\u00fade","servi\u00e7os m\u00ednimos"],"articleSection":["Not\u00edcias","Pol\u00edtica"],"inLanguage":"pt-PT"},{"@type":"WebPage","@id":"https:\/\/portaltela.pt\/noticias\/2026\/02\/26\/secretaria-geral-recusa-responsabilidades-pela-pouca-informacao-sobre-a-greve-no-inem\/","url":"https:\/\/portaltela.pt\/noticias\/2026\/02\/26\/secretaria-geral-recusa-responsabilidades-pela-pouca-informacao-sobre-a-greve-no-inem\/","name":"Secret\u00e1ria-geral recusa responsabilidades pela pouca informa\u00e7\u00e3o sobre a greve no INEM - Portal Tela Portugal","isPartOf":{"@id":"https:\/\/portaltela.pt\/#website"},"primaryImageOfPage":{"@id":"https:\/\/portaltela.pt\/noticias\/2026\/02\/26\/secretaria-geral-recusa-responsabilidades-pela-pouca-informacao-sobre-a-greve-no-inem\/#primaryimage"},"image":{"@id":"https:\/\/portaltela.pt\/noticias\/2026\/02\/26\/secretaria-geral-recusa-responsabilidades-pela-pouca-informacao-sobre-a-greve-no-inem\/#primaryimage"},"thumbnailUrl":"https:\/\/portaltela.pt\/s.01k8rhncp4jt1\/2026\/02\/2070163.jpg","datePublished":"2026-02-26T22:24:00+00:00","author":{"@id":"https:\/\/portaltela.pt\/#\/schema\/person\/c4278d4a6028830caff9ee44b42d32ed"},"breadcrumb":{"@id":"https:\/\/portaltela.pt\/noticias\/2026\/02\/26\/secretaria-geral-recusa-responsabilidades-pela-pouca-informacao-sobre-a-greve-no-inem\/#breadcrumb"},"inLanguage":"pt-PT","potentialAction":[{"@type":"ReadAction","target":["https:\/\/portaltela.pt\/noticias\/2026\/02\/26\/secretaria-geral-recusa-responsabilidades-pela-pouca-informacao-sobre-a-greve-no-inem\/"]}]},{"@type":"ImageObject","inLanguage":"pt-PT","@id":"https:\/\/portaltela.pt\/noticias\/2026\/02\/26\/secretaria-geral-recusa-responsabilidades-pela-pouca-informacao-sobre-a-greve-no-inem\/#primaryimage","url":"https:\/\/portaltela.pt\/s.01k8rhncp4jt1\/2026\/02\/2070163.jpg","contentUrl":"https:\/\/portaltela.pt\/s.01k8rhncp4jt1\/2026\/02\/2070163.jpg","width":796,"height":448,"caption":"A greve geral coincidiu com a greve ao trabalho extraordin\u00e1rio que tinha sido convocada pelo Sindicato dos T\u00e9cnicos de Emerg\u00eancia Pr\u00e9-Hospitalar"},{"@type":"BreadcrumbList","@id":"https:\/\/portaltela.pt\/noticias\/2026\/02\/26\/secretaria-geral-recusa-responsabilidades-pela-pouca-informacao-sobre-a-greve-no-inem\/#breadcrumb","itemListElement":[{"@type":"ListItem","position":1,"name":"In\u00edcio","item":"https:\/\/portaltela.pt\/"},{"@type":"ListItem","position":2,"name":"Secret\u00e1ria-geral recusa responsabilidades pela pouca informa\u00e7\u00e3o sobre a greve no INEM"}]},{"@type":"WebSite","@id":"https:\/\/portaltela.pt\/#website","url":"https:\/\/portaltela.pt\/","name":"Portal Tela Portugal","description":"","potentialAction":[{"@type":"SearchAction","target":{"@type":"EntryPoint","urlTemplate":"https:\/\/portaltela.pt\/?s={search_term_string}"},"query-input":{"@type":"PropertyValueSpecification","valueRequired":true,"valueName":"search_term_string"}}],"inLanguage":"pt-PT"},{"@type":"Person","@id":"https:\/\/portaltela.pt\/#\/schema\/person\/c4278d4a6028830caff9ee44b42d32ed","name":"Telinha","image":{"@type":"ImageObject","inLanguage":"pt-PT","@id":"https:\/\/portaltela.pt\/s.01k8rhncp4jt1\/2025\/11\/talking-bot-125x125.png","url":"https:\/\/portaltela.pt\/s.01k8rhncp4jt1\/2025\/11\/talking-bot-125x125.png","contentUrl":"https:\/\/portaltela.pt\/s.01k8rhncp4jt1\/2025\/11\/talking-bot-125x125.png","caption":"Telinha"},"sameAs":["https:\/\/portaltela.pt\/"],"url":"https:\/\/portaltela.pt\/por\/367410592786\/"}]}},"_links":{"self":[{"href":"https:\/\/portaltela.pt\/api\/wp\/v2\/posts\/390025","targetHints":{"allow":["GET"]}}],"collection":[{"href":"https:\/\/portaltela.pt\/api\/wp\/v2\/posts"}],"about":[{"href":"https:\/\/portaltela.pt\/api\/wp\/v2\/types\/post"}],"author":[{"embeddable":true,"href":"https:\/\/portaltela.pt\/api\/wp\/v2\/users\/2"}],"replies":[{"embeddable":true,"href":"https:\/\/portaltela.pt\/api\/wp\/v2\/comments?post=390025"}],"version-history":[{"count":0,"href":"https:\/\/portaltela.pt\/api\/wp\/v2\/posts\/390025\/revisions"}],"wp:featuredmedia":[{"embeddable":true,"href":"https:\/\/portaltela.pt\/api\/wp\/v2\/media\/390027"}],"wp:attachment":[{"href":"https:\/\/portaltela.pt\/api\/wp\/v2\/media?parent=390025"}],"wp:term":[{"taxonomy":"category","embeddable":true,"href":"https:\/\/portaltela.pt\/api\/wp\/v2\/categories?post=390025"},{"taxonomy":"post_tag","embeddable":true,"href":"https:\/\/portaltela.pt\/api\/wp\/v2\/tags?post=390025"}],"curies":[{"name":"wp","href":"https:\/\/api.w.org\/{rel}","templated":true}]}}