{"id":390014,"date":"2026-02-26T18:53:51","date_gmt":"2026-02-26T21:53:51","guid":{"rendered":"https:\/\/portaltela.pt\/noticias\/2026\/02\/26\/seguradoras-estimam-750-milhoes-de-euros-em-danos-indenizaveis-do-mau-tempo\/"},"modified":"2026-02-26T18:53:51","modified_gmt":"2026-02-26T21:53:51","slug":"seguradoras-estimam-750-milhoes-de-euros-em-danos-indenizaveis-do-mau-tempo","status":"publish","type":"post","link":"https:\/\/portaltela.pt\/noticias\/2026\/02\/26\/seguradoras-estimam-750-milhoes-de-euros-em-danos-indenizaveis-do-mau-tempo\/","title":{"rendered":"Seguradoras estimam 750 milh\u00f5es de euros em danos indeniz\u00e1veis do mau tempo"},"content":{"rendered":"<p>O mau tempo que afetou Portugal tem levado as seguradoras a estimar danos indemniz\u00e1veis a atingir 750 milh\u00f5es de euros, com cerca de 140 mil participa\u00e7\u00f5es de sinistros j\u00e1 registadas. A informa\u00e7\u00e3o foi apresentada pela Associa\u00e7\u00e3o Portuguesa de Seguradoras (APS) \u00e0 Comiss\u00e3o de Or\u00e7amento, Finan\u00e7as e Administra\u00e7\u00e3o P\u00fablica.<\/p>\n<p>Do total de sinistros, 115 mil dizem respeito a seguros de habita\u00e7\u00e3o, 13 mil a seguros de atividades comerciais e industriais, e 9,5 mil a seguros de autom\u00f3veis. O presidente da APS, Jo\u00e3o Galamba de Oliveira, sublinhou que o montante de 750 milh\u00f5es de euros quase corresponde ao valor pago nos \u00faltimos 20 anos.<\/p>\n<p>O valor agregado de danos, que inclui pagamentos e provis\u00f5es, j\u00e1 supera 500 milh\u00f5es de euros. Em termos de divis\u00f5es setoriais, a APS indica 254 milh\u00f5es de euros para habita\u00e7\u00f5es, 210 milh\u00f5es para empresas e com\u00e9rcios, e 28 milh\u00f5es para indemniza\u00e7\u00f5es relativas ao seguro autom\u00f3vel.<\/p>\n<p>Leiria lidera as \u00e1reas com maior volume de preju\u00edzos cobertos por seguro, com mais de 60 mil sinistros. Seguem-se Santar\u00e9m, Lisboa e Coimbra, cada uma com cerca de 14 a 16 mil sinistros participados.<\/p>\n<h3>Distribui\u00e7\u00e3o e impactos<\/h3>\n<p>As seguradoras mant\u00eam o compromisso de ter mais de 80% dos sinistros peritados ou avaliados dentro de 15 dias; neste momento, essa taxa est\u00e1 em 87%. A APS tamb\u00e9m aponta a possibilidade de constru\u00e7\u00e3o de um sistema de riscos catastr\u00f3ficos envolvendo cidad\u00e3o, empresas, seguradoras, resseguradoras e Estado.<\/p>\n<p>O presidente da APS defende a cria\u00e7\u00e3o de um seguro obrigat\u00f3rio para cat\u00e1strofes naturais, reconhecendo que alguns agregados familiares n\u00e3o conseguiriam suportar esse custo. A ideia passa por um conceito de seguro social para riscos futuros recusados.<\/p>\n<p>Al\u00e9m disso, Galamba de Oliveira admitiu atrasos no pagamento de sinistros, especialmente em setores mais complexos como as ind\u00fastrias. O objetivo \u00e9 encontrar solu\u00e7\u00f5es que evitem agravamentos nos pr\u00e9mios, mantendo a prote\u00e7\u00e3o dos consumidores.<\/p>\n","protected":false},"excerpt":{"rendered":"<ul>\n<li>A Associa\u00e7\u00e3o Portuguesa de Seguradoras estima danos indemniz\u00e1veis do mau tempo em Portugal de 750 milh\u00f5es de euros, com cerca de 140 mil participa\u00e7\u00f5es de sinistros.<\/li>\n<li>Do total de sinistros, 115 mil s\u00e3o seguros de habita\u00e7\u00f5es, 13 mil de atividades comerciais e industriais e 9,5 mil de autom\u00f3vel.<\/li>\n<li>O valor agregado de danos pagos ou provisionados j\u00e1 ultrapassa os 500 milh\u00f5es de euros, com 254 milh\u00f5es para habita\u00e7\u00f5es, 210 milh\u00f5es para empresas e 28 milh\u00f5es para autom\u00f3vel.<\/li>\n<li>Os distritos com mais preju\u00edzos cobertos por seguro s\u00e3o Leiria, com mais de 60 mil sinistros, seguidos por Santar\u00e9m, Lisboa e Coimbra.<\/li>\n<li>A APS defende a cria\u00e7\u00e3o de um sistema de riscos catastr\u00f3ficos, com seguro obrigat\u00f3rio para cat\u00e1strofes naturais e um \u201cseguro social\u201d, al\u00e9m de reconhecer atrasos nos pagamentos em setores complexos.<\/li>\n<\/ul>\n","protected":false},"author":2,"featured_media":390018,"comment_status":"closed","ping_status":"closed","sticky":false,"template":"","format":"standard","meta":{"footnotes":""},"categories":[1],"tags":[28,2817,2745,3416,2427],"class_list":["post-390014","post","type-post","status-publish","format-standard","has-post-thumbnail","hentry","category-noticias","tag-economia","tag-habitacoes","tag-indenizacoes","tag-seguro","tag-seguro-obrigatorio"],"yoast_head":"<!-- This site is optimized with the Yoast SEO plugin v27.2 - https:\/\/yoast.com\/product\/yoast-seo-wordpress\/ -->\n<title>Seguradoras estimam 750 milh\u00f5es de euros em danos indeniz\u00e1veis do mau tempo - Portal Tela Portugal<\/title>\n<meta name=\"robots\" content=\"index, follow, max-snippet:-1, max-image-preview:large, max-video-preview:-1\" \/>\n<meta property=\"og:locale\" content=\"pt_PT\" \/>\n<meta property=\"og:type\" content=\"article\" \/>\n<meta property=\"og:title\" content=\"Seguradoras estimam 750 milh\u00f5es de euros em danos indeniz\u00e1veis do mau tempo - Portal Tela Portugal\" \/>\n<meta property=\"og:description\" content=\"A Associa\u00e7\u00e3o Portuguesa de Seguradoras estima danos indemniz\u00e1veis do mau tempo em Portugal de 750 milh\u00f5es de euros, com cerca de 140 mil participa\u00e7\u00f5es de sinistros. Do total de sinistros, 115 mil s\u00e3o seguros de habita\u00e7\u00f5es, 13 mil de atividades comerciais e industriais e 9,5 mil de autom\u00f3vel. O valor agregado de danos pagos ou provisionados j\u00e1 ultrapassa os 500 milh\u00f5es de euros, com 254 milh\u00f5es para habita\u00e7\u00f5es, 210 milh\u00f5es para empresas e 28 milh\u00f5es para autom\u00f3vel. Os distritos com mais preju\u00edzos cobertos por seguro s\u00e3o Leiria, com mais de 60 mil sinistros, seguidos por Santar\u00e9m, Lisboa e Coimbra. A APS defende a cria\u00e7\u00e3o de um sistema de riscos catastr\u00f3ficos, com seguro obrigat\u00f3rio para cat\u00e1strofes naturais e um \u201cseguro social\u201d, al\u00e9m de reconhecer atrasos nos pagamentos em setores complexos.\" \/>\n<meta property=\"og:url\" content=\"https:\/\/portaltela.pt\/noticias\/2026\/02\/26\/seguradoras-estimam-750-milhoes-de-euros-em-danos-indenizaveis-do-mau-tempo\/\" \/>\n<meta property=\"og:site_name\" content=\"Portal Tela Portugal\" \/>\n<meta property=\"article:published_time\" content=\"2026-02-26T21:53:51+00:00\" \/>\n<meta name=\"author\" content=\"Telinha\" \/>\n<meta name=\"twitter:card\" content=\"summary_large_image\" \/>\n<meta name=\"twitter:label1\" content=\"Escrito por\" \/>\n\t<meta name=\"twitter:data1\" content=\"Telinha\" \/>\n\t<meta name=\"twitter:label2\" content=\"Tempo estimado de leitura\" \/>\n\t<meta name=\"twitter:data2\" content=\"2 minutos\" \/>\n<script type=\"application\/ld+json\" class=\"yoast-schema-graph\">{\"@context\":\"https:\/\/schema.org\",\"@graph\":[{\"@type\":\"Article\",\"@id\":\"https:\/\/portaltela.pt\/noticias\/2026\/02\/26\/seguradoras-estimam-750-milhoes-de-euros-em-danos-indenizaveis-do-mau-tempo\/#article\",\"isPartOf\":{\"@id\":\"https:\/\/portaltela.pt\/noticias\/2026\/02\/26\/seguradoras-estimam-750-milhoes-de-euros-em-danos-indenizaveis-do-mau-tempo\/\"},\"author\":{\"name\":\"Telinha\",\"@id\":\"https:\/\/portaltela.pt\/#\/schema\/person\/c4278d4a6028830caff9ee44b42d32ed\"},\"headline\":\"Seguradoras estimam 750 milh\u00f5es de euros em danos indeniz\u00e1veis do mau tempo\",\"datePublished\":\"2026-02-26T21:53:51+00:00\",\"mainEntityOfPage\":{\"@id\":\"https:\/\/portaltela.pt\/noticias\/2026\/02\/26\/seguradoras-estimam-750-milhoes-de-euros-em-danos-indenizaveis-do-mau-tempo\/\"},\"wordCount\":337,\"image\":{\"@id\":\"https:\/\/portaltela.pt\/noticias\/2026\/02\/26\/seguradoras-estimam-750-milhoes-de-euros-em-danos-indenizaveis-do-mau-tempo\/#primaryimage\"},\"thumbnailUrl\":\"https:\/\/portaltela.pt\/s.01k8rhncp4jt1\/2026\/02\/img_1500x1000uu2026-02-15-18-44-14-2267054-2.jpg\",\"keywords\":[\"economia\",\"habita\u00e7\u00f5es\",\"indeniza\u00e7\u00f5es\",\"Seguro\",\"seguro obrigat\u00f3rio\"],\"articleSection\":[\"Not\u00edcias\"],\"inLanguage\":\"pt-PT\"},{\"@type\":\"WebPage\",\"@id\":\"https:\/\/portaltela.pt\/noticias\/2026\/02\/26\/seguradoras-estimam-750-milhoes-de-euros-em-danos-indenizaveis-do-mau-tempo\/\",\"url\":\"https:\/\/portaltela.pt\/noticias\/2026\/02\/26\/seguradoras-estimam-750-milhoes-de-euros-em-danos-indenizaveis-do-mau-tempo\/\",\"name\":\"Seguradoras estimam 750 milh\u00f5es de euros em danos indeniz\u00e1veis do mau tempo - Portal Tela Portugal\",\"isPartOf\":{\"@id\":\"https:\/\/portaltela.pt\/#website\"},\"primaryImageOfPage\":{\"@id\":\"https:\/\/portaltela.pt\/noticias\/2026\/02\/26\/seguradoras-estimam-750-milhoes-de-euros-em-danos-indenizaveis-do-mau-tempo\/#primaryimage\"},\"image\":{\"@id\":\"https:\/\/portaltela.pt\/noticias\/2026\/02\/26\/seguradoras-estimam-750-milhoes-de-euros-em-danos-indenizaveis-do-mau-tempo\/#primaryimage\"},\"thumbnailUrl\":\"https:\/\/portaltela.pt\/s.01k8rhncp4jt1\/2026\/02\/img_1500x1000uu2026-02-15-18-44-14-2267054-2.jpg\",\"datePublished\":\"2026-02-26T21:53:51+00:00\",\"author\":{\"@id\":\"https:\/\/portaltela.pt\/#\/schema\/person\/c4278d4a6028830caff9ee44b42d32ed\"},\"breadcrumb\":{\"@id\":\"https:\/\/portaltela.pt\/noticias\/2026\/02\/26\/seguradoras-estimam-750-milhoes-de-euros-em-danos-indenizaveis-do-mau-tempo\/#breadcrumb\"},\"inLanguage\":\"pt-PT\",\"potentialAction\":[{\"@type\":\"ReadAction\",\"target\":[\"https:\/\/portaltela.pt\/noticias\/2026\/02\/26\/seguradoras-estimam-750-milhoes-de-euros-em-danos-indenizaveis-do-mau-tempo\/\"]}]},{\"@type\":\"ImageObject\",\"inLanguage\":\"pt-PT\",\"@id\":\"https:\/\/portaltela.pt\/noticias\/2026\/02\/26\/seguradoras-estimam-750-milhoes-de-euros-em-danos-indenizaveis-do-mau-tempo\/#primaryimage\",\"url\":\"https:\/\/portaltela.pt\/s.01k8rhncp4jt1\/2026\/02\/img_1500x1000uu2026-02-15-18-44-14-2267054-2.jpg\",\"contentUrl\":\"https:\/\/portaltela.pt\/s.01k8rhncp4jt1\/2026\/02\/img_1500x1000uu2026-02-15-18-44-14-2267054-2.jpg\",\"width\":796,\"height\":448,\"caption\":\"Efeitos do mau tempo em Portugal: aldeias alagadas e autoestradas danificadas\"},{\"@type\":\"BreadcrumbList\",\"@id\":\"https:\/\/portaltela.pt\/noticias\/2026\/02\/26\/seguradoras-estimam-750-milhoes-de-euros-em-danos-indenizaveis-do-mau-tempo\/#breadcrumb\",\"itemListElement\":[{\"@type\":\"ListItem\",\"position\":1,\"name\":\"In\u00edcio\",\"item\":\"https:\/\/portaltela.pt\/\"},{\"@type\":\"ListItem\",\"position\":2,\"name\":\"Seguradoras estimam 750 milh\u00f5es de euros em danos indeniz\u00e1veis do mau tempo\"}]},{\"@type\":\"WebSite\",\"@id\":\"https:\/\/portaltela.pt\/#website\",\"url\":\"https:\/\/portaltela.pt\/\",\"name\":\"Portal Tela Portugal\",\"description\":\"\",\"potentialAction\":[{\"@type\":\"SearchAction\",\"target\":{\"@type\":\"EntryPoint\",\"urlTemplate\":\"https:\/\/portaltela.pt\/?s={search_term_string}\"},\"query-input\":{\"@type\":\"PropertyValueSpecification\",\"valueRequired\":true,\"valueName\":\"search_term_string\"}}],\"inLanguage\":\"pt-PT\"},{\"@type\":\"Person\",\"@id\":\"https:\/\/portaltela.pt\/#\/schema\/person\/c4278d4a6028830caff9ee44b42d32ed\",\"name\":\"Telinha\",\"image\":{\"@type\":\"ImageObject\",\"inLanguage\":\"pt-PT\",\"@id\":\"https:\/\/portaltela.pt\/s.01k8rhncp4jt1\/2025\/11\/talking-bot-125x125.png\",\"url\":\"https:\/\/portaltela.pt\/s.01k8rhncp4jt1\/2025\/11\/talking-bot-125x125.png\",\"contentUrl\":\"https:\/\/portaltela.pt\/s.01k8rhncp4jt1\/2025\/11\/talking-bot-125x125.png\",\"caption\":\"Telinha\"},\"sameAs\":[\"https:\/\/portaltela.pt\/\"],\"url\":\"https:\/\/portaltela.pt\/por\/367410592786\/\"}]}<\/script>\n<!-- \/ Yoast SEO plugin. -->","yoast_head_json":{"title":"Seguradoras estimam 750 milh\u00f5es de euros em danos indeniz\u00e1veis do mau tempo - Portal Tela Portugal","robots":{"index":"index","follow":"follow","max-snippet":"max-snippet:-1","max-image-preview":"max-image-preview:large","max-video-preview":"max-video-preview:-1"},"og_locale":"pt_PT","og_type":"article","og_title":"Seguradoras estimam 750 milh\u00f5es de euros em danos indeniz\u00e1veis do mau tempo - Portal Tela Portugal","og_description":"A Associa\u00e7\u00e3o Portuguesa de Seguradoras estima danos indemniz\u00e1veis do mau tempo em Portugal de 750 milh\u00f5es de euros, com cerca de 140 mil participa\u00e7\u00f5es de sinistros. Do total de sinistros, 115 mil s\u00e3o seguros de habita\u00e7\u00f5es, 13 mil de atividades comerciais e industriais e 9,5 mil de autom\u00f3vel. O valor agregado de danos pagos ou provisionados j\u00e1 ultrapassa os 500 milh\u00f5es de euros, com 254 milh\u00f5es para habita\u00e7\u00f5es, 210 milh\u00f5es para empresas e 28 milh\u00f5es para autom\u00f3vel. Os distritos com mais preju\u00edzos cobertos por seguro s\u00e3o Leiria, com mais de 60 mil sinistros, seguidos por Santar\u00e9m, Lisboa e Coimbra. A APS defende a cria\u00e7\u00e3o de um sistema de riscos catastr\u00f3ficos, com seguro obrigat\u00f3rio para cat\u00e1strofes naturais e um \u201cseguro social\u201d, al\u00e9m de reconhecer atrasos nos pagamentos em setores complexos.","og_url":"https:\/\/portaltela.pt\/noticias\/2026\/02\/26\/seguradoras-estimam-750-milhoes-de-euros-em-danos-indenizaveis-do-mau-tempo\/","og_site_name":"Portal Tela Portugal","article_published_time":"2026-02-26T21:53:51+00:00","author":"Telinha","twitter_card":"summary_large_image","twitter_misc":{"Escrito por":"Telinha","Tempo estimado de leitura":"2 minutos"},"schema":{"@context":"https:\/\/schema.org","@graph":[{"@type":"Article","@id":"https:\/\/portaltela.pt\/noticias\/2026\/02\/26\/seguradoras-estimam-750-milhoes-de-euros-em-danos-indenizaveis-do-mau-tempo\/#article","isPartOf":{"@id":"https:\/\/portaltela.pt\/noticias\/2026\/02\/26\/seguradoras-estimam-750-milhoes-de-euros-em-danos-indenizaveis-do-mau-tempo\/"},"author":{"name":"Telinha","@id":"https:\/\/portaltela.pt\/#\/schema\/person\/c4278d4a6028830caff9ee44b42d32ed"},"headline":"Seguradoras estimam 750 milh\u00f5es de euros em danos indeniz\u00e1veis do mau tempo","datePublished":"2026-02-26T21:53:51+00:00","mainEntityOfPage":{"@id":"https:\/\/portaltela.pt\/noticias\/2026\/02\/26\/seguradoras-estimam-750-milhoes-de-euros-em-danos-indenizaveis-do-mau-tempo\/"},"wordCount":337,"image":{"@id":"https:\/\/portaltela.pt\/noticias\/2026\/02\/26\/seguradoras-estimam-750-milhoes-de-euros-em-danos-indenizaveis-do-mau-tempo\/#primaryimage"},"thumbnailUrl":"https:\/\/portaltela.pt\/s.01k8rhncp4jt1\/2026\/02\/img_1500x1000uu2026-02-15-18-44-14-2267054-2.jpg","keywords":["economia","habita\u00e7\u00f5es","indeniza\u00e7\u00f5es","Seguro","seguro obrigat\u00f3rio"],"articleSection":["Not\u00edcias"],"inLanguage":"pt-PT"},{"@type":"WebPage","@id":"https:\/\/portaltela.pt\/noticias\/2026\/02\/26\/seguradoras-estimam-750-milhoes-de-euros-em-danos-indenizaveis-do-mau-tempo\/","url":"https:\/\/portaltela.pt\/noticias\/2026\/02\/26\/seguradoras-estimam-750-milhoes-de-euros-em-danos-indenizaveis-do-mau-tempo\/","name":"Seguradoras estimam 750 milh\u00f5es de euros em danos indeniz\u00e1veis do mau tempo - Portal Tela Portugal","isPartOf":{"@id":"https:\/\/portaltela.pt\/#website"},"primaryImageOfPage":{"@id":"https:\/\/portaltela.pt\/noticias\/2026\/02\/26\/seguradoras-estimam-750-milhoes-de-euros-em-danos-indenizaveis-do-mau-tempo\/#primaryimage"},"image":{"@id":"https:\/\/portaltela.pt\/noticias\/2026\/02\/26\/seguradoras-estimam-750-milhoes-de-euros-em-danos-indenizaveis-do-mau-tempo\/#primaryimage"},"thumbnailUrl":"https:\/\/portaltela.pt\/s.01k8rhncp4jt1\/2026\/02\/img_1500x1000uu2026-02-15-18-44-14-2267054-2.jpg","datePublished":"2026-02-26T21:53:51+00:00","author":{"@id":"https:\/\/portaltela.pt\/#\/schema\/person\/c4278d4a6028830caff9ee44b42d32ed"},"breadcrumb":{"@id":"https:\/\/portaltela.pt\/noticias\/2026\/02\/26\/seguradoras-estimam-750-milhoes-de-euros-em-danos-indenizaveis-do-mau-tempo\/#breadcrumb"},"inLanguage":"pt-PT","potentialAction":[{"@type":"ReadAction","target":["https:\/\/portaltela.pt\/noticias\/2026\/02\/26\/seguradoras-estimam-750-milhoes-de-euros-em-danos-indenizaveis-do-mau-tempo\/"]}]},{"@type":"ImageObject","inLanguage":"pt-PT","@id":"https:\/\/portaltela.pt\/noticias\/2026\/02\/26\/seguradoras-estimam-750-milhoes-de-euros-em-danos-indenizaveis-do-mau-tempo\/#primaryimage","url":"https:\/\/portaltela.pt\/s.01k8rhncp4jt1\/2026\/02\/img_1500x1000uu2026-02-15-18-44-14-2267054-2.jpg","contentUrl":"https:\/\/portaltela.pt\/s.01k8rhncp4jt1\/2026\/02\/img_1500x1000uu2026-02-15-18-44-14-2267054-2.jpg","width":796,"height":448,"caption":"Efeitos do mau tempo em Portugal: aldeias alagadas e autoestradas danificadas"},{"@type":"BreadcrumbList","@id":"https:\/\/portaltela.pt\/noticias\/2026\/02\/26\/seguradoras-estimam-750-milhoes-de-euros-em-danos-indenizaveis-do-mau-tempo\/#breadcrumb","itemListElement":[{"@type":"ListItem","position":1,"name":"In\u00edcio","item":"https:\/\/portaltela.pt\/"},{"@type":"ListItem","position":2,"name":"Seguradoras estimam 750 milh\u00f5es de euros em danos indeniz\u00e1veis do mau tempo"}]},{"@type":"WebSite","@id":"https:\/\/portaltela.pt\/#website","url":"https:\/\/portaltela.pt\/","name":"Portal Tela Portugal","description":"","potentialAction":[{"@type":"SearchAction","target":{"@type":"EntryPoint","urlTemplate":"https:\/\/portaltela.pt\/?s={search_term_string}"},"query-input":{"@type":"PropertyValueSpecification","valueRequired":true,"valueName":"search_term_string"}}],"inLanguage":"pt-PT"},{"@type":"Person","@id":"https:\/\/portaltela.pt\/#\/schema\/person\/c4278d4a6028830caff9ee44b42d32ed","name":"Telinha","image":{"@type":"ImageObject","inLanguage":"pt-PT","@id":"https:\/\/portaltela.pt\/s.01k8rhncp4jt1\/2025\/11\/talking-bot-125x125.png","url":"https:\/\/portaltela.pt\/s.01k8rhncp4jt1\/2025\/11\/talking-bot-125x125.png","contentUrl":"https:\/\/portaltela.pt\/s.01k8rhncp4jt1\/2025\/11\/talking-bot-125x125.png","caption":"Telinha"},"sameAs":["https:\/\/portaltela.pt\/"],"url":"https:\/\/portaltela.pt\/por\/367410592786\/"}]}},"_links":{"self":[{"href":"https:\/\/portaltela.pt\/api\/wp\/v2\/posts\/390014","targetHints":{"allow":["GET"]}}],"collection":[{"href":"https:\/\/portaltela.pt\/api\/wp\/v2\/posts"}],"about":[{"href":"https:\/\/portaltela.pt\/api\/wp\/v2\/types\/post"}],"author":[{"embeddable":true,"href":"https:\/\/portaltela.pt\/api\/wp\/v2\/users\/2"}],"replies":[{"embeddable":true,"href":"https:\/\/portaltela.pt\/api\/wp\/v2\/comments?post=390014"}],"version-history":[{"count":0,"href":"https:\/\/portaltela.pt\/api\/wp\/v2\/posts\/390014\/revisions"}],"wp:featuredmedia":[{"embeddable":true,"href":"https:\/\/portaltela.pt\/api\/wp\/v2\/media\/390018"}],"wp:attachment":[{"href":"https:\/\/portaltela.pt\/api\/wp\/v2\/media?parent=390014"}],"wp:term":[{"taxonomy":"category","embeddable":true,"href":"https:\/\/portaltela.pt\/api\/wp\/v2\/categories?post=390014"},{"taxonomy":"post_tag","embeddable":true,"href":"https:\/\/portaltela.pt\/api\/wp\/v2\/tags?post=390014"}],"curies":[{"name":"wp","href":"https:\/\/api.w.org\/{rel}","templated":true}]}}