{"id":390004,"date":"2026-02-26T18:43:23","date_gmt":"2026-02-26T21:43:23","guid":{"rendered":"https:\/\/portaltela.pt\/noticias\/2026\/02\/26\/ingleses-dizem-que-roberto-martinez-esta-na-lista-de-alvos-do-manchester-united\/"},"modified":"2026-02-26T18:43:23","modified_gmt":"2026-02-26T21:43:23","slug":"ingleses-dizem-que-roberto-martinez-esta-na-lista-de-alvos-do-manchester-united","status":"publish","type":"post","link":"https:\/\/portaltela.pt\/desporto\/futebol\/2026\/02\/26\/ingleses-dizem-que-roberto-martinez-esta-na-lista-de-alvos-do-manchester-united\/","title":{"rendered":"Ingleses dizem que Roberto Mart\u00ednez est\u00e1 na lista de alvos do Manchester United"},"content":{"rendered":"<p>O Manchester United est\u00e1 a avaliar poss\u00edveis substitutos para Michael Carrick, com Roberto Mart\u00ednez incluido numa lista de alvos, segundo o jornalista ingl\u00eas Ben Jacobs. Mart\u00ednez \u00e9 o atual selecionador de Portugal, desde janeiro de 2023, e j\u00e1 venceu a Liga das Na\u00e7\u00f5es com a equipa.<\/p>\n<p>A mesma informa\u00e7\u00e3o aponta que a lista de interesses tamb\u00e9m inclui Roberto De Zerbi, que deixou recentemente o Marselha, e Julian Nagelsmann, treinador da sele\u00e7\u00e3o alem\u00e3. A not\u00edcia surge num contexto de rumores sobre o futuro da equipa t\u00e9cnica.<\/p>\n<p>Segundo quem analisa internamente o clube, Mart\u00ednez seria encaixado numa pasta de op\u00e7\u00f5es, incluindo a hip\u00f3tese de Jos\u00e9 Mourinho assumir a fun\u00e7\u00e3o de selecionador portugu\u00eas, o que poderia influenciar a decis\u00e3o. Contudo, ainda n\u00e3o h\u00e1 confirma\u00e7\u00e3o oficial sobre quem ficar\u00e1 no cargo.<\/p>\n<p>Apesar dos contactos, persiste a possibilidade de Michael Carrick manter o lugar para a pr\u00f3xima temporada, caso n\u00e3o haja acordo com outros treinadores ou altera\u00e7\u00f5es na estrutura t\u00e9cnica. O clube n\u00e3o revelou qualquer plano oficial neste momento.<\/p>\n","protected":false},"excerpt":{"rendered":"<ul>\n<li>O jornalista Ben Jacobs afirma que Roberto Mart\u00ednez est\u00e1 na lista de alvos do Manchester United para substituir Michael Carrick.<\/li>\n<li>Al\u00e9m de Mart\u00ednez, surgem nomes como Roberto De Zerbi, ex-treinador do Marselha, e Julian Nagelsmann, currently a orientar a sele\u00e7\u00e3o alem\u00e3.<\/li>\n<li>A not\u00edcia aponta que Mart\u00ednez pode abandonar a Sele\u00e7\u00e3o Portuguesa para ceder o lugar a Jos\u00e9 Mourinho, mantendo por\u00e9m a hip\u00f3tese de estar na lista de op\u00e7\u00f5es.<\/li>\n<li>O rep\u00f3rter sustenta ainda que Carrick continua na corrida pelo cargo para a pr\u00f3xima \u00e9poca, dependendo de decis\u00f5es internas do clube.<\/li>\n<\/ul>\n","protected":false},"author":2,"featured_media":390006,"comment_status":"closed","ping_status":"closed","sticky":false,"template":"","format":"standard","meta":{"footnotes":""},"categories":[21,24],"tags":[32,2138,1014,2451,2057,3212],"class_list":["post-390004","post","type-post","status-publish","format-standard","has-post-thumbnail","hentry","category-desporto","category-futebol","tag-futebol","tag-jose-mourinho","tag-portugal","tag-roberto-de-zerbi","tag-selecao-nacional","tag-selecoes-internacionais"],"yoast_head":"<!-- This site is optimized with the Yoast SEO plugin v27.2 - https:\/\/yoast.com\/product\/yoast-seo-wordpress\/ -->\n<title>Ingleses dizem que Roberto Mart\u00ednez est\u00e1 na lista de alvos do Manchester United - Portal Tela Portugal<\/title>\n<meta name=\"robots\" content=\"index, follow, max-snippet:-1, max-image-preview:large, max-video-preview:-1\" \/>\n<meta property=\"og:locale\" content=\"pt_PT\" \/>\n<meta property=\"og:type\" content=\"article\" \/>\n<meta property=\"og:title\" content=\"Ingleses dizem que Roberto Mart\u00ednez est\u00e1 na lista de alvos do Manchester United - Portal Tela Portugal\" \/>\n<meta property=\"og:description\" content=\"O jornalista Ben Jacobs afirma que Roberto Mart\u00ednez est\u00e1 na lista de alvos do Manchester United para substituir Michael Carrick. Al\u00e9m de Mart\u00ednez, surgem nomes como Roberto De Zerbi, ex-treinador do Marselha, e Julian Nagelsmann, currently a orientar a sele\u00e7\u00e3o alem\u00e3. A not\u00edcia aponta que Mart\u00ednez pode abandonar a Sele\u00e7\u00e3o Portuguesa para ceder o lugar a Jos\u00e9 Mourinho, mantendo por\u00e9m a hip\u00f3tese de estar na lista de op\u00e7\u00f5es. O rep\u00f3rter sustenta ainda que Carrick continua na corrida pelo cargo para a pr\u00f3xima \u00e9poca, dependendo de decis\u00f5es internas do clube.\" \/>\n<meta property=\"og:url\" content=\"https:\/\/portaltela.pt\/noticias\/2026\/02\/26\/ingleses-dizem-que-roberto-martinez-esta-na-lista-de-alvos-do-manchester-united\/\" \/>\n<meta property=\"og:site_name\" content=\"Portal Tela Portugal\" \/>\n<meta property=\"article:published_time\" content=\"2026-02-26T21:43:23+00:00\" \/>\n<meta name=\"author\" content=\"Telinha\" \/>\n<meta name=\"twitter:card\" content=\"summary_large_image\" \/>\n<meta name=\"twitter:label1\" content=\"Escrito por\" \/>\n\t<meta name=\"twitter:data1\" content=\"Telinha\" \/>\n\t<meta name=\"twitter:label2\" content=\"Tempo estimado de leitura\" \/>\n\t<meta name=\"twitter:data2\" content=\"1 minuto\" \/>\n<script type=\"application\/ld+json\" class=\"yoast-schema-graph\">{\"@context\":\"https:\/\/schema.org\",\"@graph\":[{\"@type\":\"Article\",\"@id\":\"https:\/\/portaltela.pt\/noticias\/2026\/02\/26\/ingleses-dizem-que-roberto-martinez-esta-na-lista-de-alvos-do-manchester-united\/#article\",\"isPartOf\":{\"@id\":\"https:\/\/portaltela.pt\/noticias\/2026\/02\/26\/ingleses-dizem-que-roberto-martinez-esta-na-lista-de-alvos-do-manchester-united\/\"},\"author\":{\"name\":\"Telinha\",\"@id\":\"https:\/\/portaltela.pt\/#\/schema\/person\/c4278d4a6028830caff9ee44b42d32ed\"},\"headline\":\"Ingleses dizem que Roberto Mart\u00ednez est\u00e1 na lista de alvos do Manchester United\",\"datePublished\":\"2026-02-26T21:43:23+00:00\",\"mainEntityOfPage\":{\"@id\":\"https:\/\/portaltela.pt\/noticias\/2026\/02\/26\/ingleses-dizem-que-roberto-martinez-esta-na-lista-de-alvos-do-manchester-united\/\"},\"wordCount\":199,\"image\":{\"@id\":\"https:\/\/portaltela.pt\/noticias\/2026\/02\/26\/ingleses-dizem-que-roberto-martinez-esta-na-lista-de-alvos-do-manchester-united\/#primaryimage\"},\"thumbnailUrl\":\"https:\/\/portaltela.pt\/s.01k8rhncp4jt1\/2026\/02\/img_920x518uu2026-02-26-21-42-42-2423866.jpg\",\"keywords\":[\"futebol\",\"Jos\u00e9 Mourinho\",\"Portugal\",\"Roberto De Zerbi\",\"Sele\u00e7\u00e3o Nacional\",\"sele\u00e7\u00f5es internacionais\"],\"articleSection\":[\"Desporto\",\"Futebol\"],\"inLanguage\":\"pt-PT\"},{\"@type\":\"WebPage\",\"@id\":\"https:\/\/portaltela.pt\/noticias\/2026\/02\/26\/ingleses-dizem-que-roberto-martinez-esta-na-lista-de-alvos-do-manchester-united\/\",\"url\":\"https:\/\/portaltela.pt\/noticias\/2026\/02\/26\/ingleses-dizem-que-roberto-martinez-esta-na-lista-de-alvos-do-manchester-united\/\",\"name\":\"Ingleses dizem que Roberto Mart\u00ednez est\u00e1 na lista de alvos do Manchester United - Portal Tela Portugal\",\"isPartOf\":{\"@id\":\"https:\/\/portaltela.pt\/#website\"},\"primaryImageOfPage\":{\"@id\":\"https:\/\/portaltela.pt\/noticias\/2026\/02\/26\/ingleses-dizem-que-roberto-martinez-esta-na-lista-de-alvos-do-manchester-united\/#primaryimage\"},\"image\":{\"@id\":\"https:\/\/portaltela.pt\/noticias\/2026\/02\/26\/ingleses-dizem-que-roberto-martinez-esta-na-lista-de-alvos-do-manchester-united\/#primaryimage\"},\"thumbnailUrl\":\"https:\/\/portaltela.pt\/s.01k8rhncp4jt1\/2026\/02\/img_920x518uu2026-02-26-21-42-42-2423866.jpg\",\"datePublished\":\"2026-02-26T21:43:23+00:00\",\"author\":{\"@id\":\"https:\/\/portaltela.pt\/#\/schema\/person\/c4278d4a6028830caff9ee44b42d32ed\"},\"breadcrumb\":{\"@id\":\"https:\/\/portaltela.pt\/noticias\/2026\/02\/26\/ingleses-dizem-que-roberto-martinez-esta-na-lista-de-alvos-do-manchester-united\/#breadcrumb\"},\"inLanguage\":\"pt-PT\",\"potentialAction\":[{\"@type\":\"ReadAction\",\"target\":[\"https:\/\/portaltela.pt\/noticias\/2026\/02\/26\/ingleses-dizem-que-roberto-martinez-esta-na-lista-de-alvos-do-manchester-united\/\"]}]},{\"@type\":\"ImageObject\",\"inLanguage\":\"pt-PT\",\"@id\":\"https:\/\/portaltela.pt\/noticias\/2026\/02\/26\/ingleses-dizem-que-roberto-martinez-esta-na-lista-de-alvos-do-manchester-united\/#primaryimage\",\"url\":\"https:\/\/portaltela.pt\/s.01k8rhncp4jt1\/2026\/02\/img_920x518uu2026-02-26-21-42-42-2423866.jpg\",\"contentUrl\":\"https:\/\/portaltela.pt\/s.01k8rhncp4jt1\/2026\/02\/img_920x518uu2026-02-26-21-42-42-2423866.jpg\",\"width\":796,\"height\":448,\"caption\":\"Ingleses avan\u00e7am que Roberto Mart\u00ednez faz parte da lista de alvos do Manchester United\"},{\"@type\":\"BreadcrumbList\",\"@id\":\"https:\/\/portaltela.pt\/noticias\/2026\/02\/26\/ingleses-dizem-que-roberto-martinez-esta-na-lista-de-alvos-do-manchester-united\/#breadcrumb\",\"itemListElement\":[{\"@type\":\"ListItem\",\"position\":1,\"name\":\"In\u00edcio\",\"item\":\"https:\/\/portaltela.pt\/\"},{\"@type\":\"ListItem\",\"position\":2,\"name\":\"Ingleses dizem que Roberto Mart\u00ednez est\u00e1 na lista de alvos do Manchester United\"}]},{\"@type\":\"WebSite\",\"@id\":\"https:\/\/portaltela.pt\/#website\",\"url\":\"https:\/\/portaltela.pt\/\",\"name\":\"Portal Tela Portugal\",\"description\":\"\",\"potentialAction\":[{\"@type\":\"SearchAction\",\"target\":{\"@type\":\"EntryPoint\",\"urlTemplate\":\"https:\/\/portaltela.pt\/?s={search_term_string}\"},\"query-input\":{\"@type\":\"PropertyValueSpecification\",\"valueRequired\":true,\"valueName\":\"search_term_string\"}}],\"inLanguage\":\"pt-PT\"},{\"@type\":\"Person\",\"@id\":\"https:\/\/portaltela.pt\/#\/schema\/person\/c4278d4a6028830caff9ee44b42d32ed\",\"name\":\"Telinha\",\"image\":{\"@type\":\"ImageObject\",\"inLanguage\":\"pt-PT\",\"@id\":\"https:\/\/portaltela.pt\/s.01k8rhncp4jt1\/2025\/11\/talking-bot-125x125.png\",\"url\":\"https:\/\/portaltela.pt\/s.01k8rhncp4jt1\/2025\/11\/talking-bot-125x125.png\",\"contentUrl\":\"https:\/\/portaltela.pt\/s.01k8rhncp4jt1\/2025\/11\/talking-bot-125x125.png\",\"caption\":\"Telinha\"},\"sameAs\":[\"https:\/\/portaltela.pt\/\"],\"url\":\"https:\/\/portaltela.pt\/por\/367410592786\/\"}]}<\/script>\n<!-- \/ Yoast SEO plugin. -->","yoast_head_json":{"title":"Ingleses dizem que Roberto Mart\u00ednez est\u00e1 na lista de alvos do Manchester United - Portal Tela Portugal","robots":{"index":"index","follow":"follow","max-snippet":"max-snippet:-1","max-image-preview":"max-image-preview:large","max-video-preview":"max-video-preview:-1"},"og_locale":"pt_PT","og_type":"article","og_title":"Ingleses dizem que Roberto Mart\u00ednez est\u00e1 na lista de alvos do Manchester United - Portal Tela Portugal","og_description":"O jornalista Ben Jacobs afirma que Roberto Mart\u00ednez est\u00e1 na lista de alvos do Manchester United para substituir Michael Carrick. Al\u00e9m de Mart\u00ednez, surgem nomes como Roberto De Zerbi, ex-treinador do Marselha, e Julian Nagelsmann, currently a orientar a sele\u00e7\u00e3o alem\u00e3. A not\u00edcia aponta que Mart\u00ednez pode abandonar a Sele\u00e7\u00e3o Portuguesa para ceder o lugar a Jos\u00e9 Mourinho, mantendo por\u00e9m a hip\u00f3tese de estar na lista de op\u00e7\u00f5es. O rep\u00f3rter sustenta ainda que Carrick continua na corrida pelo cargo para a pr\u00f3xima \u00e9poca, dependendo de decis\u00f5es internas do clube.","og_url":"https:\/\/portaltela.pt\/noticias\/2026\/02\/26\/ingleses-dizem-que-roberto-martinez-esta-na-lista-de-alvos-do-manchester-united\/","og_site_name":"Portal Tela Portugal","article_published_time":"2026-02-26T21:43:23+00:00","author":"Telinha","twitter_card":"summary_large_image","twitter_misc":{"Escrito por":"Telinha","Tempo estimado de leitura":"1 minuto"},"schema":{"@context":"https:\/\/schema.org","@graph":[{"@type":"Article","@id":"https:\/\/portaltela.pt\/noticias\/2026\/02\/26\/ingleses-dizem-que-roberto-martinez-esta-na-lista-de-alvos-do-manchester-united\/#article","isPartOf":{"@id":"https:\/\/portaltela.pt\/noticias\/2026\/02\/26\/ingleses-dizem-que-roberto-martinez-esta-na-lista-de-alvos-do-manchester-united\/"},"author":{"name":"Telinha","@id":"https:\/\/portaltela.pt\/#\/schema\/person\/c4278d4a6028830caff9ee44b42d32ed"},"headline":"Ingleses dizem que Roberto Mart\u00ednez est\u00e1 na lista de alvos do Manchester United","datePublished":"2026-02-26T21:43:23+00:00","mainEntityOfPage":{"@id":"https:\/\/portaltela.pt\/noticias\/2026\/02\/26\/ingleses-dizem-que-roberto-martinez-esta-na-lista-de-alvos-do-manchester-united\/"},"wordCount":199,"image":{"@id":"https:\/\/portaltela.pt\/noticias\/2026\/02\/26\/ingleses-dizem-que-roberto-martinez-esta-na-lista-de-alvos-do-manchester-united\/#primaryimage"},"thumbnailUrl":"https:\/\/portaltela.pt\/s.01k8rhncp4jt1\/2026\/02\/img_920x518uu2026-02-26-21-42-42-2423866.jpg","keywords":["futebol","Jos\u00e9 Mourinho","Portugal","Roberto De Zerbi","Sele\u00e7\u00e3o Nacional","sele\u00e7\u00f5es internacionais"],"articleSection":["Desporto","Futebol"],"inLanguage":"pt-PT"},{"@type":"WebPage","@id":"https:\/\/portaltela.pt\/noticias\/2026\/02\/26\/ingleses-dizem-que-roberto-martinez-esta-na-lista-de-alvos-do-manchester-united\/","url":"https:\/\/portaltela.pt\/noticias\/2026\/02\/26\/ingleses-dizem-que-roberto-martinez-esta-na-lista-de-alvos-do-manchester-united\/","name":"Ingleses dizem que Roberto Mart\u00ednez est\u00e1 na lista de alvos do Manchester United - Portal Tela Portugal","isPartOf":{"@id":"https:\/\/portaltela.pt\/#website"},"primaryImageOfPage":{"@id":"https:\/\/portaltela.pt\/noticias\/2026\/02\/26\/ingleses-dizem-que-roberto-martinez-esta-na-lista-de-alvos-do-manchester-united\/#primaryimage"},"image":{"@id":"https:\/\/portaltela.pt\/noticias\/2026\/02\/26\/ingleses-dizem-que-roberto-martinez-esta-na-lista-de-alvos-do-manchester-united\/#primaryimage"},"thumbnailUrl":"https:\/\/portaltela.pt\/s.01k8rhncp4jt1\/2026\/02\/img_920x518uu2026-02-26-21-42-42-2423866.jpg","datePublished":"2026-02-26T21:43:23+00:00","author":{"@id":"https:\/\/portaltela.pt\/#\/schema\/person\/c4278d4a6028830caff9ee44b42d32ed"},"breadcrumb":{"@id":"https:\/\/portaltela.pt\/noticias\/2026\/02\/26\/ingleses-dizem-que-roberto-martinez-esta-na-lista-de-alvos-do-manchester-united\/#breadcrumb"},"inLanguage":"pt-PT","potentialAction":[{"@type":"ReadAction","target":["https:\/\/portaltela.pt\/noticias\/2026\/02\/26\/ingleses-dizem-que-roberto-martinez-esta-na-lista-de-alvos-do-manchester-united\/"]}]},{"@type":"ImageObject","inLanguage":"pt-PT","@id":"https:\/\/portaltela.pt\/noticias\/2026\/02\/26\/ingleses-dizem-que-roberto-martinez-esta-na-lista-de-alvos-do-manchester-united\/#primaryimage","url":"https:\/\/portaltela.pt\/s.01k8rhncp4jt1\/2026\/02\/img_920x518uu2026-02-26-21-42-42-2423866.jpg","contentUrl":"https:\/\/portaltela.pt\/s.01k8rhncp4jt1\/2026\/02\/img_920x518uu2026-02-26-21-42-42-2423866.jpg","width":796,"height":448,"caption":"Ingleses avan\u00e7am que Roberto Mart\u00ednez faz parte da lista de alvos do Manchester United"},{"@type":"BreadcrumbList","@id":"https:\/\/portaltela.pt\/noticias\/2026\/02\/26\/ingleses-dizem-que-roberto-martinez-esta-na-lista-de-alvos-do-manchester-united\/#breadcrumb","itemListElement":[{"@type":"ListItem","position":1,"name":"In\u00edcio","item":"https:\/\/portaltela.pt\/"},{"@type":"ListItem","position":2,"name":"Ingleses dizem que Roberto Mart\u00ednez est\u00e1 na lista de alvos do Manchester United"}]},{"@type":"WebSite","@id":"https:\/\/portaltela.pt\/#website","url":"https:\/\/portaltela.pt\/","name":"Portal Tela Portugal","description":"","potentialAction":[{"@type":"SearchAction","target":{"@type":"EntryPoint","urlTemplate":"https:\/\/portaltela.pt\/?s={search_term_string}"},"query-input":{"@type":"PropertyValueSpecification","valueRequired":true,"valueName":"search_term_string"}}],"inLanguage":"pt-PT"},{"@type":"Person","@id":"https:\/\/portaltela.pt\/#\/schema\/person\/c4278d4a6028830caff9ee44b42d32ed","name":"Telinha","image":{"@type":"ImageObject","inLanguage":"pt-PT","@id":"https:\/\/portaltela.pt\/s.01k8rhncp4jt1\/2025\/11\/talking-bot-125x125.png","url":"https:\/\/portaltela.pt\/s.01k8rhncp4jt1\/2025\/11\/talking-bot-125x125.png","contentUrl":"https:\/\/portaltela.pt\/s.01k8rhncp4jt1\/2025\/11\/talking-bot-125x125.png","caption":"Telinha"},"sameAs":["https:\/\/portaltela.pt\/"],"url":"https:\/\/portaltela.pt\/por\/367410592786\/"}]}},"_links":{"self":[{"href":"https:\/\/portaltela.pt\/api\/wp\/v2\/posts\/390004","targetHints":{"allow":["GET"]}}],"collection":[{"href":"https:\/\/portaltela.pt\/api\/wp\/v2\/posts"}],"about":[{"href":"https:\/\/portaltela.pt\/api\/wp\/v2\/types\/post"}],"author":[{"embeddable":true,"href":"https:\/\/portaltela.pt\/api\/wp\/v2\/users\/2"}],"replies":[{"embeddable":true,"href":"https:\/\/portaltela.pt\/api\/wp\/v2\/comments?post=390004"}],"version-history":[{"count":0,"href":"https:\/\/portaltela.pt\/api\/wp\/v2\/posts\/390004\/revisions"}],"wp:featuredmedia":[{"embeddable":true,"href":"https:\/\/portaltela.pt\/api\/wp\/v2\/media\/390006"}],"wp:attachment":[{"href":"https:\/\/portaltela.pt\/api\/wp\/v2\/media?parent=390004"}],"wp:term":[{"taxonomy":"category","embeddable":true,"href":"https:\/\/portaltela.pt\/api\/wp\/v2\/categories?post=390004"},{"taxonomy":"post_tag","embeddable":true,"href":"https:\/\/portaltela.pt\/api\/wp\/v2\/tags?post=390004"}],"curies":[{"name":"wp","href":"https:\/\/api.w.org\/{rel}","templated":true}]}}