{"id":390003,"date":"2026-02-26T18:29:00","date_gmt":"2026-02-26T21:29:00","guid":{"rendered":"https:\/\/portaltela.pt\/noticias\/2026\/02\/26\/juizes-impedidos-de-assinar-sentencas-por-atualizacao-informatica\/"},"modified":"2026-02-26T18:29:00","modified_gmt":"2026-02-26T21:29:00","slug":"juizes-impedidos-de-assinar-sentencas-por-atualizacao-informatica","status":"publish","type":"post","link":"https:\/\/portaltela.pt\/noticias\/2026\/02\/26\/juizes-impedidos-de-assinar-sentencas-por-atualizacao-informatica\/","title":{"rendered":"Ju\u00edzes impedidos de assinar senten\u00e7as por atualiza\u00e7\u00e3o inform\u00e1tica"},"content":{"rendered":"<p>Ju\u00edzes de todo o pa\u00eds estiveram nesta quinta-feira impedidos de assinar senten\u00e7as devido a uma atualiza\u00e7\u00e3o do sistema inform\u00e1tico dos tribunais. A falha afetou v\u00e1rias sec\u00e7\u00f5es do poder judicial e atrasou decis\u00f5es em diferentes zonas do territ\u00f3rio.<\/p>\n<p>O problema originou-se na atualiza\u00e7\u00e3o tecnol\u00f3gica, que visava modernizar o funcionamento do sistema de gest\u00e3o processual. Enquanto decorriam os trabalhos, n\u00e3o foi poss\u00edvel concluir certas dilig\u00eancias, refletindo-se na pr\u00e1tica em blocos de assinaturas.<\/p>\n<p>O presidente da Associa\u00e7\u00e3o Sindical de Ju\u00edzes Portugueses, Nuno Matos, descreveu a situa\u00e7\u00e3o como ca\u00f3tica. Mesmo assim, foi registada uma melhoria progressiva ao longo do dia, com o restabelecimento parcial de fun\u00e7\u00f5es.<\/p>\n<p>Ao final do dia, as falhas ainda n\u00e3o estavam completamente resolvidas em todos os tribunais, mas j\u00e1 havia avan\u00e7os que permitiram retomar, de forma gradual, a assinatura de senten\u00e7as. As autoridades judiciais n\u00e3o divulgaram n\u00fameros oficiais.<\/p>\n","protected":false},"excerpt":{"rendered":"<ul>\n<li>Ju\u00edzes de todo o pa\u00eds ficaram impossibilitados de assinar senten\u00e7as numa quinta-feira devido a uma atualiza\u00e7\u00e3o do sistema inform\u00e1tico dos tribunais.<\/li>\n<li>A situa\u00e7\u00e3o foi classificada como ca\u00f3tica pelo presidente da Associa\u00e7\u00e3o Sindical de Ju\u00edzes Portugueses, Nuno Matos.<\/li>\n<li>Houve melhorias no decorrer do dia, segundo a associa\u00e7\u00e3o.<\/li>\n<li>Mesmo assim, o problema permaneceu por resolver ao final do dia.<\/li>\n<li>A atualiza\u00e7\u00e3o visava modernizar o sistema dos tribunais e afetou o ato de assinatura de senten\u00e7as.<\/li>\n<\/ul>\n","protected":false},"author":2,"featured_media":390005,"comment_status":"closed","ping_status":"closed","sticky":false,"template":"","format":"standard","meta":{"footnotes":""},"categories":[1],"tags":[168,4272,223,803,5108,6208],"class_list":["post-390003","post","type-post","status-publish","format-standard","has-post-thumbnail","hentry","category-noticias","tag-administracao-publica","tag-assinaturas","tag-informatica","tag-justica","tag-poder-publico","tag-tribunais"],"yoast_head":"<!-- This site is optimized with the Yoast SEO plugin v27.2 - https:\/\/yoast.com\/product\/yoast-seo-wordpress\/ -->\n<title>Ju\u00edzes impedidos de assinar senten\u00e7as por atualiza\u00e7\u00e3o inform\u00e1tica - Portal Tela Portugal<\/title>\n<meta name=\"robots\" content=\"index, follow, max-snippet:-1, max-image-preview:large, max-video-preview:-1\" \/>\n<meta property=\"og:locale\" content=\"pt_PT\" \/>\n<meta property=\"og:type\" content=\"article\" \/>\n<meta property=\"og:title\" content=\"Ju\u00edzes impedidos de assinar senten\u00e7as por atualiza\u00e7\u00e3o inform\u00e1tica - Portal Tela Portugal\" \/>\n<meta property=\"og:description\" content=\"Ju\u00edzes de todo o pa\u00eds ficaram impossibilitados de assinar senten\u00e7as numa quinta-feira devido a uma atualiza\u00e7\u00e3o do sistema inform\u00e1tico dos tribunais. A situa\u00e7\u00e3o foi classificada como ca\u00f3tica pelo presidente da Associa\u00e7\u00e3o Sindical de Ju\u00edzes Portugueses, Nuno Matos. Houve melhorias no decorrer do dia, segundo a associa\u00e7\u00e3o. Mesmo assim, o problema permaneceu por resolver ao final do dia. A atualiza\u00e7\u00e3o visava modernizar o sistema dos tribunais e afetou o ato de assinatura de senten\u00e7as.\" \/>\n<meta property=\"og:url\" content=\"https:\/\/portaltela.pt\/noticias\/2026\/02\/26\/juizes-impedidos-de-assinar-sentencas-por-atualizacao-informatica\/\" \/>\n<meta property=\"og:site_name\" content=\"Portal Tela Portugal\" \/>\n<meta property=\"article:published_time\" content=\"2026-02-26T21:29:00+00:00\" \/>\n<meta name=\"author\" content=\"Telinha\" \/>\n<meta name=\"twitter:card\" content=\"summary_large_image\" \/>\n<meta name=\"twitter:label1\" content=\"Escrito por\" \/>\n\t<meta name=\"twitter:data1\" content=\"Telinha\" \/>\n\t<meta name=\"twitter:label2\" content=\"Tempo estimado de leitura\" \/>\n\t<meta name=\"twitter:data2\" content=\"1 minuto\" \/>\n<script type=\"application\/ld+json\" class=\"yoast-schema-graph\">{\"@context\":\"https:\/\/schema.org\",\"@graph\":[{\"@type\":\"Article\",\"@id\":\"https:\/\/portaltela.pt\/noticias\/2026\/02\/26\/juizes-impedidos-de-assinar-sentencas-por-atualizacao-informatica\/#article\",\"isPartOf\":{\"@id\":\"https:\/\/portaltela.pt\/noticias\/2026\/02\/26\/juizes-impedidos-de-assinar-sentencas-por-atualizacao-informatica\/\"},\"author\":{\"name\":\"Telinha\",\"@id\":\"https:\/\/portaltela.pt\/#\/schema\/person\/c4278d4a6028830caff9ee44b42d32ed\"},\"headline\":\"Ju\u00edzes impedidos de assinar senten\u00e7as por atualiza\u00e7\u00e3o inform\u00e1tica\",\"datePublished\":\"2026-02-26T21:29:00+00:00\",\"mainEntityOfPage\":{\"@id\":\"https:\/\/portaltela.pt\/noticias\/2026\/02\/26\/juizes-impedidos-de-assinar-sentencas-por-atualizacao-informatica\/\"},\"wordCount\":176,\"image\":{\"@id\":\"https:\/\/portaltela.pt\/noticias\/2026\/02\/26\/juizes-impedidos-de-assinar-sentencas-por-atualizacao-informatica\/#primaryimage\"},\"thumbnailUrl\":\"https:\/\/portaltela.pt\/s.01k8rhncp4jt1\/2026\/02\/2070154.jpg\",\"keywords\":[\"administra\u00e7\u00e3o p\u00fablica\",\"assinaturas\",\"inform\u00e1tica\",\"justi\u00e7a\",\"poder p\u00fablico\",\"Tribunais\"],\"articleSection\":[\"Not\u00edcias\"],\"inLanguage\":\"pt-PT\"},{\"@type\":\"WebPage\",\"@id\":\"https:\/\/portaltela.pt\/noticias\/2026\/02\/26\/juizes-impedidos-de-assinar-sentencas-por-atualizacao-informatica\/\",\"url\":\"https:\/\/portaltela.pt\/noticias\/2026\/02\/26\/juizes-impedidos-de-assinar-sentencas-por-atualizacao-informatica\/\",\"name\":\"Ju\u00edzes impedidos de assinar senten\u00e7as por atualiza\u00e7\u00e3o inform\u00e1tica - Portal Tela Portugal\",\"isPartOf\":{\"@id\":\"https:\/\/portaltela.pt\/#website\"},\"primaryImageOfPage\":{\"@id\":\"https:\/\/portaltela.pt\/noticias\/2026\/02\/26\/juizes-impedidos-de-assinar-sentencas-por-atualizacao-informatica\/#primaryimage\"},\"image\":{\"@id\":\"https:\/\/portaltela.pt\/noticias\/2026\/02\/26\/juizes-impedidos-de-assinar-sentencas-por-atualizacao-informatica\/#primaryimage\"},\"thumbnailUrl\":\"https:\/\/portaltela.pt\/s.01k8rhncp4jt1\/2026\/02\/2070154.jpg\",\"datePublished\":\"2026-02-26T21:29:00+00:00\",\"author\":{\"@id\":\"https:\/\/portaltela.pt\/#\/schema\/person\/c4278d4a6028830caff9ee44b42d32ed\"},\"breadcrumb\":{\"@id\":\"https:\/\/portaltela.pt\/noticias\/2026\/02\/26\/juizes-impedidos-de-assinar-sentencas-por-atualizacao-informatica\/#breadcrumb\"},\"inLanguage\":\"pt-PT\",\"potentialAction\":[{\"@type\":\"ReadAction\",\"target\":[\"https:\/\/portaltela.pt\/noticias\/2026\/02\/26\/juizes-impedidos-de-assinar-sentencas-por-atualizacao-informatica\/\"]}]},{\"@type\":\"ImageObject\",\"inLanguage\":\"pt-PT\",\"@id\":\"https:\/\/portaltela.pt\/noticias\/2026\/02\/26\/juizes-impedidos-de-assinar-sentencas-por-atualizacao-informatica\/#primaryimage\",\"url\":\"https:\/\/portaltela.pt\/s.01k8rhncp4jt1\/2026\/02\/2070154.jpg\",\"contentUrl\":\"https:\/\/portaltela.pt\/s.01k8rhncp4jt1\/2026\/02\/2070154.jpg\",\"width\":796,\"height\":448,\"caption\":\"\u201cFez-se isto a meio da semana e criou-se um caos\u201d, observa dirigente sindical dos ju\u00edzes\"},{\"@type\":\"BreadcrumbList\",\"@id\":\"https:\/\/portaltela.pt\/noticias\/2026\/02\/26\/juizes-impedidos-de-assinar-sentencas-por-atualizacao-informatica\/#breadcrumb\",\"itemListElement\":[{\"@type\":\"ListItem\",\"position\":1,\"name\":\"In\u00edcio\",\"item\":\"https:\/\/portaltela.pt\/\"},{\"@type\":\"ListItem\",\"position\":2,\"name\":\"Ju\u00edzes impedidos de assinar senten\u00e7as por atualiza\u00e7\u00e3o inform\u00e1tica\"}]},{\"@type\":\"WebSite\",\"@id\":\"https:\/\/portaltela.pt\/#website\",\"url\":\"https:\/\/portaltela.pt\/\",\"name\":\"Portal Tela Portugal\",\"description\":\"\",\"potentialAction\":[{\"@type\":\"SearchAction\",\"target\":{\"@type\":\"EntryPoint\",\"urlTemplate\":\"https:\/\/portaltela.pt\/?s={search_term_string}\"},\"query-input\":{\"@type\":\"PropertyValueSpecification\",\"valueRequired\":true,\"valueName\":\"search_term_string\"}}],\"inLanguage\":\"pt-PT\"},{\"@type\":\"Person\",\"@id\":\"https:\/\/portaltela.pt\/#\/schema\/person\/c4278d4a6028830caff9ee44b42d32ed\",\"name\":\"Telinha\",\"image\":{\"@type\":\"ImageObject\",\"inLanguage\":\"pt-PT\",\"@id\":\"https:\/\/portaltela.pt\/s.01k8rhncp4jt1\/2025\/11\/talking-bot-125x125.png\",\"url\":\"https:\/\/portaltela.pt\/s.01k8rhncp4jt1\/2025\/11\/talking-bot-125x125.png\",\"contentUrl\":\"https:\/\/portaltela.pt\/s.01k8rhncp4jt1\/2025\/11\/talking-bot-125x125.png\",\"caption\":\"Telinha\"},\"sameAs\":[\"https:\/\/portaltela.pt\/\"],\"url\":\"https:\/\/portaltela.pt\/por\/367410592786\/\"}]}<\/script>\n<!-- \/ Yoast SEO plugin. -->","yoast_head_json":{"title":"Ju\u00edzes impedidos de assinar senten\u00e7as por atualiza\u00e7\u00e3o inform\u00e1tica - Portal Tela Portugal","robots":{"index":"index","follow":"follow","max-snippet":"max-snippet:-1","max-image-preview":"max-image-preview:large","max-video-preview":"max-video-preview:-1"},"og_locale":"pt_PT","og_type":"article","og_title":"Ju\u00edzes impedidos de assinar senten\u00e7as por atualiza\u00e7\u00e3o inform\u00e1tica - Portal Tela Portugal","og_description":"Ju\u00edzes de todo o pa\u00eds ficaram impossibilitados de assinar senten\u00e7as numa quinta-feira devido a uma atualiza\u00e7\u00e3o do sistema inform\u00e1tico dos tribunais. A situa\u00e7\u00e3o foi classificada como ca\u00f3tica pelo presidente da Associa\u00e7\u00e3o Sindical de Ju\u00edzes Portugueses, Nuno Matos. Houve melhorias no decorrer do dia, segundo a associa\u00e7\u00e3o. Mesmo assim, o problema permaneceu por resolver ao final do dia. A atualiza\u00e7\u00e3o visava modernizar o sistema dos tribunais e afetou o ato de assinatura de senten\u00e7as.","og_url":"https:\/\/portaltela.pt\/noticias\/2026\/02\/26\/juizes-impedidos-de-assinar-sentencas-por-atualizacao-informatica\/","og_site_name":"Portal Tela Portugal","article_published_time":"2026-02-26T21:29:00+00:00","author":"Telinha","twitter_card":"summary_large_image","twitter_misc":{"Escrito por":"Telinha","Tempo estimado de leitura":"1 minuto"},"schema":{"@context":"https:\/\/schema.org","@graph":[{"@type":"Article","@id":"https:\/\/portaltela.pt\/noticias\/2026\/02\/26\/juizes-impedidos-de-assinar-sentencas-por-atualizacao-informatica\/#article","isPartOf":{"@id":"https:\/\/portaltela.pt\/noticias\/2026\/02\/26\/juizes-impedidos-de-assinar-sentencas-por-atualizacao-informatica\/"},"author":{"name":"Telinha","@id":"https:\/\/portaltela.pt\/#\/schema\/person\/c4278d4a6028830caff9ee44b42d32ed"},"headline":"Ju\u00edzes impedidos de assinar senten\u00e7as por atualiza\u00e7\u00e3o inform\u00e1tica","datePublished":"2026-02-26T21:29:00+00:00","mainEntityOfPage":{"@id":"https:\/\/portaltela.pt\/noticias\/2026\/02\/26\/juizes-impedidos-de-assinar-sentencas-por-atualizacao-informatica\/"},"wordCount":176,"image":{"@id":"https:\/\/portaltela.pt\/noticias\/2026\/02\/26\/juizes-impedidos-de-assinar-sentencas-por-atualizacao-informatica\/#primaryimage"},"thumbnailUrl":"https:\/\/portaltela.pt\/s.01k8rhncp4jt1\/2026\/02\/2070154.jpg","keywords":["administra\u00e7\u00e3o p\u00fablica","assinaturas","inform\u00e1tica","justi\u00e7a","poder p\u00fablico","Tribunais"],"articleSection":["Not\u00edcias"],"inLanguage":"pt-PT"},{"@type":"WebPage","@id":"https:\/\/portaltela.pt\/noticias\/2026\/02\/26\/juizes-impedidos-de-assinar-sentencas-por-atualizacao-informatica\/","url":"https:\/\/portaltela.pt\/noticias\/2026\/02\/26\/juizes-impedidos-de-assinar-sentencas-por-atualizacao-informatica\/","name":"Ju\u00edzes impedidos de assinar senten\u00e7as por atualiza\u00e7\u00e3o inform\u00e1tica - Portal Tela Portugal","isPartOf":{"@id":"https:\/\/portaltela.pt\/#website"},"primaryImageOfPage":{"@id":"https:\/\/portaltela.pt\/noticias\/2026\/02\/26\/juizes-impedidos-de-assinar-sentencas-por-atualizacao-informatica\/#primaryimage"},"image":{"@id":"https:\/\/portaltela.pt\/noticias\/2026\/02\/26\/juizes-impedidos-de-assinar-sentencas-por-atualizacao-informatica\/#primaryimage"},"thumbnailUrl":"https:\/\/portaltela.pt\/s.01k8rhncp4jt1\/2026\/02\/2070154.jpg","datePublished":"2026-02-26T21:29:00+00:00","author":{"@id":"https:\/\/portaltela.pt\/#\/schema\/person\/c4278d4a6028830caff9ee44b42d32ed"},"breadcrumb":{"@id":"https:\/\/portaltela.pt\/noticias\/2026\/02\/26\/juizes-impedidos-de-assinar-sentencas-por-atualizacao-informatica\/#breadcrumb"},"inLanguage":"pt-PT","potentialAction":[{"@type":"ReadAction","target":["https:\/\/portaltela.pt\/noticias\/2026\/02\/26\/juizes-impedidos-de-assinar-sentencas-por-atualizacao-informatica\/"]}]},{"@type":"ImageObject","inLanguage":"pt-PT","@id":"https:\/\/portaltela.pt\/noticias\/2026\/02\/26\/juizes-impedidos-de-assinar-sentencas-por-atualizacao-informatica\/#primaryimage","url":"https:\/\/portaltela.pt\/s.01k8rhncp4jt1\/2026\/02\/2070154.jpg","contentUrl":"https:\/\/portaltela.pt\/s.01k8rhncp4jt1\/2026\/02\/2070154.jpg","width":796,"height":448,"caption":"\u201cFez-se isto a meio da semana e criou-se um caos\u201d, observa dirigente sindical dos ju\u00edzes"},{"@type":"BreadcrumbList","@id":"https:\/\/portaltela.pt\/noticias\/2026\/02\/26\/juizes-impedidos-de-assinar-sentencas-por-atualizacao-informatica\/#breadcrumb","itemListElement":[{"@type":"ListItem","position":1,"name":"In\u00edcio","item":"https:\/\/portaltela.pt\/"},{"@type":"ListItem","position":2,"name":"Ju\u00edzes impedidos de assinar senten\u00e7as por atualiza\u00e7\u00e3o inform\u00e1tica"}]},{"@type":"WebSite","@id":"https:\/\/portaltela.pt\/#website","url":"https:\/\/portaltela.pt\/","name":"Portal Tela Portugal","description":"","potentialAction":[{"@type":"SearchAction","target":{"@type":"EntryPoint","urlTemplate":"https:\/\/portaltela.pt\/?s={search_term_string}"},"query-input":{"@type":"PropertyValueSpecification","valueRequired":true,"valueName":"search_term_string"}}],"inLanguage":"pt-PT"},{"@type":"Person","@id":"https:\/\/portaltela.pt\/#\/schema\/person\/c4278d4a6028830caff9ee44b42d32ed","name":"Telinha","image":{"@type":"ImageObject","inLanguage":"pt-PT","@id":"https:\/\/portaltela.pt\/s.01k8rhncp4jt1\/2025\/11\/talking-bot-125x125.png","url":"https:\/\/portaltela.pt\/s.01k8rhncp4jt1\/2025\/11\/talking-bot-125x125.png","contentUrl":"https:\/\/portaltela.pt\/s.01k8rhncp4jt1\/2025\/11\/talking-bot-125x125.png","caption":"Telinha"},"sameAs":["https:\/\/portaltela.pt\/"],"url":"https:\/\/portaltela.pt\/por\/367410592786\/"}]}},"_links":{"self":[{"href":"https:\/\/portaltela.pt\/api\/wp\/v2\/posts\/390003","targetHints":{"allow":["GET"]}}],"collection":[{"href":"https:\/\/portaltela.pt\/api\/wp\/v2\/posts"}],"about":[{"href":"https:\/\/portaltela.pt\/api\/wp\/v2\/types\/post"}],"author":[{"embeddable":true,"href":"https:\/\/portaltela.pt\/api\/wp\/v2\/users\/2"}],"replies":[{"embeddable":true,"href":"https:\/\/portaltela.pt\/api\/wp\/v2\/comments?post=390003"}],"version-history":[{"count":0,"href":"https:\/\/portaltela.pt\/api\/wp\/v2\/posts\/390003\/revisions"}],"wp:featuredmedia":[{"embeddable":true,"href":"https:\/\/portaltela.pt\/api\/wp\/v2\/media\/390005"}],"wp:attachment":[{"href":"https:\/\/portaltela.pt\/api\/wp\/v2\/media?parent=390003"}],"wp:term":[{"taxonomy":"category","embeddable":true,"href":"https:\/\/portaltela.pt\/api\/wp\/v2\/categories?post=390003"},{"taxonomy":"post_tag","embeddable":true,"href":"https:\/\/portaltela.pt\/api\/wp\/v2\/tags?post=390003"}],"curies":[{"name":"wp","href":"https:\/\/api.w.org\/{rel}","templated":true}]}}