{"id":389976,"date":"2026-02-26T18:27:00","date_gmt":"2026-02-26T21:27:00","guid":{"rendered":"https:\/\/portaltela.pt\/noticias\/2026\/02\/26\/moradora-teme-que-cheias-em-alges-se-repitam-e-causem-destruicao\/"},"modified":"2026-02-26T18:27:00","modified_gmt":"2026-02-26T21:27:00","slug":"moradora-teme-que-cheias-em-alges-se-repitam-e-causem-destruicao","status":"publish","type":"post","link":"https:\/\/portaltela.pt\/noticias\/2026\/02\/26\/moradora-teme-que-cheias-em-alges-se-repitam-e-causem-destruicao\/","title":{"rendered":"Moradora teme que cheias em Alg\u00e9s se repitam e causem destrui\u00e7\u00e3o"},"content":{"rendered":"<p>A destrui\u00e7\u00e3o causada pelas cheias em Alg\u00e9s voltou a ser tema de an\u00e1lise. Uma moradora da regi\u00e3o teme que o cen\u00e1rio de devasta\u00e7\u00e3o se repita com chuva intensa. O foco do relato \u00e9 a perspetiva de quem vive perto de \u00e1reas vulner\u00e1veis a inunda\u00e7\u00f5es.<\/p>\n<p>Segundo a reportagem, o epis\u00f3dio recente de cheias deixou estragos e gerou preocupa\u00e7\u00e3o entre residentes. A entrevista aponta para impactos na rotina, nos acessos e na seguran\u00e7a local, com especial \u00eanfase na recupera\u00e7\u00e3o das infraestruturas afetadas.<\/p>\n<p>O texto vincado pela segunda parte da investiga\u00e7\u00e3o publicada pela CMTV em 26 de fevereiro de 2025 destaca a necessidade de medidas de preven\u00e7\u00e3o. A moradora descreve ansiedade cont\u00ednua quando a previs\u00e3o aponta chuva significativa para a regi\u00e3o de Alg\u00e9s.<\/p>\n<p>A regi\u00e3o de Alg\u00e9s, integrada no concelho de Oeiras, tem hist\u00f3rico de cheias em \u00e1reas ribeirinhas. Autoridades locais referem planos de mitiga\u00e7\u00e3o e monitoriza\u00e7\u00e3o cont\u00ednua para reduzir vulnerabilidades em per\u00edodos de precipita\u00e7\u00e3o alta.<\/p>\n<p>Especialistas citados pela reportagem apontam para a import\u00e2ncia de obras de drenagem, manuten\u00e7\u00e3o de infraestruturas e campanhas de prepara\u00e7\u00e3o c\u00edvica. A mat\u00e9ria analisa ainda o tempo de resposta das autoridades durante ocorr\u00eancias recentes.<\/p>\n","protected":false},"excerpt":{"rendered":"<ul>\n<li>Moradora de Alg\u00e9s teme que o cen\u00e1rio de destrui\u00e7\u00e3o ap\u00f3s cheias se repita quando h\u00e1 chuva intensa.<\/li>\n<li>A not\u00edcia \u00e9 a segunda parte do Investiga\u00e7\u00e3o CM de 26 de fevereiro de 2025, transmitida pela CMTV.<\/li>\n<li>O foco \u00e9 a ansiedade da moradora durante per\u00edodos de chuva forte.<\/li>\n<li>O texto aborda epis\u00f3dios de cheias anteriores que causaram danos na regi\u00e3o de Alg\u00e9s.<\/li>\n<li>A reportagem insere-se no \u00e2mbito de uma investiga\u00e7\u00e3o jornal\u00edstica da CMTV.<\/li>\n<\/ul>\n","protected":false},"author":2,"featured_media":389990,"comment_status":"closed","ping_status":"closed","sticky":false,"template":"","format":"standard","meta":{"footnotes":""},"categories":[1],"tags":[1523,258,2293,1198,5099,250],"class_list":["post-389976","post","type-post","status-publish","format-standard","has-post-thumbnail","hentry","category-noticias","tag-alges","tag-infraestruturas","tag-inundacoes","tag-oeiras","tag-protecao-civil-municipal","tag-seguranca-publica"],"yoast_head":"<!-- This site is optimized with the Yoast SEO plugin v27.2 - https:\/\/yoast.com\/product\/yoast-seo-wordpress\/ -->\n<title>Moradora teme que cheias em Alg\u00e9s se repitam e causem destrui\u00e7\u00e3o - Portal Tela Portugal<\/title>\n<meta name=\"robots\" content=\"index, follow, max-snippet:-1, max-image-preview:large, max-video-preview:-1\" \/>\n<meta property=\"og:locale\" content=\"pt_PT\" \/>\n<meta property=\"og:type\" content=\"article\" \/>\n<meta property=\"og:title\" content=\"Moradora teme que cheias em Alg\u00e9s se repitam e causem destrui\u00e7\u00e3o - Portal Tela Portugal\" \/>\n<meta property=\"og:description\" content=\"Moradora de Alg\u00e9s teme que o cen\u00e1rio de destrui\u00e7\u00e3o ap\u00f3s cheias se repita quando h\u00e1 chuva intensa. A not\u00edcia \u00e9 a segunda parte do Investiga\u00e7\u00e3o CM de 26 de fevereiro de 2025, transmitida pela CMTV. O foco \u00e9 a ansiedade da moradora durante per\u00edodos de chuva forte. O texto aborda epis\u00f3dios de cheias anteriores que causaram danos na regi\u00e3o de Alg\u00e9s. A reportagem insere-se no \u00e2mbito de uma investiga\u00e7\u00e3o jornal\u00edstica da CMTV.\" \/>\n<meta property=\"og:url\" content=\"https:\/\/portaltela.pt\/noticias\/2026\/02\/26\/moradora-teme-que-cheias-em-alges-se-repitam-e-causem-destruicao\/\" \/>\n<meta property=\"og:site_name\" content=\"Portal Tela Portugal\" \/>\n<meta property=\"article:published_time\" content=\"2026-02-26T21:27:00+00:00\" \/>\n<meta name=\"author\" content=\"Telinha\" \/>\n<meta name=\"twitter:card\" content=\"summary_large_image\" \/>\n<meta name=\"twitter:label1\" content=\"Escrito por\" \/>\n\t<meta name=\"twitter:data1\" content=\"Telinha\" \/>\n\t<meta name=\"twitter:label2\" content=\"Tempo estimado de leitura\" \/>\n\t<meta name=\"twitter:data2\" content=\"1 minuto\" \/>\n<script type=\"application\/ld+json\" class=\"yoast-schema-graph\">{\"@context\":\"https:\/\/schema.org\",\"@graph\":[{\"@type\":\"Article\",\"@id\":\"https:\/\/portaltela.pt\/noticias\/2026\/02\/26\/moradora-teme-que-cheias-em-alges-se-repitam-e-causem-destruicao\/#article\",\"isPartOf\":{\"@id\":\"https:\/\/portaltela.pt\/noticias\/2026\/02\/26\/moradora-teme-que-cheias-em-alges-se-repitam-e-causem-destruicao\/\"},\"author\":{\"name\":\"Telinha\",\"@id\":\"https:\/\/portaltela.pt\/#\/schema\/person\/c4278d4a6028830caff9ee44b42d32ed\"},\"headline\":\"Moradora teme que cheias em Alg\u00e9s se repitam e causem destrui\u00e7\u00e3o\",\"datePublished\":\"2026-02-26T21:27:00+00:00\",\"mainEntityOfPage\":{\"@id\":\"https:\/\/portaltela.pt\/noticias\/2026\/02\/26\/moradora-teme-que-cheias-em-alges-se-repitam-e-causem-destruicao\/\"},\"wordCount\":228,\"image\":{\"@id\":\"https:\/\/portaltela.pt\/noticias\/2026\/02\/26\/moradora-teme-que-cheias-em-alges-se-repitam-e-causem-destruicao\/#primaryimage\"},\"thumbnailUrl\":\"https:\/\/portaltela.pt\/s.01k8rhncp4jt1\/2026\/02\/img_1280x722uu2026-02-26-19-34-11-2269219.jpg\",\"keywords\":[\"Alg\u00e9s\",\"infraestruturas\",\"inunda\u00e7\u00f5es\",\"Oeiras\",\"Prote\u00e7\u00e3o Civil Municipal\",\"seguran\u00e7a p\u00fablica\"],\"articleSection\":[\"Not\u00edcias\"],\"inLanguage\":\"pt-PT\"},{\"@type\":\"WebPage\",\"@id\":\"https:\/\/portaltela.pt\/noticias\/2026\/02\/26\/moradora-teme-que-cheias-em-alges-se-repitam-e-causem-destruicao\/\",\"url\":\"https:\/\/portaltela.pt\/noticias\/2026\/02\/26\/moradora-teme-que-cheias-em-alges-se-repitam-e-causem-destruicao\/\",\"name\":\"Moradora teme que cheias em Alg\u00e9s se repitam e causem destrui\u00e7\u00e3o - Portal Tela Portugal\",\"isPartOf\":{\"@id\":\"https:\/\/portaltela.pt\/#website\"},\"primaryImageOfPage\":{\"@id\":\"https:\/\/portaltela.pt\/noticias\/2026\/02\/26\/moradora-teme-que-cheias-em-alges-se-repitam-e-causem-destruicao\/#primaryimage\"},\"image\":{\"@id\":\"https:\/\/portaltela.pt\/noticias\/2026\/02\/26\/moradora-teme-que-cheias-em-alges-se-repitam-e-causem-destruicao\/#primaryimage\"},\"thumbnailUrl\":\"https:\/\/portaltela.pt\/s.01k8rhncp4jt1\/2026\/02\/img_1280x722uu2026-02-26-19-34-11-2269219.jpg\",\"datePublished\":\"2026-02-26T21:27:00+00:00\",\"author\":{\"@id\":\"https:\/\/portaltela.pt\/#\/schema\/person\/c4278d4a6028830caff9ee44b42d32ed\"},\"breadcrumb\":{\"@id\":\"https:\/\/portaltela.pt\/noticias\/2026\/02\/26\/moradora-teme-que-cheias-em-alges-se-repitam-e-causem-destruicao\/#breadcrumb\"},\"inLanguage\":\"pt-PT\",\"potentialAction\":[{\"@type\":\"ReadAction\",\"target\":[\"https:\/\/portaltela.pt\/noticias\/2026\/02\/26\/moradora-teme-que-cheias-em-alges-se-repitam-e-causem-destruicao\/\"]}]},{\"@type\":\"ImageObject\",\"inLanguage\":\"pt-PT\",\"@id\":\"https:\/\/portaltela.pt\/noticias\/2026\/02\/26\/moradora-teme-que-cheias-em-alges-se-repitam-e-causem-destruicao\/#primaryimage\",\"url\":\"https:\/\/portaltela.pt\/s.01k8rhncp4jt1\/2026\/02\/img_1280x722uu2026-02-26-19-34-11-2269219.jpg\",\"contentUrl\":\"https:\/\/portaltela.pt\/s.01k8rhncp4jt1\/2026\/02\/img_1280x722uu2026-02-26-19-34-11-2269219.jpg\",\"width\":796,\"height\":448,\"caption\":\"Photo\"},{\"@type\":\"BreadcrumbList\",\"@id\":\"https:\/\/portaltela.pt\/noticias\/2026\/02\/26\/moradora-teme-que-cheias-em-alges-se-repitam-e-causem-destruicao\/#breadcrumb\",\"itemListElement\":[{\"@type\":\"ListItem\",\"position\":1,\"name\":\"In\u00edcio\",\"item\":\"https:\/\/portaltela.pt\/\"},{\"@type\":\"ListItem\",\"position\":2,\"name\":\"Moradora teme que cheias em Alg\u00e9s se repitam e causem destrui\u00e7\u00e3o\"}]},{\"@type\":\"WebSite\",\"@id\":\"https:\/\/portaltela.pt\/#website\",\"url\":\"https:\/\/portaltela.pt\/\",\"name\":\"Portal Tela Portugal\",\"description\":\"\",\"potentialAction\":[{\"@type\":\"SearchAction\",\"target\":{\"@type\":\"EntryPoint\",\"urlTemplate\":\"https:\/\/portaltela.pt\/?s={search_term_string}\"},\"query-input\":{\"@type\":\"PropertyValueSpecification\",\"valueRequired\":true,\"valueName\":\"search_term_string\"}}],\"inLanguage\":\"pt-PT\"},{\"@type\":\"Person\",\"@id\":\"https:\/\/portaltela.pt\/#\/schema\/person\/c4278d4a6028830caff9ee44b42d32ed\",\"name\":\"Telinha\",\"image\":{\"@type\":\"ImageObject\",\"inLanguage\":\"pt-PT\",\"@id\":\"https:\/\/portaltela.pt\/s.01k8rhncp4jt1\/2025\/11\/talking-bot-125x125.png\",\"url\":\"https:\/\/portaltela.pt\/s.01k8rhncp4jt1\/2025\/11\/talking-bot-125x125.png\",\"contentUrl\":\"https:\/\/portaltela.pt\/s.01k8rhncp4jt1\/2025\/11\/talking-bot-125x125.png\",\"caption\":\"Telinha\"},\"sameAs\":[\"https:\/\/portaltela.pt\/\"],\"url\":\"https:\/\/portaltela.pt\/por\/367410592786\/\"}]}<\/script>\n<!-- \/ Yoast SEO plugin. -->","yoast_head_json":{"title":"Moradora teme que cheias em Alg\u00e9s se repitam e causem destrui\u00e7\u00e3o - Portal Tela Portugal","robots":{"index":"index","follow":"follow","max-snippet":"max-snippet:-1","max-image-preview":"max-image-preview:large","max-video-preview":"max-video-preview:-1"},"og_locale":"pt_PT","og_type":"article","og_title":"Moradora teme que cheias em Alg\u00e9s se repitam e causem destrui\u00e7\u00e3o - Portal Tela Portugal","og_description":"Moradora de Alg\u00e9s teme que o cen\u00e1rio de destrui\u00e7\u00e3o ap\u00f3s cheias se repita quando h\u00e1 chuva intensa. A not\u00edcia \u00e9 a segunda parte do Investiga\u00e7\u00e3o CM de 26 de fevereiro de 2025, transmitida pela CMTV. O foco \u00e9 a ansiedade da moradora durante per\u00edodos de chuva forte. O texto aborda epis\u00f3dios de cheias anteriores que causaram danos na regi\u00e3o de Alg\u00e9s. A reportagem insere-se no \u00e2mbito de uma investiga\u00e7\u00e3o jornal\u00edstica da CMTV.","og_url":"https:\/\/portaltela.pt\/noticias\/2026\/02\/26\/moradora-teme-que-cheias-em-alges-se-repitam-e-causem-destruicao\/","og_site_name":"Portal Tela Portugal","article_published_time":"2026-02-26T21:27:00+00:00","author":"Telinha","twitter_card":"summary_large_image","twitter_misc":{"Escrito por":"Telinha","Tempo estimado de leitura":"1 minuto"},"schema":{"@context":"https:\/\/schema.org","@graph":[{"@type":"Article","@id":"https:\/\/portaltela.pt\/noticias\/2026\/02\/26\/moradora-teme-que-cheias-em-alges-se-repitam-e-causem-destruicao\/#article","isPartOf":{"@id":"https:\/\/portaltela.pt\/noticias\/2026\/02\/26\/moradora-teme-que-cheias-em-alges-se-repitam-e-causem-destruicao\/"},"author":{"name":"Telinha","@id":"https:\/\/portaltela.pt\/#\/schema\/person\/c4278d4a6028830caff9ee44b42d32ed"},"headline":"Moradora teme que cheias em Alg\u00e9s se repitam e causem destrui\u00e7\u00e3o","datePublished":"2026-02-26T21:27:00+00:00","mainEntityOfPage":{"@id":"https:\/\/portaltela.pt\/noticias\/2026\/02\/26\/moradora-teme-que-cheias-em-alges-se-repitam-e-causem-destruicao\/"},"wordCount":228,"image":{"@id":"https:\/\/portaltela.pt\/noticias\/2026\/02\/26\/moradora-teme-que-cheias-em-alges-se-repitam-e-causem-destruicao\/#primaryimage"},"thumbnailUrl":"https:\/\/portaltela.pt\/s.01k8rhncp4jt1\/2026\/02\/img_1280x722uu2026-02-26-19-34-11-2269219.jpg","keywords":["Alg\u00e9s","infraestruturas","inunda\u00e7\u00f5es","Oeiras","Prote\u00e7\u00e3o Civil Municipal","seguran\u00e7a p\u00fablica"],"articleSection":["Not\u00edcias"],"inLanguage":"pt-PT"},{"@type":"WebPage","@id":"https:\/\/portaltela.pt\/noticias\/2026\/02\/26\/moradora-teme-que-cheias-em-alges-se-repitam-e-causem-destruicao\/","url":"https:\/\/portaltela.pt\/noticias\/2026\/02\/26\/moradora-teme-que-cheias-em-alges-se-repitam-e-causem-destruicao\/","name":"Moradora teme que cheias em Alg\u00e9s se repitam e causem destrui\u00e7\u00e3o - Portal Tela Portugal","isPartOf":{"@id":"https:\/\/portaltela.pt\/#website"},"primaryImageOfPage":{"@id":"https:\/\/portaltela.pt\/noticias\/2026\/02\/26\/moradora-teme-que-cheias-em-alges-se-repitam-e-causem-destruicao\/#primaryimage"},"image":{"@id":"https:\/\/portaltela.pt\/noticias\/2026\/02\/26\/moradora-teme-que-cheias-em-alges-se-repitam-e-causem-destruicao\/#primaryimage"},"thumbnailUrl":"https:\/\/portaltela.pt\/s.01k8rhncp4jt1\/2026\/02\/img_1280x722uu2026-02-26-19-34-11-2269219.jpg","datePublished":"2026-02-26T21:27:00+00:00","author":{"@id":"https:\/\/portaltela.pt\/#\/schema\/person\/c4278d4a6028830caff9ee44b42d32ed"},"breadcrumb":{"@id":"https:\/\/portaltela.pt\/noticias\/2026\/02\/26\/moradora-teme-que-cheias-em-alges-se-repitam-e-causem-destruicao\/#breadcrumb"},"inLanguage":"pt-PT","potentialAction":[{"@type":"ReadAction","target":["https:\/\/portaltela.pt\/noticias\/2026\/02\/26\/moradora-teme-que-cheias-em-alges-se-repitam-e-causem-destruicao\/"]}]},{"@type":"ImageObject","inLanguage":"pt-PT","@id":"https:\/\/portaltela.pt\/noticias\/2026\/02\/26\/moradora-teme-que-cheias-em-alges-se-repitam-e-causem-destruicao\/#primaryimage","url":"https:\/\/portaltela.pt\/s.01k8rhncp4jt1\/2026\/02\/img_1280x722uu2026-02-26-19-34-11-2269219.jpg","contentUrl":"https:\/\/portaltela.pt\/s.01k8rhncp4jt1\/2026\/02\/img_1280x722uu2026-02-26-19-34-11-2269219.jpg","width":796,"height":448,"caption":"Photo"},{"@type":"BreadcrumbList","@id":"https:\/\/portaltela.pt\/noticias\/2026\/02\/26\/moradora-teme-que-cheias-em-alges-se-repitam-e-causem-destruicao\/#breadcrumb","itemListElement":[{"@type":"ListItem","position":1,"name":"In\u00edcio","item":"https:\/\/portaltela.pt\/"},{"@type":"ListItem","position":2,"name":"Moradora teme que cheias em Alg\u00e9s se repitam e causem destrui\u00e7\u00e3o"}]},{"@type":"WebSite","@id":"https:\/\/portaltela.pt\/#website","url":"https:\/\/portaltela.pt\/","name":"Portal Tela Portugal","description":"","potentialAction":[{"@type":"SearchAction","target":{"@type":"EntryPoint","urlTemplate":"https:\/\/portaltela.pt\/?s={search_term_string}"},"query-input":{"@type":"PropertyValueSpecification","valueRequired":true,"valueName":"search_term_string"}}],"inLanguage":"pt-PT"},{"@type":"Person","@id":"https:\/\/portaltela.pt\/#\/schema\/person\/c4278d4a6028830caff9ee44b42d32ed","name":"Telinha","image":{"@type":"ImageObject","inLanguage":"pt-PT","@id":"https:\/\/portaltela.pt\/s.01k8rhncp4jt1\/2025\/11\/talking-bot-125x125.png","url":"https:\/\/portaltela.pt\/s.01k8rhncp4jt1\/2025\/11\/talking-bot-125x125.png","contentUrl":"https:\/\/portaltela.pt\/s.01k8rhncp4jt1\/2025\/11\/talking-bot-125x125.png","caption":"Telinha"},"sameAs":["https:\/\/portaltela.pt\/"],"url":"https:\/\/portaltela.pt\/por\/367410592786\/"}]}},"_links":{"self":[{"href":"https:\/\/portaltela.pt\/api\/wp\/v2\/posts\/389976","targetHints":{"allow":["GET"]}}],"collection":[{"href":"https:\/\/portaltela.pt\/api\/wp\/v2\/posts"}],"about":[{"href":"https:\/\/portaltela.pt\/api\/wp\/v2\/types\/post"}],"author":[{"embeddable":true,"href":"https:\/\/portaltela.pt\/api\/wp\/v2\/users\/2"}],"replies":[{"embeddable":true,"href":"https:\/\/portaltela.pt\/api\/wp\/v2\/comments?post=389976"}],"version-history":[{"count":0,"href":"https:\/\/portaltela.pt\/api\/wp\/v2\/posts\/389976\/revisions"}],"wp:featuredmedia":[{"embeddable":true,"href":"https:\/\/portaltela.pt\/api\/wp\/v2\/media\/389990"}],"wp:attachment":[{"href":"https:\/\/portaltela.pt\/api\/wp\/v2\/media?parent=389976"}],"wp:term":[{"taxonomy":"category","embeddable":true,"href":"https:\/\/portaltela.pt\/api\/wp\/v2\/categories?post=389976"},{"taxonomy":"post_tag","embeddable":true,"href":"https:\/\/portaltela.pt\/api\/wp\/v2\/tags?post=389976"}],"curies":[{"name":"wp","href":"https:\/\/api.w.org\/{rel}","templated":true}]}}