{"id":389965,"date":"2026-02-26T18:09:00","date_gmt":"2026-02-26T21:09:00","guid":{"rendered":"https:\/\/portaltela.pt\/noticias\/2026\/02\/26\/autarca-de-coimbra-admite-exagero-e-apoia-agricultores-em-confronto-com-ministro\/"},"modified":"2026-02-26T18:09:00","modified_gmt":"2026-02-26T21:09:00","slug":"autarca-de-coimbra-admite-exagero-e-apoia-agricultores-em-confronto-com-ministro","status":"publish","type":"post","link":"https:\/\/portaltela.pt\/noticias\/politica\/2026\/02\/26\/autarca-de-coimbra-admite-exagero-e-apoia-agricultores-em-confronto-com-ministro\/","title":{"rendered":"Autarca de Coimbra admite exagero e apoia agricultores em confronto com ministro"},"content":{"rendered":"<p>A presidente da C\u00e2mara Municipal de Coimbra, Ana Abrunhosa, admitiu que pode ter exagerado durante o encontro com o ministro da Agricultura, Jos\u00e9 Manuel Fernandes. A interven\u00e7\u00e3o ganhou destaque medi\u00e1tico pelas imagens televisivas.<\/p>\n<p>Em entrevista ao programa Doze \u00e0s 10, da TVI, a autarca explicou que a a\u00e7\u00e3o visou defender os agricultores da regi\u00e3o afetados pelas tempestades. As emo\u00e7\u00f5es, disse, falaram mais alto durante o momento.<\/p>\n<p>A cozinaria explicou ainda que chegou atrasada ao encontro devido a um deslizamento de terras que obrigou ao encerramento do mercado municipal, onde passara a manh\u00e3. Avisou o gabinete do ministro sobre o atraso.<\/p>\n<p>A autarca, que j\u00e1 foi ministra da Coes\u00e3o Territorial, afirmou que a situa\u00e7\u00e3o acabou por se resolver. Admite ter exagerado e disse que o ministro manteve di\u00e1logo com autarcas e agricultores.<\/p>\n<p>O objetivo da interven\u00e7\u00e3o foi defender medidas r\u00e1pidas para os produtores com graves dificuldades. Abrunhosa refor\u00e7ou que a disponibilidade do ministro para ouvir o terreno \u00e9 essencial para pol\u00edticas eficazes.<\/p>\n<p>Ela explicou que, apesar do atraso de horas, houve oportunidade de di\u00e1logo e entendimento. Refor\u00e7ou ainda que n\u00e3o guarda ressentimentos e que a reuni\u00e3o serviu para colocar o problema em evid\u00eancia.<\/p>\n<h3>Defesa dos agricultores e cr\u00edticas \u00e0 gest\u00e3o do tempo<\/h3>\n<p>Para a autarca, \u00e9 crucial que as autoridades escutem primeiro o terreno antes de falar publicamente. Alegou que h\u00e1 casos em que a comunica\u00e7\u00e3o social s\u00f3 surge depois da reuni\u00e3o, o que, neste caso, n\u00e3o ocorreu.<\/p>\n","protected":false},"excerpt":{"rendered":"<ul>\n<li>A presidente da C\u00e2mara Municipal de Coimbra, Ana Abrunhosa, disse que pode ter exagerado no encontro com o ministro da Agricultura, Jos\u00e9 Manuel Fernandes, ao defender os agricultores afetados pelas tempestades.<\/li>\n<li>O atraso ao local aconteceu por causa de um deslizamento de terras que encerrou o mercado municipal, e Abrunhosa informou o ministro do atraso previamente.<\/li>\n<li>Ela explicou que, ao chegar, percebeu que o ministro j\u00e1 falava com jornalistas, e afirmou ter questionado o que pretendia fazer; disse que as emo\u00e7\u00f5es falaram mais alto.<\/li>\n<li>A autarca afirmou que tudo acabou por se resolver e que o ministro manteve disposi\u00e7\u00e3o para ouvir os autarcas e agricultores, chegando a conversar bastante com eles.<\/li>\n<li>Reiterou que o objetivo foi defender os agricultores, criticou o tempo de resposta e destacou a import\u00e2ncia de ouvir o terreno antes de se dirigir \u00e0 comunica\u00e7\u00e3o social, garantindo que n\u00e3o h\u00e1 consequ\u00eancias pol\u00edticas.<\/li>\n<\/ul>\n","protected":false},"author":2,"featured_media":389970,"comment_status":"closed","ping_status":"closed","sticky":false,"template":"","format":"standard","meta":{"footnotes":""},"categories":[1,5],"tags":[4914,6416,5901,1070,3735,133],"class_list":["post-389965","post","type-post","status-publish","format-standard","has-post-thumbnail","hentry","category-noticias","category-politica","tag-a-agricultura","tag-agricultores","tag-ana-abrunhosa","tag-coimbra","tag-deslizamentos","tag-politicas-publicas"],"yoast_head":"<!-- This site is optimized with the Yoast SEO plugin v27.2 - https:\/\/yoast.com\/product\/yoast-seo-wordpress\/ -->\n<title>Autarca de Coimbra admite exagero e apoia agricultores em confronto com ministro - Portal Tela Portugal<\/title>\n<meta name=\"robots\" content=\"index, follow, max-snippet:-1, max-image-preview:large, max-video-preview:-1\" \/>\n<meta property=\"og:locale\" content=\"pt_PT\" \/>\n<meta property=\"og:type\" content=\"article\" \/>\n<meta property=\"og:title\" content=\"Autarca de Coimbra admite exagero e apoia agricultores em confronto com ministro - Portal Tela Portugal\" \/>\n<meta property=\"og:description\" content=\"A presidente da C\u00e2mara Municipal de Coimbra, Ana Abrunhosa, disse que pode ter exagerado no encontro com o ministro da Agricultura, Jos\u00e9 Manuel Fernandes, ao defender os agricultores afetados pelas tempestades. O atraso ao local aconteceu por causa de um deslizamento de terras que encerrou o mercado municipal, e Abrunhosa informou o ministro do atraso previamente. Ela explicou que, ao chegar, percebeu que o ministro j\u00e1 falava com jornalistas, e afirmou ter questionado o que pretendia fazer; disse que as emo\u00e7\u00f5es falaram mais alto. A autarca afirmou que tudo acabou por se resolver e que o ministro manteve disposi\u00e7\u00e3o para ouvir os autarcas e agricultores, chegando a conversar bastante com eles. Reiterou que o objetivo foi defender os agricultores, criticou o tempo de resposta e destacou a import\u00e2ncia de ouvir o terreno antes de se dirigir \u00e0 comunica\u00e7\u00e3o social, garantindo que n\u00e3o h\u00e1 consequ\u00eancias pol\u00edticas.\" \/>\n<meta property=\"og:url\" content=\"https:\/\/portaltela.pt\/noticias\/2026\/02\/26\/autarca-de-coimbra-admite-exagero-e-apoia-agricultores-em-confronto-com-ministro\/\" \/>\n<meta property=\"og:site_name\" content=\"Portal Tela Portugal\" \/>\n<meta property=\"article:published_time\" content=\"2026-02-26T21:09:00+00:00\" \/>\n<meta name=\"author\" content=\"Telinha\" \/>\n<meta name=\"twitter:card\" content=\"summary_large_image\" \/>\n<meta name=\"twitter:label1\" content=\"Escrito por\" \/>\n\t<meta name=\"twitter:data1\" content=\"Telinha\" \/>\n\t<meta name=\"twitter:label2\" content=\"Tempo estimado de leitura\" \/>\n\t<meta name=\"twitter:data2\" content=\"1 minuto\" \/>\n<script type=\"application\/ld+json\" class=\"yoast-schema-graph\">{\"@context\":\"https:\/\/schema.org\",\"@graph\":[{\"@type\":\"Article\",\"@id\":\"https:\/\/portaltela.pt\/noticias\/2026\/02\/26\/autarca-de-coimbra-admite-exagero-e-apoia-agricultores-em-confronto-com-ministro\/#article\",\"isPartOf\":{\"@id\":\"https:\/\/portaltela.pt\/noticias\/2026\/02\/26\/autarca-de-coimbra-admite-exagero-e-apoia-agricultores-em-confronto-com-ministro\/\"},\"author\":{\"name\":\"Telinha\",\"@id\":\"https:\/\/portaltela.pt\/#\/schema\/person\/c4278d4a6028830caff9ee44b42d32ed\"},\"headline\":\"Autarca de Coimbra admite exagero e apoia agricultores em confronto com ministro\",\"datePublished\":\"2026-02-26T21:09:00+00:00\",\"mainEntityOfPage\":{\"@id\":\"https:\/\/portaltela.pt\/noticias\/2026\/02\/26\/autarca-de-coimbra-admite-exagero-e-apoia-agricultores-em-confronto-com-ministro\/\"},\"wordCount\":268,\"image\":{\"@id\":\"https:\/\/portaltela.pt\/noticias\/2026\/02\/26\/autarca-de-coimbra-admite-exagero-e-apoia-agricultores-em-confronto-com-ministro\/#primaryimage\"},\"thumbnailUrl\":\"https:\/\/portaltela.pt\/s.01k8rhncp4jt1\/2026\/02\/image-1961.jpg\",\"keywords\":[\"A agricultura\",\"agricultores\",\"Ana Abrunhosa\",\"Coimbra\",\"deslizamentos\",\"pol\u00edticas p\u00fablicas\"],\"articleSection\":[\"Not\u00edcias\",\"Pol\u00edtica\"],\"inLanguage\":\"pt-PT\"},{\"@type\":\"WebPage\",\"@id\":\"https:\/\/portaltela.pt\/noticias\/2026\/02\/26\/autarca-de-coimbra-admite-exagero-e-apoia-agricultores-em-confronto-com-ministro\/\",\"url\":\"https:\/\/portaltela.pt\/noticias\/2026\/02\/26\/autarca-de-coimbra-admite-exagero-e-apoia-agricultores-em-confronto-com-ministro\/\",\"name\":\"Autarca de Coimbra admite exagero e apoia agricultores em confronto com ministro - Portal Tela Portugal\",\"isPartOf\":{\"@id\":\"https:\/\/portaltela.pt\/#website\"},\"primaryImageOfPage\":{\"@id\":\"https:\/\/portaltela.pt\/noticias\/2026\/02\/26\/autarca-de-coimbra-admite-exagero-e-apoia-agricultores-em-confronto-com-ministro\/#primaryimage\"},\"image\":{\"@id\":\"https:\/\/portaltela.pt\/noticias\/2026\/02\/26\/autarca-de-coimbra-admite-exagero-e-apoia-agricultores-em-confronto-com-ministro\/#primaryimage\"},\"thumbnailUrl\":\"https:\/\/portaltela.pt\/s.01k8rhncp4jt1\/2026\/02\/image-1961.jpg\",\"datePublished\":\"2026-02-26T21:09:00+00:00\",\"author\":{\"@id\":\"https:\/\/portaltela.pt\/#\/schema\/person\/c4278d4a6028830caff9ee44b42d32ed\"},\"breadcrumb\":{\"@id\":\"https:\/\/portaltela.pt\/noticias\/2026\/02\/26\/autarca-de-coimbra-admite-exagero-e-apoia-agricultores-em-confronto-com-ministro\/#breadcrumb\"},\"inLanguage\":\"pt-PT\",\"potentialAction\":[{\"@type\":\"ReadAction\",\"target\":[\"https:\/\/portaltela.pt\/noticias\/2026\/02\/26\/autarca-de-coimbra-admite-exagero-e-apoia-agricultores-em-confronto-com-ministro\/\"]}]},{\"@type\":\"ImageObject\",\"inLanguage\":\"pt-PT\",\"@id\":\"https:\/\/portaltela.pt\/noticias\/2026\/02\/26\/autarca-de-coimbra-admite-exagero-e-apoia-agricultores-em-confronto-com-ministro\/#primaryimage\",\"url\":\"https:\/\/portaltela.pt\/s.01k8rhncp4jt1\/2026\/02\/image-1961.jpg\",\"contentUrl\":\"https:\/\/portaltela.pt\/s.01k8rhncp4jt1\/2026\/02\/image-1961.jpg\",\"width\":796,\"height\":448,\"caption\":\"O ministro da Agricultura e Mar, Jos\u00e9 Manuel Fernandes, e a presidente da C\u00e2mara Municipal de Coimbra, Ana Abrunhosa, durante um desentendimento na visita \u00e0s obras de repara\u00e7\u00e3o nas bacias do rio Mondego\"},{\"@type\":\"BreadcrumbList\",\"@id\":\"https:\/\/portaltela.pt\/noticias\/2026\/02\/26\/autarca-de-coimbra-admite-exagero-e-apoia-agricultores-em-confronto-com-ministro\/#breadcrumb\",\"itemListElement\":[{\"@type\":\"ListItem\",\"position\":1,\"name\":\"In\u00edcio\",\"item\":\"https:\/\/portaltela.pt\/\"},{\"@type\":\"ListItem\",\"position\":2,\"name\":\"Autarca de Coimbra admite exagero e apoia agricultores em confronto com ministro\"}]},{\"@type\":\"WebSite\",\"@id\":\"https:\/\/portaltela.pt\/#website\",\"url\":\"https:\/\/portaltela.pt\/\",\"name\":\"Portal Tela Portugal\",\"description\":\"\",\"potentialAction\":[{\"@type\":\"SearchAction\",\"target\":{\"@type\":\"EntryPoint\",\"urlTemplate\":\"https:\/\/portaltela.pt\/?s={search_term_string}\"},\"query-input\":{\"@type\":\"PropertyValueSpecification\",\"valueRequired\":true,\"valueName\":\"search_term_string\"}}],\"inLanguage\":\"pt-PT\"},{\"@type\":\"Person\",\"@id\":\"https:\/\/portaltela.pt\/#\/schema\/person\/c4278d4a6028830caff9ee44b42d32ed\",\"name\":\"Telinha\",\"image\":{\"@type\":\"ImageObject\",\"inLanguage\":\"pt-PT\",\"@id\":\"https:\/\/portaltela.pt\/s.01k8rhncp4jt1\/2025\/11\/talking-bot-125x125.png\",\"url\":\"https:\/\/portaltela.pt\/s.01k8rhncp4jt1\/2025\/11\/talking-bot-125x125.png\",\"contentUrl\":\"https:\/\/portaltela.pt\/s.01k8rhncp4jt1\/2025\/11\/talking-bot-125x125.png\",\"caption\":\"Telinha\"},\"sameAs\":[\"https:\/\/portaltela.pt\/\"],\"url\":\"https:\/\/portaltela.pt\/por\/367410592786\/\"}]}<\/script>\n<!-- \/ Yoast SEO plugin. -->","yoast_head_json":{"title":"Autarca de Coimbra admite exagero e apoia agricultores em confronto com ministro - Portal Tela Portugal","robots":{"index":"index","follow":"follow","max-snippet":"max-snippet:-1","max-image-preview":"max-image-preview:large","max-video-preview":"max-video-preview:-1"},"og_locale":"pt_PT","og_type":"article","og_title":"Autarca de Coimbra admite exagero e apoia agricultores em confronto com ministro - Portal Tela Portugal","og_description":"A presidente da C\u00e2mara Municipal de Coimbra, Ana Abrunhosa, disse que pode ter exagerado no encontro com o ministro da Agricultura, Jos\u00e9 Manuel Fernandes, ao defender os agricultores afetados pelas tempestades. O atraso ao local aconteceu por causa de um deslizamento de terras que encerrou o mercado municipal, e Abrunhosa informou o ministro do atraso previamente. Ela explicou que, ao chegar, percebeu que o ministro j\u00e1 falava com jornalistas, e afirmou ter questionado o que pretendia fazer; disse que as emo\u00e7\u00f5es falaram mais alto. A autarca afirmou que tudo acabou por se resolver e que o ministro manteve disposi\u00e7\u00e3o para ouvir os autarcas e agricultores, chegando a conversar bastante com eles. Reiterou que o objetivo foi defender os agricultores, criticou o tempo de resposta e destacou a import\u00e2ncia de ouvir o terreno antes de se dirigir \u00e0 comunica\u00e7\u00e3o social, garantindo que n\u00e3o h\u00e1 consequ\u00eancias pol\u00edticas.","og_url":"https:\/\/portaltela.pt\/noticias\/2026\/02\/26\/autarca-de-coimbra-admite-exagero-e-apoia-agricultores-em-confronto-com-ministro\/","og_site_name":"Portal Tela Portugal","article_published_time":"2026-02-26T21:09:00+00:00","author":"Telinha","twitter_card":"summary_large_image","twitter_misc":{"Escrito por":"Telinha","Tempo estimado de leitura":"1 minuto"},"schema":{"@context":"https:\/\/schema.org","@graph":[{"@type":"Article","@id":"https:\/\/portaltela.pt\/noticias\/2026\/02\/26\/autarca-de-coimbra-admite-exagero-e-apoia-agricultores-em-confronto-com-ministro\/#article","isPartOf":{"@id":"https:\/\/portaltela.pt\/noticias\/2026\/02\/26\/autarca-de-coimbra-admite-exagero-e-apoia-agricultores-em-confronto-com-ministro\/"},"author":{"name":"Telinha","@id":"https:\/\/portaltela.pt\/#\/schema\/person\/c4278d4a6028830caff9ee44b42d32ed"},"headline":"Autarca de Coimbra admite exagero e apoia agricultores em confronto com ministro","datePublished":"2026-02-26T21:09:00+00:00","mainEntityOfPage":{"@id":"https:\/\/portaltela.pt\/noticias\/2026\/02\/26\/autarca-de-coimbra-admite-exagero-e-apoia-agricultores-em-confronto-com-ministro\/"},"wordCount":268,"image":{"@id":"https:\/\/portaltela.pt\/noticias\/2026\/02\/26\/autarca-de-coimbra-admite-exagero-e-apoia-agricultores-em-confronto-com-ministro\/#primaryimage"},"thumbnailUrl":"https:\/\/portaltela.pt\/s.01k8rhncp4jt1\/2026\/02\/image-1961.jpg","keywords":["A agricultura","agricultores","Ana Abrunhosa","Coimbra","deslizamentos","pol\u00edticas p\u00fablicas"],"articleSection":["Not\u00edcias","Pol\u00edtica"],"inLanguage":"pt-PT"},{"@type":"WebPage","@id":"https:\/\/portaltela.pt\/noticias\/2026\/02\/26\/autarca-de-coimbra-admite-exagero-e-apoia-agricultores-em-confronto-com-ministro\/","url":"https:\/\/portaltela.pt\/noticias\/2026\/02\/26\/autarca-de-coimbra-admite-exagero-e-apoia-agricultores-em-confronto-com-ministro\/","name":"Autarca de Coimbra admite exagero e apoia agricultores em confronto com ministro - Portal Tela Portugal","isPartOf":{"@id":"https:\/\/portaltela.pt\/#website"},"primaryImageOfPage":{"@id":"https:\/\/portaltela.pt\/noticias\/2026\/02\/26\/autarca-de-coimbra-admite-exagero-e-apoia-agricultores-em-confronto-com-ministro\/#primaryimage"},"image":{"@id":"https:\/\/portaltela.pt\/noticias\/2026\/02\/26\/autarca-de-coimbra-admite-exagero-e-apoia-agricultores-em-confronto-com-ministro\/#primaryimage"},"thumbnailUrl":"https:\/\/portaltela.pt\/s.01k8rhncp4jt1\/2026\/02\/image-1961.jpg","datePublished":"2026-02-26T21:09:00+00:00","author":{"@id":"https:\/\/portaltela.pt\/#\/schema\/person\/c4278d4a6028830caff9ee44b42d32ed"},"breadcrumb":{"@id":"https:\/\/portaltela.pt\/noticias\/2026\/02\/26\/autarca-de-coimbra-admite-exagero-e-apoia-agricultores-em-confronto-com-ministro\/#breadcrumb"},"inLanguage":"pt-PT","potentialAction":[{"@type":"ReadAction","target":["https:\/\/portaltela.pt\/noticias\/2026\/02\/26\/autarca-de-coimbra-admite-exagero-e-apoia-agricultores-em-confronto-com-ministro\/"]}]},{"@type":"ImageObject","inLanguage":"pt-PT","@id":"https:\/\/portaltela.pt\/noticias\/2026\/02\/26\/autarca-de-coimbra-admite-exagero-e-apoia-agricultores-em-confronto-com-ministro\/#primaryimage","url":"https:\/\/portaltela.pt\/s.01k8rhncp4jt1\/2026\/02\/image-1961.jpg","contentUrl":"https:\/\/portaltela.pt\/s.01k8rhncp4jt1\/2026\/02\/image-1961.jpg","width":796,"height":448,"caption":"O ministro da Agricultura e Mar, Jos\u00e9 Manuel Fernandes, e a presidente da C\u00e2mara Municipal de Coimbra, Ana Abrunhosa, durante um desentendimento na visita \u00e0s obras de repara\u00e7\u00e3o nas bacias do rio Mondego"},{"@type":"BreadcrumbList","@id":"https:\/\/portaltela.pt\/noticias\/2026\/02\/26\/autarca-de-coimbra-admite-exagero-e-apoia-agricultores-em-confronto-com-ministro\/#breadcrumb","itemListElement":[{"@type":"ListItem","position":1,"name":"In\u00edcio","item":"https:\/\/portaltela.pt\/"},{"@type":"ListItem","position":2,"name":"Autarca de Coimbra admite exagero e apoia agricultores em confronto com ministro"}]},{"@type":"WebSite","@id":"https:\/\/portaltela.pt\/#website","url":"https:\/\/portaltela.pt\/","name":"Portal Tela Portugal","description":"","potentialAction":[{"@type":"SearchAction","target":{"@type":"EntryPoint","urlTemplate":"https:\/\/portaltela.pt\/?s={search_term_string}"},"query-input":{"@type":"PropertyValueSpecification","valueRequired":true,"valueName":"search_term_string"}}],"inLanguage":"pt-PT"},{"@type":"Person","@id":"https:\/\/portaltela.pt\/#\/schema\/person\/c4278d4a6028830caff9ee44b42d32ed","name":"Telinha","image":{"@type":"ImageObject","inLanguage":"pt-PT","@id":"https:\/\/portaltela.pt\/s.01k8rhncp4jt1\/2025\/11\/talking-bot-125x125.png","url":"https:\/\/portaltela.pt\/s.01k8rhncp4jt1\/2025\/11\/talking-bot-125x125.png","contentUrl":"https:\/\/portaltela.pt\/s.01k8rhncp4jt1\/2025\/11\/talking-bot-125x125.png","caption":"Telinha"},"sameAs":["https:\/\/portaltela.pt\/"],"url":"https:\/\/portaltela.pt\/por\/367410592786\/"}]}},"_links":{"self":[{"href":"https:\/\/portaltela.pt\/api\/wp\/v2\/posts\/389965","targetHints":{"allow":["GET"]}}],"collection":[{"href":"https:\/\/portaltela.pt\/api\/wp\/v2\/posts"}],"about":[{"href":"https:\/\/portaltela.pt\/api\/wp\/v2\/types\/post"}],"author":[{"embeddable":true,"href":"https:\/\/portaltela.pt\/api\/wp\/v2\/users\/2"}],"replies":[{"embeddable":true,"href":"https:\/\/portaltela.pt\/api\/wp\/v2\/comments?post=389965"}],"version-history":[{"count":0,"href":"https:\/\/portaltela.pt\/api\/wp\/v2\/posts\/389965\/revisions"}],"wp:featuredmedia":[{"embeddable":true,"href":"https:\/\/portaltela.pt\/api\/wp\/v2\/media\/389970"}],"wp:attachment":[{"href":"https:\/\/portaltela.pt\/api\/wp\/v2\/media?parent=389965"}],"wp:term":[{"taxonomy":"category","embeddable":true,"href":"https:\/\/portaltela.pt\/api\/wp\/v2\/categories?post=389965"},{"taxonomy":"post_tag","embeddable":true,"href":"https:\/\/portaltela.pt\/api\/wp\/v2\/tags?post=389965"}],"curies":[{"name":"wp","href":"https:\/\/api.w.org\/{rel}","templated":true}]}}