{"id":389934,"date":"2026-02-26T17:17:00","date_gmt":"2026-02-26T20:17:00","guid":{"rendered":"https:\/\/portaltela.pt\/noticias\/2026\/02\/26\/porto-mira-recuperar-39-ilhas-com-reabilitacao-da-foz-velha\/"},"modified":"2026-02-26T17:17:00","modified_gmt":"2026-02-26T20:17:00","slug":"porto-mira-recuperar-39-ilhas-com-reabilitacao-da-foz-velha","status":"publish","type":"post","link":"https:\/\/portaltela.pt\/noticias\/2026\/02\/26\/porto-mira-recuperar-39-ilhas-com-reabilitacao-da-foz-velha\/","title":{"rendered":"Porto mira recuperar 39 ilhas com reabilita\u00e7\u00e3o da Foz Velha"},"content":{"rendered":"<p>Pelo mapa da Foz Velha, 39 ilhas formam os tradicionais conjuntos de habita\u00e7\u00f5es oper\u00e1rias do Porto. A C\u00e2mara Municipal do Porto prop\u00f5e, com a Opera\u00e7\u00e3o de Reabilita\u00e7\u00e3o Urbana (ORU) da Foz Velha, a sua recupera\u00e7\u00e3o, a ser votada a 3 de fevereiro.<\/p>\n<p>O objetivo \u00e9 melhorar salubridade, habitabilidade e morfologia destes conjuntos, que ocupam pouco mais de um hectare. O estado de cada ilha varia, com estimativas de obras ligeiras em 30,8%, obras profundas em 55,37% e reconstru\u00e7\u00e3o ou constru\u00e7\u00e3o nova em 13,83%.<\/p>\n<p>A estimativa global de investimento soma 11,5 milh\u00f5es de euros. O projeto visa manter os conjuntos sempre que poss\u00edvel, resguardando a funcionalidade e a viv\u00eancia urbana, sem descurar o espa\u00e7o envolvente. Investidores t\u00eam adquirido ilhas, com impactos na perman\u00eancia de moradores hist\u00f3ricos.<\/p>\n<h3>Interven\u00e7\u00e3o na Esplanada do Castelo<\/h3>\n<p>Na mesma reuni\u00e3o p\u00fablica, o executivo vota a submiss\u00e3o do projeto da ORU da Foz Velha \u00e0 discuss\u00e3o p\u00fablica e o envio para o Instituto da Habita\u00e7\u00e3o e da Reabilita\u00e7\u00e3o Urbana, para parecer n\u00e3o vinculativo. As propostas abrangem tamb\u00e9m a reorganiza\u00e7\u00e3o de espa\u00e7os simb\u00f3licos da zona at\u00e9 2031.<\/p>\n<p>A Esplanada do Castelo sofrer\u00e1 uma requalifica\u00e7\u00e3o com \u00e1reas de estadia diversificadas e percursos para diferentes p\u00fablicos e eventos, com foco em conforto e seguran\u00e7a do pe\u00e3o. Ser\u00e1 alvo de redu\u00e7\u00e3o da exposi\u00e7\u00e3o ao ru\u00eddo rodovi\u00e1rio, atrav\u00e9s de altera\u00e7\u00e3o do pavimento.<\/p>\n<h3>Outras requalifica\u00e7\u00f5es previstas<\/h3>\n<p>O plano assenta na requalifica\u00e7\u00e3o do Forte de S. Jo\u00e3o Baptista, com cria\u00e7\u00e3o de um espa\u00e7o interpretativo e museol\u00f3gico, e na requalifica\u00e7\u00e3o do antigo sanat\u00f3rio, incluindo a sua poss\u00edvel ocupa\u00e7\u00e3o para v\u00e1rias val\u00eancias culturais e cient\u00edficas, com custos estimados de 4 milh\u00f5es e 1,3 milh\u00e3o, respetivamente.<\/p>\n<p>Al\u00e9m disso, a reabilita\u00e7\u00e3o de espa\u00e7os verdes junto ao Douro e \u00e0 frente atl\u00e2ntica visa aproximar a Foz Velha da \u00e1gua, tornando-a espa\u00e7o p\u00fablico por excel\u00eancia. Nos jardins Jardim do Passeio Alegre, Jardim dos Ingleses, Jardim de Sobreiras e no Espa\u00e7o Verde do Molhe Novo est\u00e3o previstos trabalhos de pavimento e mobili\u00e1rio.<\/p>\n<h3>Infraestruturas e mobilidade<\/h3>\n<p>Entre as a\u00e7\u00f5es, destaca-se a cria\u00e7\u00e3o de uma ciclovia estruturante que segue a marginal, com 2,45 quil\u00f3metros entre o Jardim dos Ingleses e o Jardim do C\u00e1lem. O custo estimado \u00e9 de 612,5 mil euros, com previs\u00e3o de implementa\u00e7\u00e3o entre 2028 e 2035. Outros espa\u00e7os da Foz tamb\u00e9m devem receber interven\u00e7\u00f5es, incluindo a Pra\u00e7a de Li\u00e8ge e o Jardim Antero de Figueiredo, entre outros pontos.<\/p>\n","protected":false},"excerpt":{"rendered":"<ul>\n<li>O Porto avan\u00e7a com a Opera\u00e7\u00e3o de Reabilita\u00e7\u00e3o Urbana da Foz Velha para recuperar 39 ilhas habitacionais privadas, com melhoria de salubridade, habitabilidade e morfologia, num investimento estimado de 11,5 milh\u00f5es de euros.<\/li>\n<li>A ORU prev\u00ea mudan\u00e7as na Esplanada do Castelo at\u00e9 2031 e interven\u00e7\u00f5es em espa\u00e7os simb\u00f3licos como o Jardim do Passeio Alegre e o Jardim dos Ingleses, com cria\u00e7\u00e3o de ciclovia.<\/li>\n<li>As 39 ilhas, que ocupam pouco mais de um hectare, apresentam, segundo o diagn\u00f3stico, obras ligeiras em 30,8 por cento, obras profundas em 55,37 por cento e reconstru\u00e7\u00e3o ou constru\u00e7\u00e3o nova em 13,83 por cento.<\/li>\n<li>Al\u00e9m das ilhas, a reabilita\u00e7\u00e3o envolve o sanat\u00f3rio da Foz do Douro (investimento de 1,3 milh\u00f5es de euros, at\u00e9 2031) e o Forte de S. Jo\u00e3o Baptista (quatro milh\u00f5es de euros), com requalifica\u00e7\u00e3o de espa\u00e7os verdes junto \u00e0 frente ribeira.<\/li>\n<li>Tamb\u00e9m est\u00e1 prevista uma ciclovia estructurante de 2,45 quil\u00f3metros entre Jardim dos Ingleses e Jardim do C\u00e1lem, com custo de 612,5 mil euros, prevista entre 2028 e 2035.<\/li>\n<\/ul>\n","protected":false},"author":2,"featured_media":389938,"comment_status":"closed","ping_status":"closed","sticky":false,"template":"","format":"standard","meta":{"footnotes":""},"categories":[1],"tags":[1194,2257,1615,3263,982,189],"class_list":["post-389934","post","type-post","status-publish","format-standard","has-post-thumbnail","hentry","category-noticias","tag-douro","tag-espacos-publicos","tag-infraestrutura","tag-mobilidade-urbana","tag-porto","tag-urbanismo"],"yoast_head":"<!-- This site is optimized with the Yoast SEO plugin v27.2 - https:\/\/yoast.com\/product\/yoast-seo-wordpress\/ -->\n<title>Porto mira recuperar 39 ilhas com reabilita\u00e7\u00e3o da Foz Velha - Portal Tela Portugal<\/title>\n<meta name=\"robots\" content=\"index, follow, max-snippet:-1, max-image-preview:large, max-video-preview:-1\" \/>\n<meta property=\"og:locale\" content=\"pt_PT\" \/>\n<meta property=\"og:type\" content=\"article\" \/>\n<meta property=\"og:title\" content=\"Porto mira recuperar 39 ilhas com reabilita\u00e7\u00e3o da Foz Velha - Portal Tela Portugal\" \/>\n<meta property=\"og:description\" content=\"O Porto avan\u00e7a com a Opera\u00e7\u00e3o de Reabilita\u00e7\u00e3o Urbana da Foz Velha para recuperar 39 ilhas habitacionais privadas, com melhoria de salubridade, habitabilidade e morfologia, num investimento estimado de 11,5 milh\u00f5es de euros. A ORU prev\u00ea mudan\u00e7as na Esplanada do Castelo at\u00e9 2031 e interven\u00e7\u00f5es em espa\u00e7os simb\u00f3licos como o Jardim do Passeio Alegre e o Jardim dos Ingleses, com cria\u00e7\u00e3o de ciclovia. As 39 ilhas, que ocupam pouco mais de um hectare, apresentam, segundo o diagn\u00f3stico, obras ligeiras em 30,8 por cento, obras profundas em 55,37 por cento e reconstru\u00e7\u00e3o ou constru\u00e7\u00e3o nova em 13,83 por cento. Al\u00e9m das ilhas, a reabilita\u00e7\u00e3o envolve o sanat\u00f3rio da Foz do Douro (investimento de 1,3 milh\u00f5es de euros, at\u00e9 2031) e o Forte de S. Jo\u00e3o Baptista (quatro milh\u00f5es de euros), com requalifica\u00e7\u00e3o de espa\u00e7os verdes junto \u00e0 frente ribeira. Tamb\u00e9m est\u00e1 prevista uma ciclovia estructurante de 2,45 quil\u00f3metros entre Jardim dos Ingleses e Jardim do C\u00e1lem, com custo de 612,5 mil euros, prevista entre 2028 e 2035.\" \/>\n<meta property=\"og:url\" content=\"https:\/\/portaltela.pt\/noticias\/2026\/02\/26\/porto-mira-recuperar-39-ilhas-com-reabilitacao-da-foz-velha\/\" \/>\n<meta property=\"og:site_name\" content=\"Portal Tela Portugal\" \/>\n<meta property=\"article:published_time\" content=\"2026-02-26T20:17:00+00:00\" \/>\n<meta name=\"author\" content=\"Telinha\" \/>\n<meta name=\"twitter:card\" content=\"summary_large_image\" \/>\n<meta name=\"twitter:label1\" content=\"Escrito por\" \/>\n\t<meta name=\"twitter:data1\" content=\"Telinha\" \/>\n\t<meta name=\"twitter:label2\" content=\"Tempo estimado de leitura\" \/>\n\t<meta name=\"twitter:data2\" content=\"2 minutos\" \/>\n<script type=\"application\/ld+json\" class=\"yoast-schema-graph\">{\"@context\":\"https:\/\/schema.org\",\"@graph\":[{\"@type\":\"Article\",\"@id\":\"https:\/\/portaltela.pt\/noticias\/2026\/02\/26\/porto-mira-recuperar-39-ilhas-com-reabilitacao-da-foz-velha\/#article\",\"isPartOf\":{\"@id\":\"https:\/\/portaltela.pt\/noticias\/2026\/02\/26\/porto-mira-recuperar-39-ilhas-com-reabilitacao-da-foz-velha\/\"},\"author\":{\"name\":\"Telinha\",\"@id\":\"https:\/\/portaltela.pt\/#\/schema\/person\/c4278d4a6028830caff9ee44b42d32ed\"},\"headline\":\"Porto mira recuperar 39 ilhas com reabilita\u00e7\u00e3o da Foz Velha\",\"datePublished\":\"2026-02-26T20:17:00+00:00\",\"mainEntityOfPage\":{\"@id\":\"https:\/\/portaltela.pt\/noticias\/2026\/02\/26\/porto-mira-recuperar-39-ilhas-com-reabilitacao-da-foz-velha\/\"},\"wordCount\":456,\"image\":{\"@id\":\"https:\/\/portaltela.pt\/noticias\/2026\/02\/26\/porto-mira-recuperar-39-ilhas-com-reabilitacao-da-foz-velha\/#primaryimage\"},\"thumbnailUrl\":\"https:\/\/portaltela.pt\/s.01k8rhncp4jt1\/2026\/02\/tpUHdbIMAGENStypeJPGshare1oBarraFacebook_Publico-29.jpg\",\"keywords\":[\"Douro\",\"Espa\u00e7os p\u00fablicos\",\"infraestrutura\",\"mobilidade urbana\",\"Porto\",\"urbanismo\"],\"articleSection\":[\"Not\u00edcias\"],\"inLanguage\":\"pt-PT\"},{\"@type\":\"WebPage\",\"@id\":\"https:\/\/portaltela.pt\/noticias\/2026\/02\/26\/porto-mira-recuperar-39-ilhas-com-reabilitacao-da-foz-velha\/\",\"url\":\"https:\/\/portaltela.pt\/noticias\/2026\/02\/26\/porto-mira-recuperar-39-ilhas-com-reabilitacao-da-foz-velha\/\",\"name\":\"Porto mira recuperar 39 ilhas com reabilita\u00e7\u00e3o da Foz Velha - Portal Tela Portugal\",\"isPartOf\":{\"@id\":\"https:\/\/portaltela.pt\/#website\"},\"primaryImageOfPage\":{\"@id\":\"https:\/\/portaltela.pt\/noticias\/2026\/02\/26\/porto-mira-recuperar-39-ilhas-com-reabilitacao-da-foz-velha\/#primaryimage\"},\"image\":{\"@id\":\"https:\/\/portaltela.pt\/noticias\/2026\/02\/26\/porto-mira-recuperar-39-ilhas-com-reabilitacao-da-foz-velha\/#primaryimage\"},\"thumbnailUrl\":\"https:\/\/portaltela.pt\/s.01k8rhncp4jt1\/2026\/02\/tpUHdbIMAGENStypeJPGshare1oBarraFacebook_Publico-29.jpg\",\"datePublished\":\"2026-02-26T20:17:00+00:00\",\"author\":{\"@id\":\"https:\/\/portaltela.pt\/#\/schema\/person\/c4278d4a6028830caff9ee44b42d32ed\"},\"breadcrumb\":{\"@id\":\"https:\/\/portaltela.pt\/noticias\/2026\/02\/26\/porto-mira-recuperar-39-ilhas-com-reabilitacao-da-foz-velha\/#breadcrumb\"},\"inLanguage\":\"pt-PT\",\"potentialAction\":[{\"@type\":\"ReadAction\",\"target\":[\"https:\/\/portaltela.pt\/noticias\/2026\/02\/26\/porto-mira-recuperar-39-ilhas-com-reabilitacao-da-foz-velha\/\"]}]},{\"@type\":\"ImageObject\",\"inLanguage\":\"pt-PT\",\"@id\":\"https:\/\/portaltela.pt\/noticias\/2026\/02\/26\/porto-mira-recuperar-39-ilhas-com-reabilitacao-da-foz-velha\/#primaryimage\",\"url\":\"https:\/\/portaltela.pt\/s.01k8rhncp4jt1\/2026\/02\/tpUHdbIMAGENStypeJPGshare1oBarraFacebook_Publico-29.jpg\",\"contentUrl\":\"https:\/\/portaltela.pt\/s.01k8rhncp4jt1\/2026\/02\/tpUHdbIMAGENStypeJPGshare1oBarraFacebook_Publico-29.jpg\",\"width\":1200,\"height\":630,\"caption\":\"Interven\u00e7\u00e3o no Passeio Alegre est\u00e1 prevista da ORU da Foz Velha do Porto\"},{\"@type\":\"BreadcrumbList\",\"@id\":\"https:\/\/portaltela.pt\/noticias\/2026\/02\/26\/porto-mira-recuperar-39-ilhas-com-reabilitacao-da-foz-velha\/#breadcrumb\",\"itemListElement\":[{\"@type\":\"ListItem\",\"position\":1,\"name\":\"In\u00edcio\",\"item\":\"https:\/\/portaltela.pt\/\"},{\"@type\":\"ListItem\",\"position\":2,\"name\":\"Porto mira recuperar 39 ilhas com reabilita\u00e7\u00e3o da Foz Velha\"}]},{\"@type\":\"WebSite\",\"@id\":\"https:\/\/portaltela.pt\/#website\",\"url\":\"https:\/\/portaltela.pt\/\",\"name\":\"Portal Tela Portugal\",\"description\":\"\",\"potentialAction\":[{\"@type\":\"SearchAction\",\"target\":{\"@type\":\"EntryPoint\",\"urlTemplate\":\"https:\/\/portaltela.pt\/?s={search_term_string}\"},\"query-input\":{\"@type\":\"PropertyValueSpecification\",\"valueRequired\":true,\"valueName\":\"search_term_string\"}}],\"inLanguage\":\"pt-PT\"},{\"@type\":\"Person\",\"@id\":\"https:\/\/portaltela.pt\/#\/schema\/person\/c4278d4a6028830caff9ee44b42d32ed\",\"name\":\"Telinha\",\"image\":{\"@type\":\"ImageObject\",\"inLanguage\":\"pt-PT\",\"@id\":\"https:\/\/portaltela.pt\/s.01k8rhncp4jt1\/2025\/11\/talking-bot-125x125.png\",\"url\":\"https:\/\/portaltela.pt\/s.01k8rhncp4jt1\/2025\/11\/talking-bot-125x125.png\",\"contentUrl\":\"https:\/\/portaltela.pt\/s.01k8rhncp4jt1\/2025\/11\/talking-bot-125x125.png\",\"caption\":\"Telinha\"},\"sameAs\":[\"https:\/\/portaltela.pt\/\"],\"url\":\"https:\/\/portaltela.pt\/por\/367410592786\/\"}]}<\/script>\n<!-- \/ Yoast SEO plugin. -->","yoast_head_json":{"title":"Porto mira recuperar 39 ilhas com reabilita\u00e7\u00e3o da Foz Velha - Portal Tela Portugal","robots":{"index":"index","follow":"follow","max-snippet":"max-snippet:-1","max-image-preview":"max-image-preview:large","max-video-preview":"max-video-preview:-1"},"og_locale":"pt_PT","og_type":"article","og_title":"Porto mira recuperar 39 ilhas com reabilita\u00e7\u00e3o da Foz Velha - Portal Tela Portugal","og_description":"O Porto avan\u00e7a com a Opera\u00e7\u00e3o de Reabilita\u00e7\u00e3o Urbana da Foz Velha para recuperar 39 ilhas habitacionais privadas, com melhoria de salubridade, habitabilidade e morfologia, num investimento estimado de 11,5 milh\u00f5es de euros. A ORU prev\u00ea mudan\u00e7as na Esplanada do Castelo at\u00e9 2031 e interven\u00e7\u00f5es em espa\u00e7os simb\u00f3licos como o Jardim do Passeio Alegre e o Jardim dos Ingleses, com cria\u00e7\u00e3o de ciclovia. As 39 ilhas, que ocupam pouco mais de um hectare, apresentam, segundo o diagn\u00f3stico, obras ligeiras em 30,8 por cento, obras profundas em 55,37 por cento e reconstru\u00e7\u00e3o ou constru\u00e7\u00e3o nova em 13,83 por cento. Al\u00e9m das ilhas, a reabilita\u00e7\u00e3o envolve o sanat\u00f3rio da Foz do Douro (investimento de 1,3 milh\u00f5es de euros, at\u00e9 2031) e o Forte de S. Jo\u00e3o Baptista (quatro milh\u00f5es de euros), com requalifica\u00e7\u00e3o de espa\u00e7os verdes junto \u00e0 frente ribeira. Tamb\u00e9m est\u00e1 prevista uma ciclovia estructurante de 2,45 quil\u00f3metros entre Jardim dos Ingleses e Jardim do C\u00e1lem, com custo de 612,5 mil euros, prevista entre 2028 e 2035.","og_url":"https:\/\/portaltela.pt\/noticias\/2026\/02\/26\/porto-mira-recuperar-39-ilhas-com-reabilitacao-da-foz-velha\/","og_site_name":"Portal Tela Portugal","article_published_time":"2026-02-26T20:17:00+00:00","author":"Telinha","twitter_card":"summary_large_image","twitter_misc":{"Escrito por":"Telinha","Tempo estimado de leitura":"2 minutos"},"schema":{"@context":"https:\/\/schema.org","@graph":[{"@type":"Article","@id":"https:\/\/portaltela.pt\/noticias\/2026\/02\/26\/porto-mira-recuperar-39-ilhas-com-reabilitacao-da-foz-velha\/#article","isPartOf":{"@id":"https:\/\/portaltela.pt\/noticias\/2026\/02\/26\/porto-mira-recuperar-39-ilhas-com-reabilitacao-da-foz-velha\/"},"author":{"name":"Telinha","@id":"https:\/\/portaltela.pt\/#\/schema\/person\/c4278d4a6028830caff9ee44b42d32ed"},"headline":"Porto mira recuperar 39 ilhas com reabilita\u00e7\u00e3o da Foz Velha","datePublished":"2026-02-26T20:17:00+00:00","mainEntityOfPage":{"@id":"https:\/\/portaltela.pt\/noticias\/2026\/02\/26\/porto-mira-recuperar-39-ilhas-com-reabilitacao-da-foz-velha\/"},"wordCount":456,"image":{"@id":"https:\/\/portaltela.pt\/noticias\/2026\/02\/26\/porto-mira-recuperar-39-ilhas-com-reabilitacao-da-foz-velha\/#primaryimage"},"thumbnailUrl":"https:\/\/portaltela.pt\/s.01k8rhncp4jt1\/2026\/02\/tpUHdbIMAGENStypeJPGshare1oBarraFacebook_Publico-29.jpg","keywords":["Douro","Espa\u00e7os p\u00fablicos","infraestrutura","mobilidade urbana","Porto","urbanismo"],"articleSection":["Not\u00edcias"],"inLanguage":"pt-PT"},{"@type":"WebPage","@id":"https:\/\/portaltela.pt\/noticias\/2026\/02\/26\/porto-mira-recuperar-39-ilhas-com-reabilitacao-da-foz-velha\/","url":"https:\/\/portaltela.pt\/noticias\/2026\/02\/26\/porto-mira-recuperar-39-ilhas-com-reabilitacao-da-foz-velha\/","name":"Porto mira recuperar 39 ilhas com reabilita\u00e7\u00e3o da Foz Velha - Portal Tela Portugal","isPartOf":{"@id":"https:\/\/portaltela.pt\/#website"},"primaryImageOfPage":{"@id":"https:\/\/portaltela.pt\/noticias\/2026\/02\/26\/porto-mira-recuperar-39-ilhas-com-reabilitacao-da-foz-velha\/#primaryimage"},"image":{"@id":"https:\/\/portaltela.pt\/noticias\/2026\/02\/26\/porto-mira-recuperar-39-ilhas-com-reabilitacao-da-foz-velha\/#primaryimage"},"thumbnailUrl":"https:\/\/portaltela.pt\/s.01k8rhncp4jt1\/2026\/02\/tpUHdbIMAGENStypeJPGshare1oBarraFacebook_Publico-29.jpg","datePublished":"2026-02-26T20:17:00+00:00","author":{"@id":"https:\/\/portaltela.pt\/#\/schema\/person\/c4278d4a6028830caff9ee44b42d32ed"},"breadcrumb":{"@id":"https:\/\/portaltela.pt\/noticias\/2026\/02\/26\/porto-mira-recuperar-39-ilhas-com-reabilitacao-da-foz-velha\/#breadcrumb"},"inLanguage":"pt-PT","potentialAction":[{"@type":"ReadAction","target":["https:\/\/portaltela.pt\/noticias\/2026\/02\/26\/porto-mira-recuperar-39-ilhas-com-reabilitacao-da-foz-velha\/"]}]},{"@type":"ImageObject","inLanguage":"pt-PT","@id":"https:\/\/portaltela.pt\/noticias\/2026\/02\/26\/porto-mira-recuperar-39-ilhas-com-reabilitacao-da-foz-velha\/#primaryimage","url":"https:\/\/portaltela.pt\/s.01k8rhncp4jt1\/2026\/02\/tpUHdbIMAGENStypeJPGshare1oBarraFacebook_Publico-29.jpg","contentUrl":"https:\/\/portaltela.pt\/s.01k8rhncp4jt1\/2026\/02\/tpUHdbIMAGENStypeJPGshare1oBarraFacebook_Publico-29.jpg","width":1200,"height":630,"caption":"Interven\u00e7\u00e3o no Passeio Alegre est\u00e1 prevista da ORU da Foz Velha do Porto"},{"@type":"BreadcrumbList","@id":"https:\/\/portaltela.pt\/noticias\/2026\/02\/26\/porto-mira-recuperar-39-ilhas-com-reabilitacao-da-foz-velha\/#breadcrumb","itemListElement":[{"@type":"ListItem","position":1,"name":"In\u00edcio","item":"https:\/\/portaltela.pt\/"},{"@type":"ListItem","position":2,"name":"Porto mira recuperar 39 ilhas com reabilita\u00e7\u00e3o da Foz Velha"}]},{"@type":"WebSite","@id":"https:\/\/portaltela.pt\/#website","url":"https:\/\/portaltela.pt\/","name":"Portal Tela Portugal","description":"","potentialAction":[{"@type":"SearchAction","target":{"@type":"EntryPoint","urlTemplate":"https:\/\/portaltela.pt\/?s={search_term_string}"},"query-input":{"@type":"PropertyValueSpecification","valueRequired":true,"valueName":"search_term_string"}}],"inLanguage":"pt-PT"},{"@type":"Person","@id":"https:\/\/portaltela.pt\/#\/schema\/person\/c4278d4a6028830caff9ee44b42d32ed","name":"Telinha","image":{"@type":"ImageObject","inLanguage":"pt-PT","@id":"https:\/\/portaltela.pt\/s.01k8rhncp4jt1\/2025\/11\/talking-bot-125x125.png","url":"https:\/\/portaltela.pt\/s.01k8rhncp4jt1\/2025\/11\/talking-bot-125x125.png","contentUrl":"https:\/\/portaltela.pt\/s.01k8rhncp4jt1\/2025\/11\/talking-bot-125x125.png","caption":"Telinha"},"sameAs":["https:\/\/portaltela.pt\/"],"url":"https:\/\/portaltela.pt\/por\/367410592786\/"}]}},"_links":{"self":[{"href":"https:\/\/portaltela.pt\/api\/wp\/v2\/posts\/389934","targetHints":{"allow":["GET"]}}],"collection":[{"href":"https:\/\/portaltela.pt\/api\/wp\/v2\/posts"}],"about":[{"href":"https:\/\/portaltela.pt\/api\/wp\/v2\/types\/post"}],"author":[{"embeddable":true,"href":"https:\/\/portaltela.pt\/api\/wp\/v2\/users\/2"}],"replies":[{"embeddable":true,"href":"https:\/\/portaltela.pt\/api\/wp\/v2\/comments?post=389934"}],"version-history":[{"count":0,"href":"https:\/\/portaltela.pt\/api\/wp\/v2\/posts\/389934\/revisions"}],"wp:featuredmedia":[{"embeddable":true,"href":"https:\/\/portaltela.pt\/api\/wp\/v2\/media\/389938"}],"wp:attachment":[{"href":"https:\/\/portaltela.pt\/api\/wp\/v2\/media?parent=389934"}],"wp:term":[{"taxonomy":"category","embeddable":true,"href":"https:\/\/portaltela.pt\/api\/wp\/v2\/categories?post=389934"},{"taxonomy":"post_tag","embeddable":true,"href":"https:\/\/portaltela.pt\/api\/wp\/v2\/tags?post=389934"}],"curies":[{"name":"wp","href":"https:\/\/api.w.org\/{rel}","templated":true}]}}