{"id":389895,"date":"2026-02-26T17:02:23","date_gmt":"2026-02-26T20:02:23","guid":{"rendered":"https:\/\/portaltela.pt\/noticias\/2026\/02\/26\/tensoes-eua-china-nao-abalam-perspetivas-de-desenvolvimento-da-europa\/"},"modified":"2026-02-26T17:02:23","modified_gmt":"2026-02-26T20:02:23","slug":"tensoes-eua-china-nao-abalam-perspetivas-de-desenvolvimento-da-europa","status":"publish","type":"post","link":"https:\/\/portaltela.pt\/noticias\/2026\/02\/26\/tensoes-eua-china-nao-abalam-perspetivas-de-desenvolvimento-da-europa\/","title":{"rendered":"Tens\u00f5es EUA-China n\u00e3o abalam perspetivas de desenvolvimento da Europa"},"content":{"rendered":"<p>O Banco Europeu para a Reconstru\u00e7\u00e3o e o Desenvolvimento (BERD) projeta um crescimento mais r\u00e1pido nas suas regi\u00f5es de atua\u00e7\u00e3o, impulsionado pela melhoria da cadeia de abastecimento. As semanas recentes de tens\u00e3o comercial n\u00e3o abalaram o ritmo esperado para os pr\u00f3ximos dois anos.<\/p>\n<p>Segundo o BERD, o crescimento agregado pode passar de 3,4% em 2025 para 3,6% em 2026 e chegar a 3,7% em 2027. A revis\u00e3o de 0,2 ponto percentual para 2025 acompanha dados mais favor\u00e1veis face a setembro.<\/p>\n<p>Beata Javorcik, Economista-chefe do BERD, afirma que as economias da regi\u00e3o mostram maior adapta\u00e7\u00e3o \u00e0s tens\u00f5es comerciais. Os efeitos diretos nos EUA s\u00e3o limitados para muitos pa\u00edses emergentes abrangidos pelo banco.<\/p>\n<p>A Europa Central, segundo a respons\u00e1vel, depende menos do mercado norte-americano e sente impactos indiretos, especialmente na Alemanha, por via das liga\u00e7\u00f5es com a Europa Central. O cen\u00e1rio comp\u00f5e uma vis\u00e3o de recupera\u00e7\u00e3o gradual.<\/p>\n<h3>Perspetivas regionais<\/h3>\n<p>A \u00c1sia Central mant\u00e9m um desempenho s\u00f3lido, com 5,6% de crescimento previsto para 2026, ap\u00f3s 6,9% em 2025, sustentado por consumo, cr\u00e9dito e remessas.<\/p>\n<p>J\u00e1 a Europa Oriental e o C\u00e1ucaso apresenta perspetivas mais conservadoras, com 2,9% de expans\u00e3o esperada para 2026. A Ucr\u00e2nia v\u00ea o crescimento de 2,5% para este ano, com avan\u00e7os dependentes de acordos de paz.<\/p>\n<p>A Turquia pode atingir 4,0% em 2026, beneficiando de pol\u00edticas monet\u00e1rias est\u00e1veis e de menor volatilidade, enquanto o Sul e Leste do Mediterr\u00e2neo dever\u00e1 crescer 4,2% no mesmo per\u00edodo.<\/p>\n<h3>Mudan\u00e7as nas rotas comerciais<\/h3>\n<p>O relat\u00f3rio destaca o impacto do impasse EUA-China. Com a redu\u00e7\u00e3o dos volumes bilaterais em 2025, compradores norte-americanos procuraram fornecedores alternativos.<\/p>\n<p>Diversos pa\u00edses do BERD passaram a exportar mais para os EUA em setores como tecnologia e metais, enquanto a China expandiu as suas entregas para a regi\u00e3o, aproveitando custos competitivos.<\/p>\n<p>A economista-chefe nota que o receio de desvio maci\u00e7o de exporta\u00e7\u00f5es chinesas n\u00e3o se materializou para a Europa emergente, embora a China permane\u00e7a concorrente relevante.<\/p>\n<p>O documento tamb\u00e9m sinaliza que os efeitos macroecon\u00f3micos das tarifas norte-americanas ainda podem nascer de forma gradual, j\u00e1 que encomendas antecipadas reduziram o choque a curto prazo.<\/p>\n<h3>Infla\u00e7\u00e3o, investimento e infraestruturas<\/h3>\n<p>A infla\u00e7\u00e3o na \u00e1rea de atua\u00e7\u00e3o do BERD arrefeceu para 5,5% em dezembro de 2025, apoiada pela conten\u00e7\u00e3o salarial e por juros reais positivos, refor\u00e7ando o poder de compra.<\/p>\n<p>O BERD antecipa acelera\u00e7\u00e3o da atividade na Europa Central e nos Estados B\u00e1lticos, para 2,9% em 2026, impulsionada por investimento p\u00fablico e compromissos do Mecanismo de Recupera\u00e7\u00e3o da UE.<\/p>\n<p>Conclui ainda que grandes projetos de infraestruturas nos Balc\u00e3s Ocidentais podem sustentar o crescimento regional em 2026, estimado em 3,1%.<\/p>\n","protected":false},"excerpt":{"rendered":"<ul>\n<li>O BERD projeta crescimento agregado de 3,4% em 2025, 3,6% em 2026 e 3,7% em 2027, com revis\u00e3o positiva de 0,2% para 2025.<\/li>\n<li>A fragmenta\u00e7\u00e3o geopol\u00edtica prejudica menos o com\u00e9rcio mundial do que o esperado; os EUA n\u00e3o s\u00e3o grande mercado para o BERD, impacto principal \u00e9 indireto.<\/li>\n<li>Regi\u00f5es do BERD devem ver acelera\u00e7\u00e3o: Europa Central e Estados B\u00e1lticos a 2,9% em 2026; Balc\u00e3s Ocidentais a 3,1% em 2026; Turquia a 4,0% em 2026; Ucr\u00e2nia revista para 2,5% em 2025.<\/li>\n<li>As tens\u00f5es entre EUA e China levaram a redirecionamento de exporta\u00e7\u00f5es para outras regi\u00f5es e ao aumento de oferta chinesa no mercado BERD, mas efeitos macro ainda n\u00e3o se materializaram plenamente.<\/li>\n<li>A infla\u00e7\u00e3o caiu para 5,5% em dezembro de 2025; o investimento p\u00fablico e grande infraestruturas devem sustentar o crescimento regional.<\/li>\n<\/ul>\n","protected":false},"author":2,"featured_media":389901,"comment_status":"closed","ping_status":"closed","sticky":false,"template":"","format":"standard","meta":{"footnotes":""},"categories":[1],"tags":[6115,6413,3203,28,2487,3319],"class_list":["post-389895","post","type-post","status-publish","format-standard","has-post-thumbnail","hentry","category-noticias","tag-_economia","tag-asia-central","tag-balcas-ocidentais","tag-economia","tag-europa","tag-europa-central"],"yoast_head":"<!-- This site is optimized with the Yoast SEO plugin v27.2 - https:\/\/yoast.com\/product\/yoast-seo-wordpress\/ -->\n<title>Tens\u00f5es EUA-China n\u00e3o abalam perspetivas de desenvolvimento da Europa - Portal Tela Portugal<\/title>\n<meta name=\"robots\" content=\"index, follow, max-snippet:-1, max-image-preview:large, max-video-preview:-1\" \/>\n<meta property=\"og:locale\" content=\"pt_PT\" \/>\n<meta property=\"og:type\" content=\"article\" \/>\n<meta property=\"og:title\" content=\"Tens\u00f5es EUA-China n\u00e3o abalam perspetivas de desenvolvimento da Europa - Portal Tela Portugal\" \/>\n<meta property=\"og:description\" content=\"O BERD projeta crescimento agregado de 3,4% em 2025, 3,6% em 2026 e 3,7% em 2027, com revis\u00e3o positiva de 0,2% para 2025. A fragmenta\u00e7\u00e3o geopol\u00edtica prejudica menos o com\u00e9rcio mundial do que o esperado; os EUA n\u00e3o s\u00e3o grande mercado para o BERD, impacto principal \u00e9 indireto. Regi\u00f5es do BERD devem ver acelera\u00e7\u00e3o: Europa Central e Estados B\u00e1lticos a 2,9% em 2026; Balc\u00e3s Ocidentais a 3,1% em 2026; Turquia a 4,0% em 2026; Ucr\u00e2nia revista para 2,5% em 2025. As tens\u00f5es entre EUA e China levaram a redirecionamento de exporta\u00e7\u00f5es para outras regi\u00f5es e ao aumento de oferta chinesa no mercado BERD, mas efeitos macro ainda n\u00e3o se materializaram plenamente. A infla\u00e7\u00e3o caiu para 5,5% em dezembro de 2025; o investimento p\u00fablico e grande infraestruturas devem sustentar o crescimento regional.\" \/>\n<meta property=\"og:url\" content=\"https:\/\/portaltela.pt\/noticias\/2026\/02\/26\/tensoes-eua-china-nao-abalam-perspetivas-de-desenvolvimento-da-europa\/\" \/>\n<meta property=\"og:site_name\" content=\"Portal Tela Portugal\" \/>\n<meta property=\"article:published_time\" content=\"2026-02-26T20:02:23+00:00\" \/>\n<meta name=\"author\" content=\"Telinha\" \/>\n<meta name=\"twitter:card\" content=\"summary_large_image\" \/>\n<meta name=\"twitter:label1\" content=\"Escrito por\" \/>\n\t<meta name=\"twitter:data1\" content=\"Telinha\" \/>\n\t<meta name=\"twitter:label2\" content=\"Tempo estimado de leitura\" \/>\n\t<meta name=\"twitter:data2\" content=\"2 minutos\" \/>\n<script type=\"application\/ld+json\" class=\"yoast-schema-graph\">{\"@context\":\"https:\/\/schema.org\",\"@graph\":[{\"@type\":\"Article\",\"@id\":\"https:\/\/portaltela.pt\/noticias\/2026\/02\/26\/tensoes-eua-china-nao-abalam-perspetivas-de-desenvolvimento-da-europa\/#article\",\"isPartOf\":{\"@id\":\"https:\/\/portaltela.pt\/noticias\/2026\/02\/26\/tensoes-eua-china-nao-abalam-perspetivas-de-desenvolvimento-da-europa\/\"},\"author\":{\"name\":\"Telinha\",\"@id\":\"https:\/\/portaltela.pt\/#\/schema\/person\/c4278d4a6028830caff9ee44b42d32ed\"},\"headline\":\"Tens\u00f5es EUA-China n\u00e3o abalam perspetivas de desenvolvimento da Europa\",\"datePublished\":\"2026-02-26T20:02:23+00:00\",\"mainEntityOfPage\":{\"@id\":\"https:\/\/portaltela.pt\/noticias\/2026\/02\/26\/tensoes-eua-china-nao-abalam-perspetivas-de-desenvolvimento-da-europa\/\"},\"wordCount\":464,\"image\":{\"@id\":\"https:\/\/portaltela.pt\/noticias\/2026\/02\/26\/tensoes-eua-china-nao-abalam-perspetivas-de-desenvolvimento-da-europa\/#primaryimage\"},\"thumbnailUrl\":\"https:\/\/portaltela.pt\/s.01k8rhncp4jt1\/2026\/02\/1536x864_cmsv2_20c6f330-468b-5713-aea5-be8096343828-9666292.jpg\",\"keywords\":[\"_economia\",\"\u00c1sia Central\",\"Balc\u00e3s Ocidentais\",\"economia\",\"Europa\",\"Europa Central\"],\"articleSection\":[\"Not\u00edcias\"],\"inLanguage\":\"pt-PT\"},{\"@type\":\"WebPage\",\"@id\":\"https:\/\/portaltela.pt\/noticias\/2026\/02\/26\/tensoes-eua-china-nao-abalam-perspetivas-de-desenvolvimento-da-europa\/\",\"url\":\"https:\/\/portaltela.pt\/noticias\/2026\/02\/26\/tensoes-eua-china-nao-abalam-perspetivas-de-desenvolvimento-da-europa\/\",\"name\":\"Tens\u00f5es EUA-China n\u00e3o abalam perspetivas de desenvolvimento da Europa - Portal Tela Portugal\",\"isPartOf\":{\"@id\":\"https:\/\/portaltela.pt\/#website\"},\"primaryImageOfPage\":{\"@id\":\"https:\/\/portaltela.pt\/noticias\/2026\/02\/26\/tensoes-eua-china-nao-abalam-perspetivas-de-desenvolvimento-da-europa\/#primaryimage\"},\"image\":{\"@id\":\"https:\/\/portaltela.pt\/noticias\/2026\/02\/26\/tensoes-eua-china-nao-abalam-perspetivas-de-desenvolvimento-da-europa\/#primaryimage\"},\"thumbnailUrl\":\"https:\/\/portaltela.pt\/s.01k8rhncp4jt1\/2026\/02\/1536x864_cmsv2_20c6f330-468b-5713-aea5-be8096343828-9666292.jpg\",\"datePublished\":\"2026-02-26T20:02:23+00:00\",\"author\":{\"@id\":\"https:\/\/portaltela.pt\/#\/schema\/person\/c4278d4a6028830caff9ee44b42d32ed\"},\"breadcrumb\":{\"@id\":\"https:\/\/portaltela.pt\/noticias\/2026\/02\/26\/tensoes-eua-china-nao-abalam-perspetivas-de-desenvolvimento-da-europa\/#breadcrumb\"},\"inLanguage\":\"pt-PT\",\"potentialAction\":[{\"@type\":\"ReadAction\",\"target\":[\"https:\/\/portaltela.pt\/noticias\/2026\/02\/26\/tensoes-eua-china-nao-abalam-perspetivas-de-desenvolvimento-da-europa\/\"]}]},{\"@type\":\"ImageObject\",\"inLanguage\":\"pt-PT\",\"@id\":\"https:\/\/portaltela.pt\/noticias\/2026\/02\/26\/tensoes-eua-china-nao-abalam-perspetivas-de-desenvolvimento-da-europa\/#primaryimage\",\"url\":\"https:\/\/portaltela.pt\/s.01k8rhncp4jt1\/2026\/02\/1536x864_cmsv2_20c6f330-468b-5713-aea5-be8096343828-9666292.jpg\",\"contentUrl\":\"https:\/\/portaltela.pt\/s.01k8rhncp4jt1\/2026\/02\/1536x864_cmsv2_20c6f330-468b-5713-aea5-be8096343828-9666292.jpg\",\"width\":796,\"height\":448,\"caption\":\"ARQUIVO. Cereais provenientes da Ucr\u00e2nia s\u00e3o descarregados de um batel\u00e3o no porto de Constanta, no Mar Negro, Rom\u00e9nia, em junho de 2022\"},{\"@type\":\"BreadcrumbList\",\"@id\":\"https:\/\/portaltela.pt\/noticias\/2026\/02\/26\/tensoes-eua-china-nao-abalam-perspetivas-de-desenvolvimento-da-europa\/#breadcrumb\",\"itemListElement\":[{\"@type\":\"ListItem\",\"position\":1,\"name\":\"In\u00edcio\",\"item\":\"https:\/\/portaltela.pt\/\"},{\"@type\":\"ListItem\",\"position\":2,\"name\":\"Tens\u00f5es EUA-China n\u00e3o abalam perspetivas de desenvolvimento da Europa\"}]},{\"@type\":\"WebSite\",\"@id\":\"https:\/\/portaltela.pt\/#website\",\"url\":\"https:\/\/portaltela.pt\/\",\"name\":\"Portal Tela Portugal\",\"description\":\"\",\"potentialAction\":[{\"@type\":\"SearchAction\",\"target\":{\"@type\":\"EntryPoint\",\"urlTemplate\":\"https:\/\/portaltela.pt\/?s={search_term_string}\"},\"query-input\":{\"@type\":\"PropertyValueSpecification\",\"valueRequired\":true,\"valueName\":\"search_term_string\"}}],\"inLanguage\":\"pt-PT\"},{\"@type\":\"Person\",\"@id\":\"https:\/\/portaltela.pt\/#\/schema\/person\/c4278d4a6028830caff9ee44b42d32ed\",\"name\":\"Telinha\",\"image\":{\"@type\":\"ImageObject\",\"inLanguage\":\"pt-PT\",\"@id\":\"https:\/\/portaltela.pt\/s.01k8rhncp4jt1\/2025\/11\/talking-bot-125x125.png\",\"url\":\"https:\/\/portaltela.pt\/s.01k8rhncp4jt1\/2025\/11\/talking-bot-125x125.png\",\"contentUrl\":\"https:\/\/portaltela.pt\/s.01k8rhncp4jt1\/2025\/11\/talking-bot-125x125.png\",\"caption\":\"Telinha\"},\"sameAs\":[\"https:\/\/portaltela.pt\/\"],\"url\":\"https:\/\/portaltela.pt\/por\/367410592786\/\"}]}<\/script>\n<!-- \/ Yoast SEO plugin. -->","yoast_head_json":{"title":"Tens\u00f5es EUA-China n\u00e3o abalam perspetivas de desenvolvimento da Europa - Portal Tela Portugal","robots":{"index":"index","follow":"follow","max-snippet":"max-snippet:-1","max-image-preview":"max-image-preview:large","max-video-preview":"max-video-preview:-1"},"og_locale":"pt_PT","og_type":"article","og_title":"Tens\u00f5es EUA-China n\u00e3o abalam perspetivas de desenvolvimento da Europa - Portal Tela Portugal","og_description":"O BERD projeta crescimento agregado de 3,4% em 2025, 3,6% em 2026 e 3,7% em 2027, com revis\u00e3o positiva de 0,2% para 2025. A fragmenta\u00e7\u00e3o geopol\u00edtica prejudica menos o com\u00e9rcio mundial do que o esperado; os EUA n\u00e3o s\u00e3o grande mercado para o BERD, impacto principal \u00e9 indireto. Regi\u00f5es do BERD devem ver acelera\u00e7\u00e3o: Europa Central e Estados B\u00e1lticos a 2,9% em 2026; Balc\u00e3s Ocidentais a 3,1% em 2026; Turquia a 4,0% em 2026; Ucr\u00e2nia revista para 2,5% em 2025. As tens\u00f5es entre EUA e China levaram a redirecionamento de exporta\u00e7\u00f5es para outras regi\u00f5es e ao aumento de oferta chinesa no mercado BERD, mas efeitos macro ainda n\u00e3o se materializaram plenamente. A infla\u00e7\u00e3o caiu para 5,5% em dezembro de 2025; o investimento p\u00fablico e grande infraestruturas devem sustentar o crescimento regional.","og_url":"https:\/\/portaltela.pt\/noticias\/2026\/02\/26\/tensoes-eua-china-nao-abalam-perspetivas-de-desenvolvimento-da-europa\/","og_site_name":"Portal Tela Portugal","article_published_time":"2026-02-26T20:02:23+00:00","author":"Telinha","twitter_card":"summary_large_image","twitter_misc":{"Escrito por":"Telinha","Tempo estimado de leitura":"2 minutos"},"schema":{"@context":"https:\/\/schema.org","@graph":[{"@type":"Article","@id":"https:\/\/portaltela.pt\/noticias\/2026\/02\/26\/tensoes-eua-china-nao-abalam-perspetivas-de-desenvolvimento-da-europa\/#article","isPartOf":{"@id":"https:\/\/portaltela.pt\/noticias\/2026\/02\/26\/tensoes-eua-china-nao-abalam-perspetivas-de-desenvolvimento-da-europa\/"},"author":{"name":"Telinha","@id":"https:\/\/portaltela.pt\/#\/schema\/person\/c4278d4a6028830caff9ee44b42d32ed"},"headline":"Tens\u00f5es EUA-China n\u00e3o abalam perspetivas de desenvolvimento da Europa","datePublished":"2026-02-26T20:02:23+00:00","mainEntityOfPage":{"@id":"https:\/\/portaltela.pt\/noticias\/2026\/02\/26\/tensoes-eua-china-nao-abalam-perspetivas-de-desenvolvimento-da-europa\/"},"wordCount":464,"image":{"@id":"https:\/\/portaltela.pt\/noticias\/2026\/02\/26\/tensoes-eua-china-nao-abalam-perspetivas-de-desenvolvimento-da-europa\/#primaryimage"},"thumbnailUrl":"https:\/\/portaltela.pt\/s.01k8rhncp4jt1\/2026\/02\/1536x864_cmsv2_20c6f330-468b-5713-aea5-be8096343828-9666292.jpg","keywords":["_economia","\u00c1sia Central","Balc\u00e3s Ocidentais","economia","Europa","Europa Central"],"articleSection":["Not\u00edcias"],"inLanguage":"pt-PT"},{"@type":"WebPage","@id":"https:\/\/portaltela.pt\/noticias\/2026\/02\/26\/tensoes-eua-china-nao-abalam-perspetivas-de-desenvolvimento-da-europa\/","url":"https:\/\/portaltela.pt\/noticias\/2026\/02\/26\/tensoes-eua-china-nao-abalam-perspetivas-de-desenvolvimento-da-europa\/","name":"Tens\u00f5es EUA-China n\u00e3o abalam perspetivas de desenvolvimento da Europa - Portal Tela Portugal","isPartOf":{"@id":"https:\/\/portaltela.pt\/#website"},"primaryImageOfPage":{"@id":"https:\/\/portaltela.pt\/noticias\/2026\/02\/26\/tensoes-eua-china-nao-abalam-perspetivas-de-desenvolvimento-da-europa\/#primaryimage"},"image":{"@id":"https:\/\/portaltela.pt\/noticias\/2026\/02\/26\/tensoes-eua-china-nao-abalam-perspetivas-de-desenvolvimento-da-europa\/#primaryimage"},"thumbnailUrl":"https:\/\/portaltela.pt\/s.01k8rhncp4jt1\/2026\/02\/1536x864_cmsv2_20c6f330-468b-5713-aea5-be8096343828-9666292.jpg","datePublished":"2026-02-26T20:02:23+00:00","author":{"@id":"https:\/\/portaltela.pt\/#\/schema\/person\/c4278d4a6028830caff9ee44b42d32ed"},"breadcrumb":{"@id":"https:\/\/portaltela.pt\/noticias\/2026\/02\/26\/tensoes-eua-china-nao-abalam-perspetivas-de-desenvolvimento-da-europa\/#breadcrumb"},"inLanguage":"pt-PT","potentialAction":[{"@type":"ReadAction","target":["https:\/\/portaltela.pt\/noticias\/2026\/02\/26\/tensoes-eua-china-nao-abalam-perspetivas-de-desenvolvimento-da-europa\/"]}]},{"@type":"ImageObject","inLanguage":"pt-PT","@id":"https:\/\/portaltela.pt\/noticias\/2026\/02\/26\/tensoes-eua-china-nao-abalam-perspetivas-de-desenvolvimento-da-europa\/#primaryimage","url":"https:\/\/portaltela.pt\/s.01k8rhncp4jt1\/2026\/02\/1536x864_cmsv2_20c6f330-468b-5713-aea5-be8096343828-9666292.jpg","contentUrl":"https:\/\/portaltela.pt\/s.01k8rhncp4jt1\/2026\/02\/1536x864_cmsv2_20c6f330-468b-5713-aea5-be8096343828-9666292.jpg","width":796,"height":448,"caption":"ARQUIVO. Cereais provenientes da Ucr\u00e2nia s\u00e3o descarregados de um batel\u00e3o no porto de Constanta, no Mar Negro, Rom\u00e9nia, em junho de 2022"},{"@type":"BreadcrumbList","@id":"https:\/\/portaltela.pt\/noticias\/2026\/02\/26\/tensoes-eua-china-nao-abalam-perspetivas-de-desenvolvimento-da-europa\/#breadcrumb","itemListElement":[{"@type":"ListItem","position":1,"name":"In\u00edcio","item":"https:\/\/portaltela.pt\/"},{"@type":"ListItem","position":2,"name":"Tens\u00f5es EUA-China n\u00e3o abalam perspetivas de desenvolvimento da Europa"}]},{"@type":"WebSite","@id":"https:\/\/portaltela.pt\/#website","url":"https:\/\/portaltela.pt\/","name":"Portal Tela Portugal","description":"","potentialAction":[{"@type":"SearchAction","target":{"@type":"EntryPoint","urlTemplate":"https:\/\/portaltela.pt\/?s={search_term_string}"},"query-input":{"@type":"PropertyValueSpecification","valueRequired":true,"valueName":"search_term_string"}}],"inLanguage":"pt-PT"},{"@type":"Person","@id":"https:\/\/portaltela.pt\/#\/schema\/person\/c4278d4a6028830caff9ee44b42d32ed","name":"Telinha","image":{"@type":"ImageObject","inLanguage":"pt-PT","@id":"https:\/\/portaltela.pt\/s.01k8rhncp4jt1\/2025\/11\/talking-bot-125x125.png","url":"https:\/\/portaltela.pt\/s.01k8rhncp4jt1\/2025\/11\/talking-bot-125x125.png","contentUrl":"https:\/\/portaltela.pt\/s.01k8rhncp4jt1\/2025\/11\/talking-bot-125x125.png","caption":"Telinha"},"sameAs":["https:\/\/portaltela.pt\/"],"url":"https:\/\/portaltela.pt\/por\/367410592786\/"}]}},"_links":{"self":[{"href":"https:\/\/portaltela.pt\/api\/wp\/v2\/posts\/389895","targetHints":{"allow":["GET"]}}],"collection":[{"href":"https:\/\/portaltela.pt\/api\/wp\/v2\/posts"}],"about":[{"href":"https:\/\/portaltela.pt\/api\/wp\/v2\/types\/post"}],"author":[{"embeddable":true,"href":"https:\/\/portaltela.pt\/api\/wp\/v2\/users\/2"}],"replies":[{"embeddable":true,"href":"https:\/\/portaltela.pt\/api\/wp\/v2\/comments?post=389895"}],"version-history":[{"count":0,"href":"https:\/\/portaltela.pt\/api\/wp\/v2\/posts\/389895\/revisions"}],"wp:featuredmedia":[{"embeddable":true,"href":"https:\/\/portaltela.pt\/api\/wp\/v2\/media\/389901"}],"wp:attachment":[{"href":"https:\/\/portaltela.pt\/api\/wp\/v2\/media?parent=389895"}],"wp:term":[{"taxonomy":"category","embeddable":true,"href":"https:\/\/portaltela.pt\/api\/wp\/v2\/categories?post=389895"},{"taxonomy":"post_tag","embeddable":true,"href":"https:\/\/portaltela.pt\/api\/wp\/v2\/tags?post=389895"}],"curies":[{"name":"wp","href":"https:\/\/api.w.org\/{rel}","templated":true}]}}