{"id":389874,"date":"2026-02-26T16:36:00","date_gmt":"2026-02-26T19:36:00","guid":{"rendered":"https:\/\/portaltela.pt\/noticias\/2026\/02\/26\/afeganistao-anuncia-ataque-de-grande-escala-contra-paquistao\/"},"modified":"2026-02-26T16:36:00","modified_gmt":"2026-02-26T19:36:00","slug":"afeganistao-anuncia-ataque-de-grande-escala-contra-paquistao","status":"publish","type":"post","link":"https:\/\/portaltela.pt\/noticias\/politica\/2026\/02\/26\/afeganistao-anuncia-ataque-de-grande-escala-contra-paquistao\/","title":{"rendered":"Afeganist\u00e3o anuncia ataque de grande escala contra Paquist\u00e3o"},"content":{"rendered":"<p>O Afeganist\u00e3o lan\u00e7ou uma ofensiva em grande escala contra bases militares paquistanesas ao longo da fronteira, na quinta-feira. O governo talib\u00e3 afirma ter matado e capturado dezenas de soldados, em resposta a viola\u00e7\u00f5es paquistanesas. Islamabad nega capturas.<\/p>\n<p>Segundo Zabihullah Mujahid, porta-voz do governo talib\u00e3, as opera\u00e7\u00f5es atingiram bases e instala\u00e7\u00f5es militares paquistanesas em v\u00e1rias zonas. A ofensiva ocorreu em v\u00e1rias prov\u00edncias afeg\u00e3s, com apoio de informa\u00e7\u00f5es de autoridades locais.<\/p>\n<p>O Paquist\u00e3o indicou que responde de forma imediata e eficaz, alegando que o ataque foi n\u00e3o provocado. O Minist\u00e9rio da Informa\u00e7\u00e3o de Islamabad afirmou que o Afeganist\u00e3o abriu fogo em v\u00e1rios locais na prov\u00edncia de Khyber Pakhtunkhwa.<\/p>\n<h3>Contexto de viol\u00eancia na fronteira<\/h3>\n<p>A ofensiva surge ap\u00f3s ataques paquistaneses nas prov\u00edncias de Nangarhar e Paktika, que teriam causado mortes civis. A ONU no Afeganist\u00e3o aponta 13 mortos entre civis nesses confrontos.<\/p>\n<p>O governo talib\u00e3 sustenta que pelo menos 18 pessoas foram mortas. Pequenos n\u00fameros de baixas m\u00fatuas foram relatados em outros momentos, sem confirma\u00e7\u00e3o uniforme.<\/p>\n<p>Os conflitos na fronteira intensificaram-se desde outubro, quando os confrontos violentos deixaram mais de 70 mortos de ambos os lados. Negocia\u00e7\u00f5es mediadas pelo Catar e pela Turquia j\u00e1 foram tentadas sem acordo duradouro.<\/p>\n<p>O Paquist\u00e3o tem realizado ataques a\u00e9reos no Afeganist\u00e3o recentemente, em resposta a atentados, incluindo uma explos\u00e3o numa mesquita xiita em Islamabad que deixou pelo menos 40 mortos, reivindicada pelo Estado Isl\u00e2mico.<\/p>\n<p>O grupo autodenominado Estado Isl\u00e2mico-Khorasan tamb\u00e9m reivindicou um atentado suicida num restaurante em Cabul, ocorrido no m\u00eas passado.<\/p>\n","protected":false},"excerpt":{"rendered":"<ul>\n<li>O Afeganist\u00e3o lan\u00e7ou opera\u00e7\u00f5es ofensivas de grande escala contra bases e instala\u00e7\u00f5es militares paquistanesas ao longo da fronteira, alegando que dezenas de soldados paquistaneses foram mortos e capturados.<\/li>\n<li>O porta-voz do Governo talib\u00e3 afirmou que mais de quinze postos avan\u00e7ados paquistaneses foram capturados em duas horas.<\/li>\n<li>O Paquist\u00e3o disse que nenhum posto foi capturado e que as suas for\u00e7as infligiram baixas significativas do outro lado da fronteira.<\/li>\n<li>A ofensiva ocorre ap\u00f3s confrontos fronteiri\u00e7os e ataques paquistaneses recentes, com viol\u00eancia relatada em v\u00e1rias prov\u00edncias e mortos civis segundo a miss\u00e3o da ONU no Afeganist\u00e3o.<\/li>\n<li>As rela\u00e7\u00f5es entre os dois pa\u00edses deterioraram-se, com m\u00faltiplas rondas de negocia\u00e7\u00f5es feitas sem um acordo duradouro, enquanto ambas as partes relatam a\u00e7\u00f5es militares ao longo da fronteira.<\/li>\n<\/ul>\n","protected":false},"author":2,"featured_media":389884,"comment_status":"closed","ping_status":"closed","sticky":false,"template":"","format":"standard","meta":{"footnotes":""},"categories":[1,5],"tags":[4104,5267,2198,3625,3238,3743],"class_list":["post-389874","post","type-post","status-publish","format-standard","has-post-thumbnail","hentry","category-noticias","category-politica","tag-afeganistao","tag-ataques","tag-conflitos-internacionais","tag-estado-islamico","tag-fronteiras-internacionais","tag-paquistao"],"yoast_head":"<!-- This site is optimized with the Yoast SEO plugin v27.2 - https:\/\/yoast.com\/product\/yoast-seo-wordpress\/ -->\n<title>Afeganist\u00e3o anuncia ataque de grande escala contra Paquist\u00e3o - Portal Tela Portugal<\/title>\n<meta name=\"robots\" content=\"index, follow, max-snippet:-1, max-image-preview:large, max-video-preview:-1\" \/>\n<meta property=\"og:locale\" content=\"pt_PT\" \/>\n<meta property=\"og:type\" content=\"article\" \/>\n<meta property=\"og:title\" content=\"Afeganist\u00e3o anuncia ataque de grande escala contra Paquist\u00e3o - Portal Tela Portugal\" \/>\n<meta property=\"og:description\" content=\"O Afeganist\u00e3o lan\u00e7ou opera\u00e7\u00f5es ofensivas de grande escala contra bases e instala\u00e7\u00f5es militares paquistanesas ao longo da fronteira, alegando que dezenas de soldados paquistaneses foram mortos e capturados. O porta-voz do Governo talib\u00e3 afirmou que mais de quinze postos avan\u00e7ados paquistaneses foram capturados em duas horas. O Paquist\u00e3o disse que nenhum posto foi capturado e que as suas for\u00e7as infligiram baixas significativas do outro lado da fronteira. A ofensiva ocorre ap\u00f3s confrontos fronteiri\u00e7os e ataques paquistaneses recentes, com viol\u00eancia relatada em v\u00e1rias prov\u00edncias e mortos civis segundo a miss\u00e3o da ONU no Afeganist\u00e3o. As rela\u00e7\u00f5es entre os dois pa\u00edses deterioraram-se, com m\u00faltiplas rondas de negocia\u00e7\u00f5es feitas sem um acordo duradouro, enquanto ambas as partes relatam a\u00e7\u00f5es militares ao longo da fronteira.\" \/>\n<meta property=\"og:url\" content=\"https:\/\/portaltela.pt\/noticias\/2026\/02\/26\/afeganistao-anuncia-ataque-de-grande-escala-contra-paquistao\/\" \/>\n<meta property=\"og:site_name\" content=\"Portal Tela Portugal\" \/>\n<meta property=\"article:published_time\" content=\"2026-02-26T19:36:00+00:00\" \/>\n<meta name=\"author\" content=\"Telinha\" \/>\n<meta name=\"twitter:card\" content=\"summary_large_image\" \/>\n<meta name=\"twitter:label1\" content=\"Escrito por\" \/>\n\t<meta name=\"twitter:data1\" content=\"Telinha\" \/>\n\t<meta name=\"twitter:label2\" content=\"Tempo estimado de leitura\" \/>\n\t<meta name=\"twitter:data2\" content=\"1 minuto\" \/>\n<script type=\"application\/ld+json\" class=\"yoast-schema-graph\">{\"@context\":\"https:\/\/schema.org\",\"@graph\":[{\"@type\":\"Article\",\"@id\":\"https:\/\/portaltela.pt\/noticias\/2026\/02\/26\/afeganistao-anuncia-ataque-de-grande-escala-contra-paquistao\/#article\",\"isPartOf\":{\"@id\":\"https:\/\/portaltela.pt\/noticias\/2026\/02\/26\/afeganistao-anuncia-ataque-de-grande-escala-contra-paquistao\/\"},\"author\":{\"name\":\"Telinha\",\"@id\":\"https:\/\/portaltela.pt\/#\/schema\/person\/c4278d4a6028830caff9ee44b42d32ed\"},\"headline\":\"Afeganist\u00e3o anuncia ataque de grande escala contra Paquist\u00e3o\",\"datePublished\":\"2026-02-26T19:36:00+00:00\",\"mainEntityOfPage\":{\"@id\":\"https:\/\/portaltela.pt\/noticias\/2026\/02\/26\/afeganistao-anuncia-ataque-de-grande-escala-contra-paquistao\/\"},\"wordCount\":284,\"image\":{\"@id\":\"https:\/\/portaltela.pt\/noticias\/2026\/02\/26\/afeganistao-anuncia-ataque-de-grande-escala-contra-paquistao\/#primaryimage\"},\"thumbnailUrl\":\"https:\/\/portaltela.pt\/s.01k8rhncp4jt1\/2026\/02\/image-108.webp\",\"keywords\":[\"Afeganist\u00e3o\",\"ataques\",\"conflitos internacionais\",\"Estado Isl\u00e2mico\",\"fronteiras internacionais\",\"Paquist\u00e3o\"],\"articleSection\":[\"Not\u00edcias\",\"Pol\u00edtica\"],\"inLanguage\":\"pt-PT\"},{\"@type\":\"WebPage\",\"@id\":\"https:\/\/portaltela.pt\/noticias\/2026\/02\/26\/afeganistao-anuncia-ataque-de-grande-escala-contra-paquistao\/\",\"url\":\"https:\/\/portaltela.pt\/noticias\/2026\/02\/26\/afeganistao-anuncia-ataque-de-grande-escala-contra-paquistao\/\",\"name\":\"Afeganist\u00e3o anuncia ataque de grande escala contra Paquist\u00e3o - Portal Tela Portugal\",\"isPartOf\":{\"@id\":\"https:\/\/portaltela.pt\/#website\"},\"primaryImageOfPage\":{\"@id\":\"https:\/\/portaltela.pt\/noticias\/2026\/02\/26\/afeganistao-anuncia-ataque-de-grande-escala-contra-paquistao\/#primaryimage\"},\"image\":{\"@id\":\"https:\/\/portaltela.pt\/noticias\/2026\/02\/26\/afeganistao-anuncia-ataque-de-grande-escala-contra-paquistao\/#primaryimage\"},\"thumbnailUrl\":\"https:\/\/portaltela.pt\/s.01k8rhncp4jt1\/2026\/02\/image-108.webp\",\"datePublished\":\"2026-02-26T19:36:00+00:00\",\"author\":{\"@id\":\"https:\/\/portaltela.pt\/#\/schema\/person\/c4278d4a6028830caff9ee44b42d32ed\"},\"breadcrumb\":{\"@id\":\"https:\/\/portaltela.pt\/noticias\/2026\/02\/26\/afeganistao-anuncia-ataque-de-grande-escala-contra-paquistao\/#breadcrumb\"},\"inLanguage\":\"pt-PT\",\"potentialAction\":[{\"@type\":\"ReadAction\",\"target\":[\"https:\/\/portaltela.pt\/noticias\/2026\/02\/26\/afeganistao-anuncia-ataque-de-grande-escala-contra-paquistao\/\"]}]},{\"@type\":\"ImageObject\",\"inLanguage\":\"pt-PT\",\"@id\":\"https:\/\/portaltela.pt\/noticias\/2026\/02\/26\/afeganistao-anuncia-ataque-de-grande-escala-contra-paquistao\/#primaryimage\",\"url\":\"https:\/\/portaltela.pt\/s.01k8rhncp4jt1\/2026\/02\/image-108.webp\",\"contentUrl\":\"https:\/\/portaltela.pt\/s.01k8rhncp4jt1\/2026\/02\/image-108.webp\",\"width\":1200,\"height\":800,\"caption\":\"Agente de seguran\u00e7a talib\u00e3 inspeciona um ve\u00edculo num posto de controlo em Cabul, no Afeganist\u00e3o, no dia de confrontos fronteiri\u00e7os com o Paquist\u00e3o\"},{\"@type\":\"BreadcrumbList\",\"@id\":\"https:\/\/portaltela.pt\/noticias\/2026\/02\/26\/afeganistao-anuncia-ataque-de-grande-escala-contra-paquistao\/#breadcrumb\",\"itemListElement\":[{\"@type\":\"ListItem\",\"position\":1,\"name\":\"In\u00edcio\",\"item\":\"https:\/\/portaltela.pt\/\"},{\"@type\":\"ListItem\",\"position\":2,\"name\":\"Afeganist\u00e3o anuncia ataque de grande escala contra Paquist\u00e3o\"}]},{\"@type\":\"WebSite\",\"@id\":\"https:\/\/portaltela.pt\/#website\",\"url\":\"https:\/\/portaltela.pt\/\",\"name\":\"Portal Tela Portugal\",\"description\":\"\",\"potentialAction\":[{\"@type\":\"SearchAction\",\"target\":{\"@type\":\"EntryPoint\",\"urlTemplate\":\"https:\/\/portaltela.pt\/?s={search_term_string}\"},\"query-input\":{\"@type\":\"PropertyValueSpecification\",\"valueRequired\":true,\"valueName\":\"search_term_string\"}}],\"inLanguage\":\"pt-PT\"},{\"@type\":\"Person\",\"@id\":\"https:\/\/portaltela.pt\/#\/schema\/person\/c4278d4a6028830caff9ee44b42d32ed\",\"name\":\"Telinha\",\"image\":{\"@type\":\"ImageObject\",\"inLanguage\":\"pt-PT\",\"@id\":\"https:\/\/portaltela.pt\/s.01k8rhncp4jt1\/2025\/11\/talking-bot-125x125.png\",\"url\":\"https:\/\/portaltela.pt\/s.01k8rhncp4jt1\/2025\/11\/talking-bot-125x125.png\",\"contentUrl\":\"https:\/\/portaltela.pt\/s.01k8rhncp4jt1\/2025\/11\/talking-bot-125x125.png\",\"caption\":\"Telinha\"},\"sameAs\":[\"https:\/\/portaltela.pt\/\"],\"url\":\"https:\/\/portaltela.pt\/por\/367410592786\/\"}]}<\/script>\n<!-- \/ Yoast SEO plugin. -->","yoast_head_json":{"title":"Afeganist\u00e3o anuncia ataque de grande escala contra Paquist\u00e3o - Portal Tela Portugal","robots":{"index":"index","follow":"follow","max-snippet":"max-snippet:-1","max-image-preview":"max-image-preview:large","max-video-preview":"max-video-preview:-1"},"og_locale":"pt_PT","og_type":"article","og_title":"Afeganist\u00e3o anuncia ataque de grande escala contra Paquist\u00e3o - Portal Tela Portugal","og_description":"O Afeganist\u00e3o lan\u00e7ou opera\u00e7\u00f5es ofensivas de grande escala contra bases e instala\u00e7\u00f5es militares paquistanesas ao longo da fronteira, alegando que dezenas de soldados paquistaneses foram mortos e capturados. O porta-voz do Governo talib\u00e3 afirmou que mais de quinze postos avan\u00e7ados paquistaneses foram capturados em duas horas. O Paquist\u00e3o disse que nenhum posto foi capturado e que as suas for\u00e7as infligiram baixas significativas do outro lado da fronteira. A ofensiva ocorre ap\u00f3s confrontos fronteiri\u00e7os e ataques paquistaneses recentes, com viol\u00eancia relatada em v\u00e1rias prov\u00edncias e mortos civis segundo a miss\u00e3o da ONU no Afeganist\u00e3o. As rela\u00e7\u00f5es entre os dois pa\u00edses deterioraram-se, com m\u00faltiplas rondas de negocia\u00e7\u00f5es feitas sem um acordo duradouro, enquanto ambas as partes relatam a\u00e7\u00f5es militares ao longo da fronteira.","og_url":"https:\/\/portaltela.pt\/noticias\/2026\/02\/26\/afeganistao-anuncia-ataque-de-grande-escala-contra-paquistao\/","og_site_name":"Portal Tela Portugal","article_published_time":"2026-02-26T19:36:00+00:00","author":"Telinha","twitter_card":"summary_large_image","twitter_misc":{"Escrito por":"Telinha","Tempo estimado de leitura":"1 minuto"},"schema":{"@context":"https:\/\/schema.org","@graph":[{"@type":"Article","@id":"https:\/\/portaltela.pt\/noticias\/2026\/02\/26\/afeganistao-anuncia-ataque-de-grande-escala-contra-paquistao\/#article","isPartOf":{"@id":"https:\/\/portaltela.pt\/noticias\/2026\/02\/26\/afeganistao-anuncia-ataque-de-grande-escala-contra-paquistao\/"},"author":{"name":"Telinha","@id":"https:\/\/portaltela.pt\/#\/schema\/person\/c4278d4a6028830caff9ee44b42d32ed"},"headline":"Afeganist\u00e3o anuncia ataque de grande escala contra Paquist\u00e3o","datePublished":"2026-02-26T19:36:00+00:00","mainEntityOfPage":{"@id":"https:\/\/portaltela.pt\/noticias\/2026\/02\/26\/afeganistao-anuncia-ataque-de-grande-escala-contra-paquistao\/"},"wordCount":284,"image":{"@id":"https:\/\/portaltela.pt\/noticias\/2026\/02\/26\/afeganistao-anuncia-ataque-de-grande-escala-contra-paquistao\/#primaryimage"},"thumbnailUrl":"https:\/\/portaltela.pt\/s.01k8rhncp4jt1\/2026\/02\/image-108.webp","keywords":["Afeganist\u00e3o","ataques","conflitos internacionais","Estado Isl\u00e2mico","fronteiras internacionais","Paquist\u00e3o"],"articleSection":["Not\u00edcias","Pol\u00edtica"],"inLanguage":"pt-PT"},{"@type":"WebPage","@id":"https:\/\/portaltela.pt\/noticias\/2026\/02\/26\/afeganistao-anuncia-ataque-de-grande-escala-contra-paquistao\/","url":"https:\/\/portaltela.pt\/noticias\/2026\/02\/26\/afeganistao-anuncia-ataque-de-grande-escala-contra-paquistao\/","name":"Afeganist\u00e3o anuncia ataque de grande escala contra Paquist\u00e3o - Portal Tela Portugal","isPartOf":{"@id":"https:\/\/portaltela.pt\/#website"},"primaryImageOfPage":{"@id":"https:\/\/portaltela.pt\/noticias\/2026\/02\/26\/afeganistao-anuncia-ataque-de-grande-escala-contra-paquistao\/#primaryimage"},"image":{"@id":"https:\/\/portaltela.pt\/noticias\/2026\/02\/26\/afeganistao-anuncia-ataque-de-grande-escala-contra-paquistao\/#primaryimage"},"thumbnailUrl":"https:\/\/portaltela.pt\/s.01k8rhncp4jt1\/2026\/02\/image-108.webp","datePublished":"2026-02-26T19:36:00+00:00","author":{"@id":"https:\/\/portaltela.pt\/#\/schema\/person\/c4278d4a6028830caff9ee44b42d32ed"},"breadcrumb":{"@id":"https:\/\/portaltela.pt\/noticias\/2026\/02\/26\/afeganistao-anuncia-ataque-de-grande-escala-contra-paquistao\/#breadcrumb"},"inLanguage":"pt-PT","potentialAction":[{"@type":"ReadAction","target":["https:\/\/portaltela.pt\/noticias\/2026\/02\/26\/afeganistao-anuncia-ataque-de-grande-escala-contra-paquistao\/"]}]},{"@type":"ImageObject","inLanguage":"pt-PT","@id":"https:\/\/portaltela.pt\/noticias\/2026\/02\/26\/afeganistao-anuncia-ataque-de-grande-escala-contra-paquistao\/#primaryimage","url":"https:\/\/portaltela.pt\/s.01k8rhncp4jt1\/2026\/02\/image-108.webp","contentUrl":"https:\/\/portaltela.pt\/s.01k8rhncp4jt1\/2026\/02\/image-108.webp","width":1200,"height":800,"caption":"Agente de seguran\u00e7a talib\u00e3 inspeciona um ve\u00edculo num posto de controlo em Cabul, no Afeganist\u00e3o, no dia de confrontos fronteiri\u00e7os com o Paquist\u00e3o"},{"@type":"BreadcrumbList","@id":"https:\/\/portaltela.pt\/noticias\/2026\/02\/26\/afeganistao-anuncia-ataque-de-grande-escala-contra-paquistao\/#breadcrumb","itemListElement":[{"@type":"ListItem","position":1,"name":"In\u00edcio","item":"https:\/\/portaltela.pt\/"},{"@type":"ListItem","position":2,"name":"Afeganist\u00e3o anuncia ataque de grande escala contra Paquist\u00e3o"}]},{"@type":"WebSite","@id":"https:\/\/portaltela.pt\/#website","url":"https:\/\/portaltela.pt\/","name":"Portal Tela Portugal","description":"","potentialAction":[{"@type":"SearchAction","target":{"@type":"EntryPoint","urlTemplate":"https:\/\/portaltela.pt\/?s={search_term_string}"},"query-input":{"@type":"PropertyValueSpecification","valueRequired":true,"valueName":"search_term_string"}}],"inLanguage":"pt-PT"},{"@type":"Person","@id":"https:\/\/portaltela.pt\/#\/schema\/person\/c4278d4a6028830caff9ee44b42d32ed","name":"Telinha","image":{"@type":"ImageObject","inLanguage":"pt-PT","@id":"https:\/\/portaltela.pt\/s.01k8rhncp4jt1\/2025\/11\/talking-bot-125x125.png","url":"https:\/\/portaltela.pt\/s.01k8rhncp4jt1\/2025\/11\/talking-bot-125x125.png","contentUrl":"https:\/\/portaltela.pt\/s.01k8rhncp4jt1\/2025\/11\/talking-bot-125x125.png","caption":"Telinha"},"sameAs":["https:\/\/portaltela.pt\/"],"url":"https:\/\/portaltela.pt\/por\/367410592786\/"}]}},"_links":{"self":[{"href":"https:\/\/portaltela.pt\/api\/wp\/v2\/posts\/389874","targetHints":{"allow":["GET"]}}],"collection":[{"href":"https:\/\/portaltela.pt\/api\/wp\/v2\/posts"}],"about":[{"href":"https:\/\/portaltela.pt\/api\/wp\/v2\/types\/post"}],"author":[{"embeddable":true,"href":"https:\/\/portaltela.pt\/api\/wp\/v2\/users\/2"}],"replies":[{"embeddable":true,"href":"https:\/\/portaltela.pt\/api\/wp\/v2\/comments?post=389874"}],"version-history":[{"count":0,"href":"https:\/\/portaltela.pt\/api\/wp\/v2\/posts\/389874\/revisions"}],"wp:featuredmedia":[{"embeddable":true,"href":"https:\/\/portaltela.pt\/api\/wp\/v2\/media\/389884"}],"wp:attachment":[{"href":"https:\/\/portaltela.pt\/api\/wp\/v2\/media?parent=389874"}],"wp:term":[{"taxonomy":"category","embeddable":true,"href":"https:\/\/portaltela.pt\/api\/wp\/v2\/categories?post=389874"},{"taxonomy":"post_tag","embeddable":true,"href":"https:\/\/portaltela.pt\/api\/wp\/v2\/tags?post=389874"}],"curies":[{"name":"wp","href":"https:\/\/api.w.org\/{rel}","templated":true}]}}