{"id":389867,"date":"2026-02-26T16:34:00","date_gmt":"2026-02-26T19:34:00","guid":{"rendered":"https:\/\/portaltela.pt\/noticias\/2026\/02\/26\/trump-ataca-robert-de-niro-apos-criticas-do-ator\/"},"modified":"2026-02-26T16:34:00","modified_gmt":"2026-02-26T19:34:00","slug":"trump-ataca-robert-de-niro-apos-criticas-do-ator","status":"publish","type":"post","link":"https:\/\/portaltela.pt\/noticias\/politica\/2026\/02\/26\/trump-ataca-robert-de-niro-apos-criticas-do-ator\/","title":{"rendered":"Trump ataca Robert De Niro ap\u00f3s cr\u00edticas do ator"},"content":{"rendered":"<p>O presidente dos EUA, Donald Trump, chamou o ator Robert De Niro de doente e demente ap\u00f3s este pedira aos norte-americanos que resistam ao seu governo.<\/p>\n<p>Numa mensagem na Truth Social, Trump sugeriu a deporta\u00e7\u00e3o de opositores, entre eles Ilhan Omar e Rashida Tlaib, que teriam hostilizado o presidente durante um discurso na C\u00e2mara dos Representantes.<\/p>\n<p>O ataque surge ap\u00f3s De Niro criticar Trump no podcast The Best People with Nicolle Wallace, afirmando que o presidente n\u00e3o deve permanecer no cargo e que os americanos precisam de resist\u00eancia.<\/p>\n<p>N\u00e3o \u00e9 a primeira vez que Trump ataca figuras p\u00fablicas; anteriormente tinha amea\u00e7ado retirar a cidadania de Rosie O&#8217;Donnell, que acabou por mudar-se para a Irlanda ap\u00f3s a reelei\u00e7\u00e3o.<\/p>\n","protected":false},"excerpt":{"rendered":"<ul>\n<li>O presidente dos Estados Unidos, Donald Trump, chamou Robert De Niro de &#8220;doente e demente&#8221; ap\u00f3s cr\u00edticas do ator.<\/li>\n<li>Trump fez as declara\u00e7\u00f5es na plataforma Truth Social e pediu a deporta\u00e7\u00e3o de alguns opositores, entre eles Ilhan Omar e Rashida Tlaib.<\/li>\n<li>Omar e Tlaib hostilizaram Trump durante o discurso na C\u00e2mara dos Representantes, e De Niro criticou o presidente no podcast &#8220;The Best People with Nicolle Wallace&#8221;.<\/li>\n<li>O ator afirmou: &#8220;Ele nunca vai sair. Temos de o obrigar a sair&#8221;, apelando \u00e0 resist\u00eancia de modo a remov\u00ea-lo.<\/li>\n<li>Trump comparou De Niro a Rosie O&#8217;Donnell, dizendo que este \u00e9 ainda mais doente; O&#8217;Donnell mudou-se para a Irlanda ap\u00f3s a reelei\u00e7\u00e3o de Trump.<\/li>\n<\/ul>\n","protected":false},"author":2,"featured_media":389878,"comment_status":"closed","ping_status":"closed","sticky":false,"template":"","format":"standard","meta":{"footnotes":""},"categories":[1,5],"tags":[2795,6404,2832,5698,30,27],"class_list":["post-389867","post","type-post","status-publish","format-standard","has-post-thumbnail","hentry","category-noticias","category-politica","tag-democracia","tag-ilhan-omar","tag-politica","tag-politica-internacional","tag-presidente","tag-relacoes-internacionais"],"yoast_head":"<!-- This site is optimized with the Yoast SEO plugin v27.2 - https:\/\/yoast.com\/product\/yoast-seo-wordpress\/ -->\n<title>Trump ataca Robert De Niro ap\u00f3s cr\u00edticas do ator - Portal Tela Portugal<\/title>\n<meta name=\"robots\" content=\"index, follow, max-snippet:-1, max-image-preview:large, max-video-preview:-1\" \/>\n<meta property=\"og:locale\" content=\"pt_PT\" \/>\n<meta property=\"og:type\" content=\"article\" \/>\n<meta property=\"og:title\" content=\"Trump ataca Robert De Niro ap\u00f3s cr\u00edticas do ator - Portal Tela Portugal\" \/>\n<meta property=\"og:description\" content=\"O presidente dos Estados Unidos, Donald Trump, chamou Robert De Niro de &quot;doente e demente&quot; ap\u00f3s cr\u00edticas do ator. Trump fez as declara\u00e7\u00f5es na plataforma Truth Social e pediu a deporta\u00e7\u00e3o de alguns opositores, entre eles Ilhan Omar e Rashida Tlaib. Omar e Tlaib hostilizaram Trump durante o discurso na C\u00e2mara dos Representantes, e De Niro criticou o presidente no podcast &quot;The Best People with Nicolle Wallace&quot;. O ator afirmou: &quot;Ele nunca vai sair. Temos de o obrigar a sair&quot;, apelando \u00e0 resist\u00eancia de modo a remov\u00ea-lo. Trump comparou De Niro a Rosie O&#039;Donnell, dizendo que este \u00e9 ainda mais doente; O&#039;Donnell mudou-se para a Irlanda ap\u00f3s a reelei\u00e7\u00e3o de Trump.\" \/>\n<meta property=\"og:url\" content=\"https:\/\/portaltela.pt\/noticias\/2026\/02\/26\/trump-ataca-robert-de-niro-apos-criticas-do-ator\/\" \/>\n<meta property=\"og:site_name\" content=\"Portal Tela Portugal\" \/>\n<meta property=\"article:published_time\" content=\"2026-02-26T19:34:00+00:00\" \/>\n<meta name=\"author\" content=\"Telinha\" \/>\n<meta name=\"twitter:card\" content=\"summary_large_image\" \/>\n<meta name=\"twitter:label1\" content=\"Escrito por\" \/>\n\t<meta name=\"twitter:data1\" content=\"Telinha\" \/>\n\t<meta name=\"twitter:label2\" content=\"Tempo estimado de leitura\" \/>\n\t<meta name=\"twitter:data2\" content=\"1 minuto\" \/>\n<script type=\"application\/ld+json\" class=\"yoast-schema-graph\">{\"@context\":\"https:\/\/schema.org\",\"@graph\":[{\"@type\":\"Article\",\"@id\":\"https:\/\/portaltela.pt\/noticias\/2026\/02\/26\/trump-ataca-robert-de-niro-apos-criticas-do-ator\/#article\",\"isPartOf\":{\"@id\":\"https:\/\/portaltela.pt\/noticias\/2026\/02\/26\/trump-ataca-robert-de-niro-apos-criticas-do-ator\/\"},\"author\":{\"name\":\"Telinha\",\"@id\":\"https:\/\/portaltela.pt\/#\/schema\/person\/c4278d4a6028830caff9ee44b42d32ed\"},\"headline\":\"Trump ataca Robert De Niro ap\u00f3s cr\u00edticas do ator\",\"datePublished\":\"2026-02-26T19:34:00+00:00\",\"mainEntityOfPage\":{\"@id\":\"https:\/\/portaltela.pt\/noticias\/2026\/02\/26\/trump-ataca-robert-de-niro-apos-criticas-do-ator\/\"},\"wordCount\":139,\"image\":{\"@id\":\"https:\/\/portaltela.pt\/noticias\/2026\/02\/26\/trump-ataca-robert-de-niro-apos-criticas-do-ator\/#primaryimage\"},\"thumbnailUrl\":\"https:\/\/portaltela.pt\/s.01k8rhncp4jt1\/2026\/02\/image-1957.jpg\",\"keywords\":[\"democracia\",\"Ilhan Omar\",\"pol\u00edtica\",\"pol\u00edtica internacional\",\"presidente\",\"rela\u00e7\u00f5es internacionais\"],\"articleSection\":[\"Not\u00edcias\",\"Pol\u00edtica\"],\"inLanguage\":\"pt-PT\"},{\"@type\":\"WebPage\",\"@id\":\"https:\/\/portaltela.pt\/noticias\/2026\/02\/26\/trump-ataca-robert-de-niro-apos-criticas-do-ator\/\",\"url\":\"https:\/\/portaltela.pt\/noticias\/2026\/02\/26\/trump-ataca-robert-de-niro-apos-criticas-do-ator\/\",\"name\":\"Trump ataca Robert De Niro ap\u00f3s cr\u00edticas do ator - Portal Tela Portugal\",\"isPartOf\":{\"@id\":\"https:\/\/portaltela.pt\/#website\"},\"primaryImageOfPage\":{\"@id\":\"https:\/\/portaltela.pt\/noticias\/2026\/02\/26\/trump-ataca-robert-de-niro-apos-criticas-do-ator\/#primaryimage\"},\"image\":{\"@id\":\"https:\/\/portaltela.pt\/noticias\/2026\/02\/26\/trump-ataca-robert-de-niro-apos-criticas-do-ator\/#primaryimage\"},\"thumbnailUrl\":\"https:\/\/portaltela.pt\/s.01k8rhncp4jt1\/2026\/02\/image-1957.jpg\",\"datePublished\":\"2026-02-26T19:34:00+00:00\",\"author\":{\"@id\":\"https:\/\/portaltela.pt\/#\/schema\/person\/c4278d4a6028830caff9ee44b42d32ed\"},\"breadcrumb\":{\"@id\":\"https:\/\/portaltela.pt\/noticias\/2026\/02\/26\/trump-ataca-robert-de-niro-apos-criticas-do-ator\/#breadcrumb\"},\"inLanguage\":\"pt-PT\",\"potentialAction\":[{\"@type\":\"ReadAction\",\"target\":[\"https:\/\/portaltela.pt\/noticias\/2026\/02\/26\/trump-ataca-robert-de-niro-apos-criticas-do-ator\/\"]}]},{\"@type\":\"ImageObject\",\"inLanguage\":\"pt-PT\",\"@id\":\"https:\/\/portaltela.pt\/noticias\/2026\/02\/26\/trump-ataca-robert-de-niro-apos-criticas-do-ator\/#primaryimage\",\"url\":\"https:\/\/portaltela.pt\/s.01k8rhncp4jt1\/2026\/02\/image-1957.jpg\",\"contentUrl\":\"https:\/\/portaltela.pt\/s.01k8rhncp4jt1\/2026\/02\/image-1957.jpg\",\"width\":796,\"height\":448,\"caption\":\"Foto: Rita Chantre\"},{\"@type\":\"BreadcrumbList\",\"@id\":\"https:\/\/portaltela.pt\/noticias\/2026\/02\/26\/trump-ataca-robert-de-niro-apos-criticas-do-ator\/#breadcrumb\",\"itemListElement\":[{\"@type\":\"ListItem\",\"position\":1,\"name\":\"In\u00edcio\",\"item\":\"https:\/\/portaltela.pt\/\"},{\"@type\":\"ListItem\",\"position\":2,\"name\":\"Trump ataca Robert De Niro ap\u00f3s cr\u00edticas do ator\"}]},{\"@type\":\"WebSite\",\"@id\":\"https:\/\/portaltela.pt\/#website\",\"url\":\"https:\/\/portaltela.pt\/\",\"name\":\"Portal Tela Portugal\",\"description\":\"\",\"potentialAction\":[{\"@type\":\"SearchAction\",\"target\":{\"@type\":\"EntryPoint\",\"urlTemplate\":\"https:\/\/portaltela.pt\/?s={search_term_string}\"},\"query-input\":{\"@type\":\"PropertyValueSpecification\",\"valueRequired\":true,\"valueName\":\"search_term_string\"}}],\"inLanguage\":\"pt-PT\"},{\"@type\":\"Person\",\"@id\":\"https:\/\/portaltela.pt\/#\/schema\/person\/c4278d4a6028830caff9ee44b42d32ed\",\"name\":\"Telinha\",\"image\":{\"@type\":\"ImageObject\",\"inLanguage\":\"pt-PT\",\"@id\":\"https:\/\/portaltela.pt\/s.01k8rhncp4jt1\/2025\/11\/talking-bot-125x125.png\",\"url\":\"https:\/\/portaltela.pt\/s.01k8rhncp4jt1\/2025\/11\/talking-bot-125x125.png\",\"contentUrl\":\"https:\/\/portaltela.pt\/s.01k8rhncp4jt1\/2025\/11\/talking-bot-125x125.png\",\"caption\":\"Telinha\"},\"sameAs\":[\"https:\/\/portaltela.pt\/\"],\"url\":\"https:\/\/portaltela.pt\/por\/367410592786\/\"}]}<\/script>\n<!-- \/ Yoast SEO plugin. -->","yoast_head_json":{"title":"Trump ataca Robert De Niro ap\u00f3s cr\u00edticas do ator - Portal Tela Portugal","robots":{"index":"index","follow":"follow","max-snippet":"max-snippet:-1","max-image-preview":"max-image-preview:large","max-video-preview":"max-video-preview:-1"},"og_locale":"pt_PT","og_type":"article","og_title":"Trump ataca Robert De Niro ap\u00f3s cr\u00edticas do ator - Portal Tela Portugal","og_description":"O presidente dos Estados Unidos, Donald Trump, chamou Robert De Niro de \"doente e demente\" ap\u00f3s cr\u00edticas do ator. Trump fez as declara\u00e7\u00f5es na plataforma Truth Social e pediu a deporta\u00e7\u00e3o de alguns opositores, entre eles Ilhan Omar e Rashida Tlaib. Omar e Tlaib hostilizaram Trump durante o discurso na C\u00e2mara dos Representantes, e De Niro criticou o presidente no podcast \"The Best People with Nicolle Wallace\". O ator afirmou: \"Ele nunca vai sair. Temos de o obrigar a sair\", apelando \u00e0 resist\u00eancia de modo a remov\u00ea-lo. Trump comparou De Niro a Rosie O'Donnell, dizendo que este \u00e9 ainda mais doente; O'Donnell mudou-se para a Irlanda ap\u00f3s a reelei\u00e7\u00e3o de Trump.","og_url":"https:\/\/portaltela.pt\/noticias\/2026\/02\/26\/trump-ataca-robert-de-niro-apos-criticas-do-ator\/","og_site_name":"Portal Tela Portugal","article_published_time":"2026-02-26T19:34:00+00:00","author":"Telinha","twitter_card":"summary_large_image","twitter_misc":{"Escrito por":"Telinha","Tempo estimado de leitura":"1 minuto"},"schema":{"@context":"https:\/\/schema.org","@graph":[{"@type":"Article","@id":"https:\/\/portaltela.pt\/noticias\/2026\/02\/26\/trump-ataca-robert-de-niro-apos-criticas-do-ator\/#article","isPartOf":{"@id":"https:\/\/portaltela.pt\/noticias\/2026\/02\/26\/trump-ataca-robert-de-niro-apos-criticas-do-ator\/"},"author":{"name":"Telinha","@id":"https:\/\/portaltela.pt\/#\/schema\/person\/c4278d4a6028830caff9ee44b42d32ed"},"headline":"Trump ataca Robert De Niro ap\u00f3s cr\u00edticas do ator","datePublished":"2026-02-26T19:34:00+00:00","mainEntityOfPage":{"@id":"https:\/\/portaltela.pt\/noticias\/2026\/02\/26\/trump-ataca-robert-de-niro-apos-criticas-do-ator\/"},"wordCount":139,"image":{"@id":"https:\/\/portaltela.pt\/noticias\/2026\/02\/26\/trump-ataca-robert-de-niro-apos-criticas-do-ator\/#primaryimage"},"thumbnailUrl":"https:\/\/portaltela.pt\/s.01k8rhncp4jt1\/2026\/02\/image-1957.jpg","keywords":["democracia","Ilhan Omar","pol\u00edtica","pol\u00edtica internacional","presidente","rela\u00e7\u00f5es internacionais"],"articleSection":["Not\u00edcias","Pol\u00edtica"],"inLanguage":"pt-PT"},{"@type":"WebPage","@id":"https:\/\/portaltela.pt\/noticias\/2026\/02\/26\/trump-ataca-robert-de-niro-apos-criticas-do-ator\/","url":"https:\/\/portaltela.pt\/noticias\/2026\/02\/26\/trump-ataca-robert-de-niro-apos-criticas-do-ator\/","name":"Trump ataca Robert De Niro ap\u00f3s cr\u00edticas do ator - Portal Tela Portugal","isPartOf":{"@id":"https:\/\/portaltela.pt\/#website"},"primaryImageOfPage":{"@id":"https:\/\/portaltela.pt\/noticias\/2026\/02\/26\/trump-ataca-robert-de-niro-apos-criticas-do-ator\/#primaryimage"},"image":{"@id":"https:\/\/portaltela.pt\/noticias\/2026\/02\/26\/trump-ataca-robert-de-niro-apos-criticas-do-ator\/#primaryimage"},"thumbnailUrl":"https:\/\/portaltela.pt\/s.01k8rhncp4jt1\/2026\/02\/image-1957.jpg","datePublished":"2026-02-26T19:34:00+00:00","author":{"@id":"https:\/\/portaltela.pt\/#\/schema\/person\/c4278d4a6028830caff9ee44b42d32ed"},"breadcrumb":{"@id":"https:\/\/portaltela.pt\/noticias\/2026\/02\/26\/trump-ataca-robert-de-niro-apos-criticas-do-ator\/#breadcrumb"},"inLanguage":"pt-PT","potentialAction":[{"@type":"ReadAction","target":["https:\/\/portaltela.pt\/noticias\/2026\/02\/26\/trump-ataca-robert-de-niro-apos-criticas-do-ator\/"]}]},{"@type":"ImageObject","inLanguage":"pt-PT","@id":"https:\/\/portaltela.pt\/noticias\/2026\/02\/26\/trump-ataca-robert-de-niro-apos-criticas-do-ator\/#primaryimage","url":"https:\/\/portaltela.pt\/s.01k8rhncp4jt1\/2026\/02\/image-1957.jpg","contentUrl":"https:\/\/portaltela.pt\/s.01k8rhncp4jt1\/2026\/02\/image-1957.jpg","width":796,"height":448,"caption":"Foto: Rita Chantre"},{"@type":"BreadcrumbList","@id":"https:\/\/portaltela.pt\/noticias\/2026\/02\/26\/trump-ataca-robert-de-niro-apos-criticas-do-ator\/#breadcrumb","itemListElement":[{"@type":"ListItem","position":1,"name":"In\u00edcio","item":"https:\/\/portaltela.pt\/"},{"@type":"ListItem","position":2,"name":"Trump ataca Robert De Niro ap\u00f3s cr\u00edticas do ator"}]},{"@type":"WebSite","@id":"https:\/\/portaltela.pt\/#website","url":"https:\/\/portaltela.pt\/","name":"Portal Tela Portugal","description":"","potentialAction":[{"@type":"SearchAction","target":{"@type":"EntryPoint","urlTemplate":"https:\/\/portaltela.pt\/?s={search_term_string}"},"query-input":{"@type":"PropertyValueSpecification","valueRequired":true,"valueName":"search_term_string"}}],"inLanguage":"pt-PT"},{"@type":"Person","@id":"https:\/\/portaltela.pt\/#\/schema\/person\/c4278d4a6028830caff9ee44b42d32ed","name":"Telinha","image":{"@type":"ImageObject","inLanguage":"pt-PT","@id":"https:\/\/portaltela.pt\/s.01k8rhncp4jt1\/2025\/11\/talking-bot-125x125.png","url":"https:\/\/portaltela.pt\/s.01k8rhncp4jt1\/2025\/11\/talking-bot-125x125.png","contentUrl":"https:\/\/portaltela.pt\/s.01k8rhncp4jt1\/2025\/11\/talking-bot-125x125.png","caption":"Telinha"},"sameAs":["https:\/\/portaltela.pt\/"],"url":"https:\/\/portaltela.pt\/por\/367410592786\/"}]}},"_links":{"self":[{"href":"https:\/\/portaltela.pt\/api\/wp\/v2\/posts\/389867","targetHints":{"allow":["GET"]}}],"collection":[{"href":"https:\/\/portaltela.pt\/api\/wp\/v2\/posts"}],"about":[{"href":"https:\/\/portaltela.pt\/api\/wp\/v2\/types\/post"}],"author":[{"embeddable":true,"href":"https:\/\/portaltela.pt\/api\/wp\/v2\/users\/2"}],"replies":[{"embeddable":true,"href":"https:\/\/portaltela.pt\/api\/wp\/v2\/comments?post=389867"}],"version-history":[{"count":0,"href":"https:\/\/portaltela.pt\/api\/wp\/v2\/posts\/389867\/revisions"}],"wp:featuredmedia":[{"embeddable":true,"href":"https:\/\/portaltela.pt\/api\/wp\/v2\/media\/389878"}],"wp:attachment":[{"href":"https:\/\/portaltela.pt\/api\/wp\/v2\/media?parent=389867"}],"wp:term":[{"taxonomy":"category","embeddable":true,"href":"https:\/\/portaltela.pt\/api\/wp\/v2\/categories?post=389867"},{"taxonomy":"post_tag","embeddable":true,"href":"https:\/\/portaltela.pt\/api\/wp\/v2\/tags?post=389867"}],"curies":[{"name":"wp","href":"https:\/\/api.w.org\/{rel}","templated":true}]}}