{"id":389865,"date":"2026-02-26T16:35:00","date_gmt":"2026-02-26T19:35:00","guid":{"rendered":"https:\/\/portaltela.pt\/noticias\/2026\/02\/26\/valongo-reivindica-construcao-de-duas-linhas-de-metro\/"},"modified":"2026-02-26T16:35:00","modified_gmt":"2026-02-26T19:35:00","slug":"valongo-reivindica-construcao-de-duas-linhas-de-metro","status":"publish","type":"post","link":"https:\/\/portaltela.pt\/noticias\/2026\/02\/26\/valongo-reivindica-construcao-de-duas-linhas-de-metro\/","title":{"rendered":"Valongo reivindica constru\u00e7\u00e3o de duas linhas de metro"},"content":{"rendered":"<p>O presidente da C\u00e2mara de Valongo, Paulo Esteves Ferreira, anunciou a inten\u00e7\u00e3o de levar o metro at\u00e9 Valongo durante o mandato. A not\u00edcia surge num contexto de promessas antigas de mobilidade.<\/p>\n<p>Depois das elei\u00e7\u00f5es, as dilig\u00eancias para avan\u00e7ar com duas linhas na regi\u00e3o come\u00e7aram a ganhar forma. Foi apresentado um estudo pr\u00e9vio \u00e0 Metro e, na pr\u00f3xima semana, ser\u00e1 formada uma equipa conjunta entre o Munic\u00edpio e a empresa de transportes.<\/p>\n<p>A proposta de piloto aponta para duas linhas a norte de Valongo: uma que ligaria Alfena ao centro de Valongo, e outra na liga\u00e7\u00e3o Maia II. Estas op\u00e7\u00f5es integram o planeamento de redes futuras.<\/p>\n<p>Paulo Esteves Ferreira tamb\u00e9m reivindica uma extens\u00e3o da Maia II at\u00e9 Ermesinde e Alfena, bem como um prolongamento desde Baguim do Monte (Gondomar) at\u00e9 Valongo centro, cabendo \u00e0 Metro valorar as viabilidades.<\/p>\n<p>A equipa que se formar ter\u00e1 como objetivo avan\u00e7ar com etapas t\u00e9cnicas, financeiras e regulat\u00f3rias. O calend\u00e1rio e as etapas formais dependem de an\u00e1lises em curso e de eventual aprova\u00e7\u00e3o a n\u00edvel regional.<\/p>\n","protected":false},"excerpt":{"rendered":"<ul>\n<li>Paulo Esteves Ferreira prometeu levar o metro at\u00e9 Valongo quando se candidatou \u00e0 presid\u00eancia da autarquia.<\/li>\n<li>Desde a vit\u00f3ria, as dilig\u00eancias para as linhas Alfena e centro de Valongo come\u00e7am a produzir resultados.<\/li>\n<li>Na pr\u00f3xima semana, ap\u00f3s apresentar um estudo pr\u00e9vio \u00e0 Metro, ser\u00e1 formada uma equipa com elementos do Munic\u00edpio e da empresa de transportes.<\/li>\n<li>A equipa ficar\u00e1 respons\u00e1vel por tratar de quest\u00f5es mais concretas relacionadas com as linhas reivindicadas.<\/li>\n<li>O presidente defende uma extens\u00e3o da futura Linha Maia II at\u00e9 Ermesinde e Alfena, e prolongamento de Baguim do Monte (Gondomar) at\u00e9 ao centro de Valongo.<\/li>\n<\/ul>\n","protected":false},"author":2,"featured_media":389880,"comment_status":"closed","ping_status":"closed","sticky":false,"template":"","format":"standard","meta":{"footnotes":""},"categories":[1],"tags":[3748,4069,1243,1743,192,1244],"class_list":["post-389865","post","type-post","status-publish","format-standard","has-post-thumbnail","hentry","category-noticias","tag-alfena","tag-ermesinde","tag-gondomar","tag-maia","tag-transporte","tag-valongo"],"yoast_head":"<!-- This site is optimized with the Yoast SEO plugin v27.2 - https:\/\/yoast.com\/product\/yoast-seo-wordpress\/ -->\n<title>Valongo reivindica constru\u00e7\u00e3o de duas linhas de metro - Portal Tela Portugal<\/title>\n<meta name=\"robots\" content=\"index, follow, max-snippet:-1, max-image-preview:large, max-video-preview:-1\" \/>\n<meta property=\"og:locale\" content=\"pt_PT\" \/>\n<meta property=\"og:type\" content=\"article\" \/>\n<meta property=\"og:title\" content=\"Valongo reivindica constru\u00e7\u00e3o de duas linhas de metro - Portal Tela Portugal\" \/>\n<meta property=\"og:description\" content=\"Paulo Esteves Ferreira prometeu levar o metro at\u00e9 Valongo quando se candidatou \u00e0 presid\u00eancia da autarquia. Desde a vit\u00f3ria, as dilig\u00eancias para as linhas Alfena e centro de Valongo come\u00e7am a produzir resultados. Na pr\u00f3xima semana, ap\u00f3s apresentar um estudo pr\u00e9vio \u00e0 Metro, ser\u00e1 formada uma equipa com elementos do Munic\u00edpio e da empresa de transportes. A equipa ficar\u00e1 respons\u00e1vel por tratar de quest\u00f5es mais concretas relacionadas com as linhas reivindicadas. O presidente defende uma extens\u00e3o da futura Linha Maia II at\u00e9 Ermesinde e Alfena, e prolongamento de Baguim do Monte (Gondomar) at\u00e9 ao centro de Valongo.\" \/>\n<meta property=\"og:url\" content=\"https:\/\/portaltela.pt\/noticias\/2026\/02\/26\/valongo-reivindica-construcao-de-duas-linhas-de-metro\/\" \/>\n<meta property=\"og:site_name\" content=\"Portal Tela Portugal\" \/>\n<meta property=\"article:published_time\" content=\"2026-02-26T19:35:00+00:00\" \/>\n<meta name=\"author\" content=\"Telinha\" \/>\n<meta name=\"twitter:card\" content=\"summary_large_image\" \/>\n<meta name=\"twitter:label1\" content=\"Escrito por\" \/>\n\t<meta name=\"twitter:data1\" content=\"Telinha\" \/>\n\t<meta name=\"twitter:label2\" content=\"Tempo estimado de leitura\" \/>\n\t<meta name=\"twitter:data2\" content=\"1 minuto\" \/>\n<script type=\"application\/ld+json\" class=\"yoast-schema-graph\">{\"@context\":\"https:\/\/schema.org\",\"@graph\":[{\"@type\":\"Article\",\"@id\":\"https:\/\/portaltela.pt\/noticias\/2026\/02\/26\/valongo-reivindica-construcao-de-duas-linhas-de-metro\/#article\",\"isPartOf\":{\"@id\":\"https:\/\/portaltela.pt\/noticias\/2026\/02\/26\/valongo-reivindica-construcao-de-duas-linhas-de-metro\/\"},\"author\":{\"name\":\"Telinha\",\"@id\":\"https:\/\/portaltela.pt\/#\/schema\/person\/c4278d4a6028830caff9ee44b42d32ed\"},\"headline\":\"Valongo reivindica constru\u00e7\u00e3o de duas linhas de metro\",\"datePublished\":\"2026-02-26T19:35:00+00:00\",\"mainEntityOfPage\":{\"@id\":\"https:\/\/portaltela.pt\/noticias\/2026\/02\/26\/valongo-reivindica-construcao-de-duas-linhas-de-metro\/\"},\"wordCount\":199,\"image\":{\"@id\":\"https:\/\/portaltela.pt\/noticias\/2026\/02\/26\/valongo-reivindica-construcao-de-duas-linhas-de-metro\/#primaryimage\"},\"thumbnailUrl\":\"https:\/\/portaltela.pt\/s.01k8rhncp4jt1\/2026\/02\/image-1957.jpg\",\"keywords\":[\"Alfena\",\"Ermesinde\",\"Gondomar\",\"Maia\",\"transporte\",\"Valongo\"],\"articleSection\":[\"Not\u00edcias\"],\"inLanguage\":\"pt-PT\"},{\"@type\":\"WebPage\",\"@id\":\"https:\/\/portaltela.pt\/noticias\/2026\/02\/26\/valongo-reivindica-construcao-de-duas-linhas-de-metro\/\",\"url\":\"https:\/\/portaltela.pt\/noticias\/2026\/02\/26\/valongo-reivindica-construcao-de-duas-linhas-de-metro\/\",\"name\":\"Valongo reivindica constru\u00e7\u00e3o de duas linhas de metro - Portal Tela Portugal\",\"isPartOf\":{\"@id\":\"https:\/\/portaltela.pt\/#website\"},\"primaryImageOfPage\":{\"@id\":\"https:\/\/portaltela.pt\/noticias\/2026\/02\/26\/valongo-reivindica-construcao-de-duas-linhas-de-metro\/#primaryimage\"},\"image\":{\"@id\":\"https:\/\/portaltela.pt\/noticias\/2026\/02\/26\/valongo-reivindica-construcao-de-duas-linhas-de-metro\/#primaryimage\"},\"thumbnailUrl\":\"https:\/\/portaltela.pt\/s.01k8rhncp4jt1\/2026\/02\/image-1957.jpg\",\"datePublished\":\"2026-02-26T19:35:00+00:00\",\"author\":{\"@id\":\"https:\/\/portaltela.pt\/#\/schema\/person\/c4278d4a6028830caff9ee44b42d32ed\"},\"breadcrumb\":{\"@id\":\"https:\/\/portaltela.pt\/noticias\/2026\/02\/26\/valongo-reivindica-construcao-de-duas-linhas-de-metro\/#breadcrumb\"},\"inLanguage\":\"pt-PT\",\"potentialAction\":[{\"@type\":\"ReadAction\",\"target\":[\"https:\/\/portaltela.pt\/noticias\/2026\/02\/26\/valongo-reivindica-construcao-de-duas-linhas-de-metro\/\"]}]},{\"@type\":\"ImageObject\",\"inLanguage\":\"pt-PT\",\"@id\":\"https:\/\/portaltela.pt\/noticias\/2026\/02\/26\/valongo-reivindica-construcao-de-duas-linhas-de-metro\/#primaryimage\",\"url\":\"https:\/\/portaltela.pt\/s.01k8rhncp4jt1\/2026\/02\/image-1957.jpg\",\"contentUrl\":\"https:\/\/portaltela.pt\/s.01k8rhncp4jt1\/2026\/02\/image-1957.jpg\",\"width\":796,\"height\":448,\"caption\":\"Paulo Esteves Ferreira, presidente da C\u00e2mara de Valongo\"},{\"@type\":\"BreadcrumbList\",\"@id\":\"https:\/\/portaltela.pt\/noticias\/2026\/02\/26\/valongo-reivindica-construcao-de-duas-linhas-de-metro\/#breadcrumb\",\"itemListElement\":[{\"@type\":\"ListItem\",\"position\":1,\"name\":\"In\u00edcio\",\"item\":\"https:\/\/portaltela.pt\/\"},{\"@type\":\"ListItem\",\"position\":2,\"name\":\"Valongo reivindica constru\u00e7\u00e3o de duas linhas de metro\"}]},{\"@type\":\"WebSite\",\"@id\":\"https:\/\/portaltela.pt\/#website\",\"url\":\"https:\/\/portaltela.pt\/\",\"name\":\"Portal Tela Portugal\",\"description\":\"\",\"potentialAction\":[{\"@type\":\"SearchAction\",\"target\":{\"@type\":\"EntryPoint\",\"urlTemplate\":\"https:\/\/portaltela.pt\/?s={search_term_string}\"},\"query-input\":{\"@type\":\"PropertyValueSpecification\",\"valueRequired\":true,\"valueName\":\"search_term_string\"}}],\"inLanguage\":\"pt-PT\"},{\"@type\":\"Person\",\"@id\":\"https:\/\/portaltela.pt\/#\/schema\/person\/c4278d4a6028830caff9ee44b42d32ed\",\"name\":\"Telinha\",\"image\":{\"@type\":\"ImageObject\",\"inLanguage\":\"pt-PT\",\"@id\":\"https:\/\/portaltela.pt\/s.01k8rhncp4jt1\/2025\/11\/talking-bot-125x125.png\",\"url\":\"https:\/\/portaltela.pt\/s.01k8rhncp4jt1\/2025\/11\/talking-bot-125x125.png\",\"contentUrl\":\"https:\/\/portaltela.pt\/s.01k8rhncp4jt1\/2025\/11\/talking-bot-125x125.png\",\"caption\":\"Telinha\"},\"sameAs\":[\"https:\/\/portaltela.pt\/\"],\"url\":\"https:\/\/portaltela.pt\/por\/367410592786\/\"}]}<\/script>\n<!-- \/ Yoast SEO plugin. -->","yoast_head_json":{"title":"Valongo reivindica constru\u00e7\u00e3o de duas linhas de metro - Portal Tela Portugal","robots":{"index":"index","follow":"follow","max-snippet":"max-snippet:-1","max-image-preview":"max-image-preview:large","max-video-preview":"max-video-preview:-1"},"og_locale":"pt_PT","og_type":"article","og_title":"Valongo reivindica constru\u00e7\u00e3o de duas linhas de metro - Portal Tela Portugal","og_description":"Paulo Esteves Ferreira prometeu levar o metro at\u00e9 Valongo quando se candidatou \u00e0 presid\u00eancia da autarquia. Desde a vit\u00f3ria, as dilig\u00eancias para as linhas Alfena e centro de Valongo come\u00e7am a produzir resultados. Na pr\u00f3xima semana, ap\u00f3s apresentar um estudo pr\u00e9vio \u00e0 Metro, ser\u00e1 formada uma equipa com elementos do Munic\u00edpio e da empresa de transportes. A equipa ficar\u00e1 respons\u00e1vel por tratar de quest\u00f5es mais concretas relacionadas com as linhas reivindicadas. O presidente defende uma extens\u00e3o da futura Linha Maia II at\u00e9 Ermesinde e Alfena, e prolongamento de Baguim do Monte (Gondomar) at\u00e9 ao centro de Valongo.","og_url":"https:\/\/portaltela.pt\/noticias\/2026\/02\/26\/valongo-reivindica-construcao-de-duas-linhas-de-metro\/","og_site_name":"Portal Tela Portugal","article_published_time":"2026-02-26T19:35:00+00:00","author":"Telinha","twitter_card":"summary_large_image","twitter_misc":{"Escrito por":"Telinha","Tempo estimado de leitura":"1 minuto"},"schema":{"@context":"https:\/\/schema.org","@graph":[{"@type":"Article","@id":"https:\/\/portaltela.pt\/noticias\/2026\/02\/26\/valongo-reivindica-construcao-de-duas-linhas-de-metro\/#article","isPartOf":{"@id":"https:\/\/portaltela.pt\/noticias\/2026\/02\/26\/valongo-reivindica-construcao-de-duas-linhas-de-metro\/"},"author":{"name":"Telinha","@id":"https:\/\/portaltela.pt\/#\/schema\/person\/c4278d4a6028830caff9ee44b42d32ed"},"headline":"Valongo reivindica constru\u00e7\u00e3o de duas linhas de metro","datePublished":"2026-02-26T19:35:00+00:00","mainEntityOfPage":{"@id":"https:\/\/portaltela.pt\/noticias\/2026\/02\/26\/valongo-reivindica-construcao-de-duas-linhas-de-metro\/"},"wordCount":199,"image":{"@id":"https:\/\/portaltela.pt\/noticias\/2026\/02\/26\/valongo-reivindica-construcao-de-duas-linhas-de-metro\/#primaryimage"},"thumbnailUrl":"https:\/\/portaltela.pt\/s.01k8rhncp4jt1\/2026\/02\/image-1957.jpg","keywords":["Alfena","Ermesinde","Gondomar","Maia","transporte","Valongo"],"articleSection":["Not\u00edcias"],"inLanguage":"pt-PT"},{"@type":"WebPage","@id":"https:\/\/portaltela.pt\/noticias\/2026\/02\/26\/valongo-reivindica-construcao-de-duas-linhas-de-metro\/","url":"https:\/\/portaltela.pt\/noticias\/2026\/02\/26\/valongo-reivindica-construcao-de-duas-linhas-de-metro\/","name":"Valongo reivindica constru\u00e7\u00e3o de duas linhas de metro - Portal Tela Portugal","isPartOf":{"@id":"https:\/\/portaltela.pt\/#website"},"primaryImageOfPage":{"@id":"https:\/\/portaltela.pt\/noticias\/2026\/02\/26\/valongo-reivindica-construcao-de-duas-linhas-de-metro\/#primaryimage"},"image":{"@id":"https:\/\/portaltela.pt\/noticias\/2026\/02\/26\/valongo-reivindica-construcao-de-duas-linhas-de-metro\/#primaryimage"},"thumbnailUrl":"https:\/\/portaltela.pt\/s.01k8rhncp4jt1\/2026\/02\/image-1957.jpg","datePublished":"2026-02-26T19:35:00+00:00","author":{"@id":"https:\/\/portaltela.pt\/#\/schema\/person\/c4278d4a6028830caff9ee44b42d32ed"},"breadcrumb":{"@id":"https:\/\/portaltela.pt\/noticias\/2026\/02\/26\/valongo-reivindica-construcao-de-duas-linhas-de-metro\/#breadcrumb"},"inLanguage":"pt-PT","potentialAction":[{"@type":"ReadAction","target":["https:\/\/portaltela.pt\/noticias\/2026\/02\/26\/valongo-reivindica-construcao-de-duas-linhas-de-metro\/"]}]},{"@type":"ImageObject","inLanguage":"pt-PT","@id":"https:\/\/portaltela.pt\/noticias\/2026\/02\/26\/valongo-reivindica-construcao-de-duas-linhas-de-metro\/#primaryimage","url":"https:\/\/portaltela.pt\/s.01k8rhncp4jt1\/2026\/02\/image-1957.jpg","contentUrl":"https:\/\/portaltela.pt\/s.01k8rhncp4jt1\/2026\/02\/image-1957.jpg","width":796,"height":448,"caption":"Paulo Esteves Ferreira, presidente da C\u00e2mara de Valongo"},{"@type":"BreadcrumbList","@id":"https:\/\/portaltela.pt\/noticias\/2026\/02\/26\/valongo-reivindica-construcao-de-duas-linhas-de-metro\/#breadcrumb","itemListElement":[{"@type":"ListItem","position":1,"name":"In\u00edcio","item":"https:\/\/portaltela.pt\/"},{"@type":"ListItem","position":2,"name":"Valongo reivindica constru\u00e7\u00e3o de duas linhas de metro"}]},{"@type":"WebSite","@id":"https:\/\/portaltela.pt\/#website","url":"https:\/\/portaltela.pt\/","name":"Portal Tela Portugal","description":"","potentialAction":[{"@type":"SearchAction","target":{"@type":"EntryPoint","urlTemplate":"https:\/\/portaltela.pt\/?s={search_term_string}"},"query-input":{"@type":"PropertyValueSpecification","valueRequired":true,"valueName":"search_term_string"}}],"inLanguage":"pt-PT"},{"@type":"Person","@id":"https:\/\/portaltela.pt\/#\/schema\/person\/c4278d4a6028830caff9ee44b42d32ed","name":"Telinha","image":{"@type":"ImageObject","inLanguage":"pt-PT","@id":"https:\/\/portaltela.pt\/s.01k8rhncp4jt1\/2025\/11\/talking-bot-125x125.png","url":"https:\/\/portaltela.pt\/s.01k8rhncp4jt1\/2025\/11\/talking-bot-125x125.png","contentUrl":"https:\/\/portaltela.pt\/s.01k8rhncp4jt1\/2025\/11\/talking-bot-125x125.png","caption":"Telinha"},"sameAs":["https:\/\/portaltela.pt\/"],"url":"https:\/\/portaltela.pt\/por\/367410592786\/"}]}},"_links":{"self":[{"href":"https:\/\/portaltela.pt\/api\/wp\/v2\/posts\/389865","targetHints":{"allow":["GET"]}}],"collection":[{"href":"https:\/\/portaltela.pt\/api\/wp\/v2\/posts"}],"about":[{"href":"https:\/\/portaltela.pt\/api\/wp\/v2\/types\/post"}],"author":[{"embeddable":true,"href":"https:\/\/portaltela.pt\/api\/wp\/v2\/users\/2"}],"replies":[{"embeddable":true,"href":"https:\/\/portaltela.pt\/api\/wp\/v2\/comments?post=389865"}],"version-history":[{"count":0,"href":"https:\/\/portaltela.pt\/api\/wp\/v2\/posts\/389865\/revisions"}],"wp:featuredmedia":[{"embeddable":true,"href":"https:\/\/portaltela.pt\/api\/wp\/v2\/media\/389880"}],"wp:attachment":[{"href":"https:\/\/portaltela.pt\/api\/wp\/v2\/media?parent=389865"}],"wp:term":[{"taxonomy":"category","embeddable":true,"href":"https:\/\/portaltela.pt\/api\/wp\/v2\/categories?post=389865"},{"taxonomy":"post_tag","embeddable":true,"href":"https:\/\/portaltela.pt\/api\/wp\/v2\/tags?post=389865"}],"curies":[{"name":"wp","href":"https:\/\/api.w.org\/{rel}","templated":true}]}}