{"id":389860,"date":"2026-02-26T16:33:00","date_gmt":"2026-02-26T19:33:00","guid":{"rendered":"https:\/\/portaltela.pt\/noticias\/2026\/02\/26\/gaia-tera-novo-servico-de-transportes-ligando-litoral-ao-interior-em-12-minutos\/"},"modified":"2026-02-26T16:33:00","modified_gmt":"2026-02-26T19:33:00","slug":"gaia-tera-novo-servico-de-transportes-ligando-litoral-ao-interior-em-12-minutos","status":"publish","type":"post","link":"https:\/\/portaltela.pt\/noticias\/2026\/02\/26\/gaia-tera-novo-servico-de-transportes-ligando-litoral-ao-interior-em-12-minutos\/","title":{"rendered":"Gaia ter\u00e1 novo servi\u00e7o de transportes ligando litoral ao interior em 12 minutos"},"content":{"rendered":"<p>O munic\u00edpio de Gaia vai lan\u00e7ar um novo servi\u00e7o de transportes que liga o litoral ao interior, com a viagem a durar cerca de 12 minutos. A medida visa facilitar o acesso entre as freguesias mais interioranas e o n\u00facleo urbano, bem como o litoral.<\/p>\n<p>A autarquia aponta que o projeto enquadra-se numa l\u00f3gica de sustentabilidade e de combate \u00e0 desertifica\u00e7\u00e3o do interior, abrangendo Crestuma, Lever, Olival, Avintes, zonas norte de Pedroso e Vilar de Andorinho, Oliveira do Douro e Avintes.<\/p>\n<p>Segundo o presidente da C\u00e2mara, Gaia ser\u00e1 a terceira cidade da Europa a implementar um sistema de transportes de vanguarda, inovador e sustent\u00e1vel, ap\u00f3s Toulouse e Paris. A declara\u00e7\u00e3o foi feita na cerim\u00f3nia de assinatura de protocolos de apoio financeiro.<\/p>\n<h3>Apoio financeiro aos bombeiros<\/h3>\n<p>Durante o mesmo evento, foram assinados protocolos de apoio financeiro a seis corpora\u00e7\u00f5es de bombeiros volunt\u00e1rios do concelho, no valor global de 480 mil euros (80 mil euros para cada uma). O financiamento ser\u00e1 mantido at\u00e9 ao final do mandato, de forma progressiva, para assegurar igualdade entre as corpora\u00e7\u00f5es.<\/p>\n<p>O presidente da C\u00e2mara destacou que os bombeiros s\u00e3o parceiros das novas medidas, defendendo a articula\u00e7\u00e3o entre Sapadores e Volunt\u00e1rios para uma resposta operacional mais integrada.<\/p>\n","protected":false},"excerpt":{"rendered":"<ul>\n<li>Gaia vai ter um novo servi\u00e7o de transportes que liga o litoral ao interior em cerca de 12 minutos.<\/li>\n<li>A medida junta sustentabilidade e visa inverter a desertifica\u00e7\u00e3o do interior, abrangendo Crestuma, Lever, Olival, Avintes, zonas norte de Pedroso e Vilar de Andorinho, Oliveira do Douro e Avintes.<\/li>\n<li>O autarca Lu\u00eds Filipe Menezes afirmou que Gaia ser\u00e1 a terceira cidade da Europa e a primeira de Portugal a implementar este sistema de transportes inovador e sustent\u00e1vel, depois de Toulouse e Paris.<\/li>\n<li>Na cerim\u00f3nia, foram assinados protocolos de apoio financeiro \u00e0s seis corpora\u00e7\u00f5es de bombeiros volunt\u00e1rios do concelho, no valor global de 480 mil euros (80 mil para cada uma), com financiamento assegurado at\u00e9 ao final do mandato.<\/li>\n<li>O presidente da C\u00e2mara destacou os bombeiros como parceiros das novas medidas e defendeu a articula\u00e7\u00e3o entre Sapadores e Volunt\u00e1rios.<\/li>\n<\/ul>\n","protected":false},"author":2,"featured_media":389869,"comment_status":"closed","ping_status":"closed","sticky":false,"template":"","format":"standard","meta":{"footnotes":""},"categories":[1],"tags":[6409,6410,3592,1761,6411,192],"class_list":["post-389860","post","type-post","status-publish","format-standard","has-post-thumbnail","hentry","category-noticias","tag-avintes","tag-crestuma","tag-desertificacao","tag-gaia","tag-lever","tag-transporte"],"yoast_head":"<!-- This site is optimized with the Yoast SEO plugin v27.2 - https:\/\/yoast.com\/product\/yoast-seo-wordpress\/ -->\n<title>Gaia ter\u00e1 novo servi\u00e7o de transportes ligando litoral ao interior em 12 minutos - Portal Tela Portugal<\/title>\n<meta name=\"robots\" content=\"index, follow, max-snippet:-1, max-image-preview:large, max-video-preview:-1\" \/>\n<meta property=\"og:locale\" content=\"pt_PT\" \/>\n<meta property=\"og:type\" content=\"article\" \/>\n<meta property=\"og:title\" content=\"Gaia ter\u00e1 novo servi\u00e7o de transportes ligando litoral ao interior em 12 minutos - Portal Tela Portugal\" \/>\n<meta property=\"og:description\" content=\"Gaia vai ter um novo servi\u00e7o de transportes que liga o litoral ao interior em cerca de 12 minutos. A medida junta sustentabilidade e visa inverter a desertifica\u00e7\u00e3o do interior, abrangendo Crestuma, Lever, Olival, Avintes, zonas norte de Pedroso e Vilar de Andorinho, Oliveira do Douro e Avintes. O autarca Lu\u00eds Filipe Menezes afirmou que Gaia ser\u00e1 a terceira cidade da Europa e a primeira de Portugal a implementar este sistema de transportes inovador e sustent\u00e1vel, depois de Toulouse e Paris. Na cerim\u00f3nia, foram assinados protocolos de apoio financeiro \u00e0s seis corpora\u00e7\u00f5es de bombeiros volunt\u00e1rios do concelho, no valor global de 480 mil euros (80 mil para cada uma), com financiamento assegurado at\u00e9 ao final do mandato. O presidente da C\u00e2mara destacou os bombeiros como parceiros das novas medidas e defendeu a articula\u00e7\u00e3o entre Sapadores e Volunt\u00e1rios.\" \/>\n<meta property=\"og:url\" content=\"https:\/\/portaltela.pt\/noticias\/2026\/02\/26\/gaia-tera-novo-servico-de-transportes-ligando-litoral-ao-interior-em-12-minutos\/\" \/>\n<meta property=\"og:site_name\" content=\"Portal Tela Portugal\" \/>\n<meta property=\"article:published_time\" content=\"2026-02-26T19:33:00+00:00\" \/>\n<meta name=\"author\" content=\"Telinha\" \/>\n<meta name=\"twitter:card\" content=\"summary_large_image\" \/>\n<meta name=\"twitter:label1\" content=\"Escrito por\" \/>\n\t<meta name=\"twitter:data1\" content=\"Telinha\" \/>\n\t<meta name=\"twitter:label2\" content=\"Tempo estimado de leitura\" \/>\n\t<meta name=\"twitter:data2\" content=\"1 minuto\" \/>\n<script type=\"application\/ld+json\" class=\"yoast-schema-graph\">{\"@context\":\"https:\/\/schema.org\",\"@graph\":[{\"@type\":\"Article\",\"@id\":\"https:\/\/portaltela.pt\/noticias\/2026\/02\/26\/gaia-tera-novo-servico-de-transportes-ligando-litoral-ao-interior-em-12-minutos\/#article\",\"isPartOf\":{\"@id\":\"https:\/\/portaltela.pt\/noticias\/2026\/02\/26\/gaia-tera-novo-servico-de-transportes-ligando-litoral-ao-interior-em-12-minutos\/\"},\"author\":{\"name\":\"Telinha\",\"@id\":\"https:\/\/portaltela.pt\/#\/schema\/person\/c4278d4a6028830caff9ee44b42d32ed\"},\"headline\":\"Gaia ter\u00e1 novo servi\u00e7o de transportes ligando litoral ao interior em 12 minutos\",\"datePublished\":\"2026-02-26T19:33:00+00:00\",\"mainEntityOfPage\":{\"@id\":\"https:\/\/portaltela.pt\/noticias\/2026\/02\/26\/gaia-tera-novo-servico-de-transportes-ligando-litoral-ao-interior-em-12-minutos\/\"},\"wordCount\":227,\"image\":{\"@id\":\"https:\/\/portaltela.pt\/noticias\/2026\/02\/26\/gaia-tera-novo-servico-de-transportes-ligando-litoral-ao-interior-em-12-minutos\/#primaryimage\"},\"thumbnailUrl\":\"https:\/\/portaltela.pt\/s.01k8rhncp4jt1\/2026\/02\/image-1956.jpg\",\"keywords\":[\"Avintes\",\"Crestuma\",\"desertifica\u00e7\u00e3o\",\"Gaia\",\"Lever\",\"transporte\"],\"articleSection\":[\"Not\u00edcias\"],\"inLanguage\":\"pt-PT\"},{\"@type\":\"WebPage\",\"@id\":\"https:\/\/portaltela.pt\/noticias\/2026\/02\/26\/gaia-tera-novo-servico-de-transportes-ligando-litoral-ao-interior-em-12-minutos\/\",\"url\":\"https:\/\/portaltela.pt\/noticias\/2026\/02\/26\/gaia-tera-novo-servico-de-transportes-ligando-litoral-ao-interior-em-12-minutos\/\",\"name\":\"Gaia ter\u00e1 novo servi\u00e7o de transportes ligando litoral ao interior em 12 minutos - Portal Tela Portugal\",\"isPartOf\":{\"@id\":\"https:\/\/portaltela.pt\/#website\"},\"primaryImageOfPage\":{\"@id\":\"https:\/\/portaltela.pt\/noticias\/2026\/02\/26\/gaia-tera-novo-servico-de-transportes-ligando-litoral-ao-interior-em-12-minutos\/#primaryimage\"},\"image\":{\"@id\":\"https:\/\/portaltela.pt\/noticias\/2026\/02\/26\/gaia-tera-novo-servico-de-transportes-ligando-litoral-ao-interior-em-12-minutos\/#primaryimage\"},\"thumbnailUrl\":\"https:\/\/portaltela.pt\/s.01k8rhncp4jt1\/2026\/02\/image-1956.jpg\",\"datePublished\":\"2026-02-26T19:33:00+00:00\",\"author\":{\"@id\":\"https:\/\/portaltela.pt\/#\/schema\/person\/c4278d4a6028830caff9ee44b42d32ed\"},\"breadcrumb\":{\"@id\":\"https:\/\/portaltela.pt\/noticias\/2026\/02\/26\/gaia-tera-novo-servico-de-transportes-ligando-litoral-ao-interior-em-12-minutos\/#breadcrumb\"},\"inLanguage\":\"pt-PT\",\"potentialAction\":[{\"@type\":\"ReadAction\",\"target\":[\"https:\/\/portaltela.pt\/noticias\/2026\/02\/26\/gaia-tera-novo-servico-de-transportes-ligando-litoral-ao-interior-em-12-minutos\/\"]}]},{\"@type\":\"ImageObject\",\"inLanguage\":\"pt-PT\",\"@id\":\"https:\/\/portaltela.pt\/noticias\/2026\/02\/26\/gaia-tera-novo-servico-de-transportes-ligando-litoral-ao-interior-em-12-minutos\/#primaryimage\",\"url\":\"https:\/\/portaltela.pt\/s.01k8rhncp4jt1\/2026\/02\/image-1956.jpg\",\"contentUrl\":\"https:\/\/portaltela.pt\/s.01k8rhncp4jt1\/2026\/02\/image-1956.jpg\",\"width\":796,\"height\":448,\"caption\":\"O an\u00fancio foi feito por Lu\u00eds Filipe Menezes. O objetivo \u00e9 ligar as popula\u00e7\u00f5es residentes nas freguesias mais interiores ao n\u00facleo urbano e ao litoral do concelho\"},{\"@type\":\"BreadcrumbList\",\"@id\":\"https:\/\/portaltela.pt\/noticias\/2026\/02\/26\/gaia-tera-novo-servico-de-transportes-ligando-litoral-ao-interior-em-12-minutos\/#breadcrumb\",\"itemListElement\":[{\"@type\":\"ListItem\",\"position\":1,\"name\":\"In\u00edcio\",\"item\":\"https:\/\/portaltela.pt\/\"},{\"@type\":\"ListItem\",\"position\":2,\"name\":\"Gaia ter\u00e1 novo servi\u00e7o de transportes ligando litoral ao interior em 12 minutos\"}]},{\"@type\":\"WebSite\",\"@id\":\"https:\/\/portaltela.pt\/#website\",\"url\":\"https:\/\/portaltela.pt\/\",\"name\":\"Portal Tela Portugal\",\"description\":\"\",\"potentialAction\":[{\"@type\":\"SearchAction\",\"target\":{\"@type\":\"EntryPoint\",\"urlTemplate\":\"https:\/\/portaltela.pt\/?s={search_term_string}\"},\"query-input\":{\"@type\":\"PropertyValueSpecification\",\"valueRequired\":true,\"valueName\":\"search_term_string\"}}],\"inLanguage\":\"pt-PT\"},{\"@type\":\"Person\",\"@id\":\"https:\/\/portaltela.pt\/#\/schema\/person\/c4278d4a6028830caff9ee44b42d32ed\",\"name\":\"Telinha\",\"image\":{\"@type\":\"ImageObject\",\"inLanguage\":\"pt-PT\",\"@id\":\"https:\/\/portaltela.pt\/s.01k8rhncp4jt1\/2025\/11\/talking-bot-125x125.png\",\"url\":\"https:\/\/portaltela.pt\/s.01k8rhncp4jt1\/2025\/11\/talking-bot-125x125.png\",\"contentUrl\":\"https:\/\/portaltela.pt\/s.01k8rhncp4jt1\/2025\/11\/talking-bot-125x125.png\",\"caption\":\"Telinha\"},\"sameAs\":[\"https:\/\/portaltela.pt\/\"],\"url\":\"https:\/\/portaltela.pt\/por\/367410592786\/\"}]}<\/script>\n<!-- \/ Yoast SEO plugin. -->","yoast_head_json":{"title":"Gaia ter\u00e1 novo servi\u00e7o de transportes ligando litoral ao interior em 12 minutos - Portal Tela Portugal","robots":{"index":"index","follow":"follow","max-snippet":"max-snippet:-1","max-image-preview":"max-image-preview:large","max-video-preview":"max-video-preview:-1"},"og_locale":"pt_PT","og_type":"article","og_title":"Gaia ter\u00e1 novo servi\u00e7o de transportes ligando litoral ao interior em 12 minutos - Portal Tela Portugal","og_description":"Gaia vai ter um novo servi\u00e7o de transportes que liga o litoral ao interior em cerca de 12 minutos. A medida junta sustentabilidade e visa inverter a desertifica\u00e7\u00e3o do interior, abrangendo Crestuma, Lever, Olival, Avintes, zonas norte de Pedroso e Vilar de Andorinho, Oliveira do Douro e Avintes. O autarca Lu\u00eds Filipe Menezes afirmou que Gaia ser\u00e1 a terceira cidade da Europa e a primeira de Portugal a implementar este sistema de transportes inovador e sustent\u00e1vel, depois de Toulouse e Paris. Na cerim\u00f3nia, foram assinados protocolos de apoio financeiro \u00e0s seis corpora\u00e7\u00f5es de bombeiros volunt\u00e1rios do concelho, no valor global de 480 mil euros (80 mil para cada uma), com financiamento assegurado at\u00e9 ao final do mandato. O presidente da C\u00e2mara destacou os bombeiros como parceiros das novas medidas e defendeu a articula\u00e7\u00e3o entre Sapadores e Volunt\u00e1rios.","og_url":"https:\/\/portaltela.pt\/noticias\/2026\/02\/26\/gaia-tera-novo-servico-de-transportes-ligando-litoral-ao-interior-em-12-minutos\/","og_site_name":"Portal Tela Portugal","article_published_time":"2026-02-26T19:33:00+00:00","author":"Telinha","twitter_card":"summary_large_image","twitter_misc":{"Escrito por":"Telinha","Tempo estimado de leitura":"1 minuto"},"schema":{"@context":"https:\/\/schema.org","@graph":[{"@type":"Article","@id":"https:\/\/portaltela.pt\/noticias\/2026\/02\/26\/gaia-tera-novo-servico-de-transportes-ligando-litoral-ao-interior-em-12-minutos\/#article","isPartOf":{"@id":"https:\/\/portaltela.pt\/noticias\/2026\/02\/26\/gaia-tera-novo-servico-de-transportes-ligando-litoral-ao-interior-em-12-minutos\/"},"author":{"name":"Telinha","@id":"https:\/\/portaltela.pt\/#\/schema\/person\/c4278d4a6028830caff9ee44b42d32ed"},"headline":"Gaia ter\u00e1 novo servi\u00e7o de transportes ligando litoral ao interior em 12 minutos","datePublished":"2026-02-26T19:33:00+00:00","mainEntityOfPage":{"@id":"https:\/\/portaltela.pt\/noticias\/2026\/02\/26\/gaia-tera-novo-servico-de-transportes-ligando-litoral-ao-interior-em-12-minutos\/"},"wordCount":227,"image":{"@id":"https:\/\/portaltela.pt\/noticias\/2026\/02\/26\/gaia-tera-novo-servico-de-transportes-ligando-litoral-ao-interior-em-12-minutos\/#primaryimage"},"thumbnailUrl":"https:\/\/portaltela.pt\/s.01k8rhncp4jt1\/2026\/02\/image-1956.jpg","keywords":["Avintes","Crestuma","desertifica\u00e7\u00e3o","Gaia","Lever","transporte"],"articleSection":["Not\u00edcias"],"inLanguage":"pt-PT"},{"@type":"WebPage","@id":"https:\/\/portaltela.pt\/noticias\/2026\/02\/26\/gaia-tera-novo-servico-de-transportes-ligando-litoral-ao-interior-em-12-minutos\/","url":"https:\/\/portaltela.pt\/noticias\/2026\/02\/26\/gaia-tera-novo-servico-de-transportes-ligando-litoral-ao-interior-em-12-minutos\/","name":"Gaia ter\u00e1 novo servi\u00e7o de transportes ligando litoral ao interior em 12 minutos - Portal Tela Portugal","isPartOf":{"@id":"https:\/\/portaltela.pt\/#website"},"primaryImageOfPage":{"@id":"https:\/\/portaltela.pt\/noticias\/2026\/02\/26\/gaia-tera-novo-servico-de-transportes-ligando-litoral-ao-interior-em-12-minutos\/#primaryimage"},"image":{"@id":"https:\/\/portaltela.pt\/noticias\/2026\/02\/26\/gaia-tera-novo-servico-de-transportes-ligando-litoral-ao-interior-em-12-minutos\/#primaryimage"},"thumbnailUrl":"https:\/\/portaltela.pt\/s.01k8rhncp4jt1\/2026\/02\/image-1956.jpg","datePublished":"2026-02-26T19:33:00+00:00","author":{"@id":"https:\/\/portaltela.pt\/#\/schema\/person\/c4278d4a6028830caff9ee44b42d32ed"},"breadcrumb":{"@id":"https:\/\/portaltela.pt\/noticias\/2026\/02\/26\/gaia-tera-novo-servico-de-transportes-ligando-litoral-ao-interior-em-12-minutos\/#breadcrumb"},"inLanguage":"pt-PT","potentialAction":[{"@type":"ReadAction","target":["https:\/\/portaltela.pt\/noticias\/2026\/02\/26\/gaia-tera-novo-servico-de-transportes-ligando-litoral-ao-interior-em-12-minutos\/"]}]},{"@type":"ImageObject","inLanguage":"pt-PT","@id":"https:\/\/portaltela.pt\/noticias\/2026\/02\/26\/gaia-tera-novo-servico-de-transportes-ligando-litoral-ao-interior-em-12-minutos\/#primaryimage","url":"https:\/\/portaltela.pt\/s.01k8rhncp4jt1\/2026\/02\/image-1956.jpg","contentUrl":"https:\/\/portaltela.pt\/s.01k8rhncp4jt1\/2026\/02\/image-1956.jpg","width":796,"height":448,"caption":"O an\u00fancio foi feito por Lu\u00eds Filipe Menezes. O objetivo \u00e9 ligar as popula\u00e7\u00f5es residentes nas freguesias mais interiores ao n\u00facleo urbano e ao litoral do concelho"},{"@type":"BreadcrumbList","@id":"https:\/\/portaltela.pt\/noticias\/2026\/02\/26\/gaia-tera-novo-servico-de-transportes-ligando-litoral-ao-interior-em-12-minutos\/#breadcrumb","itemListElement":[{"@type":"ListItem","position":1,"name":"In\u00edcio","item":"https:\/\/portaltela.pt\/"},{"@type":"ListItem","position":2,"name":"Gaia ter\u00e1 novo servi\u00e7o de transportes ligando litoral ao interior em 12 minutos"}]},{"@type":"WebSite","@id":"https:\/\/portaltela.pt\/#website","url":"https:\/\/portaltela.pt\/","name":"Portal Tela Portugal","description":"","potentialAction":[{"@type":"SearchAction","target":{"@type":"EntryPoint","urlTemplate":"https:\/\/portaltela.pt\/?s={search_term_string}"},"query-input":{"@type":"PropertyValueSpecification","valueRequired":true,"valueName":"search_term_string"}}],"inLanguage":"pt-PT"},{"@type":"Person","@id":"https:\/\/portaltela.pt\/#\/schema\/person\/c4278d4a6028830caff9ee44b42d32ed","name":"Telinha","image":{"@type":"ImageObject","inLanguage":"pt-PT","@id":"https:\/\/portaltela.pt\/s.01k8rhncp4jt1\/2025\/11\/talking-bot-125x125.png","url":"https:\/\/portaltela.pt\/s.01k8rhncp4jt1\/2025\/11\/talking-bot-125x125.png","contentUrl":"https:\/\/portaltela.pt\/s.01k8rhncp4jt1\/2025\/11\/talking-bot-125x125.png","caption":"Telinha"},"sameAs":["https:\/\/portaltela.pt\/"],"url":"https:\/\/portaltela.pt\/por\/367410592786\/"}]}},"_links":{"self":[{"href":"https:\/\/portaltela.pt\/api\/wp\/v2\/posts\/389860","targetHints":{"allow":["GET"]}}],"collection":[{"href":"https:\/\/portaltela.pt\/api\/wp\/v2\/posts"}],"about":[{"href":"https:\/\/portaltela.pt\/api\/wp\/v2\/types\/post"}],"author":[{"embeddable":true,"href":"https:\/\/portaltela.pt\/api\/wp\/v2\/users\/2"}],"replies":[{"embeddable":true,"href":"https:\/\/portaltela.pt\/api\/wp\/v2\/comments?post=389860"}],"version-history":[{"count":0,"href":"https:\/\/portaltela.pt\/api\/wp\/v2\/posts\/389860\/revisions"}],"wp:featuredmedia":[{"embeddable":true,"href":"https:\/\/portaltela.pt\/api\/wp\/v2\/media\/389869"}],"wp:attachment":[{"href":"https:\/\/portaltela.pt\/api\/wp\/v2\/media?parent=389860"}],"wp:term":[{"taxonomy":"category","embeddable":true,"href":"https:\/\/portaltela.pt\/api\/wp\/v2\/categories?post=389860"},{"taxonomy":"post_tag","embeddable":true,"href":"https:\/\/portaltela.pt\/api\/wp\/v2\/tags?post=389860"}],"curies":[{"name":"wp","href":"https:\/\/api.w.org\/{rel}","templated":true}]}}