{"id":389851,"date":"2026-02-26T16:23:00","date_gmt":"2026-02-26T19:23:00","guid":{"rendered":"https:\/\/portaltela.pt\/noticias\/2026\/02\/26\/benfica-recebe-o-porto-no-classico-de-8-de-marco\/"},"modified":"2026-02-26T16:23:00","modified_gmt":"2026-02-26T19:23:00","slug":"benfica-recebe-o-porto-no-classico-de-8-de-marco","status":"publish","type":"post","link":"https:\/\/portaltela.pt\/desporto\/futebol\/2026\/02\/26\/benfica-recebe-o-porto-no-classico-de-8-de-marco\/","title":{"rendered":"Benfica recebe o Porto no Cl\u00e1ssico de 8 de mar\u00e7o"},"content":{"rendered":"<p>O Benfica e o F. C. Porto v\u00e3o defrontar-se no cl\u00e1ssico da 25.\u00aa jornada da Liga, no dia 8 de mar\u00e7o, \u00e0s 18h, no Est\u00e1dio da Luz. A partida ser\u00e1 transmitida pela BTV.<\/p>\n<p>A Liga anunciou ainda que o encontro ocorre um dia depois do Braga-S Sporting, marcado para s\u00e1bado, 7 de mar\u00e7o, \u00e0s 18h. A jornada 25 arranca no dia 6 e termina no dia 9 de mar\u00e7o, anunciando hor\u00e1rios de todas as partidas.<\/p>\n<h3>Jogos da 25.\u00aa jornada da Liga<\/h3>\n<ul>\n<li>Sexta-feira, 6 de mar\u00e7o<\/li>\n<li>Famalic\u00e3o-Arouca (20.15 h\/Sport TV)<\/li>\n<li>S\u00e1bado, 7 de mar\u00e7o<\/li>\n<li>Alverca-AVS (15.30 h\/Sport TV)<\/li>\n<li>Moreirense-Nacional (15.30 h\/V+)<\/li>\n<li>Braga-Sporting (18.00 h\/Sport TV)<\/li>\n<li>Estoril-Casa Pia (20.30 h\/Sport TV)<\/li>\n<li>Domingo, 8 de mar\u00e7o<\/li>\n<li>Estrela da Amadora-Gil Vicente (15.30 h\/Sport TV)<\/li>\n<li>Benfica-F. C. Porto (18.00 h\/BTV)<\/li>\n<li>Santa Clara-V. Guimar\u00e3es (20.30 h\/Sport TV)<\/li>\n<li>Segunda-feira, 9 de mar\u00e7o<\/li>\n<li>CD Tondela &#8211; Rio Ave FC (20h15 &#8211; Sport TV)<\/li>\n<\/ul>\n","protected":false},"excerpt":{"rendered":"<ul>\n<li>A 25.\u00aa jornada da Liga decorre entre 6 e 9 de mar\u00e7o; come\u00e7a com Famalic\u00e3o-Arouca (20h15) a 6 de mar\u00e7o e termina com Tondela-Rio Ave (20h15) a 9 de mar\u00e7o.<\/li>\n<li>O cl\u00e1ssico Benfica vs. F. C. Porto realiza-se a 8 de mar\u00e7o, domingo, \u00e0s 18h00, na Luz, com transmiss\u00e3o pela Benfica TV (BTV).<\/li>\n<li>Braga-Sporting fica marcado para s\u00e1bado, 7 de mar\u00e7o, \u00e0s 18h00 (Sport TV).<\/li>\n<li>No s\u00e1bado: Alverca-AVS (15h30), Moreirense-Nacional (15h30) e Estoril-Casa Pia (20h30).<\/li>\n<li>No domingo: Estrela da Amadora-Gil Vicente (15h30) e Santa Clara-V. Guimar\u00e3es (20h30).<\/li>\n<\/ul>\n","protected":false},"author":2,"featured_media":389858,"comment_status":"closed","ping_status":"closed","sticky":false,"template":"","format":"standard","meta":{"footnotes":""},"categories":[21,24],"tags":[1788,1946,32,982,1652,2780],"class_list":["post-389851","post","type-post","status-publish","format-standard","has-post-thumbnail","hentry","category-desporto","category-futebol","tag-a-liga","tag-benfica","tag-futebol","tag-porto","tag-sporting","tag-transmissoes-televisivas"],"yoast_head":"<!-- This site is optimized with the Yoast SEO plugin v27.2 - https:\/\/yoast.com\/product\/yoast-seo-wordpress\/ -->\n<title>Benfica recebe o Porto no Cl\u00e1ssico de 8 de mar\u00e7o - Portal Tela Portugal<\/title>\n<meta name=\"robots\" content=\"index, follow, max-snippet:-1, max-image-preview:large, max-video-preview:-1\" \/>\n<meta property=\"og:locale\" content=\"pt_PT\" \/>\n<meta property=\"og:type\" content=\"article\" \/>\n<meta property=\"og:title\" content=\"Benfica recebe o Porto no Cl\u00e1ssico de 8 de mar\u00e7o - Portal Tela Portugal\" \/>\n<meta property=\"og:description\" content=\"A 25.\u00aa jornada da Liga decorre entre 6 e 9 de mar\u00e7o; come\u00e7a com Famalic\u00e3o-Arouca (20h15) a 6 de mar\u00e7o e termina com Tondela-Rio Ave (20h15) a 9 de mar\u00e7o. O cl\u00e1ssico Benfica vs. F. C. Porto realiza-se a 8 de mar\u00e7o, domingo, \u00e0s 18h00, na Luz, com transmiss\u00e3o pela Benfica TV (BTV). Braga-Sporting fica marcado para s\u00e1bado, 7 de mar\u00e7o, \u00e0s 18h00 (Sport TV). No s\u00e1bado: Alverca-AVS (15h30), Moreirense-Nacional (15h30) e Estoril-Casa Pia (20h30). No domingo: Estrela da Amadora-Gil Vicente (15h30) e Santa Clara-V. Guimar\u00e3es (20h30).\" \/>\n<meta property=\"og:url\" content=\"https:\/\/portaltela.pt\/noticias\/2026\/02\/26\/benfica-recebe-o-porto-no-classico-de-8-de-marco\/\" \/>\n<meta property=\"og:site_name\" content=\"Portal Tela Portugal\" \/>\n<meta property=\"article:published_time\" content=\"2026-02-26T19:23:00+00:00\" \/>\n<meta name=\"author\" content=\"Telinha\" \/>\n<meta name=\"twitter:card\" content=\"summary_large_image\" \/>\n<meta name=\"twitter:label1\" content=\"Escrito por\" \/>\n\t<meta name=\"twitter:data1\" content=\"Telinha\" \/>\n\t<meta name=\"twitter:label2\" content=\"Tempo estimado de leitura\" \/>\n\t<meta name=\"twitter:data2\" content=\"1 minuto\" \/>\n<script type=\"application\/ld+json\" class=\"yoast-schema-graph\">{\"@context\":\"https:\/\/schema.org\",\"@graph\":[{\"@type\":\"Article\",\"@id\":\"https:\/\/portaltela.pt\/noticias\/2026\/02\/26\/benfica-recebe-o-porto-no-classico-de-8-de-marco\/#article\",\"isPartOf\":{\"@id\":\"https:\/\/portaltela.pt\/noticias\/2026\/02\/26\/benfica-recebe-o-porto-no-classico-de-8-de-marco\/\"},\"author\":{\"name\":\"Telinha\",\"@id\":\"https:\/\/portaltela.pt\/#\/schema\/person\/c4278d4a6028830caff9ee44b42d32ed\"},\"headline\":\"Benfica recebe o Porto no Cl\u00e1ssico de 8 de mar\u00e7o\",\"datePublished\":\"2026-02-26T19:23:00+00:00\",\"mainEntityOfPage\":{\"@id\":\"https:\/\/portaltela.pt\/noticias\/2026\/02\/26\/benfica-recebe-o-porto-no-classico-de-8-de-marco\/\"},\"wordCount\":160,\"image\":{\"@id\":\"https:\/\/portaltela.pt\/noticias\/2026\/02\/26\/benfica-recebe-o-porto-no-classico-de-8-de-marco\/#primaryimage\"},\"thumbnailUrl\":\"https:\/\/portaltela.pt\/s.01k8rhncp4jt1\/2026\/02\/image-1955.jpg\",\"keywords\":[\"A Liga\",\"Benfica\",\"futebol\",\"Porto\",\"Sporting\",\"transmiss\u00f5es televisivas\"],\"articleSection\":[\"Desporto\",\"Futebol\"],\"inLanguage\":\"pt-PT\"},{\"@type\":\"WebPage\",\"@id\":\"https:\/\/portaltela.pt\/noticias\/2026\/02\/26\/benfica-recebe-o-porto-no-classico-de-8-de-marco\/\",\"url\":\"https:\/\/portaltela.pt\/noticias\/2026\/02\/26\/benfica-recebe-o-porto-no-classico-de-8-de-marco\/\",\"name\":\"Benfica recebe o Porto no Cl\u00e1ssico de 8 de mar\u00e7o - Portal Tela Portugal\",\"isPartOf\":{\"@id\":\"https:\/\/portaltela.pt\/#website\"},\"primaryImageOfPage\":{\"@id\":\"https:\/\/portaltela.pt\/noticias\/2026\/02\/26\/benfica-recebe-o-porto-no-classico-de-8-de-marco\/#primaryimage\"},\"image\":{\"@id\":\"https:\/\/portaltela.pt\/noticias\/2026\/02\/26\/benfica-recebe-o-porto-no-classico-de-8-de-marco\/#primaryimage\"},\"thumbnailUrl\":\"https:\/\/portaltela.pt\/s.01k8rhncp4jt1\/2026\/02\/image-1955.jpg\",\"datePublished\":\"2026-02-26T19:23:00+00:00\",\"author\":{\"@id\":\"https:\/\/portaltela.pt\/#\/schema\/person\/c4278d4a6028830caff9ee44b42d32ed\"},\"breadcrumb\":{\"@id\":\"https:\/\/portaltela.pt\/noticias\/2026\/02\/26\/benfica-recebe-o-porto-no-classico-de-8-de-marco\/#breadcrumb\"},\"inLanguage\":\"pt-PT\",\"potentialAction\":[{\"@type\":\"ReadAction\",\"target\":[\"https:\/\/portaltela.pt\/noticias\/2026\/02\/26\/benfica-recebe-o-porto-no-classico-de-8-de-marco\/\"]}]},{\"@type\":\"ImageObject\",\"inLanguage\":\"pt-PT\",\"@id\":\"https:\/\/portaltela.pt\/noticias\/2026\/02\/26\/benfica-recebe-o-porto-no-classico-de-8-de-marco\/#primaryimage\",\"url\":\"https:\/\/portaltela.pt\/s.01k8rhncp4jt1\/2026\/02\/image-1955.jpg\",\"contentUrl\":\"https:\/\/portaltela.pt\/s.01k8rhncp4jt1\/2026\/02\/image-1955.jpg\",\"width\":796,\"height\":448,\"caption\":\"\u00c1guias e drag\u00f5es defrontam a 8 de mar\u00e7o (18 horas), na Luz, para a 25.\u00aa Jornada da Liga\"},{\"@type\":\"BreadcrumbList\",\"@id\":\"https:\/\/portaltela.pt\/noticias\/2026\/02\/26\/benfica-recebe-o-porto-no-classico-de-8-de-marco\/#breadcrumb\",\"itemListElement\":[{\"@type\":\"ListItem\",\"position\":1,\"name\":\"In\u00edcio\",\"item\":\"https:\/\/portaltela.pt\/\"},{\"@type\":\"ListItem\",\"position\":2,\"name\":\"Benfica recebe o Porto no Cl\u00e1ssico de 8 de mar\u00e7o\"}]},{\"@type\":\"WebSite\",\"@id\":\"https:\/\/portaltela.pt\/#website\",\"url\":\"https:\/\/portaltela.pt\/\",\"name\":\"Portal Tela Portugal\",\"description\":\"\",\"potentialAction\":[{\"@type\":\"SearchAction\",\"target\":{\"@type\":\"EntryPoint\",\"urlTemplate\":\"https:\/\/portaltela.pt\/?s={search_term_string}\"},\"query-input\":{\"@type\":\"PropertyValueSpecification\",\"valueRequired\":true,\"valueName\":\"search_term_string\"}}],\"inLanguage\":\"pt-PT\"},{\"@type\":\"Person\",\"@id\":\"https:\/\/portaltela.pt\/#\/schema\/person\/c4278d4a6028830caff9ee44b42d32ed\",\"name\":\"Telinha\",\"image\":{\"@type\":\"ImageObject\",\"inLanguage\":\"pt-PT\",\"@id\":\"https:\/\/portaltela.pt\/s.01k8rhncp4jt1\/2025\/11\/talking-bot-125x125.png\",\"url\":\"https:\/\/portaltela.pt\/s.01k8rhncp4jt1\/2025\/11\/talking-bot-125x125.png\",\"contentUrl\":\"https:\/\/portaltela.pt\/s.01k8rhncp4jt1\/2025\/11\/talking-bot-125x125.png\",\"caption\":\"Telinha\"},\"sameAs\":[\"https:\/\/portaltela.pt\/\"],\"url\":\"https:\/\/portaltela.pt\/por\/367410592786\/\"}]}<\/script>\n<!-- \/ Yoast SEO plugin. -->","yoast_head_json":{"title":"Benfica recebe o Porto no Cl\u00e1ssico de 8 de mar\u00e7o - Portal Tela Portugal","robots":{"index":"index","follow":"follow","max-snippet":"max-snippet:-1","max-image-preview":"max-image-preview:large","max-video-preview":"max-video-preview:-1"},"og_locale":"pt_PT","og_type":"article","og_title":"Benfica recebe o Porto no Cl\u00e1ssico de 8 de mar\u00e7o - Portal Tela Portugal","og_description":"A 25.\u00aa jornada da Liga decorre entre 6 e 9 de mar\u00e7o; come\u00e7a com Famalic\u00e3o-Arouca (20h15) a 6 de mar\u00e7o e termina com Tondela-Rio Ave (20h15) a 9 de mar\u00e7o. O cl\u00e1ssico Benfica vs. F. C. Porto realiza-se a 8 de mar\u00e7o, domingo, \u00e0s 18h00, na Luz, com transmiss\u00e3o pela Benfica TV (BTV). Braga-Sporting fica marcado para s\u00e1bado, 7 de mar\u00e7o, \u00e0s 18h00 (Sport TV). No s\u00e1bado: Alverca-AVS (15h30), Moreirense-Nacional (15h30) e Estoril-Casa Pia (20h30). No domingo: Estrela da Amadora-Gil Vicente (15h30) e Santa Clara-V. Guimar\u00e3es (20h30).","og_url":"https:\/\/portaltela.pt\/noticias\/2026\/02\/26\/benfica-recebe-o-porto-no-classico-de-8-de-marco\/","og_site_name":"Portal Tela Portugal","article_published_time":"2026-02-26T19:23:00+00:00","author":"Telinha","twitter_card":"summary_large_image","twitter_misc":{"Escrito por":"Telinha","Tempo estimado de leitura":"1 minuto"},"schema":{"@context":"https:\/\/schema.org","@graph":[{"@type":"Article","@id":"https:\/\/portaltela.pt\/noticias\/2026\/02\/26\/benfica-recebe-o-porto-no-classico-de-8-de-marco\/#article","isPartOf":{"@id":"https:\/\/portaltela.pt\/noticias\/2026\/02\/26\/benfica-recebe-o-porto-no-classico-de-8-de-marco\/"},"author":{"name":"Telinha","@id":"https:\/\/portaltela.pt\/#\/schema\/person\/c4278d4a6028830caff9ee44b42d32ed"},"headline":"Benfica recebe o Porto no Cl\u00e1ssico de 8 de mar\u00e7o","datePublished":"2026-02-26T19:23:00+00:00","mainEntityOfPage":{"@id":"https:\/\/portaltela.pt\/noticias\/2026\/02\/26\/benfica-recebe-o-porto-no-classico-de-8-de-marco\/"},"wordCount":160,"image":{"@id":"https:\/\/portaltela.pt\/noticias\/2026\/02\/26\/benfica-recebe-o-porto-no-classico-de-8-de-marco\/#primaryimage"},"thumbnailUrl":"https:\/\/portaltela.pt\/s.01k8rhncp4jt1\/2026\/02\/image-1955.jpg","keywords":["A Liga","Benfica","futebol","Porto","Sporting","transmiss\u00f5es televisivas"],"articleSection":["Desporto","Futebol"],"inLanguage":"pt-PT"},{"@type":"WebPage","@id":"https:\/\/portaltela.pt\/noticias\/2026\/02\/26\/benfica-recebe-o-porto-no-classico-de-8-de-marco\/","url":"https:\/\/portaltela.pt\/noticias\/2026\/02\/26\/benfica-recebe-o-porto-no-classico-de-8-de-marco\/","name":"Benfica recebe o Porto no Cl\u00e1ssico de 8 de mar\u00e7o - Portal Tela Portugal","isPartOf":{"@id":"https:\/\/portaltela.pt\/#website"},"primaryImageOfPage":{"@id":"https:\/\/portaltela.pt\/noticias\/2026\/02\/26\/benfica-recebe-o-porto-no-classico-de-8-de-marco\/#primaryimage"},"image":{"@id":"https:\/\/portaltela.pt\/noticias\/2026\/02\/26\/benfica-recebe-o-porto-no-classico-de-8-de-marco\/#primaryimage"},"thumbnailUrl":"https:\/\/portaltela.pt\/s.01k8rhncp4jt1\/2026\/02\/image-1955.jpg","datePublished":"2026-02-26T19:23:00+00:00","author":{"@id":"https:\/\/portaltela.pt\/#\/schema\/person\/c4278d4a6028830caff9ee44b42d32ed"},"breadcrumb":{"@id":"https:\/\/portaltela.pt\/noticias\/2026\/02\/26\/benfica-recebe-o-porto-no-classico-de-8-de-marco\/#breadcrumb"},"inLanguage":"pt-PT","potentialAction":[{"@type":"ReadAction","target":["https:\/\/portaltela.pt\/noticias\/2026\/02\/26\/benfica-recebe-o-porto-no-classico-de-8-de-marco\/"]}]},{"@type":"ImageObject","inLanguage":"pt-PT","@id":"https:\/\/portaltela.pt\/noticias\/2026\/02\/26\/benfica-recebe-o-porto-no-classico-de-8-de-marco\/#primaryimage","url":"https:\/\/portaltela.pt\/s.01k8rhncp4jt1\/2026\/02\/image-1955.jpg","contentUrl":"https:\/\/portaltela.pt\/s.01k8rhncp4jt1\/2026\/02\/image-1955.jpg","width":796,"height":448,"caption":"\u00c1guias e drag\u00f5es defrontam a 8 de mar\u00e7o (18 horas), na Luz, para a 25.\u00aa Jornada da Liga"},{"@type":"BreadcrumbList","@id":"https:\/\/portaltela.pt\/noticias\/2026\/02\/26\/benfica-recebe-o-porto-no-classico-de-8-de-marco\/#breadcrumb","itemListElement":[{"@type":"ListItem","position":1,"name":"In\u00edcio","item":"https:\/\/portaltela.pt\/"},{"@type":"ListItem","position":2,"name":"Benfica recebe o Porto no Cl\u00e1ssico de 8 de mar\u00e7o"}]},{"@type":"WebSite","@id":"https:\/\/portaltela.pt\/#website","url":"https:\/\/portaltela.pt\/","name":"Portal Tela Portugal","description":"","potentialAction":[{"@type":"SearchAction","target":{"@type":"EntryPoint","urlTemplate":"https:\/\/portaltela.pt\/?s={search_term_string}"},"query-input":{"@type":"PropertyValueSpecification","valueRequired":true,"valueName":"search_term_string"}}],"inLanguage":"pt-PT"},{"@type":"Person","@id":"https:\/\/portaltela.pt\/#\/schema\/person\/c4278d4a6028830caff9ee44b42d32ed","name":"Telinha","image":{"@type":"ImageObject","inLanguage":"pt-PT","@id":"https:\/\/portaltela.pt\/s.01k8rhncp4jt1\/2025\/11\/talking-bot-125x125.png","url":"https:\/\/portaltela.pt\/s.01k8rhncp4jt1\/2025\/11\/talking-bot-125x125.png","contentUrl":"https:\/\/portaltela.pt\/s.01k8rhncp4jt1\/2025\/11\/talking-bot-125x125.png","caption":"Telinha"},"sameAs":["https:\/\/portaltela.pt\/"],"url":"https:\/\/portaltela.pt\/por\/367410592786\/"}]}},"_links":{"self":[{"href":"https:\/\/portaltela.pt\/api\/wp\/v2\/posts\/389851","targetHints":{"allow":["GET"]}}],"collection":[{"href":"https:\/\/portaltela.pt\/api\/wp\/v2\/posts"}],"about":[{"href":"https:\/\/portaltela.pt\/api\/wp\/v2\/types\/post"}],"author":[{"embeddable":true,"href":"https:\/\/portaltela.pt\/api\/wp\/v2\/users\/2"}],"replies":[{"embeddable":true,"href":"https:\/\/portaltela.pt\/api\/wp\/v2\/comments?post=389851"}],"version-history":[{"count":0,"href":"https:\/\/portaltela.pt\/api\/wp\/v2\/posts\/389851\/revisions"}],"wp:featuredmedia":[{"embeddable":true,"href":"https:\/\/portaltela.pt\/api\/wp\/v2\/media\/389858"}],"wp:attachment":[{"href":"https:\/\/portaltela.pt\/api\/wp\/v2\/media?parent=389851"}],"wp:term":[{"taxonomy":"category","embeddable":true,"href":"https:\/\/portaltela.pt\/api\/wp\/v2\/categories?post=389851"},{"taxonomy":"post_tag","embeddable":true,"href":"https:\/\/portaltela.pt\/api\/wp\/v2\/tags?post=389851"}],"curies":[{"name":"wp","href":"https:\/\/api.w.org\/{rel}","templated":true}]}}