{"id":389850,"date":"2026-02-26T16:26:14","date_gmt":"2026-02-26T19:26:14","guid":{"rendered":"https:\/\/portaltela.pt\/noticias\/2026\/02\/26\/castelo-de-leiria-avalia-estabilidade-para-abertura-ate-22-de-maio\/"},"modified":"2026-02-26T16:26:14","modified_gmt":"2026-02-26T19:26:14","slug":"castelo-de-leiria-avalia-estabilidade-para-abertura-ate-22-de-maio","status":"publish","type":"post","link":"https:\/\/portaltela.pt\/noticias\/2026\/02\/26\/castelo-de-leiria-avalia-estabilidade-para-abertura-ate-22-de-maio\/","title":{"rendered":"Castelo de Leiria avalia estabilidade para abertura at\u00e9 22 de maio"},"content":{"rendered":"<p>O Castelo de Leiria est\u00e1 a ser avaliado tecnicamente para confirmar a sua estabilidade ap\u00f3s o mau tempo, com a autarquia a apontar a possibilidade de reabertura at\u00e9 22 de maio. A interven\u00e7\u00e3o visa assegurar condi\u00e7\u00f5es de seguran\u00e7a para visitantes e trabalhadores. O monumento \u00e9 classificado como Monumento Nacional e \u00e9 um dos destinos tur\u00edsticos mais procurados na regi\u00e3o.<\/p>\n<p>A depress\u00e3o Kristin derrubou grande parte da vegeta\u00e7\u00e3o no interior e no exterior, al\u00e9m de ter causado a derrocada de um tro\u00e7o de muralha do s\u00e9culo XX. A an\u00e1lise inicial indica que raiz de \u00e1rvores expostas pode ter originado cavidades e descontinuidades no maci\u00e7o terroso.<\/p>\n<p>As \u00e1reas mais vulner\u00e1veis situam-se nas vertentes Poente e Norte, com menor capacidade de recupera\u00e7\u00e3o ap\u00f3s precipita\u00e7\u00e3o intensa. O munic\u00edpio aponta que o equil\u00edbrio entre declive, cobertura vegetal perdida e geologia local aumenta o risco de derrocadas.<\/p>\n<h3>Avalia\u00e7\u00e3o e medidas de mitiga\u00e7\u00e3o<\/h3>\n<p>A avalia\u00e7\u00e3o de estabilidade est\u00e1 a decorrer e j\u00e1 foram definidas medidas preventivas, incluindo o encerramento do Castelo ao p\u00fablico e o desvio de tr\u00e2nsito na Rua Cristiano Cruz.<\/p>\n<h3>Reabertura e financiamento<\/h3>\n<p>A reabertura at\u00e9 22 de maio depende da conclus\u00e3o das avalia\u00e7\u00f5es e da implementa\u00e7\u00e3o de interven\u00e7\u00f5es necess\u00e1rias. O Castelo de Leiria pertence ao Estado, cabendo ao titular assegurar as condi\u00e7\u00f5es de reabilita\u00e7\u00e3o e o financiamento das interven\u00e7\u00f5es indispens\u00e1veis.<\/p>\n","protected":false},"excerpt":{"rendered":"<ul>\n<li>O Castelo de Leiria est\u00e1 a passar por uma avalia\u00e7\u00e3o t\u00e9cnica detalhada para assegurar a sua estabilidade, com a reabertura prevista at\u00e9 22 de maio.<\/li>\n<li>O monumento foi fortemente afetado pelo mau tempo, em particular pela depress\u00e3o Kristin, que derrubou cerca de 90% das \u00e1rvores no interior e causou derrocadas em parte da muralha.<\/li>\n<li>A an\u00e1lise indica zonas mais vulner\u00e1veis nas vertentes Poente e Norte, com a vegeta\u00e7\u00e3o a ter papel crucial na estabilidade dos taludes; a remo\u00e7\u00e3o r\u00e1pida dessa cobertura pode aumentar a eros\u00e3o.<\/li>\n<li>Enquanto decorrem as avalia\u00e7\u00f5es, o castelo permanece encerrado e uma via para norte, a rua Cristiano Cruz, encontra-se tamb\u00e9m interditada.<\/li>\n<li>O munic\u00edpio salientou que, sendo o Castelo de Leiria classificado como Monumento Nacional e de propriedade do Estado, o financiamento e as interven\u00e7\u00f5es de recupera\u00e7\u00e3o cabem ao Estado, estando ainda a verificar custos e necessidades de interven\u00e7\u00e3o.<\/li>\n<\/ul>\n","protected":false},"author":2,"featured_media":389856,"comment_status":"closed","ping_status":"closed","sticky":false,"template":"","format":"standard","meta":{"footnotes":""},"categories":[1],"tags":[2289,1385,5216,814,4536,169],"class_list":["post-389850","post","type-post","status-publish","format-standard","has-post-thumbnail","hentry","category-noticias","tag-desabamentos","tag-leiria","tag-monumento-nacional","tag-patrimonio","tag-seguranca","tag-turismo"],"yoast_head":"<!-- This site is optimized with the Yoast SEO plugin v27.2 - https:\/\/yoast.com\/product\/yoast-seo-wordpress\/ -->\n<title>Castelo de Leiria avalia estabilidade para abertura at\u00e9 22 de maio - Portal Tela Portugal<\/title>\n<meta name=\"robots\" content=\"index, follow, max-snippet:-1, max-image-preview:large, max-video-preview:-1\" \/>\n<meta property=\"og:locale\" content=\"pt_PT\" \/>\n<meta property=\"og:type\" content=\"article\" \/>\n<meta property=\"og:title\" content=\"Castelo de Leiria avalia estabilidade para abertura at\u00e9 22 de maio - Portal Tela Portugal\" \/>\n<meta property=\"og:description\" content=\"O Castelo de Leiria est\u00e1 a passar por uma avalia\u00e7\u00e3o t\u00e9cnica detalhada para assegurar a sua estabilidade, com a reabertura prevista at\u00e9 22 de maio. O monumento foi fortemente afetado pelo mau tempo, em particular pela depress\u00e3o Kristin, que derrubou cerca de 90% das \u00e1rvores no interior e causou derrocadas em parte da muralha. A an\u00e1lise indica zonas mais vulner\u00e1veis nas vertentes Poente e Norte, com a vegeta\u00e7\u00e3o a ter papel crucial na estabilidade dos taludes; a remo\u00e7\u00e3o r\u00e1pida dessa cobertura pode aumentar a eros\u00e3o. Enquanto decorrem as avalia\u00e7\u00f5es, o castelo permanece encerrado e uma via para norte, a rua Cristiano Cruz, encontra-se tamb\u00e9m interditada. O munic\u00edpio salientou que, sendo o Castelo de Leiria classificado como Monumento Nacional e de propriedade do Estado, o financiamento e as interven\u00e7\u00f5es de recupera\u00e7\u00e3o cabem ao Estado, estando ainda a verificar custos e necessidades de interven\u00e7\u00e3o.\" \/>\n<meta property=\"og:url\" content=\"https:\/\/portaltela.pt\/noticias\/2026\/02\/26\/castelo-de-leiria-avalia-estabilidade-para-abertura-ate-22-de-maio\/\" \/>\n<meta property=\"og:site_name\" content=\"Portal Tela Portugal\" \/>\n<meta property=\"article:published_time\" content=\"2026-02-26T19:26:14+00:00\" \/>\n<meta name=\"author\" content=\"Telinha\" \/>\n<meta name=\"twitter:card\" content=\"summary_large_image\" \/>\n<meta name=\"twitter:label1\" content=\"Escrito por\" \/>\n\t<meta name=\"twitter:data1\" content=\"Telinha\" \/>\n\t<meta name=\"twitter:label2\" content=\"Tempo estimado de leitura\" \/>\n\t<meta name=\"twitter:data2\" content=\"1 minuto\" \/>\n<script type=\"application\/ld+json\" class=\"yoast-schema-graph\">{\"@context\":\"https:\/\/schema.org\",\"@graph\":[{\"@type\":\"Article\",\"@id\":\"https:\/\/portaltela.pt\/noticias\/2026\/02\/26\/castelo-de-leiria-avalia-estabilidade-para-abertura-ate-22-de-maio\/#article\",\"isPartOf\":{\"@id\":\"https:\/\/portaltela.pt\/noticias\/2026\/02\/26\/castelo-de-leiria-avalia-estabilidade-para-abertura-ate-22-de-maio\/\"},\"author\":{\"name\":\"Telinha\",\"@id\":\"https:\/\/portaltela.pt\/#\/schema\/person\/c4278d4a6028830caff9ee44b42d32ed\"},\"headline\":\"Castelo de Leiria avalia estabilidade para abertura at\u00e9 22 de maio\",\"datePublished\":\"2026-02-26T19:26:14+00:00\",\"mainEntityOfPage\":{\"@id\":\"https:\/\/portaltela.pt\/noticias\/2026\/02\/26\/castelo-de-leiria-avalia-estabilidade-para-abertura-ate-22-de-maio\/\"},\"wordCount\":255,\"image\":{\"@id\":\"https:\/\/portaltela.pt\/noticias\/2026\/02\/26\/castelo-de-leiria-avalia-estabilidade-para-abertura-ate-22-de-maio\/#primaryimage\"},\"thumbnailUrl\":\"https:\/\/portaltela.pt\/s.01k8rhncp4jt1\/2026\/02\/img_1500x1000uu2026-02-20-20-44-35-2268054.jpg\",\"keywords\":[\"desabamentos\",\"Leiria\",\"Monumento Nacional\",\"patrim\u00f3nio\",\"seguran\u00e7a\",\"turismo\"],\"articleSection\":[\"Not\u00edcias\"],\"inLanguage\":\"pt-PT\"},{\"@type\":\"WebPage\",\"@id\":\"https:\/\/portaltela.pt\/noticias\/2026\/02\/26\/castelo-de-leiria-avalia-estabilidade-para-abertura-ate-22-de-maio\/\",\"url\":\"https:\/\/portaltela.pt\/noticias\/2026\/02\/26\/castelo-de-leiria-avalia-estabilidade-para-abertura-ate-22-de-maio\/\",\"name\":\"Castelo de Leiria avalia estabilidade para abertura at\u00e9 22 de maio - Portal Tela Portugal\",\"isPartOf\":{\"@id\":\"https:\/\/portaltela.pt\/#website\"},\"primaryImageOfPage\":{\"@id\":\"https:\/\/portaltela.pt\/noticias\/2026\/02\/26\/castelo-de-leiria-avalia-estabilidade-para-abertura-ate-22-de-maio\/#primaryimage\"},\"image\":{\"@id\":\"https:\/\/portaltela.pt\/noticias\/2026\/02\/26\/castelo-de-leiria-avalia-estabilidade-para-abertura-ate-22-de-maio\/#primaryimage\"},\"thumbnailUrl\":\"https:\/\/portaltela.pt\/s.01k8rhncp4jt1\/2026\/02\/img_1500x1000uu2026-02-20-20-44-35-2268054.jpg\",\"datePublished\":\"2026-02-26T19:26:14+00:00\",\"author\":{\"@id\":\"https:\/\/portaltela.pt\/#\/schema\/person\/c4278d4a6028830caff9ee44b42d32ed\"},\"breadcrumb\":{\"@id\":\"https:\/\/portaltela.pt\/noticias\/2026\/02\/26\/castelo-de-leiria-avalia-estabilidade-para-abertura-ate-22-de-maio\/#breadcrumb\"},\"inLanguage\":\"pt-PT\",\"potentialAction\":[{\"@type\":\"ReadAction\",\"target\":[\"https:\/\/portaltela.pt\/noticias\/2026\/02\/26\/castelo-de-leiria-avalia-estabilidade-para-abertura-ate-22-de-maio\/\"]}]},{\"@type\":\"ImageObject\",\"inLanguage\":\"pt-PT\",\"@id\":\"https:\/\/portaltela.pt\/noticias\/2026\/02\/26\/castelo-de-leiria-avalia-estabilidade-para-abertura-ate-22-de-maio\/#primaryimage\",\"url\":\"https:\/\/portaltela.pt\/s.01k8rhncp4jt1\/2026\/02\/img_1500x1000uu2026-02-20-20-44-35-2268054.jpg\",\"contentUrl\":\"https:\/\/portaltela.pt\/s.01k8rhncp4jt1\/2026\/02\/img_1500x1000uu2026-02-20-20-44-35-2268054.jpg\",\"width\":796,\"height\":448,\"caption\":\"Mau tempo deixou cicatrizes profundas no Castelo de Leiria\"},{\"@type\":\"BreadcrumbList\",\"@id\":\"https:\/\/portaltela.pt\/noticias\/2026\/02\/26\/castelo-de-leiria-avalia-estabilidade-para-abertura-ate-22-de-maio\/#breadcrumb\",\"itemListElement\":[{\"@type\":\"ListItem\",\"position\":1,\"name\":\"In\u00edcio\",\"item\":\"https:\/\/portaltela.pt\/\"},{\"@type\":\"ListItem\",\"position\":2,\"name\":\"Castelo de Leiria avalia estabilidade para abertura at\u00e9 22 de maio\"}]},{\"@type\":\"WebSite\",\"@id\":\"https:\/\/portaltela.pt\/#website\",\"url\":\"https:\/\/portaltela.pt\/\",\"name\":\"Portal Tela Portugal\",\"description\":\"\",\"potentialAction\":[{\"@type\":\"SearchAction\",\"target\":{\"@type\":\"EntryPoint\",\"urlTemplate\":\"https:\/\/portaltela.pt\/?s={search_term_string}\"},\"query-input\":{\"@type\":\"PropertyValueSpecification\",\"valueRequired\":true,\"valueName\":\"search_term_string\"}}],\"inLanguage\":\"pt-PT\"},{\"@type\":\"Person\",\"@id\":\"https:\/\/portaltela.pt\/#\/schema\/person\/c4278d4a6028830caff9ee44b42d32ed\",\"name\":\"Telinha\",\"image\":{\"@type\":\"ImageObject\",\"inLanguage\":\"pt-PT\",\"@id\":\"https:\/\/portaltela.pt\/s.01k8rhncp4jt1\/2025\/11\/talking-bot-125x125.png\",\"url\":\"https:\/\/portaltela.pt\/s.01k8rhncp4jt1\/2025\/11\/talking-bot-125x125.png\",\"contentUrl\":\"https:\/\/portaltela.pt\/s.01k8rhncp4jt1\/2025\/11\/talking-bot-125x125.png\",\"caption\":\"Telinha\"},\"sameAs\":[\"https:\/\/portaltela.pt\/\"],\"url\":\"https:\/\/portaltela.pt\/por\/367410592786\/\"}]}<\/script>\n<!-- \/ Yoast SEO plugin. -->","yoast_head_json":{"title":"Castelo de Leiria avalia estabilidade para abertura at\u00e9 22 de maio - Portal Tela Portugal","robots":{"index":"index","follow":"follow","max-snippet":"max-snippet:-1","max-image-preview":"max-image-preview:large","max-video-preview":"max-video-preview:-1"},"og_locale":"pt_PT","og_type":"article","og_title":"Castelo de Leiria avalia estabilidade para abertura at\u00e9 22 de maio - Portal Tela Portugal","og_description":"O Castelo de Leiria est\u00e1 a passar por uma avalia\u00e7\u00e3o t\u00e9cnica detalhada para assegurar a sua estabilidade, com a reabertura prevista at\u00e9 22 de maio. O monumento foi fortemente afetado pelo mau tempo, em particular pela depress\u00e3o Kristin, que derrubou cerca de 90% das \u00e1rvores no interior e causou derrocadas em parte da muralha. A an\u00e1lise indica zonas mais vulner\u00e1veis nas vertentes Poente e Norte, com a vegeta\u00e7\u00e3o a ter papel crucial na estabilidade dos taludes; a remo\u00e7\u00e3o r\u00e1pida dessa cobertura pode aumentar a eros\u00e3o. Enquanto decorrem as avalia\u00e7\u00f5es, o castelo permanece encerrado e uma via para norte, a rua Cristiano Cruz, encontra-se tamb\u00e9m interditada. O munic\u00edpio salientou que, sendo o Castelo de Leiria classificado como Monumento Nacional e de propriedade do Estado, o financiamento e as interven\u00e7\u00f5es de recupera\u00e7\u00e3o cabem ao Estado, estando ainda a verificar custos e necessidades de interven\u00e7\u00e3o.","og_url":"https:\/\/portaltela.pt\/noticias\/2026\/02\/26\/castelo-de-leiria-avalia-estabilidade-para-abertura-ate-22-de-maio\/","og_site_name":"Portal Tela Portugal","article_published_time":"2026-02-26T19:26:14+00:00","author":"Telinha","twitter_card":"summary_large_image","twitter_misc":{"Escrito por":"Telinha","Tempo estimado de leitura":"1 minuto"},"schema":{"@context":"https:\/\/schema.org","@graph":[{"@type":"Article","@id":"https:\/\/portaltela.pt\/noticias\/2026\/02\/26\/castelo-de-leiria-avalia-estabilidade-para-abertura-ate-22-de-maio\/#article","isPartOf":{"@id":"https:\/\/portaltela.pt\/noticias\/2026\/02\/26\/castelo-de-leiria-avalia-estabilidade-para-abertura-ate-22-de-maio\/"},"author":{"name":"Telinha","@id":"https:\/\/portaltela.pt\/#\/schema\/person\/c4278d4a6028830caff9ee44b42d32ed"},"headline":"Castelo de Leiria avalia estabilidade para abertura at\u00e9 22 de maio","datePublished":"2026-02-26T19:26:14+00:00","mainEntityOfPage":{"@id":"https:\/\/portaltela.pt\/noticias\/2026\/02\/26\/castelo-de-leiria-avalia-estabilidade-para-abertura-ate-22-de-maio\/"},"wordCount":255,"image":{"@id":"https:\/\/portaltela.pt\/noticias\/2026\/02\/26\/castelo-de-leiria-avalia-estabilidade-para-abertura-ate-22-de-maio\/#primaryimage"},"thumbnailUrl":"https:\/\/portaltela.pt\/s.01k8rhncp4jt1\/2026\/02\/img_1500x1000uu2026-02-20-20-44-35-2268054.jpg","keywords":["desabamentos","Leiria","Monumento Nacional","patrim\u00f3nio","seguran\u00e7a","turismo"],"articleSection":["Not\u00edcias"],"inLanguage":"pt-PT"},{"@type":"WebPage","@id":"https:\/\/portaltela.pt\/noticias\/2026\/02\/26\/castelo-de-leiria-avalia-estabilidade-para-abertura-ate-22-de-maio\/","url":"https:\/\/portaltela.pt\/noticias\/2026\/02\/26\/castelo-de-leiria-avalia-estabilidade-para-abertura-ate-22-de-maio\/","name":"Castelo de Leiria avalia estabilidade para abertura at\u00e9 22 de maio - Portal Tela Portugal","isPartOf":{"@id":"https:\/\/portaltela.pt\/#website"},"primaryImageOfPage":{"@id":"https:\/\/portaltela.pt\/noticias\/2026\/02\/26\/castelo-de-leiria-avalia-estabilidade-para-abertura-ate-22-de-maio\/#primaryimage"},"image":{"@id":"https:\/\/portaltela.pt\/noticias\/2026\/02\/26\/castelo-de-leiria-avalia-estabilidade-para-abertura-ate-22-de-maio\/#primaryimage"},"thumbnailUrl":"https:\/\/portaltela.pt\/s.01k8rhncp4jt1\/2026\/02\/img_1500x1000uu2026-02-20-20-44-35-2268054.jpg","datePublished":"2026-02-26T19:26:14+00:00","author":{"@id":"https:\/\/portaltela.pt\/#\/schema\/person\/c4278d4a6028830caff9ee44b42d32ed"},"breadcrumb":{"@id":"https:\/\/portaltela.pt\/noticias\/2026\/02\/26\/castelo-de-leiria-avalia-estabilidade-para-abertura-ate-22-de-maio\/#breadcrumb"},"inLanguage":"pt-PT","potentialAction":[{"@type":"ReadAction","target":["https:\/\/portaltela.pt\/noticias\/2026\/02\/26\/castelo-de-leiria-avalia-estabilidade-para-abertura-ate-22-de-maio\/"]}]},{"@type":"ImageObject","inLanguage":"pt-PT","@id":"https:\/\/portaltela.pt\/noticias\/2026\/02\/26\/castelo-de-leiria-avalia-estabilidade-para-abertura-ate-22-de-maio\/#primaryimage","url":"https:\/\/portaltela.pt\/s.01k8rhncp4jt1\/2026\/02\/img_1500x1000uu2026-02-20-20-44-35-2268054.jpg","contentUrl":"https:\/\/portaltela.pt\/s.01k8rhncp4jt1\/2026\/02\/img_1500x1000uu2026-02-20-20-44-35-2268054.jpg","width":796,"height":448,"caption":"Mau tempo deixou cicatrizes profundas no Castelo de Leiria"},{"@type":"BreadcrumbList","@id":"https:\/\/portaltela.pt\/noticias\/2026\/02\/26\/castelo-de-leiria-avalia-estabilidade-para-abertura-ate-22-de-maio\/#breadcrumb","itemListElement":[{"@type":"ListItem","position":1,"name":"In\u00edcio","item":"https:\/\/portaltela.pt\/"},{"@type":"ListItem","position":2,"name":"Castelo de Leiria avalia estabilidade para abertura at\u00e9 22 de maio"}]},{"@type":"WebSite","@id":"https:\/\/portaltela.pt\/#website","url":"https:\/\/portaltela.pt\/","name":"Portal Tela Portugal","description":"","potentialAction":[{"@type":"SearchAction","target":{"@type":"EntryPoint","urlTemplate":"https:\/\/portaltela.pt\/?s={search_term_string}"},"query-input":{"@type":"PropertyValueSpecification","valueRequired":true,"valueName":"search_term_string"}}],"inLanguage":"pt-PT"},{"@type":"Person","@id":"https:\/\/portaltela.pt\/#\/schema\/person\/c4278d4a6028830caff9ee44b42d32ed","name":"Telinha","image":{"@type":"ImageObject","inLanguage":"pt-PT","@id":"https:\/\/portaltela.pt\/s.01k8rhncp4jt1\/2025\/11\/talking-bot-125x125.png","url":"https:\/\/portaltela.pt\/s.01k8rhncp4jt1\/2025\/11\/talking-bot-125x125.png","contentUrl":"https:\/\/portaltela.pt\/s.01k8rhncp4jt1\/2025\/11\/talking-bot-125x125.png","caption":"Telinha"},"sameAs":["https:\/\/portaltela.pt\/"],"url":"https:\/\/portaltela.pt\/por\/367410592786\/"}]}},"_links":{"self":[{"href":"https:\/\/portaltela.pt\/api\/wp\/v2\/posts\/389850","targetHints":{"allow":["GET"]}}],"collection":[{"href":"https:\/\/portaltela.pt\/api\/wp\/v2\/posts"}],"about":[{"href":"https:\/\/portaltela.pt\/api\/wp\/v2\/types\/post"}],"author":[{"embeddable":true,"href":"https:\/\/portaltela.pt\/api\/wp\/v2\/users\/2"}],"replies":[{"embeddable":true,"href":"https:\/\/portaltela.pt\/api\/wp\/v2\/comments?post=389850"}],"version-history":[{"count":0,"href":"https:\/\/portaltela.pt\/api\/wp\/v2\/posts\/389850\/revisions"}],"wp:featuredmedia":[{"embeddable":true,"href":"https:\/\/portaltela.pt\/api\/wp\/v2\/media\/389856"}],"wp:attachment":[{"href":"https:\/\/portaltela.pt\/api\/wp\/v2\/media?parent=389850"}],"wp:term":[{"taxonomy":"category","embeddable":true,"href":"https:\/\/portaltela.pt\/api\/wp\/v2\/categories?post=389850"},{"taxonomy":"post_tag","embeddable":true,"href":"https:\/\/portaltela.pt\/api\/wp\/v2\/tags?post=389850"}],"curies":[{"name":"wp","href":"https:\/\/api.w.org\/{rel}","templated":true}]}}