{"id":389846,"date":"2026-02-26T16:21:00","date_gmt":"2026-02-26T19:21:00","guid":{"rendered":"https:\/\/portaltela.pt\/noticias\/2026\/02\/26\/seis-jogadores-fora-para-receber-o-sp-braga\/"},"modified":"2026-02-26T16:21:00","modified_gmt":"2026-02-26T19:21:00","slug":"seis-jogadores-fora-para-receber-o-sp-braga","status":"publish","type":"post","link":"https:\/\/portaltela.pt\/desporto\/futebol\/2026\/02\/26\/seis-jogadores-fora-para-receber-o-sp-braga\/","title":{"rendered":"Seis jogadores fora para receber o Sp. Braga"},"content":{"rendered":"<p>O Sp. Braga recebe o advers\u00e1rio no s\u00e1bado, \u00e0s 18h00, em jogo da 24\u00aa jornada. Tiago Margarido dirige a prepara\u00e7\u00e3o, com foco na forma de Portugal. A campanha segue com a equipa a tentar manter o n\u00edvel do campeonato.<\/p>\n<p>Na lista de indispon\u00edveis continuam Jo\u00e3o Aur\u00e9lio, Filipe Soares, Ivanildo Fernandes e Ulisses Wilson, todos lesionados. Z\u00e9 V\u00edtor e Laabidi cumprem castigo, aumentando as dificuldades para o encontro.<\/p>\n<p>Jos\u00e9 Gomes permanece em d\u00favida, o que pode chegar a sete ausentes. O t\u00e9cnico de 37 anos sabe que ter\u00e1 de ajustar o onze para enfrentar o Sp. Braga, mantendo o jogo como objetivo claro.<\/p>\n<h3>Baixas no Sp. Braga e impacto no planeamento<\/h3>\n<p>Como principal desafio, Margarido ter\u00e1 de gerir a aus\u00eancia de quatro jogadores lesionados e dois suspensos. A equipa trabalha para manter a consist\u00eancia defensiva e a efic\u00e1cia ofensiva sem os novos recursos. A derrota do advers\u00e1rio pode influenciar a estrat\u00e9gia de jogo.<\/p>\n","protected":false},"excerpt":{"rendered":"<ul>\n<li>O Sp. Braga joga s\u00e1bado, \u00e0s 18h00, pela 24.\u00aa jornada, diante do advers\u00e1rio ainda a definir.<\/li>\n<li>Tiago Margarido j\u00e1 sabe que n\u00e3o pode contar com Jo\u00e3o Aur\u00e9lio, Filipe Soares, Ivanildo Fernandes e Ulisses Wilson, todos lesionados.<\/li>\n<li>Z\u00e9 V\u00edtor e Laabidi cumprem castigo, ficando tamb\u00e9m de fora.<\/li>\n<li>O lateral Jos\u00e9 Gomes est\u00e1 em d\u00favida para o encontro.<\/li>\n<li>Caso se confirme a aus\u00eancia de Jos\u00e9 Gomes, o conjunto pode ficar com sete baixas no total.<\/li>\n<\/ul>\n","protected":false},"author":2,"featured_media":389854,"comment_status":"closed","ping_status":"closed","sticky":false,"template":"","format":"standard","meta":{"footnotes":""},"categories":[21,24],"tags":[4059,1207,5748,32,2538,2070],"class_list":["post-389846","post","type-post","status-publish","format-standard","has-post-thumbnail","hentry","category-desporto","category-futebol","tag-1-a-liga","tag-braga","tag-castigos","tag-futebol","tag-lesoes","tag-sp-braga"],"yoast_head":"<!-- This site is optimized with the Yoast SEO plugin v27.2 - https:\/\/yoast.com\/product\/yoast-seo-wordpress\/ -->\n<title>Seis jogadores fora para receber o Sp. Braga - Portal Tela Portugal<\/title>\n<meta name=\"robots\" content=\"index, follow, max-snippet:-1, max-image-preview:large, max-video-preview:-1\" \/>\n<meta property=\"og:locale\" content=\"pt_PT\" \/>\n<meta property=\"og:type\" content=\"article\" \/>\n<meta property=\"og:title\" content=\"Seis jogadores fora para receber o Sp. Braga - Portal Tela Portugal\" \/>\n<meta property=\"og:description\" content=\"O Sp. Braga joga s\u00e1bado, \u00e0s 18h00, pela 24.\u00aa jornada, diante do advers\u00e1rio ainda a definir. Tiago Margarido j\u00e1 sabe que n\u00e3o pode contar com Jo\u00e3o Aur\u00e9lio, Filipe Soares, Ivanildo Fernandes e Ulisses Wilson, todos lesionados. Z\u00e9 V\u00edtor e Laabidi cumprem castigo, ficando tamb\u00e9m de fora. O lateral Jos\u00e9 Gomes est\u00e1 em d\u00favida para o encontro. Caso se confirme a aus\u00eancia de Jos\u00e9 Gomes, o conjunto pode ficar com sete baixas no total.\" \/>\n<meta property=\"og:url\" content=\"https:\/\/portaltela.pt\/noticias\/2026\/02\/26\/seis-jogadores-fora-para-receber-o-sp-braga\/\" \/>\n<meta property=\"og:site_name\" content=\"Portal Tela Portugal\" \/>\n<meta property=\"article:published_time\" content=\"2026-02-26T19:21:00+00:00\" \/>\n<meta name=\"author\" content=\"Telinha\" \/>\n<meta name=\"twitter:card\" content=\"summary_large_image\" \/>\n<meta name=\"twitter:label1\" content=\"Escrito por\" \/>\n\t<meta name=\"twitter:data1\" content=\"Telinha\" \/>\n\t<meta name=\"twitter:label2\" content=\"Tempo estimado de leitura\" \/>\n\t<meta name=\"twitter:data2\" content=\"1 minuto\" \/>\n<script type=\"application\/ld+json\" class=\"yoast-schema-graph\">{\"@context\":\"https:\/\/schema.org\",\"@graph\":[{\"@type\":\"Article\",\"@id\":\"https:\/\/portaltela.pt\/noticias\/2026\/02\/26\/seis-jogadores-fora-para-receber-o-sp-braga\/#article\",\"isPartOf\":{\"@id\":\"https:\/\/portaltela.pt\/noticias\/2026\/02\/26\/seis-jogadores-fora-para-receber-o-sp-braga\/\"},\"author\":{\"name\":\"Telinha\",\"@id\":\"https:\/\/portaltela.pt\/#\/schema\/person\/c4278d4a6028830caff9ee44b42d32ed\"},\"headline\":\"Seis jogadores fora para receber o Sp. Braga\",\"datePublished\":\"2026-02-26T19:21:00+00:00\",\"mainEntityOfPage\":{\"@id\":\"https:\/\/portaltela.pt\/noticias\/2026\/02\/26\/seis-jogadores-fora-para-receber-o-sp-braga\/\"},\"wordCount\":173,\"image\":{\"@id\":\"https:\/\/portaltela.pt\/noticias\/2026\/02\/26\/seis-jogadores-fora-para-receber-o-sp-braga\/#primaryimage\"},\"thumbnailUrl\":\"https:\/\/portaltela.pt\/s.01k8rhncp4jt1\/2026\/02\/img_920x518uu2026-01-25-19-21-16-2417316.jpg\",\"keywords\":[\"1.\u00aa Liga\",\"Braga\",\"castigos\",\"futebol\",\"les\u00f5es\",\"Sp. Braga\"],\"articleSection\":[\"Desporto\",\"Futebol\"],\"inLanguage\":\"pt-PT\"},{\"@type\":\"WebPage\",\"@id\":\"https:\/\/portaltela.pt\/noticias\/2026\/02\/26\/seis-jogadores-fora-para-receber-o-sp-braga\/\",\"url\":\"https:\/\/portaltela.pt\/noticias\/2026\/02\/26\/seis-jogadores-fora-para-receber-o-sp-braga\/\",\"name\":\"Seis jogadores fora para receber o Sp. Braga - Portal Tela Portugal\",\"isPartOf\":{\"@id\":\"https:\/\/portaltela.pt\/#website\"},\"primaryImageOfPage\":{\"@id\":\"https:\/\/portaltela.pt\/noticias\/2026\/02\/26\/seis-jogadores-fora-para-receber-o-sp-braga\/#primaryimage\"},\"image\":{\"@id\":\"https:\/\/portaltela.pt\/noticias\/2026\/02\/26\/seis-jogadores-fora-para-receber-o-sp-braga\/#primaryimage\"},\"thumbnailUrl\":\"https:\/\/portaltela.pt\/s.01k8rhncp4jt1\/2026\/02\/img_920x518uu2026-01-25-19-21-16-2417316.jpg\",\"datePublished\":\"2026-02-26T19:21:00+00:00\",\"author\":{\"@id\":\"https:\/\/portaltela.pt\/#\/schema\/person\/c4278d4a6028830caff9ee44b42d32ed\"},\"breadcrumb\":{\"@id\":\"https:\/\/portaltela.pt\/noticias\/2026\/02\/26\/seis-jogadores-fora-para-receber-o-sp-braga\/#breadcrumb\"},\"inLanguage\":\"pt-PT\",\"potentialAction\":[{\"@type\":\"ReadAction\",\"target\":[\"https:\/\/portaltela.pt\/noticias\/2026\/02\/26\/seis-jogadores-fora-para-receber-o-sp-braga\/\"]}]},{\"@type\":\"ImageObject\",\"inLanguage\":\"pt-PT\",\"@id\":\"https:\/\/portaltela.pt\/noticias\/2026\/02\/26\/seis-jogadores-fora-para-receber-o-sp-braga\/#primaryimage\",\"url\":\"https:\/\/portaltela.pt\/s.01k8rhncp4jt1\/2026\/02\/img_920x518uu2026-01-25-19-21-16-2417316.jpg\",\"contentUrl\":\"https:\/\/portaltela.pt\/s.01k8rhncp4jt1\/2026\/02\/img_920x518uu2026-01-25-19-21-16-2417316.jpg\",\"width\":796,\"height\":448,\"caption\":\"Tiago Margarido\"},{\"@type\":\"BreadcrumbList\",\"@id\":\"https:\/\/portaltela.pt\/noticias\/2026\/02\/26\/seis-jogadores-fora-para-receber-o-sp-braga\/#breadcrumb\",\"itemListElement\":[{\"@type\":\"ListItem\",\"position\":1,\"name\":\"In\u00edcio\",\"item\":\"https:\/\/portaltela.pt\/\"},{\"@type\":\"ListItem\",\"position\":2,\"name\":\"Seis jogadores fora para receber o Sp. Braga\"}]},{\"@type\":\"WebSite\",\"@id\":\"https:\/\/portaltela.pt\/#website\",\"url\":\"https:\/\/portaltela.pt\/\",\"name\":\"Portal Tela Portugal\",\"description\":\"\",\"potentialAction\":[{\"@type\":\"SearchAction\",\"target\":{\"@type\":\"EntryPoint\",\"urlTemplate\":\"https:\/\/portaltela.pt\/?s={search_term_string}\"},\"query-input\":{\"@type\":\"PropertyValueSpecification\",\"valueRequired\":true,\"valueName\":\"search_term_string\"}}],\"inLanguage\":\"pt-PT\"},{\"@type\":\"Person\",\"@id\":\"https:\/\/portaltela.pt\/#\/schema\/person\/c4278d4a6028830caff9ee44b42d32ed\",\"name\":\"Telinha\",\"image\":{\"@type\":\"ImageObject\",\"inLanguage\":\"pt-PT\",\"@id\":\"https:\/\/portaltela.pt\/s.01k8rhncp4jt1\/2025\/11\/talking-bot-125x125.png\",\"url\":\"https:\/\/portaltela.pt\/s.01k8rhncp4jt1\/2025\/11\/talking-bot-125x125.png\",\"contentUrl\":\"https:\/\/portaltela.pt\/s.01k8rhncp4jt1\/2025\/11\/talking-bot-125x125.png\",\"caption\":\"Telinha\"},\"sameAs\":[\"https:\/\/portaltela.pt\/\"],\"url\":\"https:\/\/portaltela.pt\/por\/367410592786\/\"}]}<\/script>\n<!-- \/ Yoast SEO plugin. -->","yoast_head_json":{"title":"Seis jogadores fora para receber o Sp. Braga - Portal Tela Portugal","robots":{"index":"index","follow":"follow","max-snippet":"max-snippet:-1","max-image-preview":"max-image-preview:large","max-video-preview":"max-video-preview:-1"},"og_locale":"pt_PT","og_type":"article","og_title":"Seis jogadores fora para receber o Sp. Braga - Portal Tela Portugal","og_description":"O Sp. Braga joga s\u00e1bado, \u00e0s 18h00, pela 24.\u00aa jornada, diante do advers\u00e1rio ainda a definir. Tiago Margarido j\u00e1 sabe que n\u00e3o pode contar com Jo\u00e3o Aur\u00e9lio, Filipe Soares, Ivanildo Fernandes e Ulisses Wilson, todos lesionados. Z\u00e9 V\u00edtor e Laabidi cumprem castigo, ficando tamb\u00e9m de fora. O lateral Jos\u00e9 Gomes est\u00e1 em d\u00favida para o encontro. Caso se confirme a aus\u00eancia de Jos\u00e9 Gomes, o conjunto pode ficar com sete baixas no total.","og_url":"https:\/\/portaltela.pt\/noticias\/2026\/02\/26\/seis-jogadores-fora-para-receber-o-sp-braga\/","og_site_name":"Portal Tela Portugal","article_published_time":"2026-02-26T19:21:00+00:00","author":"Telinha","twitter_card":"summary_large_image","twitter_misc":{"Escrito por":"Telinha","Tempo estimado de leitura":"1 minuto"},"schema":{"@context":"https:\/\/schema.org","@graph":[{"@type":"Article","@id":"https:\/\/portaltela.pt\/noticias\/2026\/02\/26\/seis-jogadores-fora-para-receber-o-sp-braga\/#article","isPartOf":{"@id":"https:\/\/portaltela.pt\/noticias\/2026\/02\/26\/seis-jogadores-fora-para-receber-o-sp-braga\/"},"author":{"name":"Telinha","@id":"https:\/\/portaltela.pt\/#\/schema\/person\/c4278d4a6028830caff9ee44b42d32ed"},"headline":"Seis jogadores fora para receber o Sp. Braga","datePublished":"2026-02-26T19:21:00+00:00","mainEntityOfPage":{"@id":"https:\/\/portaltela.pt\/noticias\/2026\/02\/26\/seis-jogadores-fora-para-receber-o-sp-braga\/"},"wordCount":173,"image":{"@id":"https:\/\/portaltela.pt\/noticias\/2026\/02\/26\/seis-jogadores-fora-para-receber-o-sp-braga\/#primaryimage"},"thumbnailUrl":"https:\/\/portaltela.pt\/s.01k8rhncp4jt1\/2026\/02\/img_920x518uu2026-01-25-19-21-16-2417316.jpg","keywords":["1.\u00aa Liga","Braga","castigos","futebol","les\u00f5es","Sp. Braga"],"articleSection":["Desporto","Futebol"],"inLanguage":"pt-PT"},{"@type":"WebPage","@id":"https:\/\/portaltela.pt\/noticias\/2026\/02\/26\/seis-jogadores-fora-para-receber-o-sp-braga\/","url":"https:\/\/portaltela.pt\/noticias\/2026\/02\/26\/seis-jogadores-fora-para-receber-o-sp-braga\/","name":"Seis jogadores fora para receber o Sp. Braga - Portal Tela Portugal","isPartOf":{"@id":"https:\/\/portaltela.pt\/#website"},"primaryImageOfPage":{"@id":"https:\/\/portaltela.pt\/noticias\/2026\/02\/26\/seis-jogadores-fora-para-receber-o-sp-braga\/#primaryimage"},"image":{"@id":"https:\/\/portaltela.pt\/noticias\/2026\/02\/26\/seis-jogadores-fora-para-receber-o-sp-braga\/#primaryimage"},"thumbnailUrl":"https:\/\/portaltela.pt\/s.01k8rhncp4jt1\/2026\/02\/img_920x518uu2026-01-25-19-21-16-2417316.jpg","datePublished":"2026-02-26T19:21:00+00:00","author":{"@id":"https:\/\/portaltela.pt\/#\/schema\/person\/c4278d4a6028830caff9ee44b42d32ed"},"breadcrumb":{"@id":"https:\/\/portaltela.pt\/noticias\/2026\/02\/26\/seis-jogadores-fora-para-receber-o-sp-braga\/#breadcrumb"},"inLanguage":"pt-PT","potentialAction":[{"@type":"ReadAction","target":["https:\/\/portaltela.pt\/noticias\/2026\/02\/26\/seis-jogadores-fora-para-receber-o-sp-braga\/"]}]},{"@type":"ImageObject","inLanguage":"pt-PT","@id":"https:\/\/portaltela.pt\/noticias\/2026\/02\/26\/seis-jogadores-fora-para-receber-o-sp-braga\/#primaryimage","url":"https:\/\/portaltela.pt\/s.01k8rhncp4jt1\/2026\/02\/img_920x518uu2026-01-25-19-21-16-2417316.jpg","contentUrl":"https:\/\/portaltela.pt\/s.01k8rhncp4jt1\/2026\/02\/img_920x518uu2026-01-25-19-21-16-2417316.jpg","width":796,"height":448,"caption":"Tiago Margarido"},{"@type":"BreadcrumbList","@id":"https:\/\/portaltela.pt\/noticias\/2026\/02\/26\/seis-jogadores-fora-para-receber-o-sp-braga\/#breadcrumb","itemListElement":[{"@type":"ListItem","position":1,"name":"In\u00edcio","item":"https:\/\/portaltela.pt\/"},{"@type":"ListItem","position":2,"name":"Seis jogadores fora para receber o Sp. Braga"}]},{"@type":"WebSite","@id":"https:\/\/portaltela.pt\/#website","url":"https:\/\/portaltela.pt\/","name":"Portal Tela Portugal","description":"","potentialAction":[{"@type":"SearchAction","target":{"@type":"EntryPoint","urlTemplate":"https:\/\/portaltela.pt\/?s={search_term_string}"},"query-input":{"@type":"PropertyValueSpecification","valueRequired":true,"valueName":"search_term_string"}}],"inLanguage":"pt-PT"},{"@type":"Person","@id":"https:\/\/portaltela.pt\/#\/schema\/person\/c4278d4a6028830caff9ee44b42d32ed","name":"Telinha","image":{"@type":"ImageObject","inLanguage":"pt-PT","@id":"https:\/\/portaltela.pt\/s.01k8rhncp4jt1\/2025\/11\/talking-bot-125x125.png","url":"https:\/\/portaltela.pt\/s.01k8rhncp4jt1\/2025\/11\/talking-bot-125x125.png","contentUrl":"https:\/\/portaltela.pt\/s.01k8rhncp4jt1\/2025\/11\/talking-bot-125x125.png","caption":"Telinha"},"sameAs":["https:\/\/portaltela.pt\/"],"url":"https:\/\/portaltela.pt\/por\/367410592786\/"}]}},"_links":{"self":[{"href":"https:\/\/portaltela.pt\/api\/wp\/v2\/posts\/389846","targetHints":{"allow":["GET"]}}],"collection":[{"href":"https:\/\/portaltela.pt\/api\/wp\/v2\/posts"}],"about":[{"href":"https:\/\/portaltela.pt\/api\/wp\/v2\/types\/post"}],"author":[{"embeddable":true,"href":"https:\/\/portaltela.pt\/api\/wp\/v2\/users\/2"}],"replies":[{"embeddable":true,"href":"https:\/\/portaltela.pt\/api\/wp\/v2\/comments?post=389846"}],"version-history":[{"count":0,"href":"https:\/\/portaltela.pt\/api\/wp\/v2\/posts\/389846\/revisions"}],"wp:featuredmedia":[{"embeddable":true,"href":"https:\/\/portaltela.pt\/api\/wp\/v2\/media\/389854"}],"wp:attachment":[{"href":"https:\/\/portaltela.pt\/api\/wp\/v2\/media?parent=389846"}],"wp:term":[{"taxonomy":"category","embeddable":true,"href":"https:\/\/portaltela.pt\/api\/wp\/v2\/categories?post=389846"},{"taxonomy":"post_tag","embeddable":true,"href":"https:\/\/portaltela.pt\/api\/wp\/v2\/tags?post=389846"}],"curies":[{"name":"wp","href":"https:\/\/api.w.org\/{rel}","templated":true}]}}