{"id":389840,"date":"2026-02-26T16:03:00","date_gmt":"2026-02-26T19:03:00","guid":{"rendered":"https:\/\/portaltela.pt\/noticias\/2026\/02\/26\/tejero-molina-figura-central-do-23-f-e-lembrado-como-protagonista-triste\/"},"modified":"2026-02-26T16:03:00","modified_gmt":"2026-02-26T19:03:00","slug":"tejero-molina-figura-central-do-23-f-e-lembrado-como-protagonista-triste","status":"publish","type":"post","link":"https:\/\/portaltela.pt\/noticias\/internacional\/2026\/02\/26\/tejero-molina-figura-central-do-23-f-e-lembrado-como-protagonista-triste\/","title":{"rendered":"Tejero Molina, figura central do 23-F, \u00e9 lembrado como protagonista triste"},"content":{"rendered":"<p>Tejero Molina morreu aos 93 anos, nesta quarta-feira, mantendo-se fiel aos seus ideais, sem reclamar das consequ\u00eancias. A not\u00edcia surge no dia em que o Governo espanhol difundiu documentos sobre o incidente de 23 de fevereiro de 1981.<\/p>\n<p>O antigo militar da Guarda Civil participou da tentativa de golpe de Estado que manteve o Congresso ref\u00e9m por mais de 17 horas. O objetivo era impedir a continua\u00e7\u00e3o da transi\u00e7\u00e3o para a democracia ap\u00f3s o regime de Franco.<\/p>\n<p>A morte de Tejero ocorre em meio a uma renovada discuss\u00e3o p\u00fablica sobre esse epis\u00f3dio, quando foram tornados p\u00fablicos novos documentos oficiais que ajudam a explicar as circunst\u00e2ncias daquele dia.<\/p>\n<h3>Contexto hist\u00f3rico<\/h3>\n<p>Entre os detalhes divulgados est\u00e3o as raz\u00f5es apresentadas para o golpe e as tentativas de controle institucional durante a crise, que ocorreu em Madrid. O epis\u00f3dio ficou conhecido como uma das fases mais marcantes da d\u00e9cada de 1980 em Espanha.<\/p>\n<h3>Envolvidos e desdobramentos<\/h3>\n<p>Ao lado de Tejero estiveram elementos da Guarda Civil e outros agentes, com diferentes graus de participa\u00e7\u00e3o, durante as negocia\u00e7\u00f5es e a suspens\u00e3o de atividades parlamentares. As informa\u00e7\u00f5es publicadas refor\u00e7am o retrato de um esfor\u00e7o de destabiliza\u00e7\u00e3o do poder democr\u00e1tico.<\/p>\n<h3>Impacto e mem\u00f3ria<\/h3>\n<p>A divulga\u00e7\u00e3o dos documentos refor\u00e7a a leitura de que o golpe falhou por resist\u00eancia de institui\u00e7\u00f5es, pela atua\u00e7\u00e3o de for\u00e7as pol\u00edticas democr\u00e1ticas e pela rea\u00e7\u00e3o da opini\u00e3o p\u00fablica. O caso continua a influenciar debates hist\u00f3ricos na Espanha.<\/p>\n","protected":false},"excerpt":{"rendered":"<ul>\n<li>Antonio Tejero Molina, antigo militar da Guarda Civil, morreu aos 93 anos numa quarta-feira, mantendo-se fiel aos seus ideais.<\/li>\n<li>O Governo espanhol revelou, naquele dia, documentos que explicam o que ocorreu no dia 23 de fevereiro de 1981.<\/li>\n<li>Naquela data, por mais de 17 horas, o Congresso ficou ref\u00e9m de Tejero, que tentou obter altera\u00e7\u00f5es pol\u00edticas com um golpe de Estado.<\/li>\n<li>Tejero era saudosista de Franco e defendia mudan\u00e7as no rumo do pa\u00eds, sem queixin\u00e7as sobre as consequ\u00eancias.<\/li>\n<li>Os documentos divulgados visam esclarecer os acontecimentos daquele dia, segundo o Governo.<\/li>\n<\/ul>\n","protected":false},"author":2,"featured_media":389848,"comment_status":"closed","ping_status":"closed","sticky":false,"template":"","format":"standard","meta":{"footnotes":""},"categories":[4,1],"tags":[38,2795,2031,937,299,5698],"class_list":["post-389840","post","type-post","status-publish","format-standard","has-post-thumbnail","hentry","category-internacional","category-noticias","tag-conflitos","tag-democracia","tag-espanha","tag-golpe-de-estado","tag-historia","tag-politica-internacional"],"yoast_head":"<!-- This site is optimized with the Yoast SEO plugin v27.2 - https:\/\/yoast.com\/product\/yoast-seo-wordpress\/ -->\n<title>Tejero Molina, figura central do 23-F, \u00e9 lembrado como protagonista triste - Portal Tela Portugal<\/title>\n<meta name=\"robots\" content=\"index, follow, max-snippet:-1, max-image-preview:large, max-video-preview:-1\" \/>\n<meta property=\"og:locale\" content=\"pt_PT\" \/>\n<meta property=\"og:type\" content=\"article\" \/>\n<meta property=\"og:title\" content=\"Tejero Molina, figura central do 23-F, \u00e9 lembrado como protagonista triste - Portal Tela Portugal\" \/>\n<meta property=\"og:description\" content=\"Antonio Tejero Molina, antigo militar da Guarda Civil, morreu aos 93 anos numa quarta-feira, mantendo-se fiel aos seus ideais. O Governo espanhol revelou, naquele dia, documentos que explicam o que ocorreu no dia 23 de fevereiro de 1981. Naquela data, por mais de 17 horas, o Congresso ficou ref\u00e9m de Tejero, que tentou obter altera\u00e7\u00f5es pol\u00edticas com um golpe de Estado. Tejero era saudosista de Franco e defendia mudan\u00e7as no rumo do pa\u00eds, sem queixin\u00e7as sobre as consequ\u00eancias. Os documentos divulgados visam esclarecer os acontecimentos daquele dia, segundo o Governo.\" \/>\n<meta property=\"og:url\" content=\"https:\/\/portaltela.pt\/noticias\/2026\/02\/26\/tejero-molina-figura-central-do-23-f-e-lembrado-como-protagonista-triste\/\" \/>\n<meta property=\"og:site_name\" content=\"Portal Tela Portugal\" \/>\n<meta property=\"article:published_time\" content=\"2026-02-26T19:03:00+00:00\" \/>\n<meta name=\"author\" content=\"Telinha\" \/>\n<meta name=\"twitter:card\" content=\"summary_large_image\" \/>\n<meta name=\"twitter:label1\" content=\"Escrito por\" \/>\n\t<meta name=\"twitter:data1\" content=\"Telinha\" \/>\n\t<meta name=\"twitter:label2\" content=\"Tempo estimado de leitura\" \/>\n\t<meta name=\"twitter:data2\" content=\"1 minuto\" \/>\n<script type=\"application\/ld+json\" class=\"yoast-schema-graph\">{\"@context\":\"https:\/\/schema.org\",\"@graph\":[{\"@type\":\"Article\",\"@id\":\"https:\/\/portaltela.pt\/noticias\/2026\/02\/26\/tejero-molina-figura-central-do-23-f-e-lembrado-como-protagonista-triste\/#article\",\"isPartOf\":{\"@id\":\"https:\/\/portaltela.pt\/noticias\/2026\/02\/26\/tejero-molina-figura-central-do-23-f-e-lembrado-como-protagonista-triste\/\"},\"author\":{\"name\":\"Telinha\",\"@id\":\"https:\/\/portaltela.pt\/#\/schema\/person\/c4278d4a6028830caff9ee44b42d32ed\"},\"headline\":\"Tejero Molina, figura central do 23-F, \u00e9 lembrado como protagonista triste\",\"datePublished\":\"2026-02-26T19:03:00+00:00\",\"mainEntityOfPage\":{\"@id\":\"https:\/\/portaltela.pt\/noticias\/2026\/02\/26\/tejero-molina-figura-central-do-23-f-e-lembrado-como-protagonista-triste\/\"},\"wordCount\":274,\"image\":{\"@id\":\"https:\/\/portaltela.pt\/noticias\/2026\/02\/26\/tejero-molina-figura-central-do-23-f-e-lembrado-como-protagonista-triste\/#primaryimage\"},\"thumbnailUrl\":\"https:\/\/portaltela.pt\/s.01k8rhncp4jt1\/2026\/02\/2070133.jpg\",\"keywords\":[\"conflitos\",\"democracia\",\"Espanha\",\"golpe de Estado\",\"hist\u00f3ria\",\"pol\u00edtica internacional\"],\"articleSection\":[\"Internacional\",\"Not\u00edcias\"],\"inLanguage\":\"pt-PT\"},{\"@type\":\"WebPage\",\"@id\":\"https:\/\/portaltela.pt\/noticias\/2026\/02\/26\/tejero-molina-figura-central-do-23-f-e-lembrado-como-protagonista-triste\/\",\"url\":\"https:\/\/portaltela.pt\/noticias\/2026\/02\/26\/tejero-molina-figura-central-do-23-f-e-lembrado-como-protagonista-triste\/\",\"name\":\"Tejero Molina, figura central do 23-F, \u00e9 lembrado como protagonista triste - Portal Tela Portugal\",\"isPartOf\":{\"@id\":\"https:\/\/portaltela.pt\/#website\"},\"primaryImageOfPage\":{\"@id\":\"https:\/\/portaltela.pt\/noticias\/2026\/02\/26\/tejero-molina-figura-central-do-23-f-e-lembrado-como-protagonista-triste\/#primaryimage\"},\"image\":{\"@id\":\"https:\/\/portaltela.pt\/noticias\/2026\/02\/26\/tejero-molina-figura-central-do-23-f-e-lembrado-como-protagonista-triste\/#primaryimage\"},\"thumbnailUrl\":\"https:\/\/portaltela.pt\/s.01k8rhncp4jt1\/2026\/02\/2070133.jpg\",\"datePublished\":\"2026-02-26T19:03:00+00:00\",\"author\":{\"@id\":\"https:\/\/portaltela.pt\/#\/schema\/person\/c4278d4a6028830caff9ee44b42d32ed\"},\"breadcrumb\":{\"@id\":\"https:\/\/portaltela.pt\/noticias\/2026\/02\/26\/tejero-molina-figura-central-do-23-f-e-lembrado-como-protagonista-triste\/#breadcrumb\"},\"inLanguage\":\"pt-PT\",\"potentialAction\":[{\"@type\":\"ReadAction\",\"target\":[\"https:\/\/portaltela.pt\/noticias\/2026\/02\/26\/tejero-molina-figura-central-do-23-f-e-lembrado-como-protagonista-triste\/\"]}]},{\"@type\":\"ImageObject\",\"inLanguage\":\"pt-PT\",\"@id\":\"https:\/\/portaltela.pt\/noticias\/2026\/02\/26\/tejero-molina-figura-central-do-23-f-e-lembrado-como-protagonista-triste\/#primaryimage\",\"url\":\"https:\/\/portaltela.pt\/s.01k8rhncp4jt1\/2026\/02\/2070133.jpg\",\"contentUrl\":\"https:\/\/portaltela.pt\/s.01k8rhncp4jt1\/2026\/02\/2070133.jpg\",\"width\":796,\"height\":448,\"caption\":\"Tejero Molina, no Congresso espanhol, com uma pistola e tric\u00f3rnio na cabe\u00e7a, numa das imagens mais c\u00e9lebres da intentona\"},{\"@type\":\"BreadcrumbList\",\"@id\":\"https:\/\/portaltela.pt\/noticias\/2026\/02\/26\/tejero-molina-figura-central-do-23-f-e-lembrado-como-protagonista-triste\/#breadcrumb\",\"itemListElement\":[{\"@type\":\"ListItem\",\"position\":1,\"name\":\"In\u00edcio\",\"item\":\"https:\/\/portaltela.pt\/\"},{\"@type\":\"ListItem\",\"position\":2,\"name\":\"Tejero Molina, figura central do 23-F, \u00e9 lembrado como protagonista triste\"}]},{\"@type\":\"WebSite\",\"@id\":\"https:\/\/portaltela.pt\/#website\",\"url\":\"https:\/\/portaltela.pt\/\",\"name\":\"Portal Tela Portugal\",\"description\":\"\",\"potentialAction\":[{\"@type\":\"SearchAction\",\"target\":{\"@type\":\"EntryPoint\",\"urlTemplate\":\"https:\/\/portaltela.pt\/?s={search_term_string}\"},\"query-input\":{\"@type\":\"PropertyValueSpecification\",\"valueRequired\":true,\"valueName\":\"search_term_string\"}}],\"inLanguage\":\"pt-PT\"},{\"@type\":\"Person\",\"@id\":\"https:\/\/portaltela.pt\/#\/schema\/person\/c4278d4a6028830caff9ee44b42d32ed\",\"name\":\"Telinha\",\"image\":{\"@type\":\"ImageObject\",\"inLanguage\":\"pt-PT\",\"@id\":\"https:\/\/portaltela.pt\/s.01k8rhncp4jt1\/2025\/11\/talking-bot-125x125.png\",\"url\":\"https:\/\/portaltela.pt\/s.01k8rhncp4jt1\/2025\/11\/talking-bot-125x125.png\",\"contentUrl\":\"https:\/\/portaltela.pt\/s.01k8rhncp4jt1\/2025\/11\/talking-bot-125x125.png\",\"caption\":\"Telinha\"},\"sameAs\":[\"https:\/\/portaltela.pt\/\"],\"url\":\"https:\/\/portaltela.pt\/por\/367410592786\/\"}]}<\/script>\n<!-- \/ Yoast SEO plugin. -->","yoast_head_json":{"title":"Tejero Molina, figura central do 23-F, \u00e9 lembrado como protagonista triste - Portal Tela Portugal","robots":{"index":"index","follow":"follow","max-snippet":"max-snippet:-1","max-image-preview":"max-image-preview:large","max-video-preview":"max-video-preview:-1"},"og_locale":"pt_PT","og_type":"article","og_title":"Tejero Molina, figura central do 23-F, \u00e9 lembrado como protagonista triste - Portal Tela Portugal","og_description":"Antonio Tejero Molina, antigo militar da Guarda Civil, morreu aos 93 anos numa quarta-feira, mantendo-se fiel aos seus ideais. O Governo espanhol revelou, naquele dia, documentos que explicam o que ocorreu no dia 23 de fevereiro de 1981. Naquela data, por mais de 17 horas, o Congresso ficou ref\u00e9m de Tejero, que tentou obter altera\u00e7\u00f5es pol\u00edticas com um golpe de Estado. Tejero era saudosista de Franco e defendia mudan\u00e7as no rumo do pa\u00eds, sem queixin\u00e7as sobre as consequ\u00eancias. Os documentos divulgados visam esclarecer os acontecimentos daquele dia, segundo o Governo.","og_url":"https:\/\/portaltela.pt\/noticias\/2026\/02\/26\/tejero-molina-figura-central-do-23-f-e-lembrado-como-protagonista-triste\/","og_site_name":"Portal Tela Portugal","article_published_time":"2026-02-26T19:03:00+00:00","author":"Telinha","twitter_card":"summary_large_image","twitter_misc":{"Escrito por":"Telinha","Tempo estimado de leitura":"1 minuto"},"schema":{"@context":"https:\/\/schema.org","@graph":[{"@type":"Article","@id":"https:\/\/portaltela.pt\/noticias\/2026\/02\/26\/tejero-molina-figura-central-do-23-f-e-lembrado-como-protagonista-triste\/#article","isPartOf":{"@id":"https:\/\/portaltela.pt\/noticias\/2026\/02\/26\/tejero-molina-figura-central-do-23-f-e-lembrado-como-protagonista-triste\/"},"author":{"name":"Telinha","@id":"https:\/\/portaltela.pt\/#\/schema\/person\/c4278d4a6028830caff9ee44b42d32ed"},"headline":"Tejero Molina, figura central do 23-F, \u00e9 lembrado como protagonista triste","datePublished":"2026-02-26T19:03:00+00:00","mainEntityOfPage":{"@id":"https:\/\/portaltela.pt\/noticias\/2026\/02\/26\/tejero-molina-figura-central-do-23-f-e-lembrado-como-protagonista-triste\/"},"wordCount":274,"image":{"@id":"https:\/\/portaltela.pt\/noticias\/2026\/02\/26\/tejero-molina-figura-central-do-23-f-e-lembrado-como-protagonista-triste\/#primaryimage"},"thumbnailUrl":"https:\/\/portaltela.pt\/s.01k8rhncp4jt1\/2026\/02\/2070133.jpg","keywords":["conflitos","democracia","Espanha","golpe de Estado","hist\u00f3ria","pol\u00edtica internacional"],"articleSection":["Internacional","Not\u00edcias"],"inLanguage":"pt-PT"},{"@type":"WebPage","@id":"https:\/\/portaltela.pt\/noticias\/2026\/02\/26\/tejero-molina-figura-central-do-23-f-e-lembrado-como-protagonista-triste\/","url":"https:\/\/portaltela.pt\/noticias\/2026\/02\/26\/tejero-molina-figura-central-do-23-f-e-lembrado-como-protagonista-triste\/","name":"Tejero Molina, figura central do 23-F, \u00e9 lembrado como protagonista triste - Portal Tela Portugal","isPartOf":{"@id":"https:\/\/portaltela.pt\/#website"},"primaryImageOfPage":{"@id":"https:\/\/portaltela.pt\/noticias\/2026\/02\/26\/tejero-molina-figura-central-do-23-f-e-lembrado-como-protagonista-triste\/#primaryimage"},"image":{"@id":"https:\/\/portaltela.pt\/noticias\/2026\/02\/26\/tejero-molina-figura-central-do-23-f-e-lembrado-como-protagonista-triste\/#primaryimage"},"thumbnailUrl":"https:\/\/portaltela.pt\/s.01k8rhncp4jt1\/2026\/02\/2070133.jpg","datePublished":"2026-02-26T19:03:00+00:00","author":{"@id":"https:\/\/portaltela.pt\/#\/schema\/person\/c4278d4a6028830caff9ee44b42d32ed"},"breadcrumb":{"@id":"https:\/\/portaltela.pt\/noticias\/2026\/02\/26\/tejero-molina-figura-central-do-23-f-e-lembrado-como-protagonista-triste\/#breadcrumb"},"inLanguage":"pt-PT","potentialAction":[{"@type":"ReadAction","target":["https:\/\/portaltela.pt\/noticias\/2026\/02\/26\/tejero-molina-figura-central-do-23-f-e-lembrado-como-protagonista-triste\/"]}]},{"@type":"ImageObject","inLanguage":"pt-PT","@id":"https:\/\/portaltela.pt\/noticias\/2026\/02\/26\/tejero-molina-figura-central-do-23-f-e-lembrado-como-protagonista-triste\/#primaryimage","url":"https:\/\/portaltela.pt\/s.01k8rhncp4jt1\/2026\/02\/2070133.jpg","contentUrl":"https:\/\/portaltela.pt\/s.01k8rhncp4jt1\/2026\/02\/2070133.jpg","width":796,"height":448,"caption":"Tejero Molina, no Congresso espanhol, com uma pistola e tric\u00f3rnio na cabe\u00e7a, numa das imagens mais c\u00e9lebres da intentona"},{"@type":"BreadcrumbList","@id":"https:\/\/portaltela.pt\/noticias\/2026\/02\/26\/tejero-molina-figura-central-do-23-f-e-lembrado-como-protagonista-triste\/#breadcrumb","itemListElement":[{"@type":"ListItem","position":1,"name":"In\u00edcio","item":"https:\/\/portaltela.pt\/"},{"@type":"ListItem","position":2,"name":"Tejero Molina, figura central do 23-F, \u00e9 lembrado como protagonista triste"}]},{"@type":"WebSite","@id":"https:\/\/portaltela.pt\/#website","url":"https:\/\/portaltela.pt\/","name":"Portal Tela Portugal","description":"","potentialAction":[{"@type":"SearchAction","target":{"@type":"EntryPoint","urlTemplate":"https:\/\/portaltela.pt\/?s={search_term_string}"},"query-input":{"@type":"PropertyValueSpecification","valueRequired":true,"valueName":"search_term_string"}}],"inLanguage":"pt-PT"},{"@type":"Person","@id":"https:\/\/portaltela.pt\/#\/schema\/person\/c4278d4a6028830caff9ee44b42d32ed","name":"Telinha","image":{"@type":"ImageObject","inLanguage":"pt-PT","@id":"https:\/\/portaltela.pt\/s.01k8rhncp4jt1\/2025\/11\/talking-bot-125x125.png","url":"https:\/\/portaltela.pt\/s.01k8rhncp4jt1\/2025\/11\/talking-bot-125x125.png","contentUrl":"https:\/\/portaltela.pt\/s.01k8rhncp4jt1\/2025\/11\/talking-bot-125x125.png","caption":"Telinha"},"sameAs":["https:\/\/portaltela.pt\/"],"url":"https:\/\/portaltela.pt\/por\/367410592786\/"}]}},"_links":{"self":[{"href":"https:\/\/portaltela.pt\/api\/wp\/v2\/posts\/389840","targetHints":{"allow":["GET"]}}],"collection":[{"href":"https:\/\/portaltela.pt\/api\/wp\/v2\/posts"}],"about":[{"href":"https:\/\/portaltela.pt\/api\/wp\/v2\/types\/post"}],"author":[{"embeddable":true,"href":"https:\/\/portaltela.pt\/api\/wp\/v2\/users\/2"}],"replies":[{"embeddable":true,"href":"https:\/\/portaltela.pt\/api\/wp\/v2\/comments?post=389840"}],"version-history":[{"count":0,"href":"https:\/\/portaltela.pt\/api\/wp\/v2\/posts\/389840\/revisions"}],"wp:featuredmedia":[{"embeddable":true,"href":"https:\/\/portaltela.pt\/api\/wp\/v2\/media\/389848"}],"wp:attachment":[{"href":"https:\/\/portaltela.pt\/api\/wp\/v2\/media?parent=389840"}],"wp:term":[{"taxonomy":"category","embeddable":true,"href":"https:\/\/portaltela.pt\/api\/wp\/v2\/categories?post=389840"},{"taxonomy":"post_tag","embeddable":true,"href":"https:\/\/portaltela.pt\/api\/wp\/v2\/tags?post=389840"}],"curies":[{"name":"wp","href":"https:\/\/api.w.org\/{rel}","templated":true}]}}