{"id":389777,"date":"2026-02-26T15:32:06","date_gmt":"2026-02-26T18:32:06","guid":{"rendered":"https:\/\/portaltela.pt\/noticias\/2026\/02\/26\/circuito-portugues-de-surf-inicia-se-em-abril-na-figueira-da-foz\/"},"modified":"2026-02-26T15:32:06","modified_gmt":"2026-02-26T18:32:06","slug":"circuito-portugues-de-surf-inicia-se-em-abril-na-figueira-da-foz","status":"publish","type":"post","link":"https:\/\/portaltela.pt\/desporto\/2026\/02\/26\/circuito-portugues-de-surf-inicia-se-em-abril-na-figueira-da-foz\/","title":{"rendered":"Circuito portugu\u00eas de surf inicia-se em abril na Figueira da Foz"},"content":{"rendered":"<p>O circuito portugu\u00eas de surf de 2026 mant\u00e9m a estrutura da \u00e9poca anterior, com cinco provas entre abril e novembro. A abertura ocorre na Figueira da Foz e o circuito encerra em Peniche.<\/p>\n<p>Francisco Rodrigues, presidente da Associa\u00e7\u00e3o Nacional de Surfistas (ANS), afirmou que a Liga MEO continua a ser a casa do surf nacional, reunindo os melhores atletas do pa\u00eds. A \u00e9poca foi apresentada em Ericeira, onde decorreu a confer\u00eancia de imprensa.<\/p>\n<p>A \u00e9poca come\u00e7a na Figueira da Foz, segue para o Porto no fim de abril, passa pela Ericeira no final de maio, pelos A\u00e7ores em junho e termina em Peniche no in\u00edcio de novembro. O destaque da edi\u00e7\u00e3o fica para a juventude dos finalistas do ano anterior.<\/p>\n<p>O atual campe\u00e3o nacional, Francisco Ordonhas, esteve no lan\u00e7amento e sinalizou a inten\u00e7\u00e3o de defender o t\u00edtulo e tentar entrar nas Challenger Series da Liga Mundial de Surf, sem press\u00e3o. A hexacampe\u00e3 Teresa Bonvalot n\u00e3o participou, por estar na prepara\u00e7\u00e3o para a Challenger Series na Austr\u00e1lia.<\/p>\n<p>Frederico Morais, ex-top mundial, confirmou presen\u00e7a na Liga com o objetivo de conquistar o quarto t\u00edtulo nacional. Outros atletas presentes inclu\u00edram Maria Salgado, Gabriela Dinis e Afonso Antunes, que manifestaram entusiasmo pela nova \u00e9poca. Tiago Pires elogiou a organiza\u00e7\u00e3o do circuito e destacou o papel formativo.<\/p>\n<p>Calend\u00e1rio da Liga MEO surf de 2026:<\/p>\n<p>1. Allianz Figueira Pro, Figueira da Foz, 02-04 abr<\/p>\n<p>2. ANS Porto Pro, Porto, 24-26 abr<\/p>\n<p>3. Allianz Ericeira Pro, Ribeira d&#8217;Ilhas, 22-24 mai<\/p>\n<p>4. Allianz Ribeira Grande Pro, S\u00e3o Miguel, 12-14 jun<\/p>\n<p>5. Bom Petisco Peniche Pro, Peniche, 06-08 nov<\/p>\n","protected":false},"excerpt":{"rendered":"<ul>\n<li>O circuito portugu\u00eas de surf Liga MEO Surf 2026 tem cinco provas entre abril e novembro, come\u00e7ando na Figueira da Foz e terminando em Peniche.<\/li>\n<li>O percurso passa pelo Porto, Ericeira, A\u00e7ores (S\u00e3o Miguel) e Peniche, com a quinta etapa prevista para 6 a 8 de novembro.<\/li>\n<li>O presidente da Associa\u00e7\u00e3o Nacional de Surfistas, Francisco Rodrigues, disse que a Liga \u00e9 a casa do surf portugu\u00eas e re\u00fane os melhores atletas nacionais.<\/li>\n<li>O atual campe\u00e3o nacional, Francisco Ordonhas, esteve no lan\u00e7amento e pretende revalidar o t\u00edtulo e tentar entrar nas Challenger Series da Liga Mundial de Surf; a hexacampe\u00e3 Teresa Bonvalot ausentou-se, devido \u00e0 prepara\u00e7\u00e3o para a Challenger Series na Austr\u00e1lia.<\/li>\n<li>No ano passado, o top 5 masculino e feminino foi liderado por jovens com m\u00e9dia de idade entre 21 e 22 anos, refor\u00e7ando a ideia de renova\u00e7\u00e3o no circuito.<\/li>\n<\/ul>\n","protected":false},"author":2,"featured_media":389792,"comment_status":"closed","ping_status":"closed","sticky":false,"template":"","format":"standard","meta":{"footnotes":""},"categories":[21],"tags":[822,152,2174,1417,4747,982],"class_list":["post-389777","post","type-post","status-publish","format-standard","has-post-thumbnail","hentry","category-desporto","tag-acores","tag-desporto","tag-ericeira","tag-figueira-da-foz","tag-peniche","tag-porto"],"yoast_head":"<!-- This site is optimized with the Yoast SEO plugin v27.2 - https:\/\/yoast.com\/product\/yoast-seo-wordpress\/ -->\n<title>Circuito portugu\u00eas de surf inicia-se em abril na Figueira da Foz - Portal Tela Portugal<\/title>\n<meta name=\"robots\" content=\"index, follow, max-snippet:-1, max-image-preview:large, max-video-preview:-1\" \/>\n<meta property=\"og:locale\" content=\"pt_PT\" \/>\n<meta property=\"og:type\" content=\"article\" \/>\n<meta property=\"og:title\" content=\"Circuito portugu\u00eas de surf inicia-se em abril na Figueira da Foz - Portal Tela Portugal\" \/>\n<meta property=\"og:description\" content=\"O circuito portugu\u00eas de surf Liga MEO Surf 2026 tem cinco provas entre abril e novembro, come\u00e7ando na Figueira da Foz e terminando em Peniche. O percurso passa pelo Porto, Ericeira, A\u00e7ores (S\u00e3o Miguel) e Peniche, com a quinta etapa prevista para 6 a 8 de novembro. O presidente da Associa\u00e7\u00e3o Nacional de Surfistas, Francisco Rodrigues, disse que a Liga \u00e9 a casa do surf portugu\u00eas e re\u00fane os melhores atletas nacionais. O atual campe\u00e3o nacional, Francisco Ordonhas, esteve no lan\u00e7amento e pretende revalidar o t\u00edtulo e tentar entrar nas Challenger Series da Liga Mundial de Surf; a hexacampe\u00e3 Teresa Bonvalot ausentou-se, devido \u00e0 prepara\u00e7\u00e3o para a Challenger Series na Austr\u00e1lia. No ano passado, o top 5 masculino e feminino foi liderado por jovens com m\u00e9dia de idade entre 21 e 22 anos, refor\u00e7ando a ideia de renova\u00e7\u00e3o no circuito.\" \/>\n<meta property=\"og:url\" content=\"https:\/\/portaltela.pt\/noticias\/2026\/02\/26\/circuito-portugues-de-surf-inicia-se-em-abril-na-figueira-da-foz\/\" \/>\n<meta property=\"og:site_name\" content=\"Portal Tela Portugal\" \/>\n<meta property=\"article:published_time\" content=\"2026-02-26T18:32:06+00:00\" \/>\n<meta name=\"author\" content=\"Telinha\" \/>\n<meta name=\"twitter:card\" content=\"summary_large_image\" \/>\n<meta name=\"twitter:label1\" content=\"Escrito por\" \/>\n\t<meta name=\"twitter:data1\" content=\"Telinha\" \/>\n\t<meta name=\"twitter:label2\" content=\"Tempo estimado de leitura\" \/>\n\t<meta name=\"twitter:data2\" content=\"1 minuto\" \/>\n<script type=\"application\/ld+json\" class=\"yoast-schema-graph\">{\"@context\":\"https:\/\/schema.org\",\"@graph\":[{\"@type\":\"Article\",\"@id\":\"https:\/\/portaltela.pt\/noticias\/2026\/02\/26\/circuito-portugues-de-surf-inicia-se-em-abril-na-figueira-da-foz\/#article\",\"isPartOf\":{\"@id\":\"https:\/\/portaltela.pt\/noticias\/2026\/02\/26\/circuito-portugues-de-surf-inicia-se-em-abril-na-figueira-da-foz\/\"},\"author\":{\"name\":\"Telinha\",\"@id\":\"https:\/\/portaltela.pt\/#\/schema\/person\/c4278d4a6028830caff9ee44b42d32ed\"},\"headline\":\"Circuito portugu\u00eas de surf inicia-se em abril na Figueira da Foz\",\"datePublished\":\"2026-02-26T18:32:06+00:00\",\"mainEntityOfPage\":{\"@id\":\"https:\/\/portaltela.pt\/noticias\/2026\/02\/26\/circuito-portugues-de-surf-inicia-se-em-abril-na-figueira-da-foz\/\"},\"wordCount\":289,\"image\":{\"@id\":\"https:\/\/portaltela.pt\/noticias\/2026\/02\/26\/circuito-portugues-de-surf-inicia-se-em-abril-na-figueira-da-foz\/#primaryimage\"},\"thumbnailUrl\":\"https:\/\/portaltela.pt\/s.01k8rhncp4jt1\/2026\/02\/img_920x518uu2025-10-26-23-56-05-2398656-im-638971197736603322.jpg\",\"keywords\":[\"A\u00e7ores\",\"desporto\",\"Ericeira\",\"Figueira da Foz\",\"Peniche\",\"Porto\"],\"articleSection\":[\"Desporto\"],\"inLanguage\":\"pt-PT\"},{\"@type\":\"WebPage\",\"@id\":\"https:\/\/portaltela.pt\/noticias\/2026\/02\/26\/circuito-portugues-de-surf-inicia-se-em-abril-na-figueira-da-foz\/\",\"url\":\"https:\/\/portaltela.pt\/noticias\/2026\/02\/26\/circuito-portugues-de-surf-inicia-se-em-abril-na-figueira-da-foz\/\",\"name\":\"Circuito portugu\u00eas de surf inicia-se em abril na Figueira da Foz - Portal Tela Portugal\",\"isPartOf\":{\"@id\":\"https:\/\/portaltela.pt\/#website\"},\"primaryImageOfPage\":{\"@id\":\"https:\/\/portaltela.pt\/noticias\/2026\/02\/26\/circuito-portugues-de-surf-inicia-se-em-abril-na-figueira-da-foz\/#primaryimage\"},\"image\":{\"@id\":\"https:\/\/portaltela.pt\/noticias\/2026\/02\/26\/circuito-portugues-de-surf-inicia-se-em-abril-na-figueira-da-foz\/#primaryimage\"},\"thumbnailUrl\":\"https:\/\/portaltela.pt\/s.01k8rhncp4jt1\/2026\/02\/img_920x518uu2025-10-26-23-56-05-2398656-im-638971197736603322.jpg\",\"datePublished\":\"2026-02-26T18:32:06+00:00\",\"author\":{\"@id\":\"https:\/\/portaltela.pt\/#\/schema\/person\/c4278d4a6028830caff9ee44b42d32ed\"},\"breadcrumb\":{\"@id\":\"https:\/\/portaltela.pt\/noticias\/2026\/02\/26\/circuito-portugues-de-surf-inicia-se-em-abril-na-figueira-da-foz\/#breadcrumb\"},\"inLanguage\":\"pt-PT\",\"potentialAction\":[{\"@type\":\"ReadAction\",\"target\":[\"https:\/\/portaltela.pt\/noticias\/2026\/02\/26\/circuito-portugues-de-surf-inicia-se-em-abril-na-figueira-da-foz\/\"]}]},{\"@type\":\"ImageObject\",\"inLanguage\":\"pt-PT\",\"@id\":\"https:\/\/portaltela.pt\/noticias\/2026\/02\/26\/circuito-portugues-de-surf-inicia-se-em-abril-na-figueira-da-foz\/#primaryimage\",\"url\":\"https:\/\/portaltela.pt\/s.01k8rhncp4jt1\/2026\/02\/img_920x518uu2025-10-26-23-56-05-2398656-im-638971197736603322.jpg\",\"contentUrl\":\"https:\/\/portaltela.pt\/s.01k8rhncp4jt1\/2026\/02\/img_920x518uu2025-10-26-23-56-05-2398656-im-638971197736603322.jpg\",\"width\":796,\"height\":448,\"caption\":\"Francisco Ordonhas, atual campe\u00e3o nacional de surf, esteve presente no evento de lan\u00e7amento\"},{\"@type\":\"BreadcrumbList\",\"@id\":\"https:\/\/portaltela.pt\/noticias\/2026\/02\/26\/circuito-portugues-de-surf-inicia-se-em-abril-na-figueira-da-foz\/#breadcrumb\",\"itemListElement\":[{\"@type\":\"ListItem\",\"position\":1,\"name\":\"In\u00edcio\",\"item\":\"https:\/\/portaltela.pt\/\"},{\"@type\":\"ListItem\",\"position\":2,\"name\":\"Circuito portugu\u00eas de surf inicia-se em abril na Figueira da Foz\"}]},{\"@type\":\"WebSite\",\"@id\":\"https:\/\/portaltela.pt\/#website\",\"url\":\"https:\/\/portaltela.pt\/\",\"name\":\"Portal Tela Portugal\",\"description\":\"\",\"potentialAction\":[{\"@type\":\"SearchAction\",\"target\":{\"@type\":\"EntryPoint\",\"urlTemplate\":\"https:\/\/portaltela.pt\/?s={search_term_string}\"},\"query-input\":{\"@type\":\"PropertyValueSpecification\",\"valueRequired\":true,\"valueName\":\"search_term_string\"}}],\"inLanguage\":\"pt-PT\"},{\"@type\":\"Person\",\"@id\":\"https:\/\/portaltela.pt\/#\/schema\/person\/c4278d4a6028830caff9ee44b42d32ed\",\"name\":\"Telinha\",\"image\":{\"@type\":\"ImageObject\",\"inLanguage\":\"pt-PT\",\"@id\":\"https:\/\/portaltela.pt\/s.01k8rhncp4jt1\/2025\/11\/talking-bot-125x125.png\",\"url\":\"https:\/\/portaltela.pt\/s.01k8rhncp4jt1\/2025\/11\/talking-bot-125x125.png\",\"contentUrl\":\"https:\/\/portaltela.pt\/s.01k8rhncp4jt1\/2025\/11\/talking-bot-125x125.png\",\"caption\":\"Telinha\"},\"sameAs\":[\"https:\/\/portaltela.pt\/\"],\"url\":\"https:\/\/portaltela.pt\/por\/367410592786\/\"}]}<\/script>\n<!-- \/ Yoast SEO plugin. -->","yoast_head_json":{"title":"Circuito portugu\u00eas de surf inicia-se em abril na Figueira da Foz - Portal Tela Portugal","robots":{"index":"index","follow":"follow","max-snippet":"max-snippet:-1","max-image-preview":"max-image-preview:large","max-video-preview":"max-video-preview:-1"},"og_locale":"pt_PT","og_type":"article","og_title":"Circuito portugu\u00eas de surf inicia-se em abril na Figueira da Foz - Portal Tela Portugal","og_description":"O circuito portugu\u00eas de surf Liga MEO Surf 2026 tem cinco provas entre abril e novembro, come\u00e7ando na Figueira da Foz e terminando em Peniche. O percurso passa pelo Porto, Ericeira, A\u00e7ores (S\u00e3o Miguel) e Peniche, com a quinta etapa prevista para 6 a 8 de novembro. O presidente da Associa\u00e7\u00e3o Nacional de Surfistas, Francisco Rodrigues, disse que a Liga \u00e9 a casa do surf portugu\u00eas e re\u00fane os melhores atletas nacionais. O atual campe\u00e3o nacional, Francisco Ordonhas, esteve no lan\u00e7amento e pretende revalidar o t\u00edtulo e tentar entrar nas Challenger Series da Liga Mundial de Surf; a hexacampe\u00e3 Teresa Bonvalot ausentou-se, devido \u00e0 prepara\u00e7\u00e3o para a Challenger Series na Austr\u00e1lia. No ano passado, o top 5 masculino e feminino foi liderado por jovens com m\u00e9dia de idade entre 21 e 22 anos, refor\u00e7ando a ideia de renova\u00e7\u00e3o no circuito.","og_url":"https:\/\/portaltela.pt\/noticias\/2026\/02\/26\/circuito-portugues-de-surf-inicia-se-em-abril-na-figueira-da-foz\/","og_site_name":"Portal Tela Portugal","article_published_time":"2026-02-26T18:32:06+00:00","author":"Telinha","twitter_card":"summary_large_image","twitter_misc":{"Escrito por":"Telinha","Tempo estimado de leitura":"1 minuto"},"schema":{"@context":"https:\/\/schema.org","@graph":[{"@type":"Article","@id":"https:\/\/portaltela.pt\/noticias\/2026\/02\/26\/circuito-portugues-de-surf-inicia-se-em-abril-na-figueira-da-foz\/#article","isPartOf":{"@id":"https:\/\/portaltela.pt\/noticias\/2026\/02\/26\/circuito-portugues-de-surf-inicia-se-em-abril-na-figueira-da-foz\/"},"author":{"name":"Telinha","@id":"https:\/\/portaltela.pt\/#\/schema\/person\/c4278d4a6028830caff9ee44b42d32ed"},"headline":"Circuito portugu\u00eas de surf inicia-se em abril na Figueira da Foz","datePublished":"2026-02-26T18:32:06+00:00","mainEntityOfPage":{"@id":"https:\/\/portaltela.pt\/noticias\/2026\/02\/26\/circuito-portugues-de-surf-inicia-se-em-abril-na-figueira-da-foz\/"},"wordCount":289,"image":{"@id":"https:\/\/portaltela.pt\/noticias\/2026\/02\/26\/circuito-portugues-de-surf-inicia-se-em-abril-na-figueira-da-foz\/#primaryimage"},"thumbnailUrl":"https:\/\/portaltela.pt\/s.01k8rhncp4jt1\/2026\/02\/img_920x518uu2025-10-26-23-56-05-2398656-im-638971197736603322.jpg","keywords":["A\u00e7ores","desporto","Ericeira","Figueira da Foz","Peniche","Porto"],"articleSection":["Desporto"],"inLanguage":"pt-PT"},{"@type":"WebPage","@id":"https:\/\/portaltela.pt\/noticias\/2026\/02\/26\/circuito-portugues-de-surf-inicia-se-em-abril-na-figueira-da-foz\/","url":"https:\/\/portaltela.pt\/noticias\/2026\/02\/26\/circuito-portugues-de-surf-inicia-se-em-abril-na-figueira-da-foz\/","name":"Circuito portugu\u00eas de surf inicia-se em abril na Figueira da Foz - Portal Tela Portugal","isPartOf":{"@id":"https:\/\/portaltela.pt\/#website"},"primaryImageOfPage":{"@id":"https:\/\/portaltela.pt\/noticias\/2026\/02\/26\/circuito-portugues-de-surf-inicia-se-em-abril-na-figueira-da-foz\/#primaryimage"},"image":{"@id":"https:\/\/portaltela.pt\/noticias\/2026\/02\/26\/circuito-portugues-de-surf-inicia-se-em-abril-na-figueira-da-foz\/#primaryimage"},"thumbnailUrl":"https:\/\/portaltela.pt\/s.01k8rhncp4jt1\/2026\/02\/img_920x518uu2025-10-26-23-56-05-2398656-im-638971197736603322.jpg","datePublished":"2026-02-26T18:32:06+00:00","author":{"@id":"https:\/\/portaltela.pt\/#\/schema\/person\/c4278d4a6028830caff9ee44b42d32ed"},"breadcrumb":{"@id":"https:\/\/portaltela.pt\/noticias\/2026\/02\/26\/circuito-portugues-de-surf-inicia-se-em-abril-na-figueira-da-foz\/#breadcrumb"},"inLanguage":"pt-PT","potentialAction":[{"@type":"ReadAction","target":["https:\/\/portaltela.pt\/noticias\/2026\/02\/26\/circuito-portugues-de-surf-inicia-se-em-abril-na-figueira-da-foz\/"]}]},{"@type":"ImageObject","inLanguage":"pt-PT","@id":"https:\/\/portaltela.pt\/noticias\/2026\/02\/26\/circuito-portugues-de-surf-inicia-se-em-abril-na-figueira-da-foz\/#primaryimage","url":"https:\/\/portaltela.pt\/s.01k8rhncp4jt1\/2026\/02\/img_920x518uu2025-10-26-23-56-05-2398656-im-638971197736603322.jpg","contentUrl":"https:\/\/portaltela.pt\/s.01k8rhncp4jt1\/2026\/02\/img_920x518uu2025-10-26-23-56-05-2398656-im-638971197736603322.jpg","width":796,"height":448,"caption":"Francisco Ordonhas, atual campe\u00e3o nacional de surf, esteve presente no evento de lan\u00e7amento"},{"@type":"BreadcrumbList","@id":"https:\/\/portaltela.pt\/noticias\/2026\/02\/26\/circuito-portugues-de-surf-inicia-se-em-abril-na-figueira-da-foz\/#breadcrumb","itemListElement":[{"@type":"ListItem","position":1,"name":"In\u00edcio","item":"https:\/\/portaltela.pt\/"},{"@type":"ListItem","position":2,"name":"Circuito portugu\u00eas de surf inicia-se em abril na Figueira da Foz"}]},{"@type":"WebSite","@id":"https:\/\/portaltela.pt\/#website","url":"https:\/\/portaltela.pt\/","name":"Portal Tela Portugal","description":"","potentialAction":[{"@type":"SearchAction","target":{"@type":"EntryPoint","urlTemplate":"https:\/\/portaltela.pt\/?s={search_term_string}"},"query-input":{"@type":"PropertyValueSpecification","valueRequired":true,"valueName":"search_term_string"}}],"inLanguage":"pt-PT"},{"@type":"Person","@id":"https:\/\/portaltela.pt\/#\/schema\/person\/c4278d4a6028830caff9ee44b42d32ed","name":"Telinha","image":{"@type":"ImageObject","inLanguage":"pt-PT","@id":"https:\/\/portaltela.pt\/s.01k8rhncp4jt1\/2025\/11\/talking-bot-125x125.png","url":"https:\/\/portaltela.pt\/s.01k8rhncp4jt1\/2025\/11\/talking-bot-125x125.png","contentUrl":"https:\/\/portaltela.pt\/s.01k8rhncp4jt1\/2025\/11\/talking-bot-125x125.png","caption":"Telinha"},"sameAs":["https:\/\/portaltela.pt\/"],"url":"https:\/\/portaltela.pt\/por\/367410592786\/"}]}},"_links":{"self":[{"href":"https:\/\/portaltela.pt\/api\/wp\/v2\/posts\/389777","targetHints":{"allow":["GET"]}}],"collection":[{"href":"https:\/\/portaltela.pt\/api\/wp\/v2\/posts"}],"about":[{"href":"https:\/\/portaltela.pt\/api\/wp\/v2\/types\/post"}],"author":[{"embeddable":true,"href":"https:\/\/portaltela.pt\/api\/wp\/v2\/users\/2"}],"replies":[{"embeddable":true,"href":"https:\/\/portaltela.pt\/api\/wp\/v2\/comments?post=389777"}],"version-history":[{"count":0,"href":"https:\/\/portaltela.pt\/api\/wp\/v2\/posts\/389777\/revisions"}],"wp:featuredmedia":[{"embeddable":true,"href":"https:\/\/portaltela.pt\/api\/wp\/v2\/media\/389792"}],"wp:attachment":[{"href":"https:\/\/portaltela.pt\/api\/wp\/v2\/media?parent=389777"}],"wp:term":[{"taxonomy":"category","embeddable":true,"href":"https:\/\/portaltela.pt\/api\/wp\/v2\/categories?post=389777"},{"taxonomy":"post_tag","embeddable":true,"href":"https:\/\/portaltela.pt\/api\/wp\/v2\/tags?post=389777"}],"curies":[{"name":"wp","href":"https:\/\/api.w.org\/{rel}","templated":true}]}}