{"id":389754,"date":"2026-02-26T15:12:00","date_gmt":"2026-02-26T18:12:00","guid":{"rendered":"https:\/\/portaltela.pt\/noticias\/2026\/02\/26\/pombal-junto-a-creche-em-lisboa-gera-protestos-de-pais-e-partidos\/"},"modified":"2026-02-26T15:12:00","modified_gmt":"2026-02-26T18:12:00","slug":"pombal-junto-a-creche-em-lisboa-gera-protestos-de-pais-e-partidos","status":"publish","type":"post","link":"https:\/\/portaltela.pt\/noticias\/2026\/02\/26\/pombal-junto-a-creche-em-lisboa-gera-protestos-de-pais-e-partidos\/","title":{"rendered":"Pombal junto a creche em Lisboa gera protestos de pais e partidos"},"content":{"rendered":"<p>O abrigo antigo de pombos foi demolido para abrir espa\u00e7o ao Hospital de Todos-os-Santos, e a nova localiza\u00e7\u00e3o fica em Marvila, Lisboa. Pais e partidos contestam o projeto, segundo relatos locais.<\/p>\n<p>No Centro Social Paroquial S\u00e3o Maximiliano Kolbe, no Bairro do Condado, a diretora Elsa Vicente explica que as janelas permanecem muitas vezes abertas para arejar as salas da creche, do pr\u00e9-escolar e do ATL.<\/p>\n<p>A C\u00e2mara Municipal de Lisboa afirma que a mudan\u00e7a \u00e9 necess\u00e1ria e que as preocupa\u00e7\u00f5es de sa\u00fade n\u00e3o se justificam face \u00e0 avalia\u00e7\u00e3o t\u00e9cnica apresentada.<\/p>\n<h3>Rea\u00e7\u00e3o dos pais e da oposi\u00e7\u00e3o<\/h3>\n<p>Os pais temem o aumento de doen\u00e7as entre as crian\u00e7as devido \u00e0 presen\u00e7a de pombos e pedem uma avalia\u00e7\u00e3o de riscos independente.<\/p>\n<p>Alguns partidos da oposi\u00e7\u00e3o pedem informa\u00e7\u00f5es transparentes sobre medidas de mitiga\u00e7\u00e3o e cronograma da interven\u00e7\u00e3o, para evitar impactos no funcionamento da creche.<\/p>\n","protected":false},"excerpt":{"rendered":"<ul>\n<li>A demoli\u00e7\u00e3o do antigo abrigo de pombos para abrir espa\u00e7o ao Hospital de Todos-os-Santos levou a uma nova localiza\u00e7\u00e3o em Marvila, gerando descontentamento.<\/li>\n<li>Pais e partidos protestam contra a decis\u00e3o e temem riscos para a sa\u00fade de crian\u00e7as da creche, do pr\u00e9-escolar e do ATL do Centro Social Paroquial S\u00e3o Maximiliano Kolbe.<\/li>\n<li>O centro fica no Bairro do Condado, em Marvila, onde as salas costumam ter janelas abertas para arejamento, alegadamente necess\u00e1rio para um ambiente saud\u00e1vel \u00e0s crian\u00e7as.<\/li>\n<li>Os pais t\u00eamem que a presen\u00e7a de pombos aumente doen\u00e7as entre as crian\u00e7as.<\/li>\n<li>A C\u00e2mara municipal desvaloriza as preocupa\u00e7\u00f5es apresentadas pelos pais.<\/li>\n<\/ul>\n","protected":false},"author":2,"featured_media":389773,"comment_status":"closed","ping_status":"closed","sticky":false,"template":"","format":"standard","meta":{"footnotes":""},"categories":[1],"tags":[163,64,4882,981,2857,271],"class_list":["post-389754","post","type-post","status-publish","format-standard","has-post-thumbnail","hentry","category-noticias","tag-educacao","tag-familia","tag-intervencoes","tag-lisboa","tag-protestos","tag-saude-publica"],"yoast_head":"<!-- This site is optimized with the Yoast SEO plugin v27.2 - https:\/\/yoast.com\/product\/yoast-seo-wordpress\/ -->\n<title>Pombal junto a creche em Lisboa gera protestos de pais e partidos - Portal Tela Portugal<\/title>\n<meta name=\"robots\" content=\"index, follow, max-snippet:-1, max-image-preview:large, max-video-preview:-1\" \/>\n<meta property=\"og:locale\" content=\"pt_PT\" \/>\n<meta property=\"og:type\" content=\"article\" \/>\n<meta property=\"og:title\" content=\"Pombal junto a creche em Lisboa gera protestos de pais e partidos - Portal Tela Portugal\" \/>\n<meta property=\"og:description\" content=\"A demoli\u00e7\u00e3o do antigo abrigo de pombos para abrir espa\u00e7o ao Hospital de Todos-os-Santos levou a uma nova localiza\u00e7\u00e3o em Marvila, gerando descontentamento. Pais e partidos protestam contra a decis\u00e3o e temem riscos para a sa\u00fade de crian\u00e7as da creche, do pr\u00e9-escolar e do ATL do Centro Social Paroquial S\u00e3o Maximiliano Kolbe. O centro fica no Bairro do Condado, em Marvila, onde as salas costumam ter janelas abertas para arejamento, alegadamente necess\u00e1rio para um ambiente saud\u00e1vel \u00e0s crian\u00e7as. Os pais t\u00eamem que a presen\u00e7a de pombos aumente doen\u00e7as entre as crian\u00e7as. A C\u00e2mara municipal desvaloriza as preocupa\u00e7\u00f5es apresentadas pelos pais.\" \/>\n<meta property=\"og:url\" content=\"https:\/\/portaltela.pt\/noticias\/2026\/02\/26\/pombal-junto-a-creche-em-lisboa-gera-protestos-de-pais-e-partidos\/\" \/>\n<meta property=\"og:site_name\" content=\"Portal Tela Portugal\" \/>\n<meta property=\"article:published_time\" content=\"2026-02-26T18:12:00+00:00\" \/>\n<meta name=\"author\" content=\"Telinha\" \/>\n<meta name=\"twitter:card\" content=\"summary_large_image\" \/>\n<meta name=\"twitter:label1\" content=\"Escrito por\" \/>\n\t<meta name=\"twitter:data1\" content=\"Telinha\" \/>\n\t<meta name=\"twitter:label2\" content=\"Tempo estimado de leitura\" \/>\n\t<meta name=\"twitter:data2\" content=\"1 minuto\" \/>\n<script type=\"application\/ld+json\" class=\"yoast-schema-graph\">{\"@context\":\"https:\/\/schema.org\",\"@graph\":[{\"@type\":\"Article\",\"@id\":\"https:\/\/portaltela.pt\/noticias\/2026\/02\/26\/pombal-junto-a-creche-em-lisboa-gera-protestos-de-pais-e-partidos\/#article\",\"isPartOf\":{\"@id\":\"https:\/\/portaltela.pt\/noticias\/2026\/02\/26\/pombal-junto-a-creche-em-lisboa-gera-protestos-de-pais-e-partidos\/\"},\"author\":{\"name\":\"Telinha\",\"@id\":\"https:\/\/portaltela.pt\/#\/schema\/person\/c4278d4a6028830caff9ee44b42d32ed\"},\"headline\":\"Pombal junto a creche em Lisboa gera protestos de pais e partidos\",\"datePublished\":\"2026-02-26T18:12:00+00:00\",\"mainEntityOfPage\":{\"@id\":\"https:\/\/portaltela.pt\/noticias\/2026\/02\/26\/pombal-junto-a-creche-em-lisboa-gera-protestos-de-pais-e-partidos\/\"},\"wordCount\":171,\"image\":{\"@id\":\"https:\/\/portaltela.pt\/noticias\/2026\/02\/26\/pombal-junto-a-creche-em-lisboa-gera-protestos-de-pais-e-partidos\/#primaryimage\"},\"thumbnailUrl\":\"https:\/\/portaltela.pt\/s.01k8rhncp4jt1\/2026\/02\/2070079.jpg\",\"keywords\":[\"educa\u00e7\u00e3o\",\"fam\u00edlia\",\"interven\u00e7\u00f5es\",\"Lisboa\",\"protestos\",\"sa\u00fade p\u00fablica\"],\"articleSection\":[\"Not\u00edcias\"],\"inLanguage\":\"pt-PT\"},{\"@type\":\"WebPage\",\"@id\":\"https:\/\/portaltela.pt\/noticias\/2026\/02\/26\/pombal-junto-a-creche-em-lisboa-gera-protestos-de-pais-e-partidos\/\",\"url\":\"https:\/\/portaltela.pt\/noticias\/2026\/02\/26\/pombal-junto-a-creche-em-lisboa-gera-protestos-de-pais-e-partidos\/\",\"name\":\"Pombal junto a creche em Lisboa gera protestos de pais e partidos - Portal Tela Portugal\",\"isPartOf\":{\"@id\":\"https:\/\/portaltela.pt\/#website\"},\"primaryImageOfPage\":{\"@id\":\"https:\/\/portaltela.pt\/noticias\/2026\/02\/26\/pombal-junto-a-creche-em-lisboa-gera-protestos-de-pais-e-partidos\/#primaryimage\"},\"image\":{\"@id\":\"https:\/\/portaltela.pt\/noticias\/2026\/02\/26\/pombal-junto-a-creche-em-lisboa-gera-protestos-de-pais-e-partidos\/#primaryimage\"},\"thumbnailUrl\":\"https:\/\/portaltela.pt\/s.01k8rhncp4jt1\/2026\/02\/2070079.jpg\",\"datePublished\":\"2026-02-26T18:12:00+00:00\",\"author\":{\"@id\":\"https:\/\/portaltela.pt\/#\/schema\/person\/c4278d4a6028830caff9ee44b42d32ed\"},\"breadcrumb\":{\"@id\":\"https:\/\/portaltela.pt\/noticias\/2026\/02\/26\/pombal-junto-a-creche-em-lisboa-gera-protestos-de-pais-e-partidos\/#breadcrumb\"},\"inLanguage\":\"pt-PT\",\"potentialAction\":[{\"@type\":\"ReadAction\",\"target\":[\"https:\/\/portaltela.pt\/noticias\/2026\/02\/26\/pombal-junto-a-creche-em-lisboa-gera-protestos-de-pais-e-partidos\/\"]}]},{\"@type\":\"ImageObject\",\"inLanguage\":\"pt-PT\",\"@id\":\"https:\/\/portaltela.pt\/noticias\/2026\/02\/26\/pombal-junto-a-creche-em-lisboa-gera-protestos-de-pais-e-partidos\/#primaryimage\",\"url\":\"https:\/\/portaltela.pt\/s.01k8rhncp4jt1\/2026\/02\/2070079.jpg\",\"contentUrl\":\"https:\/\/portaltela.pt\/s.01k8rhncp4jt1\/2026\/02\/2070079.jpg\",\"width\":796,\"height\":448,\"caption\":\"Pais das crian\u00e7as e funcion\u00e1rios do centro temem que com os pombos haja aumento de doen\u00e7as\"},{\"@type\":\"BreadcrumbList\",\"@id\":\"https:\/\/portaltela.pt\/noticias\/2026\/02\/26\/pombal-junto-a-creche-em-lisboa-gera-protestos-de-pais-e-partidos\/#breadcrumb\",\"itemListElement\":[{\"@type\":\"ListItem\",\"position\":1,\"name\":\"In\u00edcio\",\"item\":\"https:\/\/portaltela.pt\/\"},{\"@type\":\"ListItem\",\"position\":2,\"name\":\"Pombal junto a creche em Lisboa gera protestos de pais e partidos\"}]},{\"@type\":\"WebSite\",\"@id\":\"https:\/\/portaltela.pt\/#website\",\"url\":\"https:\/\/portaltela.pt\/\",\"name\":\"Portal Tela Portugal\",\"description\":\"\",\"potentialAction\":[{\"@type\":\"SearchAction\",\"target\":{\"@type\":\"EntryPoint\",\"urlTemplate\":\"https:\/\/portaltela.pt\/?s={search_term_string}\"},\"query-input\":{\"@type\":\"PropertyValueSpecification\",\"valueRequired\":true,\"valueName\":\"search_term_string\"}}],\"inLanguage\":\"pt-PT\"},{\"@type\":\"Person\",\"@id\":\"https:\/\/portaltela.pt\/#\/schema\/person\/c4278d4a6028830caff9ee44b42d32ed\",\"name\":\"Telinha\",\"image\":{\"@type\":\"ImageObject\",\"inLanguage\":\"pt-PT\",\"@id\":\"https:\/\/portaltela.pt\/s.01k8rhncp4jt1\/2025\/11\/talking-bot-125x125.png\",\"url\":\"https:\/\/portaltela.pt\/s.01k8rhncp4jt1\/2025\/11\/talking-bot-125x125.png\",\"contentUrl\":\"https:\/\/portaltela.pt\/s.01k8rhncp4jt1\/2025\/11\/talking-bot-125x125.png\",\"caption\":\"Telinha\"},\"sameAs\":[\"https:\/\/portaltela.pt\/\"],\"url\":\"https:\/\/portaltela.pt\/por\/367410592786\/\"}]}<\/script>\n<!-- \/ Yoast SEO plugin. -->","yoast_head_json":{"title":"Pombal junto a creche em Lisboa gera protestos de pais e partidos - Portal Tela Portugal","robots":{"index":"index","follow":"follow","max-snippet":"max-snippet:-1","max-image-preview":"max-image-preview:large","max-video-preview":"max-video-preview:-1"},"og_locale":"pt_PT","og_type":"article","og_title":"Pombal junto a creche em Lisboa gera protestos de pais e partidos - Portal Tela Portugal","og_description":"A demoli\u00e7\u00e3o do antigo abrigo de pombos para abrir espa\u00e7o ao Hospital de Todos-os-Santos levou a uma nova localiza\u00e7\u00e3o em Marvila, gerando descontentamento. Pais e partidos protestam contra a decis\u00e3o e temem riscos para a sa\u00fade de crian\u00e7as da creche, do pr\u00e9-escolar e do ATL do Centro Social Paroquial S\u00e3o Maximiliano Kolbe. O centro fica no Bairro do Condado, em Marvila, onde as salas costumam ter janelas abertas para arejamento, alegadamente necess\u00e1rio para um ambiente saud\u00e1vel \u00e0s crian\u00e7as. Os pais t\u00eamem que a presen\u00e7a de pombos aumente doen\u00e7as entre as crian\u00e7as. A C\u00e2mara municipal desvaloriza as preocupa\u00e7\u00f5es apresentadas pelos pais.","og_url":"https:\/\/portaltela.pt\/noticias\/2026\/02\/26\/pombal-junto-a-creche-em-lisboa-gera-protestos-de-pais-e-partidos\/","og_site_name":"Portal Tela Portugal","article_published_time":"2026-02-26T18:12:00+00:00","author":"Telinha","twitter_card":"summary_large_image","twitter_misc":{"Escrito por":"Telinha","Tempo estimado de leitura":"1 minuto"},"schema":{"@context":"https:\/\/schema.org","@graph":[{"@type":"Article","@id":"https:\/\/portaltela.pt\/noticias\/2026\/02\/26\/pombal-junto-a-creche-em-lisboa-gera-protestos-de-pais-e-partidos\/#article","isPartOf":{"@id":"https:\/\/portaltela.pt\/noticias\/2026\/02\/26\/pombal-junto-a-creche-em-lisboa-gera-protestos-de-pais-e-partidos\/"},"author":{"name":"Telinha","@id":"https:\/\/portaltela.pt\/#\/schema\/person\/c4278d4a6028830caff9ee44b42d32ed"},"headline":"Pombal junto a creche em Lisboa gera protestos de pais e partidos","datePublished":"2026-02-26T18:12:00+00:00","mainEntityOfPage":{"@id":"https:\/\/portaltela.pt\/noticias\/2026\/02\/26\/pombal-junto-a-creche-em-lisboa-gera-protestos-de-pais-e-partidos\/"},"wordCount":171,"image":{"@id":"https:\/\/portaltela.pt\/noticias\/2026\/02\/26\/pombal-junto-a-creche-em-lisboa-gera-protestos-de-pais-e-partidos\/#primaryimage"},"thumbnailUrl":"https:\/\/portaltela.pt\/s.01k8rhncp4jt1\/2026\/02\/2070079.jpg","keywords":["educa\u00e7\u00e3o","fam\u00edlia","interven\u00e7\u00f5es","Lisboa","protestos","sa\u00fade p\u00fablica"],"articleSection":["Not\u00edcias"],"inLanguage":"pt-PT"},{"@type":"WebPage","@id":"https:\/\/portaltela.pt\/noticias\/2026\/02\/26\/pombal-junto-a-creche-em-lisboa-gera-protestos-de-pais-e-partidos\/","url":"https:\/\/portaltela.pt\/noticias\/2026\/02\/26\/pombal-junto-a-creche-em-lisboa-gera-protestos-de-pais-e-partidos\/","name":"Pombal junto a creche em Lisboa gera protestos de pais e partidos - Portal Tela Portugal","isPartOf":{"@id":"https:\/\/portaltela.pt\/#website"},"primaryImageOfPage":{"@id":"https:\/\/portaltela.pt\/noticias\/2026\/02\/26\/pombal-junto-a-creche-em-lisboa-gera-protestos-de-pais-e-partidos\/#primaryimage"},"image":{"@id":"https:\/\/portaltela.pt\/noticias\/2026\/02\/26\/pombal-junto-a-creche-em-lisboa-gera-protestos-de-pais-e-partidos\/#primaryimage"},"thumbnailUrl":"https:\/\/portaltela.pt\/s.01k8rhncp4jt1\/2026\/02\/2070079.jpg","datePublished":"2026-02-26T18:12:00+00:00","author":{"@id":"https:\/\/portaltela.pt\/#\/schema\/person\/c4278d4a6028830caff9ee44b42d32ed"},"breadcrumb":{"@id":"https:\/\/portaltela.pt\/noticias\/2026\/02\/26\/pombal-junto-a-creche-em-lisboa-gera-protestos-de-pais-e-partidos\/#breadcrumb"},"inLanguage":"pt-PT","potentialAction":[{"@type":"ReadAction","target":["https:\/\/portaltela.pt\/noticias\/2026\/02\/26\/pombal-junto-a-creche-em-lisboa-gera-protestos-de-pais-e-partidos\/"]}]},{"@type":"ImageObject","inLanguage":"pt-PT","@id":"https:\/\/portaltela.pt\/noticias\/2026\/02\/26\/pombal-junto-a-creche-em-lisboa-gera-protestos-de-pais-e-partidos\/#primaryimage","url":"https:\/\/portaltela.pt\/s.01k8rhncp4jt1\/2026\/02\/2070079.jpg","contentUrl":"https:\/\/portaltela.pt\/s.01k8rhncp4jt1\/2026\/02\/2070079.jpg","width":796,"height":448,"caption":"Pais das crian\u00e7as e funcion\u00e1rios do centro temem que com os pombos haja aumento de doen\u00e7as"},{"@type":"BreadcrumbList","@id":"https:\/\/portaltela.pt\/noticias\/2026\/02\/26\/pombal-junto-a-creche-em-lisboa-gera-protestos-de-pais-e-partidos\/#breadcrumb","itemListElement":[{"@type":"ListItem","position":1,"name":"In\u00edcio","item":"https:\/\/portaltela.pt\/"},{"@type":"ListItem","position":2,"name":"Pombal junto a creche em Lisboa gera protestos de pais e partidos"}]},{"@type":"WebSite","@id":"https:\/\/portaltela.pt\/#website","url":"https:\/\/portaltela.pt\/","name":"Portal Tela Portugal","description":"","potentialAction":[{"@type":"SearchAction","target":{"@type":"EntryPoint","urlTemplate":"https:\/\/portaltela.pt\/?s={search_term_string}"},"query-input":{"@type":"PropertyValueSpecification","valueRequired":true,"valueName":"search_term_string"}}],"inLanguage":"pt-PT"},{"@type":"Person","@id":"https:\/\/portaltela.pt\/#\/schema\/person\/c4278d4a6028830caff9ee44b42d32ed","name":"Telinha","image":{"@type":"ImageObject","inLanguage":"pt-PT","@id":"https:\/\/portaltela.pt\/s.01k8rhncp4jt1\/2025\/11\/talking-bot-125x125.png","url":"https:\/\/portaltela.pt\/s.01k8rhncp4jt1\/2025\/11\/talking-bot-125x125.png","contentUrl":"https:\/\/portaltela.pt\/s.01k8rhncp4jt1\/2025\/11\/talking-bot-125x125.png","caption":"Telinha"},"sameAs":["https:\/\/portaltela.pt\/"],"url":"https:\/\/portaltela.pt\/por\/367410592786\/"}]}},"_links":{"self":[{"href":"https:\/\/portaltela.pt\/api\/wp\/v2\/posts\/389754","targetHints":{"allow":["GET"]}}],"collection":[{"href":"https:\/\/portaltela.pt\/api\/wp\/v2\/posts"}],"about":[{"href":"https:\/\/portaltela.pt\/api\/wp\/v2\/types\/post"}],"author":[{"embeddable":true,"href":"https:\/\/portaltela.pt\/api\/wp\/v2\/users\/2"}],"replies":[{"embeddable":true,"href":"https:\/\/portaltela.pt\/api\/wp\/v2\/comments?post=389754"}],"version-history":[{"count":0,"href":"https:\/\/portaltela.pt\/api\/wp\/v2\/posts\/389754\/revisions"}],"wp:featuredmedia":[{"embeddable":true,"href":"https:\/\/portaltela.pt\/api\/wp\/v2\/media\/389773"}],"wp:attachment":[{"href":"https:\/\/portaltela.pt\/api\/wp\/v2\/media?parent=389754"}],"wp:term":[{"taxonomy":"category","embeddable":true,"href":"https:\/\/portaltela.pt\/api\/wp\/v2\/categories?post=389754"},{"taxonomy":"post_tag","embeddable":true,"href":"https:\/\/portaltela.pt\/api\/wp\/v2\/tags?post=389754"}],"curies":[{"name":"wp","href":"https:\/\/api.w.org\/{rel}","templated":true}]}}