{"id":389714,"date":"2026-02-26T15:14:00","date_gmt":"2026-02-26T18:14:00","guid":{"rendered":"https:\/\/portaltela.pt\/noticias\/2026\/02\/26\/diribe-welteji-suspensa-por-dois-anos-por-doping\/"},"modified":"2026-02-26T15:14:00","modified_gmt":"2026-02-26T18:14:00","slug":"diribe-welteji-suspensa-por-dois-anos-por-doping","status":"publish","type":"post","link":"https:\/\/portaltela.pt\/desporto\/2026\/02\/26\/diribe-welteji-suspensa-por-dois-anos-por-doping\/","title":{"rendered":"Diribe Welteji suspensa por dois anos por doping"},"content":{"rendered":"<p>A atleta et\u00edope Diribe Welteji foi suspensa por dois anos ap\u00f3s violar as regras antidoping, anunciou o Tribunal Arbitral do Desporto (TAS). A san\u00e7\u00e3o tem in\u00edcio a 8 de julho de 2025, com cr\u00e9dito pelo per\u00edodo de suspens\u00e3o provis\u00f3ria j\u00e1 cumprido.<\/p>\n<p>Welteji, vice-campe\u00e3 mundial dos 1.500 metros em 2023, fica impedida de competir at\u00e9 junho de 2027. Anula\u00e7\u00f5es incluem todos os resultados desde 25 de fevereiro de 2025, entre eles a medalha de prata conquistada nos Mundiais de Nanjing, em 2025.<\/p>\n<p>A AIU da World Athletics respondeu com a requisi\u00e7\u00e3o de suspens\u00e3o de quatro anos, que o TAS limitou parcialmente \u00e0 supervis\u00e3o atual. A institui\u00e7\u00e3o portuguesa reconhece uma falha at\u00edpica e n\u00e3o intencional, associada ao hist\u00f3rico de cumprimento de normas pela atleta.<\/p>\n<p>A decis\u00e3o do TAS, tomada em Lausana, Su\u00ed\u00e7a, tamb\u00e9m aponta que houve neglig\u00eancia por parte de Welteji, ainda que haja barreiras lingu\u00edsticas. Welteji n\u00e3o compete desde julho de 2025, quando, em Eugene, EUA, estabeleceu-se o seu recorde pessoal que mais tarde foi revisto.<\/p>\n","protected":false},"excerpt":{"rendered":"<ul>\n<li>Diribe Welteji ficou suspensa por dois anos por viola\u00e7\u00e3o das regras antidopagem, a partir de 8 de julho de 2025, com cr\u00e9dito pelo per\u00edodo de suspens\u00e3o provis\u00f3ria j\u00e1 cumprido.<\/li>\n<li>O TAS anulou todos os resultados alcan\u00e7ados desde 25 de fevereiro de 2025, incluindo a prata nos Mundiais de pista curta em Nanjing.<\/li>\n<li>A atleta et\u00edope tinha sido suspensa provisoriamente em setembro do ano passado, devido a um controlo ant\u00eddoping fora do per\u00edodo competitivo, pedido pela Unidade de Integridade do Atletismo.<\/li>\n<li>O TAS reconheceu uma falha at\u00edpica e n\u00e3o intencional, mas considerou a neglig\u00eancia incompat\u00edvel com o seu calibre, citando barreiras lingu\u00edsticas.<\/li>\n<li>Welteji, que ficou em quarto nos Jogos Ol\u00edmpicos de Paris, n\u00e3o compete desde julho de 2025, quando um meeting em Eugene viu o seu recorde pessoal ser ajustado.<\/li>\n<\/ul>\n","protected":false},"author":2,"featured_media":389723,"comment_status":"closed","ping_status":"closed","sticky":false,"template":"","format":"standard","meta":{"footnotes":""},"categories":[21],"tags":[137,152,2830,1242,3775,1825],"class_list":["post-389714","post","type-post","status-publish","format-standard","has-post-thumbnail","hentry","category-desporto","tag-atletismo","tag-desporto","tag-etiopia","tag-feminino","tag-fraudes","tag-violacao"],"yoast_head":"<!-- This site is optimized with the Yoast SEO plugin v27.2 - https:\/\/yoast.com\/product\/yoast-seo-wordpress\/ -->\n<title>Diribe Welteji suspensa por dois anos por doping - Portal Tela Portugal<\/title>\n<meta name=\"robots\" content=\"index, follow, max-snippet:-1, max-image-preview:large, max-video-preview:-1\" \/>\n<meta property=\"og:locale\" content=\"pt_PT\" \/>\n<meta property=\"og:type\" content=\"article\" \/>\n<meta property=\"og:title\" content=\"Diribe Welteji suspensa por dois anos por doping - Portal Tela Portugal\" \/>\n<meta property=\"og:description\" content=\"Diribe Welteji ficou suspensa por dois anos por viola\u00e7\u00e3o das regras antidopagem, a partir de 8 de julho de 2025, com cr\u00e9dito pelo per\u00edodo de suspens\u00e3o provis\u00f3ria j\u00e1 cumprido. O TAS anulou todos os resultados alcan\u00e7ados desde 25 de fevereiro de 2025, incluindo a prata nos Mundiais de pista curta em Nanjing. A atleta et\u00edope tinha sido suspensa provisoriamente em setembro do ano passado, devido a um controlo ant\u00eddoping fora do per\u00edodo competitivo, pedido pela Unidade de Integridade do Atletismo. O TAS reconheceu uma falha at\u00edpica e n\u00e3o intencional, mas considerou a neglig\u00eancia incompat\u00edvel com o seu calibre, citando barreiras lingu\u00edsticas. Welteji, que ficou em quarto nos Jogos Ol\u00edmpicos de Paris, n\u00e3o compete desde julho de 2025, quando um meeting em Eugene viu o seu recorde pessoal ser ajustado.\" \/>\n<meta property=\"og:url\" content=\"https:\/\/portaltela.pt\/noticias\/2026\/02\/26\/diribe-welteji-suspensa-por-dois-anos-por-doping\/\" \/>\n<meta property=\"og:site_name\" content=\"Portal Tela Portugal\" \/>\n<meta property=\"article:published_time\" content=\"2026-02-26T18:14:00+00:00\" \/>\n<meta name=\"author\" content=\"Telinha\" \/>\n<meta name=\"twitter:card\" content=\"summary_large_image\" \/>\n<meta name=\"twitter:label1\" content=\"Escrito por\" \/>\n\t<meta name=\"twitter:data1\" content=\"Telinha\" \/>\n\t<meta name=\"twitter:label2\" content=\"Tempo estimado de leitura\" \/>\n\t<meta name=\"twitter:data2\" content=\"1 minuto\" \/>\n<script type=\"application\/ld+json\" class=\"yoast-schema-graph\">{\"@context\":\"https:\/\/schema.org\",\"@graph\":[{\"@type\":\"Article\",\"@id\":\"https:\/\/portaltela.pt\/noticias\/2026\/02\/26\/diribe-welteji-suspensa-por-dois-anos-por-doping\/#article\",\"isPartOf\":{\"@id\":\"https:\/\/portaltela.pt\/noticias\/2026\/02\/26\/diribe-welteji-suspensa-por-dois-anos-por-doping\/\"},\"author\":{\"name\":\"Telinha\",\"@id\":\"https:\/\/portaltela.pt\/#\/schema\/person\/c4278d4a6028830caff9ee44b42d32ed\"},\"headline\":\"Diribe Welteji suspensa por dois anos por doping\",\"datePublished\":\"2026-02-26T18:14:00+00:00\",\"mainEntityOfPage\":{\"@id\":\"https:\/\/portaltela.pt\/noticias\/2026\/02\/26\/diribe-welteji-suspensa-por-dois-anos-por-doping\/\"},\"wordCount\":185,\"image\":{\"@id\":\"https:\/\/portaltela.pt\/noticias\/2026\/02\/26\/diribe-welteji-suspensa-por-dois-anos-por-doping\/#primaryimage\"},\"thumbnailUrl\":\"https:\/\/portaltela.pt\/s.01k8rhncp4jt1\/2026\/02\/img_920x518uu2026-02-26-18-14-18-2423836.jpg\",\"keywords\":[\"atletismo\",\"desporto\",\"Eti\u00f3pia\",\"feminino\",\"fraudes\",\"viola\u00e7\u00e3o\"],\"articleSection\":[\"Desporto\"],\"inLanguage\":\"pt-PT\"},{\"@type\":\"WebPage\",\"@id\":\"https:\/\/portaltela.pt\/noticias\/2026\/02\/26\/diribe-welteji-suspensa-por-dois-anos-por-doping\/\",\"url\":\"https:\/\/portaltela.pt\/noticias\/2026\/02\/26\/diribe-welteji-suspensa-por-dois-anos-por-doping\/\",\"name\":\"Diribe Welteji suspensa por dois anos por doping - Portal Tela Portugal\",\"isPartOf\":{\"@id\":\"https:\/\/portaltela.pt\/#website\"},\"primaryImageOfPage\":{\"@id\":\"https:\/\/portaltela.pt\/noticias\/2026\/02\/26\/diribe-welteji-suspensa-por-dois-anos-por-doping\/#primaryimage\"},\"image\":{\"@id\":\"https:\/\/portaltela.pt\/noticias\/2026\/02\/26\/diribe-welteji-suspensa-por-dois-anos-por-doping\/#primaryimage\"},\"thumbnailUrl\":\"https:\/\/portaltela.pt\/s.01k8rhncp4jt1\/2026\/02\/img_920x518uu2026-02-26-18-14-18-2423836.jpg\",\"datePublished\":\"2026-02-26T18:14:00+00:00\",\"author\":{\"@id\":\"https:\/\/portaltela.pt\/#\/schema\/person\/c4278d4a6028830caff9ee44b42d32ed\"},\"breadcrumb\":{\"@id\":\"https:\/\/portaltela.pt\/noticias\/2026\/02\/26\/diribe-welteji-suspensa-por-dois-anos-por-doping\/#breadcrumb\"},\"inLanguage\":\"pt-PT\",\"potentialAction\":[{\"@type\":\"ReadAction\",\"target\":[\"https:\/\/portaltela.pt\/noticias\/2026\/02\/26\/diribe-welteji-suspensa-por-dois-anos-por-doping\/\"]}]},{\"@type\":\"ImageObject\",\"inLanguage\":\"pt-PT\",\"@id\":\"https:\/\/portaltela.pt\/noticias\/2026\/02\/26\/diribe-welteji-suspensa-por-dois-anos-por-doping\/#primaryimage\",\"url\":\"https:\/\/portaltela.pt\/s.01k8rhncp4jt1\/2026\/02\/img_920x518uu2026-02-26-18-14-18-2423836.jpg\",\"contentUrl\":\"https:\/\/portaltela.pt\/s.01k8rhncp4jt1\/2026\/02\/img_920x518uu2026-02-26-18-14-18-2423836.jpg\",\"width\":796,\"height\":448,\"caption\":\"Diribe Welteji\"},{\"@type\":\"BreadcrumbList\",\"@id\":\"https:\/\/portaltela.pt\/noticias\/2026\/02\/26\/diribe-welteji-suspensa-por-dois-anos-por-doping\/#breadcrumb\",\"itemListElement\":[{\"@type\":\"ListItem\",\"position\":1,\"name\":\"In\u00edcio\",\"item\":\"https:\/\/portaltela.pt\/\"},{\"@type\":\"ListItem\",\"position\":2,\"name\":\"Diribe Welteji suspensa por dois anos por doping\"}]},{\"@type\":\"WebSite\",\"@id\":\"https:\/\/portaltela.pt\/#website\",\"url\":\"https:\/\/portaltela.pt\/\",\"name\":\"Portal Tela Portugal\",\"description\":\"\",\"potentialAction\":[{\"@type\":\"SearchAction\",\"target\":{\"@type\":\"EntryPoint\",\"urlTemplate\":\"https:\/\/portaltela.pt\/?s={search_term_string}\"},\"query-input\":{\"@type\":\"PropertyValueSpecification\",\"valueRequired\":true,\"valueName\":\"search_term_string\"}}],\"inLanguage\":\"pt-PT\"},{\"@type\":\"Person\",\"@id\":\"https:\/\/portaltela.pt\/#\/schema\/person\/c4278d4a6028830caff9ee44b42d32ed\",\"name\":\"Telinha\",\"image\":{\"@type\":\"ImageObject\",\"inLanguage\":\"pt-PT\",\"@id\":\"https:\/\/portaltela.pt\/s.01k8rhncp4jt1\/2025\/11\/talking-bot-125x125.png\",\"url\":\"https:\/\/portaltela.pt\/s.01k8rhncp4jt1\/2025\/11\/talking-bot-125x125.png\",\"contentUrl\":\"https:\/\/portaltela.pt\/s.01k8rhncp4jt1\/2025\/11\/talking-bot-125x125.png\",\"caption\":\"Telinha\"},\"sameAs\":[\"https:\/\/portaltela.pt\/\"],\"url\":\"https:\/\/portaltela.pt\/por\/367410592786\/\"}]}<\/script>\n<!-- \/ Yoast SEO plugin. -->","yoast_head_json":{"title":"Diribe Welteji suspensa por dois anos por doping - Portal Tela Portugal","robots":{"index":"index","follow":"follow","max-snippet":"max-snippet:-1","max-image-preview":"max-image-preview:large","max-video-preview":"max-video-preview:-1"},"og_locale":"pt_PT","og_type":"article","og_title":"Diribe Welteji suspensa por dois anos por doping - Portal Tela Portugal","og_description":"Diribe Welteji ficou suspensa por dois anos por viola\u00e7\u00e3o das regras antidopagem, a partir de 8 de julho de 2025, com cr\u00e9dito pelo per\u00edodo de suspens\u00e3o provis\u00f3ria j\u00e1 cumprido. O TAS anulou todos os resultados alcan\u00e7ados desde 25 de fevereiro de 2025, incluindo a prata nos Mundiais de pista curta em Nanjing. A atleta et\u00edope tinha sido suspensa provisoriamente em setembro do ano passado, devido a um controlo ant\u00eddoping fora do per\u00edodo competitivo, pedido pela Unidade de Integridade do Atletismo. O TAS reconheceu uma falha at\u00edpica e n\u00e3o intencional, mas considerou a neglig\u00eancia incompat\u00edvel com o seu calibre, citando barreiras lingu\u00edsticas. Welteji, que ficou em quarto nos Jogos Ol\u00edmpicos de Paris, n\u00e3o compete desde julho de 2025, quando um meeting em Eugene viu o seu recorde pessoal ser ajustado.","og_url":"https:\/\/portaltela.pt\/noticias\/2026\/02\/26\/diribe-welteji-suspensa-por-dois-anos-por-doping\/","og_site_name":"Portal Tela Portugal","article_published_time":"2026-02-26T18:14:00+00:00","author":"Telinha","twitter_card":"summary_large_image","twitter_misc":{"Escrito por":"Telinha","Tempo estimado de leitura":"1 minuto"},"schema":{"@context":"https:\/\/schema.org","@graph":[{"@type":"Article","@id":"https:\/\/portaltela.pt\/noticias\/2026\/02\/26\/diribe-welteji-suspensa-por-dois-anos-por-doping\/#article","isPartOf":{"@id":"https:\/\/portaltela.pt\/noticias\/2026\/02\/26\/diribe-welteji-suspensa-por-dois-anos-por-doping\/"},"author":{"name":"Telinha","@id":"https:\/\/portaltela.pt\/#\/schema\/person\/c4278d4a6028830caff9ee44b42d32ed"},"headline":"Diribe Welteji suspensa por dois anos por doping","datePublished":"2026-02-26T18:14:00+00:00","mainEntityOfPage":{"@id":"https:\/\/portaltela.pt\/noticias\/2026\/02\/26\/diribe-welteji-suspensa-por-dois-anos-por-doping\/"},"wordCount":185,"image":{"@id":"https:\/\/portaltela.pt\/noticias\/2026\/02\/26\/diribe-welteji-suspensa-por-dois-anos-por-doping\/#primaryimage"},"thumbnailUrl":"https:\/\/portaltela.pt\/s.01k8rhncp4jt1\/2026\/02\/img_920x518uu2026-02-26-18-14-18-2423836.jpg","keywords":["atletismo","desporto","Eti\u00f3pia","feminino","fraudes","viola\u00e7\u00e3o"],"articleSection":["Desporto"],"inLanguage":"pt-PT"},{"@type":"WebPage","@id":"https:\/\/portaltela.pt\/noticias\/2026\/02\/26\/diribe-welteji-suspensa-por-dois-anos-por-doping\/","url":"https:\/\/portaltela.pt\/noticias\/2026\/02\/26\/diribe-welteji-suspensa-por-dois-anos-por-doping\/","name":"Diribe Welteji suspensa por dois anos por doping - Portal Tela Portugal","isPartOf":{"@id":"https:\/\/portaltela.pt\/#website"},"primaryImageOfPage":{"@id":"https:\/\/portaltela.pt\/noticias\/2026\/02\/26\/diribe-welteji-suspensa-por-dois-anos-por-doping\/#primaryimage"},"image":{"@id":"https:\/\/portaltela.pt\/noticias\/2026\/02\/26\/diribe-welteji-suspensa-por-dois-anos-por-doping\/#primaryimage"},"thumbnailUrl":"https:\/\/portaltela.pt\/s.01k8rhncp4jt1\/2026\/02\/img_920x518uu2026-02-26-18-14-18-2423836.jpg","datePublished":"2026-02-26T18:14:00+00:00","author":{"@id":"https:\/\/portaltela.pt\/#\/schema\/person\/c4278d4a6028830caff9ee44b42d32ed"},"breadcrumb":{"@id":"https:\/\/portaltela.pt\/noticias\/2026\/02\/26\/diribe-welteji-suspensa-por-dois-anos-por-doping\/#breadcrumb"},"inLanguage":"pt-PT","potentialAction":[{"@type":"ReadAction","target":["https:\/\/portaltela.pt\/noticias\/2026\/02\/26\/diribe-welteji-suspensa-por-dois-anos-por-doping\/"]}]},{"@type":"ImageObject","inLanguage":"pt-PT","@id":"https:\/\/portaltela.pt\/noticias\/2026\/02\/26\/diribe-welteji-suspensa-por-dois-anos-por-doping\/#primaryimage","url":"https:\/\/portaltela.pt\/s.01k8rhncp4jt1\/2026\/02\/img_920x518uu2026-02-26-18-14-18-2423836.jpg","contentUrl":"https:\/\/portaltela.pt\/s.01k8rhncp4jt1\/2026\/02\/img_920x518uu2026-02-26-18-14-18-2423836.jpg","width":796,"height":448,"caption":"Diribe Welteji"},{"@type":"BreadcrumbList","@id":"https:\/\/portaltela.pt\/noticias\/2026\/02\/26\/diribe-welteji-suspensa-por-dois-anos-por-doping\/#breadcrumb","itemListElement":[{"@type":"ListItem","position":1,"name":"In\u00edcio","item":"https:\/\/portaltela.pt\/"},{"@type":"ListItem","position":2,"name":"Diribe Welteji suspensa por dois anos por doping"}]},{"@type":"WebSite","@id":"https:\/\/portaltela.pt\/#website","url":"https:\/\/portaltela.pt\/","name":"Portal Tela Portugal","description":"","potentialAction":[{"@type":"SearchAction","target":{"@type":"EntryPoint","urlTemplate":"https:\/\/portaltela.pt\/?s={search_term_string}"},"query-input":{"@type":"PropertyValueSpecification","valueRequired":true,"valueName":"search_term_string"}}],"inLanguage":"pt-PT"},{"@type":"Person","@id":"https:\/\/portaltela.pt\/#\/schema\/person\/c4278d4a6028830caff9ee44b42d32ed","name":"Telinha","image":{"@type":"ImageObject","inLanguage":"pt-PT","@id":"https:\/\/portaltela.pt\/s.01k8rhncp4jt1\/2025\/11\/talking-bot-125x125.png","url":"https:\/\/portaltela.pt\/s.01k8rhncp4jt1\/2025\/11\/talking-bot-125x125.png","contentUrl":"https:\/\/portaltela.pt\/s.01k8rhncp4jt1\/2025\/11\/talking-bot-125x125.png","caption":"Telinha"},"sameAs":["https:\/\/portaltela.pt\/"],"url":"https:\/\/portaltela.pt\/por\/367410592786\/"}]}},"_links":{"self":[{"href":"https:\/\/portaltela.pt\/api\/wp\/v2\/posts\/389714","targetHints":{"allow":["GET"]}}],"collection":[{"href":"https:\/\/portaltela.pt\/api\/wp\/v2\/posts"}],"about":[{"href":"https:\/\/portaltela.pt\/api\/wp\/v2\/types\/post"}],"author":[{"embeddable":true,"href":"https:\/\/portaltela.pt\/api\/wp\/v2\/users\/2"}],"replies":[{"embeddable":true,"href":"https:\/\/portaltela.pt\/api\/wp\/v2\/comments?post=389714"}],"version-history":[{"count":0,"href":"https:\/\/portaltela.pt\/api\/wp\/v2\/posts\/389714\/revisions"}],"wp:featuredmedia":[{"embeddable":true,"href":"https:\/\/portaltela.pt\/api\/wp\/v2\/media\/389723"}],"wp:attachment":[{"href":"https:\/\/portaltela.pt\/api\/wp\/v2\/media?parent=389714"}],"wp:term":[{"taxonomy":"category","embeddable":true,"href":"https:\/\/portaltela.pt\/api\/wp\/v2\/categories?post=389714"},{"taxonomy":"post_tag","embeddable":true,"href":"https:\/\/portaltela.pt\/api\/wp\/v2\/tags?post=389714"}],"curies":[{"name":"wp","href":"https:\/\/api.w.org\/{rel}","templated":true}]}}