{"id":389709,"date":"2026-02-26T15:09:00","date_gmt":"2026-02-26T18:09:00","guid":{"rendered":"https:\/\/portaltela.pt\/noticias\/2026\/02\/26\/policia-detem-jovem-de-17-anos-suspeito-de-esfaquear-no-porto\/"},"modified":"2026-02-26T15:09:00","modified_gmt":"2026-02-26T18:09:00","slug":"policia-detem-jovem-de-17-anos-suspeito-de-esfaquear-no-porto","status":"publish","type":"post","link":"https:\/\/portaltela.pt\/noticias\/2026\/02\/26\/policia-detem-jovem-de-17-anos-suspeito-de-esfaquear-no-porto\/","title":{"rendered":"Pol\u00edcia det\u00e9m jovem de 17 anos suspeito de esfaquear no Porto"},"content":{"rendered":"<p>Um estudante de 17 anos, condenado a uma pena suspensa de tr\u00eas anos de pris\u00e3o, foi detido na madrugada de sexta-feira no Porto, suspeito de esfaquear uma pessoa na via p\u00fablica, revelou a Pol\u00edcia Judici\u00e1ria.<\/p>\n<p>Segundo a PJ, o suspeito tem antecedentes criminais por roubo qualificado e coa\u00e7\u00e3o na forma tentada, e encontrava-se em cumprimento de pena suspensa. Integrava um grupo de jovens quando abordou a v\u00edtima, agrediu-a e roubou-lhe objetos.<\/p>\n<h3>Investiga\u00e7\u00e3o e pr\u00f3ximos passos<\/h3>\n<p>A PJ indica que o detido, acusado de roubo agravado e homic\u00eddio qualificado na forma tentada, ser\u00e1 presente a primeiro interrogat\u00f3rio judicial para aplica\u00e7\u00e3o de medidas de coa\u00e7\u00e3o.<\/p>\n","protected":false},"excerpt":{"rendered":"<ul>\n<li>Um estudante de 17 anos, com pena suspensa de tr\u00eas anos de pris\u00e3o, foi detido na madrugada de sexta-feira no Porto, suspeito de esfaquear algu\u00e9m na via p\u00fablica.<\/li>\n<li>A Pol\u00edcia Judici\u00e1ria revelou que o jovem tem antecedentes criminais por roubo qualificado e coa\u00e7\u00e3o na forma tentada.<\/li>\n<li>Integrava um grupo de jovens quando abordou a v\u00edtima, a agrediu, roubou-lhe v\u00e1rios objetos e muniu-se de uma arma branca.<\/li>\n<li>Desferiu v\u00e1rias facadas na v\u00edtima, atingindo o t\u00f3rax e colocando-a em gravidade, com perigo de vida.<\/li>\n<li>O detido, tamb\u00e9m suspeito de homic\u00eddio qualificado na forma tentada, ser\u00e1 apresentado \u00e0 autoridade judici\u00e1ria para o primeiro interrogat\u00f3rio judicial e aplica\u00e7\u00e3o de medidas de coa\u00e7\u00e3o.<\/li>\n<\/ul>\n","protected":false},"author":2,"featured_media":389724,"comment_status":"closed","ping_status":"closed","sticky":false,"template":"","format":"standard","meta":{"footnotes":""},"categories":[1],"tags":[1542,147,1345,2844,982,203],"class_list":["post-389709","post","type-post","status-publish","format-standard","has-post-thumbnail","hentry","category-noticias","tag-coacao","tag-crime","tag-homicidio","tag-jovens","tag-porto","tag-roubo"],"yoast_head":"<!-- This site is optimized with the Yoast SEO plugin v27.2 - https:\/\/yoast.com\/product\/yoast-seo-wordpress\/ -->\n<title>Pol\u00edcia det\u00e9m jovem de 17 anos suspeito de esfaquear no Porto - Portal Tela Portugal<\/title>\n<meta name=\"robots\" content=\"index, follow, max-snippet:-1, max-image-preview:large, max-video-preview:-1\" \/>\n<meta property=\"og:locale\" content=\"pt_PT\" \/>\n<meta property=\"og:type\" content=\"article\" \/>\n<meta property=\"og:title\" content=\"Pol\u00edcia det\u00e9m jovem de 17 anos suspeito de esfaquear no Porto - Portal Tela Portugal\" \/>\n<meta property=\"og:description\" content=\"Um estudante de 17 anos, com pena suspensa de tr\u00eas anos de pris\u00e3o, foi detido na madrugada de sexta-feira no Porto, suspeito de esfaquear algu\u00e9m na via p\u00fablica. A Pol\u00edcia Judici\u00e1ria revelou que o jovem tem antecedentes criminais por roubo qualificado e coa\u00e7\u00e3o na forma tentada. Integrava um grupo de jovens quando abordou a v\u00edtima, a agrediu, roubou-lhe v\u00e1rios objetos e muniu-se de uma arma branca. Desferiu v\u00e1rias facadas na v\u00edtima, atingindo o t\u00f3rax e colocando-a em gravidade, com perigo de vida. O detido, tamb\u00e9m suspeito de homic\u00eddio qualificado na forma tentada, ser\u00e1 apresentado \u00e0 autoridade judici\u00e1ria para o primeiro interrogat\u00f3rio judicial e aplica\u00e7\u00e3o de medidas de coa\u00e7\u00e3o.\" \/>\n<meta property=\"og:url\" content=\"https:\/\/portaltela.pt\/noticias\/2026\/02\/26\/policia-detem-jovem-de-17-anos-suspeito-de-esfaquear-no-porto\/\" \/>\n<meta property=\"og:site_name\" content=\"Portal Tela Portugal\" \/>\n<meta property=\"article:published_time\" content=\"2026-02-26T18:09:00+00:00\" \/>\n<meta name=\"author\" content=\"Telinha\" \/>\n<meta name=\"twitter:card\" content=\"summary_large_image\" \/>\n<meta name=\"twitter:label1\" content=\"Escrito por\" \/>\n\t<meta name=\"twitter:data1\" content=\"Telinha\" \/>\n\t<meta name=\"twitter:label2\" content=\"Tempo estimado de leitura\" \/>\n\t<meta name=\"twitter:data2\" content=\"1 minuto\" \/>\n<script type=\"application\/ld+json\" class=\"yoast-schema-graph\">{\"@context\":\"https:\/\/schema.org\",\"@graph\":[{\"@type\":\"Article\",\"@id\":\"https:\/\/portaltela.pt\/noticias\/2026\/02\/26\/policia-detem-jovem-de-17-anos-suspeito-de-esfaquear-no-porto\/#article\",\"isPartOf\":{\"@id\":\"https:\/\/portaltela.pt\/noticias\/2026\/02\/26\/policia-detem-jovem-de-17-anos-suspeito-de-esfaquear-no-porto\/\"},\"author\":{\"name\":\"Telinha\",\"@id\":\"https:\/\/portaltela.pt\/#\/schema\/person\/c4278d4a6028830caff9ee44b42d32ed\"},\"headline\":\"Pol\u00edcia det\u00e9m jovem de 17 anos suspeito de esfaquear no Porto\",\"datePublished\":\"2026-02-26T18:09:00+00:00\",\"mainEntityOfPage\":{\"@id\":\"https:\/\/portaltela.pt\/noticias\/2026\/02\/26\/policia-detem-jovem-de-17-anos-suspeito-de-esfaquear-no-porto\/\"},\"wordCount\":127,\"image\":{\"@id\":\"https:\/\/portaltela.pt\/noticias\/2026\/02\/26\/policia-detem-jovem-de-17-anos-suspeito-de-esfaquear-no-porto\/#primaryimage\"},\"thumbnailUrl\":\"https:\/\/portaltela.pt\/s.01k8rhncp4jt1\/2026\/02\/img_1500x1000uu2025-04-05-19-53-53-2202022-1.jpg\",\"keywords\":[\"coa\u00e7\u00e3o\",\"crime\",\"homic\u00eddio\",\"jovens\",\"Porto\",\"roubo\"],\"articleSection\":[\"Not\u00edcias\"],\"inLanguage\":\"pt-PT\"},{\"@type\":\"WebPage\",\"@id\":\"https:\/\/portaltela.pt\/noticias\/2026\/02\/26\/policia-detem-jovem-de-17-anos-suspeito-de-esfaquear-no-porto\/\",\"url\":\"https:\/\/portaltela.pt\/noticias\/2026\/02\/26\/policia-detem-jovem-de-17-anos-suspeito-de-esfaquear-no-porto\/\",\"name\":\"Pol\u00edcia det\u00e9m jovem de 17 anos suspeito de esfaquear no Porto - Portal Tela Portugal\",\"isPartOf\":{\"@id\":\"https:\/\/portaltela.pt\/#website\"},\"primaryImageOfPage\":{\"@id\":\"https:\/\/portaltela.pt\/noticias\/2026\/02\/26\/policia-detem-jovem-de-17-anos-suspeito-de-esfaquear-no-porto\/#primaryimage\"},\"image\":{\"@id\":\"https:\/\/portaltela.pt\/noticias\/2026\/02\/26\/policia-detem-jovem-de-17-anos-suspeito-de-esfaquear-no-porto\/#primaryimage\"},\"thumbnailUrl\":\"https:\/\/portaltela.pt\/s.01k8rhncp4jt1\/2026\/02\/img_1500x1000uu2025-04-05-19-53-53-2202022-1.jpg\",\"datePublished\":\"2026-02-26T18:09:00+00:00\",\"author\":{\"@id\":\"https:\/\/portaltela.pt\/#\/schema\/person\/c4278d4a6028830caff9ee44b42d32ed\"},\"breadcrumb\":{\"@id\":\"https:\/\/portaltela.pt\/noticias\/2026\/02\/26\/policia-detem-jovem-de-17-anos-suspeito-de-esfaquear-no-porto\/#breadcrumb\"},\"inLanguage\":\"pt-PT\",\"potentialAction\":[{\"@type\":\"ReadAction\",\"target\":[\"https:\/\/portaltela.pt\/noticias\/2026\/02\/26\/policia-detem-jovem-de-17-anos-suspeito-de-esfaquear-no-porto\/\"]}]},{\"@type\":\"ImageObject\",\"inLanguage\":\"pt-PT\",\"@id\":\"https:\/\/portaltela.pt\/noticias\/2026\/02\/26\/policia-detem-jovem-de-17-anos-suspeito-de-esfaquear-no-porto\/#primaryimage\",\"url\":\"https:\/\/portaltela.pt\/s.01k8rhncp4jt1\/2026\/02\/img_1500x1000uu2025-04-05-19-53-53-2202022-1.jpg\",\"contentUrl\":\"https:\/\/portaltela.pt\/s.01k8rhncp4jt1\/2026\/02\/img_1500x1000uu2025-04-05-19-53-53-2202022-1.jpg\",\"width\":1500,\"height\":1000,\"caption\":\"Photo\"},{\"@type\":\"BreadcrumbList\",\"@id\":\"https:\/\/portaltela.pt\/noticias\/2026\/02\/26\/policia-detem-jovem-de-17-anos-suspeito-de-esfaquear-no-porto\/#breadcrumb\",\"itemListElement\":[{\"@type\":\"ListItem\",\"position\":1,\"name\":\"In\u00edcio\",\"item\":\"https:\/\/portaltela.pt\/\"},{\"@type\":\"ListItem\",\"position\":2,\"name\":\"Pol\u00edcia det\u00e9m jovem de 17 anos suspeito de esfaquear no Porto\"}]},{\"@type\":\"WebSite\",\"@id\":\"https:\/\/portaltela.pt\/#website\",\"url\":\"https:\/\/portaltela.pt\/\",\"name\":\"Portal Tela Portugal\",\"description\":\"\",\"potentialAction\":[{\"@type\":\"SearchAction\",\"target\":{\"@type\":\"EntryPoint\",\"urlTemplate\":\"https:\/\/portaltela.pt\/?s={search_term_string}\"},\"query-input\":{\"@type\":\"PropertyValueSpecification\",\"valueRequired\":true,\"valueName\":\"search_term_string\"}}],\"inLanguage\":\"pt-PT\"},{\"@type\":\"Person\",\"@id\":\"https:\/\/portaltela.pt\/#\/schema\/person\/c4278d4a6028830caff9ee44b42d32ed\",\"name\":\"Telinha\",\"image\":{\"@type\":\"ImageObject\",\"inLanguage\":\"pt-PT\",\"@id\":\"https:\/\/portaltela.pt\/s.01k8rhncp4jt1\/2025\/11\/talking-bot-125x125.png\",\"url\":\"https:\/\/portaltela.pt\/s.01k8rhncp4jt1\/2025\/11\/talking-bot-125x125.png\",\"contentUrl\":\"https:\/\/portaltela.pt\/s.01k8rhncp4jt1\/2025\/11\/talking-bot-125x125.png\",\"caption\":\"Telinha\"},\"sameAs\":[\"https:\/\/portaltela.pt\/\"],\"url\":\"https:\/\/portaltela.pt\/por\/367410592786\/\"}]}<\/script>\n<!-- \/ Yoast SEO plugin. -->","yoast_head_json":{"title":"Pol\u00edcia det\u00e9m jovem de 17 anos suspeito de esfaquear no Porto - Portal Tela Portugal","robots":{"index":"index","follow":"follow","max-snippet":"max-snippet:-1","max-image-preview":"max-image-preview:large","max-video-preview":"max-video-preview:-1"},"og_locale":"pt_PT","og_type":"article","og_title":"Pol\u00edcia det\u00e9m jovem de 17 anos suspeito de esfaquear no Porto - Portal Tela Portugal","og_description":"Um estudante de 17 anos, com pena suspensa de tr\u00eas anos de pris\u00e3o, foi detido na madrugada de sexta-feira no Porto, suspeito de esfaquear algu\u00e9m na via p\u00fablica. A Pol\u00edcia Judici\u00e1ria revelou que o jovem tem antecedentes criminais por roubo qualificado e coa\u00e7\u00e3o na forma tentada. Integrava um grupo de jovens quando abordou a v\u00edtima, a agrediu, roubou-lhe v\u00e1rios objetos e muniu-se de uma arma branca. Desferiu v\u00e1rias facadas na v\u00edtima, atingindo o t\u00f3rax e colocando-a em gravidade, com perigo de vida. O detido, tamb\u00e9m suspeito de homic\u00eddio qualificado na forma tentada, ser\u00e1 apresentado \u00e0 autoridade judici\u00e1ria para o primeiro interrogat\u00f3rio judicial e aplica\u00e7\u00e3o de medidas de coa\u00e7\u00e3o.","og_url":"https:\/\/portaltela.pt\/noticias\/2026\/02\/26\/policia-detem-jovem-de-17-anos-suspeito-de-esfaquear-no-porto\/","og_site_name":"Portal Tela Portugal","article_published_time":"2026-02-26T18:09:00+00:00","author":"Telinha","twitter_card":"summary_large_image","twitter_misc":{"Escrito por":"Telinha","Tempo estimado de leitura":"1 minuto"},"schema":{"@context":"https:\/\/schema.org","@graph":[{"@type":"Article","@id":"https:\/\/portaltela.pt\/noticias\/2026\/02\/26\/policia-detem-jovem-de-17-anos-suspeito-de-esfaquear-no-porto\/#article","isPartOf":{"@id":"https:\/\/portaltela.pt\/noticias\/2026\/02\/26\/policia-detem-jovem-de-17-anos-suspeito-de-esfaquear-no-porto\/"},"author":{"name":"Telinha","@id":"https:\/\/portaltela.pt\/#\/schema\/person\/c4278d4a6028830caff9ee44b42d32ed"},"headline":"Pol\u00edcia det\u00e9m jovem de 17 anos suspeito de esfaquear no Porto","datePublished":"2026-02-26T18:09:00+00:00","mainEntityOfPage":{"@id":"https:\/\/portaltela.pt\/noticias\/2026\/02\/26\/policia-detem-jovem-de-17-anos-suspeito-de-esfaquear-no-porto\/"},"wordCount":127,"image":{"@id":"https:\/\/portaltela.pt\/noticias\/2026\/02\/26\/policia-detem-jovem-de-17-anos-suspeito-de-esfaquear-no-porto\/#primaryimage"},"thumbnailUrl":"https:\/\/portaltela.pt\/s.01k8rhncp4jt1\/2026\/02\/img_1500x1000uu2025-04-05-19-53-53-2202022-1.jpg","keywords":["coa\u00e7\u00e3o","crime","homic\u00eddio","jovens","Porto","roubo"],"articleSection":["Not\u00edcias"],"inLanguage":"pt-PT"},{"@type":"WebPage","@id":"https:\/\/portaltela.pt\/noticias\/2026\/02\/26\/policia-detem-jovem-de-17-anos-suspeito-de-esfaquear-no-porto\/","url":"https:\/\/portaltela.pt\/noticias\/2026\/02\/26\/policia-detem-jovem-de-17-anos-suspeito-de-esfaquear-no-porto\/","name":"Pol\u00edcia det\u00e9m jovem de 17 anos suspeito de esfaquear no Porto - Portal Tela Portugal","isPartOf":{"@id":"https:\/\/portaltela.pt\/#website"},"primaryImageOfPage":{"@id":"https:\/\/portaltela.pt\/noticias\/2026\/02\/26\/policia-detem-jovem-de-17-anos-suspeito-de-esfaquear-no-porto\/#primaryimage"},"image":{"@id":"https:\/\/portaltela.pt\/noticias\/2026\/02\/26\/policia-detem-jovem-de-17-anos-suspeito-de-esfaquear-no-porto\/#primaryimage"},"thumbnailUrl":"https:\/\/portaltela.pt\/s.01k8rhncp4jt1\/2026\/02\/img_1500x1000uu2025-04-05-19-53-53-2202022-1.jpg","datePublished":"2026-02-26T18:09:00+00:00","author":{"@id":"https:\/\/portaltela.pt\/#\/schema\/person\/c4278d4a6028830caff9ee44b42d32ed"},"breadcrumb":{"@id":"https:\/\/portaltela.pt\/noticias\/2026\/02\/26\/policia-detem-jovem-de-17-anos-suspeito-de-esfaquear-no-porto\/#breadcrumb"},"inLanguage":"pt-PT","potentialAction":[{"@type":"ReadAction","target":["https:\/\/portaltela.pt\/noticias\/2026\/02\/26\/policia-detem-jovem-de-17-anos-suspeito-de-esfaquear-no-porto\/"]}]},{"@type":"ImageObject","inLanguage":"pt-PT","@id":"https:\/\/portaltela.pt\/noticias\/2026\/02\/26\/policia-detem-jovem-de-17-anos-suspeito-de-esfaquear-no-porto\/#primaryimage","url":"https:\/\/portaltela.pt\/s.01k8rhncp4jt1\/2026\/02\/img_1500x1000uu2025-04-05-19-53-53-2202022-1.jpg","contentUrl":"https:\/\/portaltela.pt\/s.01k8rhncp4jt1\/2026\/02\/img_1500x1000uu2025-04-05-19-53-53-2202022-1.jpg","width":1500,"height":1000,"caption":"Photo"},{"@type":"BreadcrumbList","@id":"https:\/\/portaltela.pt\/noticias\/2026\/02\/26\/policia-detem-jovem-de-17-anos-suspeito-de-esfaquear-no-porto\/#breadcrumb","itemListElement":[{"@type":"ListItem","position":1,"name":"In\u00edcio","item":"https:\/\/portaltela.pt\/"},{"@type":"ListItem","position":2,"name":"Pol\u00edcia det\u00e9m jovem de 17 anos suspeito de esfaquear no Porto"}]},{"@type":"WebSite","@id":"https:\/\/portaltela.pt\/#website","url":"https:\/\/portaltela.pt\/","name":"Portal Tela Portugal","description":"","potentialAction":[{"@type":"SearchAction","target":{"@type":"EntryPoint","urlTemplate":"https:\/\/portaltela.pt\/?s={search_term_string}"},"query-input":{"@type":"PropertyValueSpecification","valueRequired":true,"valueName":"search_term_string"}}],"inLanguage":"pt-PT"},{"@type":"Person","@id":"https:\/\/portaltela.pt\/#\/schema\/person\/c4278d4a6028830caff9ee44b42d32ed","name":"Telinha","image":{"@type":"ImageObject","inLanguage":"pt-PT","@id":"https:\/\/portaltela.pt\/s.01k8rhncp4jt1\/2025\/11\/talking-bot-125x125.png","url":"https:\/\/portaltela.pt\/s.01k8rhncp4jt1\/2025\/11\/talking-bot-125x125.png","contentUrl":"https:\/\/portaltela.pt\/s.01k8rhncp4jt1\/2025\/11\/talking-bot-125x125.png","caption":"Telinha"},"sameAs":["https:\/\/portaltela.pt\/"],"url":"https:\/\/portaltela.pt\/por\/367410592786\/"}]}},"_links":{"self":[{"href":"https:\/\/portaltela.pt\/api\/wp\/v2\/posts\/389709","targetHints":{"allow":["GET"]}}],"collection":[{"href":"https:\/\/portaltela.pt\/api\/wp\/v2\/posts"}],"about":[{"href":"https:\/\/portaltela.pt\/api\/wp\/v2\/types\/post"}],"author":[{"embeddable":true,"href":"https:\/\/portaltela.pt\/api\/wp\/v2\/users\/2"}],"replies":[{"embeddable":true,"href":"https:\/\/portaltela.pt\/api\/wp\/v2\/comments?post=389709"}],"version-history":[{"count":0,"href":"https:\/\/portaltela.pt\/api\/wp\/v2\/posts\/389709\/revisions"}],"wp:featuredmedia":[{"embeddable":true,"href":"https:\/\/portaltela.pt\/api\/wp\/v2\/media\/389724"}],"wp:attachment":[{"href":"https:\/\/portaltela.pt\/api\/wp\/v2\/media?parent=389709"}],"wp:term":[{"taxonomy":"category","embeddable":true,"href":"https:\/\/portaltela.pt\/api\/wp\/v2\/categories?post=389709"},{"taxonomy":"post_tag","embeddable":true,"href":"https:\/\/portaltela.pt\/api\/wp\/v2\/tags?post=389709"}],"curies":[{"name":"wp","href":"https:\/\/api.w.org\/{rel}","templated":true}]}}