{"id":389686,"date":"2026-02-26T14:50:00","date_gmt":"2026-02-26T17:50:00","guid":{"rendered":"https:\/\/portaltela.pt\/noticias\/2026\/02\/26\/hillary-clinton-pede-que-trump-seja-questionado-sobre-lacos-com-epstein\/"},"modified":"2026-02-26T14:50:00","modified_gmt":"2026-02-26T17:50:00","slug":"hillary-clinton-pede-que-trump-seja-questionado-sobre-lacos-com-epstein","status":"publish","type":"post","link":"https:\/\/portaltela.pt\/noticias\/internacional\/2026\/02\/26\/hillary-clinton-pede-que-trump-seja-questionado-sobre-lacos-com-epstein\/","title":{"rendered":"Hillary Clinton pede que Trump seja questionado sobre la\u00e7os com Epstein"},"content":{"rendered":"<p>Hillary Clinton criticou hoje a Comiss\u00e3o da C\u00e2mara dos Representantes que investiga o caso Jeffrey Epstein, exigindo que o Presidente Donald Trump seja igualmente questionado sobre as liga\u00e7\u00f5es com o ped\u00f3filo. A alerta surge no decorrer da investiga\u00e7\u00e3o.<\/p>\n<p>A ex-secret\u00e1ria de Estado dos EUA sustenta que a linha de perguntas deve abranger poss\u00edveis v\u00ednculos entre Trump e Epstein, n\u00e3o apenas o que ocorreu com o financiero. O objetivo \u00e9 esclarecer todas as liga\u00e7\u00f5es relevantes.<\/p>\n<p>A comiss\u00e3o n\u00e3o confirmou, ainda, se Trump ser\u00e1 chamado a depor neste processo. N\u00e3o foram revelados prazos ou detalhes sobre o cronograma das audi\u00e7\u00f5es, mantendo-se as informa\u00e7\u00f5es sob sigilo oficial.<\/p>\n","protected":false},"excerpt":{"rendered":"<ul>\n<li>Hillary Clinton criticou a Comiss\u00e3o da C\u00e2mara de Representantes que a investiga no caso Jeffrey Epstein.<\/li>\n<li>Exigiu que o Presidente Donald Trump seja tamb\u00e9m questionado sobre as liga\u00e7\u00f5es com Epstein.<\/li>\n<li>A interven\u00e7\u00e3o ocorreu no contexto das investiga\u00e7\u00f5es em curso na C\u00e2mara.<\/li>\n<li>O texto n\u00e3o detalha novas evid\u00eancias ou testemunhos relacionados ao caso.<\/li>\n<\/ul>\n","protected":false},"author":2,"featured_media":389695,"comment_status":"closed","ping_status":"closed","sticky":false,"template":"","format":"standard","meta":{"footnotes":""},"categories":[4,1],"tags":[4953,6046,215,2297,2832,30],"class_list":["post-389686","post","type-post","status-publish","format-standard","has-post-thumbnail","hentry","category-internacional","category-noticias","tag-donald-trump","tag-hillary-clinton","tag-investigacao","tag-investigacoes-internacionais","tag-politica","tag-presidente"],"yoast_head":"<!-- This site is optimized with the Yoast SEO plugin v27.2 - https:\/\/yoast.com\/product\/yoast-seo-wordpress\/ -->\n<title>Hillary Clinton pede que Trump seja questionado sobre la\u00e7os com Epstein - Portal Tela Portugal<\/title>\n<meta name=\"robots\" content=\"index, follow, max-snippet:-1, max-image-preview:large, max-video-preview:-1\" \/>\n<meta property=\"og:locale\" content=\"pt_PT\" \/>\n<meta property=\"og:type\" content=\"article\" \/>\n<meta property=\"og:title\" content=\"Hillary Clinton pede que Trump seja questionado sobre la\u00e7os com Epstein - Portal Tela Portugal\" \/>\n<meta property=\"og:description\" content=\"Hillary Clinton criticou a Comiss\u00e3o da C\u00e2mara de Representantes que a investiga no caso Jeffrey Epstein. Exigiu que o Presidente Donald Trump seja tamb\u00e9m questionado sobre as liga\u00e7\u00f5es com Epstein. A interven\u00e7\u00e3o ocorreu no contexto das investiga\u00e7\u00f5es em curso na C\u00e2mara. O texto n\u00e3o detalha novas evid\u00eancias ou testemunhos relacionados ao caso.\" \/>\n<meta property=\"og:url\" content=\"https:\/\/portaltela.pt\/noticias\/2026\/02\/26\/hillary-clinton-pede-que-trump-seja-questionado-sobre-lacos-com-epstein\/\" \/>\n<meta property=\"og:site_name\" content=\"Portal Tela Portugal\" \/>\n<meta property=\"article:published_time\" content=\"2026-02-26T17:50:00+00:00\" \/>\n<meta name=\"author\" content=\"Telinha\" \/>\n<meta name=\"twitter:card\" content=\"summary_large_image\" \/>\n<meta name=\"twitter:label1\" content=\"Escrito por\" \/>\n\t<meta name=\"twitter:data1\" content=\"Telinha\" \/>\n\t<meta name=\"twitter:label2\" content=\"Tempo estimado de leitura\" \/>\n\t<meta name=\"twitter:data2\" content=\"1 minuto\" \/>\n<script type=\"application\/ld+json\" class=\"yoast-schema-graph\">{\"@context\":\"https:\/\/schema.org\",\"@graph\":[{\"@type\":\"Article\",\"@id\":\"https:\/\/portaltela.pt\/noticias\/2026\/02\/26\/hillary-clinton-pede-que-trump-seja-questionado-sobre-lacos-com-epstein\/#article\",\"isPartOf\":{\"@id\":\"https:\/\/portaltela.pt\/noticias\/2026\/02\/26\/hillary-clinton-pede-que-trump-seja-questionado-sobre-lacos-com-epstein\/\"},\"author\":{\"name\":\"Telinha\",\"@id\":\"https:\/\/portaltela.pt\/#\/schema\/person\/c4278d4a6028830caff9ee44b42d32ed\"},\"headline\":\"Hillary Clinton pede que Trump seja questionado sobre la\u00e7os com Epstein\",\"datePublished\":\"2026-02-26T17:50:00+00:00\",\"mainEntityOfPage\":{\"@id\":\"https:\/\/portaltela.pt\/noticias\/2026\/02\/26\/hillary-clinton-pede-que-trump-seja-questionado-sobre-lacos-com-epstein\/\"},\"wordCount\":130,\"image\":{\"@id\":\"https:\/\/portaltela.pt\/noticias\/2026\/02\/26\/hillary-clinton-pede-que-trump-seja-questionado-sobre-lacos-com-epstein\/#primaryimage\"},\"thumbnailUrl\":\"https:\/\/portaltela.pt\/s.01k8rhncp4jt1\/2026\/02\/CACHE_780X1200_ANALOG_WATERMARKED_41571841_1904069244761165-1.jpg\",\"keywords\":[\"Donald Trump\",\"Hillary Clinton\",\"investiga\u00e7\u00e3o\",\"investiga\u00e7\u00f5es internacionais\",\"pol\u00edtica\",\"presidente\"],\"articleSection\":[\"Internacional\",\"Not\u00edcias\"],\"inLanguage\":\"pt-PT\"},{\"@type\":\"WebPage\",\"@id\":\"https:\/\/portaltela.pt\/noticias\/2026\/02\/26\/hillary-clinton-pede-que-trump-seja-questionado-sobre-lacos-com-epstein\/\",\"url\":\"https:\/\/portaltela.pt\/noticias\/2026\/02\/26\/hillary-clinton-pede-que-trump-seja-questionado-sobre-lacos-com-epstein\/\",\"name\":\"Hillary Clinton pede que Trump seja questionado sobre la\u00e7os com Epstein - Portal Tela Portugal\",\"isPartOf\":{\"@id\":\"https:\/\/portaltela.pt\/#website\"},\"primaryImageOfPage\":{\"@id\":\"https:\/\/portaltela.pt\/noticias\/2026\/02\/26\/hillary-clinton-pede-que-trump-seja-questionado-sobre-lacos-com-epstein\/#primaryimage\"},\"image\":{\"@id\":\"https:\/\/portaltela.pt\/noticias\/2026\/02\/26\/hillary-clinton-pede-que-trump-seja-questionado-sobre-lacos-com-epstein\/#primaryimage\"},\"thumbnailUrl\":\"https:\/\/portaltela.pt\/s.01k8rhncp4jt1\/2026\/02\/CACHE_780X1200_ANALOG_WATERMARKED_41571841_1904069244761165-1.jpg\",\"datePublished\":\"2026-02-26T17:50:00+00:00\",\"author\":{\"@id\":\"https:\/\/portaltela.pt\/#\/schema\/person\/c4278d4a6028830caff9ee44b42d32ed\"},\"breadcrumb\":{\"@id\":\"https:\/\/portaltela.pt\/noticias\/2026\/02\/26\/hillary-clinton-pede-que-trump-seja-questionado-sobre-lacos-com-epstein\/#breadcrumb\"},\"inLanguage\":\"pt-PT\",\"potentialAction\":[{\"@type\":\"ReadAction\",\"target\":[\"https:\/\/portaltela.pt\/noticias\/2026\/02\/26\/hillary-clinton-pede-que-trump-seja-questionado-sobre-lacos-com-epstein\/\"]}]},{\"@type\":\"ImageObject\",\"inLanguage\":\"pt-PT\",\"@id\":\"https:\/\/portaltela.pt\/noticias\/2026\/02\/26\/hillary-clinton-pede-que-trump-seja-questionado-sobre-lacos-com-epstein\/#primaryimage\",\"url\":\"https:\/\/portaltela.pt\/s.01k8rhncp4jt1\/2026\/02\/CACHE_780X1200_ANALOG_WATERMARKED_41571841_1904069244761165-1.jpg\",\"contentUrl\":\"https:\/\/portaltela.pt\/s.01k8rhncp4jt1\/2026\/02\/CACHE_780X1200_ANALOG_WATERMARKED_41571841_1904069244761165-1.jpg\",\"width\":768,\"height\":512,\"caption\":\"Hillary Clinton pede que Trump seja questionado sobre la\u00e7os com Epstein\"},{\"@type\":\"BreadcrumbList\",\"@id\":\"https:\/\/portaltela.pt\/noticias\/2026\/02\/26\/hillary-clinton-pede-que-trump-seja-questionado-sobre-lacos-com-epstein\/#breadcrumb\",\"itemListElement\":[{\"@type\":\"ListItem\",\"position\":1,\"name\":\"In\u00edcio\",\"item\":\"https:\/\/portaltela.pt\/\"},{\"@type\":\"ListItem\",\"position\":2,\"name\":\"Hillary Clinton pede que Trump seja questionado sobre la\u00e7os com Epstein\"}]},{\"@type\":\"WebSite\",\"@id\":\"https:\/\/portaltela.pt\/#website\",\"url\":\"https:\/\/portaltela.pt\/\",\"name\":\"Portal Tela Portugal\",\"description\":\"\",\"potentialAction\":[{\"@type\":\"SearchAction\",\"target\":{\"@type\":\"EntryPoint\",\"urlTemplate\":\"https:\/\/portaltela.pt\/?s={search_term_string}\"},\"query-input\":{\"@type\":\"PropertyValueSpecification\",\"valueRequired\":true,\"valueName\":\"search_term_string\"}}],\"inLanguage\":\"pt-PT\"},{\"@type\":\"Person\",\"@id\":\"https:\/\/portaltela.pt\/#\/schema\/person\/c4278d4a6028830caff9ee44b42d32ed\",\"name\":\"Telinha\",\"image\":{\"@type\":\"ImageObject\",\"inLanguage\":\"pt-PT\",\"@id\":\"https:\/\/portaltela.pt\/s.01k8rhncp4jt1\/2025\/11\/talking-bot-125x125.png\",\"url\":\"https:\/\/portaltela.pt\/s.01k8rhncp4jt1\/2025\/11\/talking-bot-125x125.png\",\"contentUrl\":\"https:\/\/portaltela.pt\/s.01k8rhncp4jt1\/2025\/11\/talking-bot-125x125.png\",\"caption\":\"Telinha\"},\"sameAs\":[\"https:\/\/portaltela.pt\/\"],\"url\":\"https:\/\/portaltela.pt\/por\/367410592786\/\"}]}<\/script>\n<!-- \/ Yoast SEO plugin. -->","yoast_head_json":{"title":"Hillary Clinton pede que Trump seja questionado sobre la\u00e7os com Epstein - Portal Tela Portugal","robots":{"index":"index","follow":"follow","max-snippet":"max-snippet:-1","max-image-preview":"max-image-preview:large","max-video-preview":"max-video-preview:-1"},"og_locale":"pt_PT","og_type":"article","og_title":"Hillary Clinton pede que Trump seja questionado sobre la\u00e7os com Epstein - Portal Tela Portugal","og_description":"Hillary Clinton criticou a Comiss\u00e3o da C\u00e2mara de Representantes que a investiga no caso Jeffrey Epstein. Exigiu que o Presidente Donald Trump seja tamb\u00e9m questionado sobre as liga\u00e7\u00f5es com Epstein. A interven\u00e7\u00e3o ocorreu no contexto das investiga\u00e7\u00f5es em curso na C\u00e2mara. O texto n\u00e3o detalha novas evid\u00eancias ou testemunhos relacionados ao caso.","og_url":"https:\/\/portaltela.pt\/noticias\/2026\/02\/26\/hillary-clinton-pede-que-trump-seja-questionado-sobre-lacos-com-epstein\/","og_site_name":"Portal Tela Portugal","article_published_time":"2026-02-26T17:50:00+00:00","author":"Telinha","twitter_card":"summary_large_image","twitter_misc":{"Escrito por":"Telinha","Tempo estimado de leitura":"1 minuto"},"schema":{"@context":"https:\/\/schema.org","@graph":[{"@type":"Article","@id":"https:\/\/portaltela.pt\/noticias\/2026\/02\/26\/hillary-clinton-pede-que-trump-seja-questionado-sobre-lacos-com-epstein\/#article","isPartOf":{"@id":"https:\/\/portaltela.pt\/noticias\/2026\/02\/26\/hillary-clinton-pede-que-trump-seja-questionado-sobre-lacos-com-epstein\/"},"author":{"name":"Telinha","@id":"https:\/\/portaltela.pt\/#\/schema\/person\/c4278d4a6028830caff9ee44b42d32ed"},"headline":"Hillary Clinton pede que Trump seja questionado sobre la\u00e7os com Epstein","datePublished":"2026-02-26T17:50:00+00:00","mainEntityOfPage":{"@id":"https:\/\/portaltela.pt\/noticias\/2026\/02\/26\/hillary-clinton-pede-que-trump-seja-questionado-sobre-lacos-com-epstein\/"},"wordCount":130,"image":{"@id":"https:\/\/portaltela.pt\/noticias\/2026\/02\/26\/hillary-clinton-pede-que-trump-seja-questionado-sobre-lacos-com-epstein\/#primaryimage"},"thumbnailUrl":"https:\/\/portaltela.pt\/s.01k8rhncp4jt1\/2026\/02\/CACHE_780X1200_ANALOG_WATERMARKED_41571841_1904069244761165-1.jpg","keywords":["Donald Trump","Hillary Clinton","investiga\u00e7\u00e3o","investiga\u00e7\u00f5es internacionais","pol\u00edtica","presidente"],"articleSection":["Internacional","Not\u00edcias"],"inLanguage":"pt-PT"},{"@type":"WebPage","@id":"https:\/\/portaltela.pt\/noticias\/2026\/02\/26\/hillary-clinton-pede-que-trump-seja-questionado-sobre-lacos-com-epstein\/","url":"https:\/\/portaltela.pt\/noticias\/2026\/02\/26\/hillary-clinton-pede-que-trump-seja-questionado-sobre-lacos-com-epstein\/","name":"Hillary Clinton pede que Trump seja questionado sobre la\u00e7os com Epstein - Portal Tela Portugal","isPartOf":{"@id":"https:\/\/portaltela.pt\/#website"},"primaryImageOfPage":{"@id":"https:\/\/portaltela.pt\/noticias\/2026\/02\/26\/hillary-clinton-pede-que-trump-seja-questionado-sobre-lacos-com-epstein\/#primaryimage"},"image":{"@id":"https:\/\/portaltela.pt\/noticias\/2026\/02\/26\/hillary-clinton-pede-que-trump-seja-questionado-sobre-lacos-com-epstein\/#primaryimage"},"thumbnailUrl":"https:\/\/portaltela.pt\/s.01k8rhncp4jt1\/2026\/02\/CACHE_780X1200_ANALOG_WATERMARKED_41571841_1904069244761165-1.jpg","datePublished":"2026-02-26T17:50:00+00:00","author":{"@id":"https:\/\/portaltela.pt\/#\/schema\/person\/c4278d4a6028830caff9ee44b42d32ed"},"breadcrumb":{"@id":"https:\/\/portaltela.pt\/noticias\/2026\/02\/26\/hillary-clinton-pede-que-trump-seja-questionado-sobre-lacos-com-epstein\/#breadcrumb"},"inLanguage":"pt-PT","potentialAction":[{"@type":"ReadAction","target":["https:\/\/portaltela.pt\/noticias\/2026\/02\/26\/hillary-clinton-pede-que-trump-seja-questionado-sobre-lacos-com-epstein\/"]}]},{"@type":"ImageObject","inLanguage":"pt-PT","@id":"https:\/\/portaltela.pt\/noticias\/2026\/02\/26\/hillary-clinton-pede-que-trump-seja-questionado-sobre-lacos-com-epstein\/#primaryimage","url":"https:\/\/portaltela.pt\/s.01k8rhncp4jt1\/2026\/02\/CACHE_780X1200_ANALOG_WATERMARKED_41571841_1904069244761165-1.jpg","contentUrl":"https:\/\/portaltela.pt\/s.01k8rhncp4jt1\/2026\/02\/CACHE_780X1200_ANALOG_WATERMARKED_41571841_1904069244761165-1.jpg","width":768,"height":512,"caption":"Hillary Clinton pede que Trump seja questionado sobre la\u00e7os com Epstein"},{"@type":"BreadcrumbList","@id":"https:\/\/portaltela.pt\/noticias\/2026\/02\/26\/hillary-clinton-pede-que-trump-seja-questionado-sobre-lacos-com-epstein\/#breadcrumb","itemListElement":[{"@type":"ListItem","position":1,"name":"In\u00edcio","item":"https:\/\/portaltela.pt\/"},{"@type":"ListItem","position":2,"name":"Hillary Clinton pede que Trump seja questionado sobre la\u00e7os com Epstein"}]},{"@type":"WebSite","@id":"https:\/\/portaltela.pt\/#website","url":"https:\/\/portaltela.pt\/","name":"Portal Tela Portugal","description":"","potentialAction":[{"@type":"SearchAction","target":{"@type":"EntryPoint","urlTemplate":"https:\/\/portaltela.pt\/?s={search_term_string}"},"query-input":{"@type":"PropertyValueSpecification","valueRequired":true,"valueName":"search_term_string"}}],"inLanguage":"pt-PT"},{"@type":"Person","@id":"https:\/\/portaltela.pt\/#\/schema\/person\/c4278d4a6028830caff9ee44b42d32ed","name":"Telinha","image":{"@type":"ImageObject","inLanguage":"pt-PT","@id":"https:\/\/portaltela.pt\/s.01k8rhncp4jt1\/2025\/11\/talking-bot-125x125.png","url":"https:\/\/portaltela.pt\/s.01k8rhncp4jt1\/2025\/11\/talking-bot-125x125.png","contentUrl":"https:\/\/portaltela.pt\/s.01k8rhncp4jt1\/2025\/11\/talking-bot-125x125.png","caption":"Telinha"},"sameAs":["https:\/\/portaltela.pt\/"],"url":"https:\/\/portaltela.pt\/por\/367410592786\/"}]}},"_links":{"self":[{"href":"https:\/\/portaltela.pt\/api\/wp\/v2\/posts\/389686","targetHints":{"allow":["GET"]}}],"collection":[{"href":"https:\/\/portaltela.pt\/api\/wp\/v2\/posts"}],"about":[{"href":"https:\/\/portaltela.pt\/api\/wp\/v2\/types\/post"}],"author":[{"embeddable":true,"href":"https:\/\/portaltela.pt\/api\/wp\/v2\/users\/2"}],"replies":[{"embeddable":true,"href":"https:\/\/portaltela.pt\/api\/wp\/v2\/comments?post=389686"}],"version-history":[{"count":0,"href":"https:\/\/portaltela.pt\/api\/wp\/v2\/posts\/389686\/revisions"}],"wp:featuredmedia":[{"embeddable":true,"href":"https:\/\/portaltela.pt\/api\/wp\/v2\/media\/389695"}],"wp:attachment":[{"href":"https:\/\/portaltela.pt\/api\/wp\/v2\/media?parent=389686"}],"wp:term":[{"taxonomy":"category","embeddable":true,"href":"https:\/\/portaltela.pt\/api\/wp\/v2\/categories?post=389686"},{"taxonomy":"post_tag","embeddable":true,"href":"https:\/\/portaltela.pt\/api\/wp\/v2\/tags?post=389686"}],"curies":[{"name":"wp","href":"https:\/\/api.w.org\/{rel}","templated":true}]}}