{"id":389668,"date":"2026-02-26T14:47:00","date_gmt":"2026-02-26T17:47:00","guid":{"rendered":"https:\/\/portaltela.pt\/noticias\/2026\/02\/26\/juan-carlos-e-descrito-como-homem-muito-decidido-sem-medo-de-riscos\/"},"modified":"2026-02-26T14:47:00","modified_gmt":"2026-02-26T17:47:00","slug":"juan-carlos-e-descrito-como-homem-muito-decidido-sem-medo-de-riscos","status":"publish","type":"post","link":"https:\/\/portaltela.pt\/noticias\/internacional\/2026\/02\/26\/juan-carlos-e-descrito-como-homem-muito-decidido-sem-medo-de-riscos\/","title":{"rendered":"Juan Carlos \u00e9 descrito como homem muito decidido, sem medo de riscos"},"content":{"rendered":"<p>Laurence Debray, bi\u00f3grafa francesa, assina a autobiografia Reconcilia\u00e7\u00e3o, do rei em\u00e9rito de Espanha Juan Carlos I, escrita durante o ex\u00edlio nos Emirados \u00c1rabes Unidos. O livro j\u00e1 foi publicado em Fran\u00e7a e Espanha, com futuras edi\u00e7\u00f5es em \u00e1rabe e ingl\u00eas. Debray foi escolhida pelo pr\u00f3prio monarca.<\/p>\n<p>Na entrevista de apresenta\u00e7\u00e3o, Debray descreve Juan Carlos como um homem muito decidido, que n\u00e3o teme riscos nem obst\u00e1culos. Segundo a autora, o rei mant\u00e9m uma autoridade clara, mas n\u00e3o permanece agarrado ao poder. A obra visa oferecer a perspetiva dele sobre a hist\u00f3ria recente de Espanha.<\/p>\n<p>A autora afirma que as primeiras rea\u00e7\u00f5es foram mistas em Espanha, onde o livro recebeu cr\u00edticas antes de ser amplamente lido. Em Fran\u00e7a, a rece\u00e7\u00e3o foi positiva, e Debray cita vendas hist\u00f3ricas em territ\u00f3rio espanhol, com sete edi\u00e7\u00f5es num m\u00eas. O objetivo \u00e9 que Portugal tamb\u00e9m tenha boa aceita\u00e7\u00e3o.<\/p>\n<p>Debray revela que as duas filhas do rei, as infantas Cristina e Elena, apoiaram a iniciativa, mas que n\u00e3o houve contacto com a Zarzuela. A bi\u00f3grafa descreve o livro como um testemunho hist\u00f3rico que poder\u00e1 mudar a perce\u00e7\u00e3o p\u00fablica do homem por tr\u00e1s do cargo.<\/p>\n<p>Sobre o impacto da obra, Debray sustenta que o regresso de Juan Carlos \u00e0 Espanha continua entre os objetivos, ainda que o livro n\u00e3o tenha organizado esse retorno. A autora afirma que seria natural que o monarca pudesse regressar, rodeado de fam\u00edlia e amigos.<\/p>\n<p>Quanto \u00e0s motiva\u00e7\u00f5es para a mem\u00f3ria, Debray destaca que Juan Carlos queria esclarecer a sua vers\u00e3o dos factos e combater as fake news. A autora sublinha que o livro procura equilibrar p\u00fablico e privado, sem culpar o rei, mas oferecendo uma vis\u00e3o humana.<\/p>\n<p>Entre os epis\u00f3dios emotivos mencionados, Debray cita a morte do irm\u00e3o, o Infante Alfonso, e a rela\u00e7\u00e3o com o pai, o conde de Barcelona. Ela acrescenta que, apesar das controv\u00e9rsias, o monarca mant\u00e9m um equil\u00edbrio entre momentos bons e maus, sem dissolu\u00e7\u00e3o nost\u00e1lgica.<\/p>\n<p>O livro descreve, segundo Debray, a experi\u00eancia de governar num per\u00edodo de transi\u00e7\u00e3o para a democracia ap\u00f3s Franco. O que ficar\u00e1, afirma, \u00e9 a vis\u00e3o de um homem que nasceu fora de pal\u00e1cios e pode morrer longe deles, com uma dist\u00e2ncia que molda a perce\u00e7\u00e3o dos factos.<\/p>\n","protected":false},"excerpt":{"rendered":"<ul>\n<li>Laurence Debray, bi\u00f3grafa escolhida pelo rei em\u00e9rito Juan Carlos I, coassina a autobiografia Reconcilia\u00e7\u00e3o, escrita a partir do ex\u00edlio nos Emirados \u00c1rabes Unidos.<\/li>\n<li>Debray descreve o monarca como decidido, que n\u00e3o v\u00ea riscos, vai direto ao objetivo e tem autoridade, sem ficar agarrado ao poder.<\/li>\n<li>O livro j\u00e1 teve lan\u00e7amento em Fran\u00e7a e Espanha com sucesso; em Espanha registaram-se sete edi\u00e7\u00f5es num m\u00eas, e o rei espera boa rece\u00e7\u00e3o em Portugal.<\/li>\n<li>A Casa Real n\u00e3o teve contacto direto com a autora; as filhas Cristina e Elena apoiaram a obra, mas n\u00e3o houve di\u00e1logo com a Zarzuela.<\/li>\n<li>O objetivo principal \u00e9 apresentar a vers\u00e3o do homem por detr\u00e1s do rei, esclarecer falhas, promover empatia e oferecer uma vis\u00e3o global das suas viv\u00eancias, incluindo recorda\u00e7\u00f5es emotivas.<\/li>\n<\/ul>\n","protected":false},"author":2,"featured_media":389680,"comment_status":"closed","ping_status":"closed","sticky":false,"template":"","format":"standard","meta":{"footnotes":""},"categories":[4,1],"tags":[5175,2370,2031,1856,299,6014],"class_list":["post-389668","post","type-post","status-publish","format-standard","has-post-thumbnail","hentry","category-internacional","category-noticias","tag-biografias-historicas","tag-emirados-arabes-unidos","tag-espanha","tag-franca","tag-historia","tag-noticias-internacionais"],"yoast_head":"<!-- This site is optimized with the Yoast SEO plugin v27.2 - https:\/\/yoast.com\/product\/yoast-seo-wordpress\/ -->\n<title>Juan Carlos \u00e9 descrito como homem muito decidido, sem medo de riscos - Portal Tela Portugal<\/title>\n<meta name=\"robots\" content=\"index, follow, max-snippet:-1, max-image-preview:large, max-video-preview:-1\" \/>\n<meta property=\"og:locale\" content=\"pt_PT\" \/>\n<meta property=\"og:type\" content=\"article\" \/>\n<meta property=\"og:title\" content=\"Juan Carlos \u00e9 descrito como homem muito decidido, sem medo de riscos - Portal Tela Portugal\" \/>\n<meta property=\"og:description\" content=\"Laurence Debray, bi\u00f3grafa escolhida pelo rei em\u00e9rito Juan Carlos I, coassina a autobiografia Reconcilia\u00e7\u00e3o, escrita a partir do ex\u00edlio nos Emirados \u00c1rabes Unidos. Debray descreve o monarca como decidido, que n\u00e3o v\u00ea riscos, vai direto ao objetivo e tem autoridade, sem ficar agarrado ao poder. O livro j\u00e1 teve lan\u00e7amento em Fran\u00e7a e Espanha com sucesso; em Espanha registaram-se sete edi\u00e7\u00f5es num m\u00eas, e o rei espera boa rece\u00e7\u00e3o em Portugal. A Casa Real n\u00e3o teve contacto direto com a autora; as filhas Cristina e Elena apoiaram a obra, mas n\u00e3o houve di\u00e1logo com a Zarzuela. O objetivo principal \u00e9 apresentar a vers\u00e3o do homem por detr\u00e1s do rei, esclarecer falhas, promover empatia e oferecer uma vis\u00e3o global das suas viv\u00eancias, incluindo recorda\u00e7\u00f5es emotivas.\" \/>\n<meta property=\"og:url\" content=\"https:\/\/portaltela.pt\/noticias\/2026\/02\/26\/juan-carlos-e-descrito-como-homem-muito-decidido-sem-medo-de-riscos\/\" \/>\n<meta property=\"og:site_name\" content=\"Portal Tela Portugal\" \/>\n<meta property=\"article:published_time\" content=\"2026-02-26T17:47:00+00:00\" \/>\n<meta name=\"author\" content=\"Telinha\" \/>\n<meta name=\"twitter:card\" content=\"summary_large_image\" \/>\n<meta name=\"twitter:label1\" content=\"Escrito por\" \/>\n\t<meta name=\"twitter:data1\" content=\"Telinha\" \/>\n\t<meta name=\"twitter:label2\" content=\"Tempo estimado de leitura\" \/>\n\t<meta name=\"twitter:data2\" content=\"2 minutos\" \/>\n<script type=\"application\/ld+json\" class=\"yoast-schema-graph\">{\"@context\":\"https:\/\/schema.org\",\"@graph\":[{\"@type\":\"Article\",\"@id\":\"https:\/\/portaltela.pt\/noticias\/2026\/02\/26\/juan-carlos-e-descrito-como-homem-muito-decidido-sem-medo-de-riscos\/#article\",\"isPartOf\":{\"@id\":\"https:\/\/portaltela.pt\/noticias\/2026\/02\/26\/juan-carlos-e-descrito-como-homem-muito-decidido-sem-medo-de-riscos\/\"},\"author\":{\"name\":\"Telinha\",\"@id\":\"https:\/\/portaltela.pt\/#\/schema\/person\/c4278d4a6028830caff9ee44b42d32ed\"},\"headline\":\"Juan Carlos \u00e9 descrito como homem muito decidido, sem medo de riscos\",\"datePublished\":\"2026-02-26T17:47:00+00:00\",\"mainEntityOfPage\":{\"@id\":\"https:\/\/portaltela.pt\/noticias\/2026\/02\/26\/juan-carlos-e-descrito-como-homem-muito-decidido-sem-medo-de-riscos\/\"},\"wordCount\":425,\"image\":{\"@id\":\"https:\/\/portaltela.pt\/noticias\/2026\/02\/26\/juan-carlos-e-descrito-como-homem-muito-decidido-sem-medo-de-riscos\/#primaryimage\"},\"thumbnailUrl\":\"https:\/\/portaltela.pt\/s.01k8rhncp4jt1\/2026\/02\/8b316324-5153-4af9-9a22-f5d3043fa51c_1200x675.jpg\",\"keywords\":[\"biografias hist\u00f3ricas\",\"Emirados \u00c1rabes Unidos\",\"Espanha\",\"Fran\u00e7a\",\"hist\u00f3ria\",\"not\u00edcias internacionais\"],\"articleSection\":[\"Internacional\",\"Not\u00edcias\"],\"inLanguage\":\"pt-PT\"},{\"@type\":\"WebPage\",\"@id\":\"https:\/\/portaltela.pt\/noticias\/2026\/02\/26\/juan-carlos-e-descrito-como-homem-muito-decidido-sem-medo-de-riscos\/\",\"url\":\"https:\/\/portaltela.pt\/noticias\/2026\/02\/26\/juan-carlos-e-descrito-como-homem-muito-decidido-sem-medo-de-riscos\/\",\"name\":\"Juan Carlos \u00e9 descrito como homem muito decidido, sem medo de riscos - Portal Tela Portugal\",\"isPartOf\":{\"@id\":\"https:\/\/portaltela.pt\/#website\"},\"primaryImageOfPage\":{\"@id\":\"https:\/\/portaltela.pt\/noticias\/2026\/02\/26\/juan-carlos-e-descrito-como-homem-muito-decidido-sem-medo-de-riscos\/#primaryimage\"},\"image\":{\"@id\":\"https:\/\/portaltela.pt\/noticias\/2026\/02\/26\/juan-carlos-e-descrito-como-homem-muito-decidido-sem-medo-de-riscos\/#primaryimage\"},\"thumbnailUrl\":\"https:\/\/portaltela.pt\/s.01k8rhncp4jt1\/2026\/02\/8b316324-5153-4af9-9a22-f5d3043fa51c_1200x675.jpg\",\"datePublished\":\"2026-02-26T17:47:00+00:00\",\"author\":{\"@id\":\"https:\/\/portaltela.pt\/#\/schema\/person\/c4278d4a6028830caff9ee44b42d32ed\"},\"breadcrumb\":{\"@id\":\"https:\/\/portaltela.pt\/noticias\/2026\/02\/26\/juan-carlos-e-descrito-como-homem-muito-decidido-sem-medo-de-riscos\/#breadcrumb\"},\"inLanguage\":\"pt-PT\",\"potentialAction\":[{\"@type\":\"ReadAction\",\"target\":[\"https:\/\/portaltela.pt\/noticias\/2026\/02\/26\/juan-carlos-e-descrito-como-homem-muito-decidido-sem-medo-de-riscos\/\"]}]},{\"@type\":\"ImageObject\",\"inLanguage\":\"pt-PT\",\"@id\":\"https:\/\/portaltela.pt\/noticias\/2026\/02\/26\/juan-carlos-e-descrito-como-homem-muito-decidido-sem-medo-de-riscos\/#primaryimage\",\"url\":\"https:\/\/portaltela.pt\/s.01k8rhncp4jt1\/2026\/02\/8b316324-5153-4af9-9a22-f5d3043fa51c_1200x675.jpg\",\"contentUrl\":\"https:\/\/portaltela.pt\/s.01k8rhncp4jt1\/2026\/02\/8b316324-5153-4af9-9a22-f5d3043fa51c_1200x675.jpg\",\"width\":796,\"height\":448,\"caption\":\"Capa da autobiografia de Juan Carlos I, da Planeta editora (Foto: DR)\"},{\"@type\":\"BreadcrumbList\",\"@id\":\"https:\/\/portaltela.pt\/noticias\/2026\/02\/26\/juan-carlos-e-descrito-como-homem-muito-decidido-sem-medo-de-riscos\/#breadcrumb\",\"itemListElement\":[{\"@type\":\"ListItem\",\"position\":1,\"name\":\"In\u00edcio\",\"item\":\"https:\/\/portaltela.pt\/\"},{\"@type\":\"ListItem\",\"position\":2,\"name\":\"Juan Carlos \u00e9 descrito como homem muito decidido, sem medo de riscos\"}]},{\"@type\":\"WebSite\",\"@id\":\"https:\/\/portaltela.pt\/#website\",\"url\":\"https:\/\/portaltela.pt\/\",\"name\":\"Portal Tela Portugal\",\"description\":\"\",\"potentialAction\":[{\"@type\":\"SearchAction\",\"target\":{\"@type\":\"EntryPoint\",\"urlTemplate\":\"https:\/\/portaltela.pt\/?s={search_term_string}\"},\"query-input\":{\"@type\":\"PropertyValueSpecification\",\"valueRequired\":true,\"valueName\":\"search_term_string\"}}],\"inLanguage\":\"pt-PT\"},{\"@type\":\"Person\",\"@id\":\"https:\/\/portaltela.pt\/#\/schema\/person\/c4278d4a6028830caff9ee44b42d32ed\",\"name\":\"Telinha\",\"image\":{\"@type\":\"ImageObject\",\"inLanguage\":\"pt-PT\",\"@id\":\"https:\/\/portaltela.pt\/s.01k8rhncp4jt1\/2025\/11\/talking-bot-125x125.png\",\"url\":\"https:\/\/portaltela.pt\/s.01k8rhncp4jt1\/2025\/11\/talking-bot-125x125.png\",\"contentUrl\":\"https:\/\/portaltela.pt\/s.01k8rhncp4jt1\/2025\/11\/talking-bot-125x125.png\",\"caption\":\"Telinha\"},\"sameAs\":[\"https:\/\/portaltela.pt\/\"],\"url\":\"https:\/\/portaltela.pt\/por\/367410592786\/\"}]}<\/script>\n<!-- \/ Yoast SEO plugin. -->","yoast_head_json":{"title":"Juan Carlos \u00e9 descrito como homem muito decidido, sem medo de riscos - Portal Tela Portugal","robots":{"index":"index","follow":"follow","max-snippet":"max-snippet:-1","max-image-preview":"max-image-preview:large","max-video-preview":"max-video-preview:-1"},"og_locale":"pt_PT","og_type":"article","og_title":"Juan Carlos \u00e9 descrito como homem muito decidido, sem medo de riscos - Portal Tela Portugal","og_description":"Laurence Debray, bi\u00f3grafa escolhida pelo rei em\u00e9rito Juan Carlos I, coassina a autobiografia Reconcilia\u00e7\u00e3o, escrita a partir do ex\u00edlio nos Emirados \u00c1rabes Unidos. Debray descreve o monarca como decidido, que n\u00e3o v\u00ea riscos, vai direto ao objetivo e tem autoridade, sem ficar agarrado ao poder. O livro j\u00e1 teve lan\u00e7amento em Fran\u00e7a e Espanha com sucesso; em Espanha registaram-se sete edi\u00e7\u00f5es num m\u00eas, e o rei espera boa rece\u00e7\u00e3o em Portugal. A Casa Real n\u00e3o teve contacto direto com a autora; as filhas Cristina e Elena apoiaram a obra, mas n\u00e3o houve di\u00e1logo com a Zarzuela. O objetivo principal \u00e9 apresentar a vers\u00e3o do homem por detr\u00e1s do rei, esclarecer falhas, promover empatia e oferecer uma vis\u00e3o global das suas viv\u00eancias, incluindo recorda\u00e7\u00f5es emotivas.","og_url":"https:\/\/portaltela.pt\/noticias\/2026\/02\/26\/juan-carlos-e-descrito-como-homem-muito-decidido-sem-medo-de-riscos\/","og_site_name":"Portal Tela Portugal","article_published_time":"2026-02-26T17:47:00+00:00","author":"Telinha","twitter_card":"summary_large_image","twitter_misc":{"Escrito por":"Telinha","Tempo estimado de leitura":"2 minutos"},"schema":{"@context":"https:\/\/schema.org","@graph":[{"@type":"Article","@id":"https:\/\/portaltela.pt\/noticias\/2026\/02\/26\/juan-carlos-e-descrito-como-homem-muito-decidido-sem-medo-de-riscos\/#article","isPartOf":{"@id":"https:\/\/portaltela.pt\/noticias\/2026\/02\/26\/juan-carlos-e-descrito-como-homem-muito-decidido-sem-medo-de-riscos\/"},"author":{"name":"Telinha","@id":"https:\/\/portaltela.pt\/#\/schema\/person\/c4278d4a6028830caff9ee44b42d32ed"},"headline":"Juan Carlos \u00e9 descrito como homem muito decidido, sem medo de riscos","datePublished":"2026-02-26T17:47:00+00:00","mainEntityOfPage":{"@id":"https:\/\/portaltela.pt\/noticias\/2026\/02\/26\/juan-carlos-e-descrito-como-homem-muito-decidido-sem-medo-de-riscos\/"},"wordCount":425,"image":{"@id":"https:\/\/portaltela.pt\/noticias\/2026\/02\/26\/juan-carlos-e-descrito-como-homem-muito-decidido-sem-medo-de-riscos\/#primaryimage"},"thumbnailUrl":"https:\/\/portaltela.pt\/s.01k8rhncp4jt1\/2026\/02\/8b316324-5153-4af9-9a22-f5d3043fa51c_1200x675.jpg","keywords":["biografias hist\u00f3ricas","Emirados \u00c1rabes Unidos","Espanha","Fran\u00e7a","hist\u00f3ria","not\u00edcias internacionais"],"articleSection":["Internacional","Not\u00edcias"],"inLanguage":"pt-PT"},{"@type":"WebPage","@id":"https:\/\/portaltela.pt\/noticias\/2026\/02\/26\/juan-carlos-e-descrito-como-homem-muito-decidido-sem-medo-de-riscos\/","url":"https:\/\/portaltela.pt\/noticias\/2026\/02\/26\/juan-carlos-e-descrito-como-homem-muito-decidido-sem-medo-de-riscos\/","name":"Juan Carlos \u00e9 descrito como homem muito decidido, sem medo de riscos - Portal Tela Portugal","isPartOf":{"@id":"https:\/\/portaltela.pt\/#website"},"primaryImageOfPage":{"@id":"https:\/\/portaltela.pt\/noticias\/2026\/02\/26\/juan-carlos-e-descrito-como-homem-muito-decidido-sem-medo-de-riscos\/#primaryimage"},"image":{"@id":"https:\/\/portaltela.pt\/noticias\/2026\/02\/26\/juan-carlos-e-descrito-como-homem-muito-decidido-sem-medo-de-riscos\/#primaryimage"},"thumbnailUrl":"https:\/\/portaltela.pt\/s.01k8rhncp4jt1\/2026\/02\/8b316324-5153-4af9-9a22-f5d3043fa51c_1200x675.jpg","datePublished":"2026-02-26T17:47:00+00:00","author":{"@id":"https:\/\/portaltela.pt\/#\/schema\/person\/c4278d4a6028830caff9ee44b42d32ed"},"breadcrumb":{"@id":"https:\/\/portaltela.pt\/noticias\/2026\/02\/26\/juan-carlos-e-descrito-como-homem-muito-decidido-sem-medo-de-riscos\/#breadcrumb"},"inLanguage":"pt-PT","potentialAction":[{"@type":"ReadAction","target":["https:\/\/portaltela.pt\/noticias\/2026\/02\/26\/juan-carlos-e-descrito-como-homem-muito-decidido-sem-medo-de-riscos\/"]}]},{"@type":"ImageObject","inLanguage":"pt-PT","@id":"https:\/\/portaltela.pt\/noticias\/2026\/02\/26\/juan-carlos-e-descrito-como-homem-muito-decidido-sem-medo-de-riscos\/#primaryimage","url":"https:\/\/portaltela.pt\/s.01k8rhncp4jt1\/2026\/02\/8b316324-5153-4af9-9a22-f5d3043fa51c_1200x675.jpg","contentUrl":"https:\/\/portaltela.pt\/s.01k8rhncp4jt1\/2026\/02\/8b316324-5153-4af9-9a22-f5d3043fa51c_1200x675.jpg","width":796,"height":448,"caption":"Capa da autobiografia de Juan Carlos I, da Planeta editora (Foto: DR)"},{"@type":"BreadcrumbList","@id":"https:\/\/portaltela.pt\/noticias\/2026\/02\/26\/juan-carlos-e-descrito-como-homem-muito-decidido-sem-medo-de-riscos\/#breadcrumb","itemListElement":[{"@type":"ListItem","position":1,"name":"In\u00edcio","item":"https:\/\/portaltela.pt\/"},{"@type":"ListItem","position":2,"name":"Juan Carlos \u00e9 descrito como homem muito decidido, sem medo de riscos"}]},{"@type":"WebSite","@id":"https:\/\/portaltela.pt\/#website","url":"https:\/\/portaltela.pt\/","name":"Portal Tela Portugal","description":"","potentialAction":[{"@type":"SearchAction","target":{"@type":"EntryPoint","urlTemplate":"https:\/\/portaltela.pt\/?s={search_term_string}"},"query-input":{"@type":"PropertyValueSpecification","valueRequired":true,"valueName":"search_term_string"}}],"inLanguage":"pt-PT"},{"@type":"Person","@id":"https:\/\/portaltela.pt\/#\/schema\/person\/c4278d4a6028830caff9ee44b42d32ed","name":"Telinha","image":{"@type":"ImageObject","inLanguage":"pt-PT","@id":"https:\/\/portaltela.pt\/s.01k8rhncp4jt1\/2025\/11\/talking-bot-125x125.png","url":"https:\/\/portaltela.pt\/s.01k8rhncp4jt1\/2025\/11\/talking-bot-125x125.png","contentUrl":"https:\/\/portaltela.pt\/s.01k8rhncp4jt1\/2025\/11\/talking-bot-125x125.png","caption":"Telinha"},"sameAs":["https:\/\/portaltela.pt\/"],"url":"https:\/\/portaltela.pt\/por\/367410592786\/"}]}},"_links":{"self":[{"href":"https:\/\/portaltela.pt\/api\/wp\/v2\/posts\/389668","targetHints":{"allow":["GET"]}}],"collection":[{"href":"https:\/\/portaltela.pt\/api\/wp\/v2\/posts"}],"about":[{"href":"https:\/\/portaltela.pt\/api\/wp\/v2\/types\/post"}],"author":[{"embeddable":true,"href":"https:\/\/portaltela.pt\/api\/wp\/v2\/users\/2"}],"replies":[{"embeddable":true,"href":"https:\/\/portaltela.pt\/api\/wp\/v2\/comments?post=389668"}],"version-history":[{"count":0,"href":"https:\/\/portaltela.pt\/api\/wp\/v2\/posts\/389668\/revisions"}],"wp:featuredmedia":[{"embeddable":true,"href":"https:\/\/portaltela.pt\/api\/wp\/v2\/media\/389680"}],"wp:attachment":[{"href":"https:\/\/portaltela.pt\/api\/wp\/v2\/media?parent=389668"}],"wp:term":[{"taxonomy":"category","embeddable":true,"href":"https:\/\/portaltela.pt\/api\/wp\/v2\/categories?post=389668"},{"taxonomy":"post_tag","embeddable":true,"href":"https:\/\/portaltela.pt\/api\/wp\/v2\/tags?post=389668"}],"curies":[{"name":"wp","href":"https:\/\/api.w.org\/{rel}","templated":true}]}}