{"id":389644,"date":"2026-02-26T14:42:17","date_gmt":"2026-02-26T17:42:17","guid":{"rendered":"https:\/\/portaltela.pt\/noticias\/2026\/02\/26\/turismo-de-portugal-marca-presenca-na-btl\/"},"modified":"2026-02-26T14:42:17","modified_gmt":"2026-02-26T17:42:17","slug":"turismo-de-portugal-marca-presenca-na-btl","status":"publish","type":"post","link":"https:\/\/portaltela.pt\/noticias\/2026\/02\/26\/turismo-de-portugal-marca-presenca-na-btl\/","title":{"rendered":"Turismo de Portugal marca presen\u00e7a na BTL"},"content":{"rendered":"<p>A Agenda para a A\u00e7\u00e3o Clim\u00e1tica no Turismo 2030 foi apresentada na BTL, em Lisboa, pelo Turismo de Portugal. O documento define a neutralidade carb\u00f3nica do setor e um caminho de desenvolvimento regenerativo para tornar destinos mais resilientes. O lan\u00e7amento ocorreu durante a 36.\u00aa edi\u00e7\u00e3o da BTL, no Audit\u00f3rio AVK-ONE da FIL.<\/p>\n<p>O objetivo \u00e9 transformar o turismo atrav\u00e9s de um modelo que reduza emiss\u00f5es, aumente a efici\u00eancia energ\u00e9tica e promova energias renov\u00e1veis. O grupo de acompanhamento vai monitorizar o progresso de metas como gest\u00e3o circular de recursos, conserva\u00e7\u00e3o da biodiversidade e adapta\u00e7\u00e3o a riscos clim\u00e1ticos.<\/p>\n<p>A estrat\u00e9gia visa tamb\u00e9m fortalecer a competitividade internacional e a reputa\u00e7\u00e3o do turismo nacional, alinhando planeamento territorial com crit\u00e9rios clim\u00e1ticos. Ao combinar inova\u00e7\u00e3o e sustentabilidade, procura-se criar destinos mais preparados e inclusivos a longo prazo.<\/p>\n<h3>Embaixadores do programa PET 360\u00ba<\/h3>\n<p>No evento, foi destacada a sele\u00e7\u00e3o de Embaixadores do Programa Empresas Turismo 360\u00ba (PET 360\u00ba), reconhecendo o compromisso com pr\u00e1ticas mais respons\u00e1veis. A lista mostra personalidades de v\u00e1rios polos do setor, j\u00e1 envolvidas na mobiliza\u00e7\u00e3o para a\u00e7\u00f5es clim\u00e1ticas.<\/p>\n<ul>\n<li>Pedro Azeitona, Vila Gal\u00e9 Hot\u00e9is<\/li>\n<li>Pedro Pedrosa, Portugal A2Z e Portugal Outdoor Alliance<\/li>\n<li>Filipe Rom\u00e3o, HighSun DMC (Portugal e Espanha)<\/li>\n<li>Victor Leal, Termalistur<\/li>\n<li>Marisa Costa, MysticInvest Holding<\/li>\n<li>Ana Ros\u00e1rio, Altis Hotels Group<\/li>\n<li>Susana Cavaco, DETAILS, S.A.<\/li>\n<li>Camile Maia, Eco Soul Ericeira Guesthouse<\/li>\n<\/ul>\n<h3>Sobre o Turismo de Portugal<\/h3>\n<p>O Turismo de Portugal integra o Minist\u00e9rio da Economia e Coes\u00e3o Territorial, cabendo-lhe promover, valorizar e sustentar o turismo. A autoridade agrega compet\u00eancias institucionais para dinamizar a oferta e a procura, mantendo liga\u00e7\u00f5es com entidades p\u00fablicas e privadas, dentro e fora do pa\u00eds.<\/p>\n","protected":false},"excerpt":{"rendered":"<ul>\n<li>O Turismo de Portugal apresentou, na BTL, as linhas estrat\u00e9gicas da Agenda para a A\u00e7\u00e3o Clim\u00e1tica no Turismo 2030, com o objetivo de atingir neutralidade carb\u00f3nica e criar destinos mais resilientes.<\/li>\n<li>A iniciativa inclui a cria\u00e7\u00e3o de um Grupo de Acompanhamento da A\u00e7\u00e3o Clim\u00e1tica para monitorizar progressos e implementar a\u00e7\u00f5es de descarboniza\u00e7\u00e3o, efici\u00eancia energ\u00e9tica, gest\u00e3o de recursos e energias renov\u00e1veis.<\/li>\n<li>Aspira-se regenerar ecossistemas, proteger a biodiversidade e valorizar o capital natural, ao mesmo tempo que se refor\u00e7a a competitividade, reputa\u00e7\u00e3o internacional e capacidade de adapta\u00e7\u00e3o a riscos clim\u00e1ticos.<\/li>\n<li>A estrat\u00e9gia prev\u00ea integrar crit\u00e9rios clim\u00e1ticos no planeamento territorial e estabelecer mecanismos de resposta a fen\u00f3menos extremos, promovendo destinos mais preparados e inclusivos a longo prazo.<\/li>\n<li>Al\u00e9m disso, destacou-se o Programa Empresas Turismo 360\u00ba (PET 360\u00ba), com Embaixadores que promovem pr\u00e1ticas sustent\u00e1veis e mobilizam o sector para uma a\u00e7\u00e3o clim\u00e1tica comum.<\/li>\n<\/ul>\n","protected":false},"author":2,"featured_media":389654,"comment_status":"closed","ping_status":"closed","sticky":false,"template":"","format":"standard","meta":{"footnotes":""},"categories":[1],"tags":[6115,3603,1843,6097,169,3445],"class_list":["post-389644","post","type-post","status-publish","format-standard","has-post-thumbnail","hentry","category-noticias","tag-_economia","tag-energias-renovaveis","tag-neutralidade-carbonica","tag-planeamento-territorial","tag-turismo","tag-turismo-sustentavel"],"yoast_head":"<!-- This site is optimized with the Yoast SEO plugin v27.2 - https:\/\/yoast.com\/product\/yoast-seo-wordpress\/ -->\n<title>Turismo de Portugal marca presen\u00e7a na BTL - Portal Tela Portugal<\/title>\n<meta name=\"robots\" content=\"index, follow, max-snippet:-1, max-image-preview:large, max-video-preview:-1\" \/>\n<meta property=\"og:locale\" content=\"pt_PT\" \/>\n<meta property=\"og:type\" content=\"article\" \/>\n<meta property=\"og:title\" content=\"Turismo de Portugal marca presen\u00e7a na BTL - Portal Tela Portugal\" \/>\n<meta property=\"og:description\" content=\"O Turismo de Portugal apresentou, na BTL, as linhas estrat\u00e9gicas da Agenda para a A\u00e7\u00e3o Clim\u00e1tica no Turismo 2030, com o objetivo de atingir neutralidade carb\u00f3nica e criar destinos mais resilientes. A iniciativa inclui a cria\u00e7\u00e3o de um Grupo de Acompanhamento da A\u00e7\u00e3o Clim\u00e1tica para monitorizar progressos e implementar a\u00e7\u00f5es de descarboniza\u00e7\u00e3o, efici\u00eancia energ\u00e9tica, gest\u00e3o de recursos e energias renov\u00e1veis. Aspira-se regenerar ecossistemas, proteger a biodiversidade e valorizar o capital natural, ao mesmo tempo que se refor\u00e7a a competitividade, reputa\u00e7\u00e3o internacional e capacidade de adapta\u00e7\u00e3o a riscos clim\u00e1ticos. A estrat\u00e9gia prev\u00ea integrar crit\u00e9rios clim\u00e1ticos no planeamento territorial e estabelecer mecanismos de resposta a fen\u00f3menos extremos, promovendo destinos mais preparados e inclusivos a longo prazo. Al\u00e9m disso, destacou-se o Programa Empresas Turismo 360\u00ba (PET 360\u00ba), com Embaixadores que promovem pr\u00e1ticas sustent\u00e1veis e mobilizam o sector para uma a\u00e7\u00e3o clim\u00e1tica comum.\" \/>\n<meta property=\"og:url\" content=\"https:\/\/portaltela.pt\/noticias\/2026\/02\/26\/turismo-de-portugal-marca-presenca-na-btl\/\" \/>\n<meta property=\"og:site_name\" content=\"Portal Tela Portugal\" \/>\n<meta property=\"article:published_time\" content=\"2026-02-26T17:42:17+00:00\" \/>\n<meta name=\"author\" content=\"Telinha\" \/>\n<meta name=\"twitter:card\" content=\"summary_large_image\" \/>\n<meta name=\"twitter:label1\" content=\"Escrito por\" \/>\n\t<meta name=\"twitter:data1\" content=\"Telinha\" \/>\n\t<meta name=\"twitter:label2\" content=\"Tempo estimado de leitura\" \/>\n\t<meta name=\"twitter:data2\" content=\"1 minuto\" \/>\n<script type=\"application\/ld+json\" class=\"yoast-schema-graph\">{\"@context\":\"https:\/\/schema.org\",\"@graph\":[{\"@type\":\"Article\",\"@id\":\"https:\/\/portaltela.pt\/noticias\/2026\/02\/26\/turismo-de-portugal-marca-presenca-na-btl\/#article\",\"isPartOf\":{\"@id\":\"https:\/\/portaltela.pt\/noticias\/2026\/02\/26\/turismo-de-portugal-marca-presenca-na-btl\/\"},\"author\":{\"name\":\"Telinha\",\"@id\":\"https:\/\/portaltela.pt\/#\/schema\/person\/c4278d4a6028830caff9ee44b42d32ed\"},\"headline\":\"Turismo de Portugal marca presen\u00e7a na BTL\",\"datePublished\":\"2026-02-26T17:42:17+00:00\",\"mainEntityOfPage\":{\"@id\":\"https:\/\/portaltela.pt\/noticias\/2026\/02\/26\/turismo-de-portugal-marca-presenca-na-btl\/\"},\"wordCount\":305,\"image\":{\"@id\":\"https:\/\/portaltela.pt\/noticias\/2026\/02\/26\/turismo-de-portugal-marca-presenca-na-btl\/#primaryimage\"},\"thumbnailUrl\":\"https:\/\/portaltela.pt\/s.01k8rhncp4jt1\/2026\/02\/img_1500x1000uu2026-02-26-17-41-42-2269180.jpg\",\"keywords\":[\"_economia\",\"energias renov\u00e1veis\",\"neutralidade carb\u00f3nica\",\"planeamento territorial\",\"turismo\",\"Turismo Sustent\u00e1vel\"],\"articleSection\":[\"Not\u00edcias\"],\"inLanguage\":\"pt-PT\"},{\"@type\":\"WebPage\",\"@id\":\"https:\/\/portaltela.pt\/noticias\/2026\/02\/26\/turismo-de-portugal-marca-presenca-na-btl\/\",\"url\":\"https:\/\/portaltela.pt\/noticias\/2026\/02\/26\/turismo-de-portugal-marca-presenca-na-btl\/\",\"name\":\"Turismo de Portugal marca presen\u00e7a na BTL - Portal Tela Portugal\",\"isPartOf\":{\"@id\":\"https:\/\/portaltela.pt\/#website\"},\"primaryImageOfPage\":{\"@id\":\"https:\/\/portaltela.pt\/noticias\/2026\/02\/26\/turismo-de-portugal-marca-presenca-na-btl\/#primaryimage\"},\"image\":{\"@id\":\"https:\/\/portaltela.pt\/noticias\/2026\/02\/26\/turismo-de-portugal-marca-presenca-na-btl\/#primaryimage\"},\"thumbnailUrl\":\"https:\/\/portaltela.pt\/s.01k8rhncp4jt1\/2026\/02\/img_1500x1000uu2026-02-26-17-41-42-2269180.jpg\",\"datePublished\":\"2026-02-26T17:42:17+00:00\",\"author\":{\"@id\":\"https:\/\/portaltela.pt\/#\/schema\/person\/c4278d4a6028830caff9ee44b42d32ed\"},\"breadcrumb\":{\"@id\":\"https:\/\/portaltela.pt\/noticias\/2026\/02\/26\/turismo-de-portugal-marca-presenca-na-btl\/#breadcrumb\"},\"inLanguage\":\"pt-PT\",\"potentialAction\":[{\"@type\":\"ReadAction\",\"target\":[\"https:\/\/portaltela.pt\/noticias\/2026\/02\/26\/turismo-de-portugal-marca-presenca-na-btl\/\"]}]},{\"@type\":\"ImageObject\",\"inLanguage\":\"pt-PT\",\"@id\":\"https:\/\/portaltela.pt\/noticias\/2026\/02\/26\/turismo-de-portugal-marca-presenca-na-btl\/#primaryimage\",\"url\":\"https:\/\/portaltela.pt\/s.01k8rhncp4jt1\/2026\/02\/img_1500x1000uu2026-02-26-17-41-42-2269180.jpg\",\"contentUrl\":\"https:\/\/portaltela.pt\/s.01k8rhncp4jt1\/2026\/02\/img_1500x1000uu2026-02-26-17-41-42-2269180.jpg\",\"width\":796,\"height\":448,\"caption\":\"Log\u00f3tipo do Turismo de Portugal, promovendo o pa\u00eds como destino tur\u00edstico\"},{\"@type\":\"BreadcrumbList\",\"@id\":\"https:\/\/portaltela.pt\/noticias\/2026\/02\/26\/turismo-de-portugal-marca-presenca-na-btl\/#breadcrumb\",\"itemListElement\":[{\"@type\":\"ListItem\",\"position\":1,\"name\":\"In\u00edcio\",\"item\":\"https:\/\/portaltela.pt\/\"},{\"@type\":\"ListItem\",\"position\":2,\"name\":\"Turismo de Portugal marca presen\u00e7a na BTL\"}]},{\"@type\":\"WebSite\",\"@id\":\"https:\/\/portaltela.pt\/#website\",\"url\":\"https:\/\/portaltela.pt\/\",\"name\":\"Portal Tela Portugal\",\"description\":\"\",\"potentialAction\":[{\"@type\":\"SearchAction\",\"target\":{\"@type\":\"EntryPoint\",\"urlTemplate\":\"https:\/\/portaltela.pt\/?s={search_term_string}\"},\"query-input\":{\"@type\":\"PropertyValueSpecification\",\"valueRequired\":true,\"valueName\":\"search_term_string\"}}],\"inLanguage\":\"pt-PT\"},{\"@type\":\"Person\",\"@id\":\"https:\/\/portaltela.pt\/#\/schema\/person\/c4278d4a6028830caff9ee44b42d32ed\",\"name\":\"Telinha\",\"image\":{\"@type\":\"ImageObject\",\"inLanguage\":\"pt-PT\",\"@id\":\"https:\/\/portaltela.pt\/s.01k8rhncp4jt1\/2025\/11\/talking-bot-125x125.png\",\"url\":\"https:\/\/portaltela.pt\/s.01k8rhncp4jt1\/2025\/11\/talking-bot-125x125.png\",\"contentUrl\":\"https:\/\/portaltela.pt\/s.01k8rhncp4jt1\/2025\/11\/talking-bot-125x125.png\",\"caption\":\"Telinha\"},\"sameAs\":[\"https:\/\/portaltela.pt\/\"],\"url\":\"https:\/\/portaltela.pt\/por\/367410592786\/\"}]}<\/script>\n<!-- \/ Yoast SEO plugin. -->","yoast_head_json":{"title":"Turismo de Portugal marca presen\u00e7a na BTL - Portal Tela Portugal","robots":{"index":"index","follow":"follow","max-snippet":"max-snippet:-1","max-image-preview":"max-image-preview:large","max-video-preview":"max-video-preview:-1"},"og_locale":"pt_PT","og_type":"article","og_title":"Turismo de Portugal marca presen\u00e7a na BTL - Portal Tela Portugal","og_description":"O Turismo de Portugal apresentou, na BTL, as linhas estrat\u00e9gicas da Agenda para a A\u00e7\u00e3o Clim\u00e1tica no Turismo 2030, com o objetivo de atingir neutralidade carb\u00f3nica e criar destinos mais resilientes. A iniciativa inclui a cria\u00e7\u00e3o de um Grupo de Acompanhamento da A\u00e7\u00e3o Clim\u00e1tica para monitorizar progressos e implementar a\u00e7\u00f5es de descarboniza\u00e7\u00e3o, efici\u00eancia energ\u00e9tica, gest\u00e3o de recursos e energias renov\u00e1veis. Aspira-se regenerar ecossistemas, proteger a biodiversidade e valorizar o capital natural, ao mesmo tempo que se refor\u00e7a a competitividade, reputa\u00e7\u00e3o internacional e capacidade de adapta\u00e7\u00e3o a riscos clim\u00e1ticos. A estrat\u00e9gia prev\u00ea integrar crit\u00e9rios clim\u00e1ticos no planeamento territorial e estabelecer mecanismos de resposta a fen\u00f3menos extremos, promovendo destinos mais preparados e inclusivos a longo prazo. Al\u00e9m disso, destacou-se o Programa Empresas Turismo 360\u00ba (PET 360\u00ba), com Embaixadores que promovem pr\u00e1ticas sustent\u00e1veis e mobilizam o sector para uma a\u00e7\u00e3o clim\u00e1tica comum.","og_url":"https:\/\/portaltela.pt\/noticias\/2026\/02\/26\/turismo-de-portugal-marca-presenca-na-btl\/","og_site_name":"Portal Tela Portugal","article_published_time":"2026-02-26T17:42:17+00:00","author":"Telinha","twitter_card":"summary_large_image","twitter_misc":{"Escrito por":"Telinha","Tempo estimado de leitura":"1 minuto"},"schema":{"@context":"https:\/\/schema.org","@graph":[{"@type":"Article","@id":"https:\/\/portaltela.pt\/noticias\/2026\/02\/26\/turismo-de-portugal-marca-presenca-na-btl\/#article","isPartOf":{"@id":"https:\/\/portaltela.pt\/noticias\/2026\/02\/26\/turismo-de-portugal-marca-presenca-na-btl\/"},"author":{"name":"Telinha","@id":"https:\/\/portaltela.pt\/#\/schema\/person\/c4278d4a6028830caff9ee44b42d32ed"},"headline":"Turismo de Portugal marca presen\u00e7a na BTL","datePublished":"2026-02-26T17:42:17+00:00","mainEntityOfPage":{"@id":"https:\/\/portaltela.pt\/noticias\/2026\/02\/26\/turismo-de-portugal-marca-presenca-na-btl\/"},"wordCount":305,"image":{"@id":"https:\/\/portaltela.pt\/noticias\/2026\/02\/26\/turismo-de-portugal-marca-presenca-na-btl\/#primaryimage"},"thumbnailUrl":"https:\/\/portaltela.pt\/s.01k8rhncp4jt1\/2026\/02\/img_1500x1000uu2026-02-26-17-41-42-2269180.jpg","keywords":["_economia","energias renov\u00e1veis","neutralidade carb\u00f3nica","planeamento territorial","turismo","Turismo Sustent\u00e1vel"],"articleSection":["Not\u00edcias"],"inLanguage":"pt-PT"},{"@type":"WebPage","@id":"https:\/\/portaltela.pt\/noticias\/2026\/02\/26\/turismo-de-portugal-marca-presenca-na-btl\/","url":"https:\/\/portaltela.pt\/noticias\/2026\/02\/26\/turismo-de-portugal-marca-presenca-na-btl\/","name":"Turismo de Portugal marca presen\u00e7a na BTL - Portal Tela Portugal","isPartOf":{"@id":"https:\/\/portaltela.pt\/#website"},"primaryImageOfPage":{"@id":"https:\/\/portaltela.pt\/noticias\/2026\/02\/26\/turismo-de-portugal-marca-presenca-na-btl\/#primaryimage"},"image":{"@id":"https:\/\/portaltela.pt\/noticias\/2026\/02\/26\/turismo-de-portugal-marca-presenca-na-btl\/#primaryimage"},"thumbnailUrl":"https:\/\/portaltela.pt\/s.01k8rhncp4jt1\/2026\/02\/img_1500x1000uu2026-02-26-17-41-42-2269180.jpg","datePublished":"2026-02-26T17:42:17+00:00","author":{"@id":"https:\/\/portaltela.pt\/#\/schema\/person\/c4278d4a6028830caff9ee44b42d32ed"},"breadcrumb":{"@id":"https:\/\/portaltela.pt\/noticias\/2026\/02\/26\/turismo-de-portugal-marca-presenca-na-btl\/#breadcrumb"},"inLanguage":"pt-PT","potentialAction":[{"@type":"ReadAction","target":["https:\/\/portaltela.pt\/noticias\/2026\/02\/26\/turismo-de-portugal-marca-presenca-na-btl\/"]}]},{"@type":"ImageObject","inLanguage":"pt-PT","@id":"https:\/\/portaltela.pt\/noticias\/2026\/02\/26\/turismo-de-portugal-marca-presenca-na-btl\/#primaryimage","url":"https:\/\/portaltela.pt\/s.01k8rhncp4jt1\/2026\/02\/img_1500x1000uu2026-02-26-17-41-42-2269180.jpg","contentUrl":"https:\/\/portaltela.pt\/s.01k8rhncp4jt1\/2026\/02\/img_1500x1000uu2026-02-26-17-41-42-2269180.jpg","width":796,"height":448,"caption":"Log\u00f3tipo do Turismo de Portugal, promovendo o pa\u00eds como destino tur\u00edstico"},{"@type":"BreadcrumbList","@id":"https:\/\/portaltela.pt\/noticias\/2026\/02\/26\/turismo-de-portugal-marca-presenca-na-btl\/#breadcrumb","itemListElement":[{"@type":"ListItem","position":1,"name":"In\u00edcio","item":"https:\/\/portaltela.pt\/"},{"@type":"ListItem","position":2,"name":"Turismo de Portugal marca presen\u00e7a na BTL"}]},{"@type":"WebSite","@id":"https:\/\/portaltela.pt\/#website","url":"https:\/\/portaltela.pt\/","name":"Portal Tela Portugal","description":"","potentialAction":[{"@type":"SearchAction","target":{"@type":"EntryPoint","urlTemplate":"https:\/\/portaltela.pt\/?s={search_term_string}"},"query-input":{"@type":"PropertyValueSpecification","valueRequired":true,"valueName":"search_term_string"}}],"inLanguage":"pt-PT"},{"@type":"Person","@id":"https:\/\/portaltela.pt\/#\/schema\/person\/c4278d4a6028830caff9ee44b42d32ed","name":"Telinha","image":{"@type":"ImageObject","inLanguage":"pt-PT","@id":"https:\/\/portaltela.pt\/s.01k8rhncp4jt1\/2025\/11\/talking-bot-125x125.png","url":"https:\/\/portaltela.pt\/s.01k8rhncp4jt1\/2025\/11\/talking-bot-125x125.png","contentUrl":"https:\/\/portaltela.pt\/s.01k8rhncp4jt1\/2025\/11\/talking-bot-125x125.png","caption":"Telinha"},"sameAs":["https:\/\/portaltela.pt\/"],"url":"https:\/\/portaltela.pt\/por\/367410592786\/"}]}},"_links":{"self":[{"href":"https:\/\/portaltela.pt\/api\/wp\/v2\/posts\/389644","targetHints":{"allow":["GET"]}}],"collection":[{"href":"https:\/\/portaltela.pt\/api\/wp\/v2\/posts"}],"about":[{"href":"https:\/\/portaltela.pt\/api\/wp\/v2\/types\/post"}],"author":[{"embeddable":true,"href":"https:\/\/portaltela.pt\/api\/wp\/v2\/users\/2"}],"replies":[{"embeddable":true,"href":"https:\/\/portaltela.pt\/api\/wp\/v2\/comments?post=389644"}],"version-history":[{"count":0,"href":"https:\/\/portaltela.pt\/api\/wp\/v2\/posts\/389644\/revisions"}],"wp:featuredmedia":[{"embeddable":true,"href":"https:\/\/portaltela.pt\/api\/wp\/v2\/media\/389654"}],"wp:attachment":[{"href":"https:\/\/portaltela.pt\/api\/wp\/v2\/media?parent=389644"}],"wp:term":[{"taxonomy":"category","embeddable":true,"href":"https:\/\/portaltela.pt\/api\/wp\/v2\/categories?post=389644"},{"taxonomy":"post_tag","embeddable":true,"href":"https:\/\/portaltela.pt\/api\/wp\/v2\/tags?post=389644"}],"curies":[{"name":"wp","href":"https:\/\/api.w.org\/{rel}","templated":true}]}}