{"id":389625,"date":"2026-02-26T14:22:00","date_gmt":"2026-02-26T17:22:00","guid":{"rendered":"https:\/\/portaltela.pt\/noticias\/2026\/02\/26\/entre-ancoras-pretende-preservar-o-ecossistema-da-ria-formosa-no-algarve\/"},"modified":"2026-02-26T14:22:00","modified_gmt":"2026-02-26T17:22:00","slug":"entre-ancoras-pretende-preservar-o-ecossistema-da-ria-formosa-no-algarve","status":"publish","type":"post","link":"https:\/\/portaltela.pt\/noticias\/2026\/02\/26\/entre-ancoras-pretende-preservar-o-ecossistema-da-ria-formosa-no-algarve\/","title":{"rendered":"Entre \u00c2ncoras pretende preservar o ecossistema da Ria Formosa, no Algarve"},"content":{"rendered":"<p>A \u043d\u043e\u0432\u044b\u043c projecto Entre \u00c2ncoras chega ao Algarve com o objetivo de transformar visitantes e turistas alojados nos aldeamentos Pedras D&#8217;El Rei e Pedras da Rainha, em Tavira, em cuidadores do ecossistema da Ria Formosa. A apresenta\u00e7\u00e3o ocorreu no stand do Turismo do Algarve na BTL, a Bolsa de Turismo de Lisboa. Em mar\u00e7o v\u00e3o ficar dispon\u00edveis novas experi\u00eancias ao p\u00fablico.<\/p>\n<p>O projeto envolve o operador tur\u00edstico, a comunidade local e v\u00e1rios parceiros. Pretende estruturar em experi\u00eancias os ativos naturais, paisag\u00edsticos, culin\u00e1rios e culturais entre a terra e o mar, promovendo a preserva\u00e7\u00e3o do territ\u00f3rio e a autenticidade local.<\/p>\n<p>Entre as propostas est\u00e1 a Rota do Atum, organiza\u00e7\u00e3o de um parceiro do projeto, a Odisseias do Atum. A experi\u00eancia \u00e9 limitada a pequenos grupos e contempla uma visita guiada \u00e0 antiga arma\u00e7\u00e3o da Praia do Barril, com explica\u00e7\u00e3o sobre o papel econ\u00f3mico e social da arma\u00e7\u00e3o. O almo\u00e7o ocorre no Museu do Atum.<\/p>\n<p>Outra op\u00e7\u00e3o leva os visitantes \u00e0 Praia do Barril, com passeio no tradicional comboio tur\u00edstico e participa\u00e7\u00e3o nas modinhas algarvias. O almo\u00e7o tamb\u00e9m acontece no Museu do Atum, refor\u00e7ando a liga\u00e7\u00e3o entre pesca e economia regional.<\/p>\n<p>Para quem prefere natureza, surge a caminhada interpretativa pelo Trilho do Barril, dinamizada pela Pernatur. O percurso at\u00e9 \u00e0 praia dura cerca de duas horas e foca a observa\u00e7\u00e3o de fauna e flora, incluindo aves.<\/p>\n<p>Mar\u00e7o trar\u00e1 novas atividades promovidas pelo Pedras d El Rei, com marca\u00e7\u00e3o direta para quem ficar hospedado ou para o p\u00fablico n\u00e3o alojado. As a\u00e7\u00f5es incluem sess\u00f5es com mariscadores, pescadores e produtores locais, masterclasses com chefs de renome e menus tem\u00e1ticos no restaurante Vale D El Rei. Um dos chefs convidados \u00e9 Angel L\u00e9on, do Aponiente, com tr\u00eas estrelas Michelin.<\/p>\n","protected":false},"excerpt":{"rendered":"<ul>\n<li>O projeto Entre \u00c2ncoras, apresentado no stand do Turismo do Algarve na BTL, pretende transformar visitantes de Pedras D&#8217;El Rei e Pedras da Rainha em cuidadores do ecossistema da Ria Formosa.<\/li>\n<li>Em mar\u00e7o v\u00e3o abrir novas experi\u00eancias que estruturam atividades gastron\u00f3micas, cient\u00edficas e culturais do territ\u00f3rio entre terra e mar.<\/li>\n<li>A Rota do Atum inclui visita guiada \u00e0 arma\u00e7\u00e3o da Praia do Barril e almo\u00e7o no Museu do Atum, com contextualiza\u00e7\u00e3o hist\u00f3rica e econ\u00f3mica da regi\u00e3o.<\/li>\n<li>Outra experi\u00eancia contempla o passeio de comboio tur\u00edstico pela Praia do Barril com modinhas algarvias e almo\u00e7o no Museu do Atum, al\u00e9m de uma caminhada interpretativa pelo Trilho do Barril em parceria com Pernatur.<\/li>\n<li>Em mar\u00e7o ser\u00e3o lan\u00e7adas mais atividades pelo Pedras d\u2019 El Rei, incluindo sess\u00f5es com mariscadores, pescadores, masterclasses com chefs (como Angel L\u00e9on, Aponiente) e oficinas de degusta\u00e7\u00e3o no Vale D\u2019El Rei.<\/li>\n<\/ul>\n","protected":false},"author":2,"featured_media":389637,"comment_status":"closed","ping_status":"closed","sticky":false,"template":"","format":"standard","meta":{"footnotes":""},"categories":[1],"tags":[928,167,3568,5093,2687,169],"class_list":["post-389625","post","type-post","status-publish","format-standard","has-post-thumbnail","hentry","category-noticias","tag-algarve","tag-ambiente","tag-natureza","tag-pesca","tag-tavira","tag-turismo"],"yoast_head":"<!-- This site is optimized with the Yoast SEO plugin v27.2 - https:\/\/yoast.com\/product\/yoast-seo-wordpress\/ -->\n<title>Entre \u00c2ncoras pretende preservar o ecossistema da Ria Formosa, no Algarve - Portal Tela Portugal<\/title>\n<meta name=\"robots\" content=\"index, follow, max-snippet:-1, max-image-preview:large, max-video-preview:-1\" \/>\n<meta property=\"og:locale\" content=\"pt_PT\" \/>\n<meta property=\"og:type\" content=\"article\" \/>\n<meta property=\"og:title\" content=\"Entre \u00c2ncoras pretende preservar o ecossistema da Ria Formosa, no Algarve - Portal Tela Portugal\" \/>\n<meta property=\"og:description\" content=\"O projeto Entre \u00c2ncoras, apresentado no stand do Turismo do Algarve na BTL, pretende transformar visitantes de Pedras D&#039;El Rei e Pedras da Rainha em cuidadores do ecossistema da Ria Formosa. Em mar\u00e7o v\u00e3o abrir novas experi\u00eancias que estruturam atividades gastron\u00f3micas, cient\u00edficas e culturais do territ\u00f3rio entre terra e mar. A Rota do Atum inclui visita guiada \u00e0 arma\u00e7\u00e3o da Praia do Barril e almo\u00e7o no Museu do Atum, com contextualiza\u00e7\u00e3o hist\u00f3rica e econ\u00f3mica da regi\u00e3o. Outra experi\u00eancia contempla o passeio de comboio tur\u00edstico pela Praia do Barril com modinhas algarvias e almo\u00e7o no Museu do Atum, al\u00e9m de uma caminhada interpretativa pelo Trilho do Barril em parceria com Pernatur. Em mar\u00e7o ser\u00e3o lan\u00e7adas mais atividades pelo Pedras d\u2019 El Rei, incluindo sess\u00f5es com mariscadores, pescadores, masterclasses com chefs (como Angel L\u00e9on, Aponiente) e oficinas de degusta\u00e7\u00e3o no Vale D\u2019El Rei.\" \/>\n<meta property=\"og:url\" content=\"https:\/\/portaltela.pt\/noticias\/2026\/02\/26\/entre-ancoras-pretende-preservar-o-ecossistema-da-ria-formosa-no-algarve\/\" \/>\n<meta property=\"og:site_name\" content=\"Portal Tela Portugal\" \/>\n<meta property=\"article:published_time\" content=\"2026-02-26T17:22:00+00:00\" \/>\n<meta name=\"author\" content=\"Telinha\" \/>\n<meta name=\"twitter:card\" content=\"summary_large_image\" \/>\n<meta name=\"twitter:label1\" content=\"Escrito por\" \/>\n\t<meta name=\"twitter:data1\" content=\"Telinha\" \/>\n\t<meta name=\"twitter:label2\" content=\"Tempo estimado de leitura\" \/>\n\t<meta name=\"twitter:data2\" content=\"2 minutos\" \/>\n<script type=\"application\/ld+json\" class=\"yoast-schema-graph\">{\"@context\":\"https:\/\/schema.org\",\"@graph\":[{\"@type\":\"Article\",\"@id\":\"https:\/\/portaltela.pt\/noticias\/2026\/02\/26\/entre-ancoras-pretende-preservar-o-ecossistema-da-ria-formosa-no-algarve\/#article\",\"isPartOf\":{\"@id\":\"https:\/\/portaltela.pt\/noticias\/2026\/02\/26\/entre-ancoras-pretende-preservar-o-ecossistema-da-ria-formosa-no-algarve\/\"},\"author\":{\"name\":\"Telinha\",\"@id\":\"https:\/\/portaltela.pt\/#\/schema\/person\/c4278d4a6028830caff9ee44b42d32ed\"},\"headline\":\"Entre \u00c2ncoras pretende preservar o ecossistema da Ria Formosa, no Algarve\",\"datePublished\":\"2026-02-26T17:22:00+00:00\",\"mainEntityOfPage\":{\"@id\":\"https:\/\/portaltela.pt\/noticias\/2026\/02\/26\/entre-ancoras-pretende-preservar-o-ecossistema-da-ria-formosa-no-algarve\/\"},\"wordCount\":328,\"image\":{\"@id\":\"https:\/\/portaltela.pt\/noticias\/2026\/02\/26\/entre-ancoras-pretende-preservar-o-ecossistema-da-ria-formosa-no-algarve\/#primaryimage\"},\"thumbnailUrl\":\"https:\/\/portaltela.pt\/s.01k8rhncp4jt1\/2026\/02\/image-1942.jpg\",\"keywords\":[\"Algarve\",\"ambiente\",\"natureza\",\"pesca\",\"Tavira\",\"turismo\"],\"articleSection\":[\"Not\u00edcias\"],\"inLanguage\":\"pt-PT\"},{\"@type\":\"WebPage\",\"@id\":\"https:\/\/portaltela.pt\/noticias\/2026\/02\/26\/entre-ancoras-pretende-preservar-o-ecossistema-da-ria-formosa-no-algarve\/\",\"url\":\"https:\/\/portaltela.pt\/noticias\/2026\/02\/26\/entre-ancoras-pretende-preservar-o-ecossistema-da-ria-formosa-no-algarve\/\",\"name\":\"Entre \u00c2ncoras pretende preservar o ecossistema da Ria Formosa, no Algarve - Portal Tela Portugal\",\"isPartOf\":{\"@id\":\"https:\/\/portaltela.pt\/#website\"},\"primaryImageOfPage\":{\"@id\":\"https:\/\/portaltela.pt\/noticias\/2026\/02\/26\/entre-ancoras-pretende-preservar-o-ecossistema-da-ria-formosa-no-algarve\/#primaryimage\"},\"image\":{\"@id\":\"https:\/\/portaltela.pt\/noticias\/2026\/02\/26\/entre-ancoras-pretende-preservar-o-ecossistema-da-ria-formosa-no-algarve\/#primaryimage\"},\"thumbnailUrl\":\"https:\/\/portaltela.pt\/s.01k8rhncp4jt1\/2026\/02\/image-1942.jpg\",\"datePublished\":\"2026-02-26T17:22:00+00:00\",\"author\":{\"@id\":\"https:\/\/portaltela.pt\/#\/schema\/person\/c4278d4a6028830caff9ee44b42d32ed\"},\"breadcrumb\":{\"@id\":\"https:\/\/portaltela.pt\/noticias\/2026\/02\/26\/entre-ancoras-pretende-preservar-o-ecossistema-da-ria-formosa-no-algarve\/#breadcrumb\"},\"inLanguage\":\"pt-PT\",\"potentialAction\":[{\"@type\":\"ReadAction\",\"target\":[\"https:\/\/portaltela.pt\/noticias\/2026\/02\/26\/entre-ancoras-pretende-preservar-o-ecossistema-da-ria-formosa-no-algarve\/\"]}]},{\"@type\":\"ImageObject\",\"inLanguage\":\"pt-PT\",\"@id\":\"https:\/\/portaltela.pt\/noticias\/2026\/02\/26\/entre-ancoras-pretende-preservar-o-ecossistema-da-ria-formosa-no-algarve\/#primaryimage\",\"url\":\"https:\/\/portaltela.pt\/s.01k8rhncp4jt1\/2026\/02\/image-1942.jpg\",\"contentUrl\":\"https:\/\/portaltela.pt\/s.01k8rhncp4jt1\/2026\/02\/image-1942.jpg\",\"width\":796,\"height\":448,\"caption\":\"O cemit\u00e9rio das \u00e2ncoras, na Praia do Barril, \u00e9 um testemunho da pesca do atum.\"},{\"@type\":\"BreadcrumbList\",\"@id\":\"https:\/\/portaltela.pt\/noticias\/2026\/02\/26\/entre-ancoras-pretende-preservar-o-ecossistema-da-ria-formosa-no-algarve\/#breadcrumb\",\"itemListElement\":[{\"@type\":\"ListItem\",\"position\":1,\"name\":\"In\u00edcio\",\"item\":\"https:\/\/portaltela.pt\/\"},{\"@type\":\"ListItem\",\"position\":2,\"name\":\"Entre \u00c2ncoras pretende preservar o ecossistema da Ria Formosa, no Algarve\"}]},{\"@type\":\"WebSite\",\"@id\":\"https:\/\/portaltela.pt\/#website\",\"url\":\"https:\/\/portaltela.pt\/\",\"name\":\"Portal Tela Portugal\",\"description\":\"\",\"potentialAction\":[{\"@type\":\"SearchAction\",\"target\":{\"@type\":\"EntryPoint\",\"urlTemplate\":\"https:\/\/portaltela.pt\/?s={search_term_string}\"},\"query-input\":{\"@type\":\"PropertyValueSpecification\",\"valueRequired\":true,\"valueName\":\"search_term_string\"}}],\"inLanguage\":\"pt-PT\"},{\"@type\":\"Person\",\"@id\":\"https:\/\/portaltela.pt\/#\/schema\/person\/c4278d4a6028830caff9ee44b42d32ed\",\"name\":\"Telinha\",\"image\":{\"@type\":\"ImageObject\",\"inLanguage\":\"pt-PT\",\"@id\":\"https:\/\/portaltela.pt\/s.01k8rhncp4jt1\/2025\/11\/talking-bot-125x125.png\",\"url\":\"https:\/\/portaltela.pt\/s.01k8rhncp4jt1\/2025\/11\/talking-bot-125x125.png\",\"contentUrl\":\"https:\/\/portaltela.pt\/s.01k8rhncp4jt1\/2025\/11\/talking-bot-125x125.png\",\"caption\":\"Telinha\"},\"sameAs\":[\"https:\/\/portaltela.pt\/\"],\"url\":\"https:\/\/portaltela.pt\/por\/367410592786\/\"}]}<\/script>\n<!-- \/ Yoast SEO plugin. -->","yoast_head_json":{"title":"Entre \u00c2ncoras pretende preservar o ecossistema da Ria Formosa, no Algarve - Portal Tela Portugal","robots":{"index":"index","follow":"follow","max-snippet":"max-snippet:-1","max-image-preview":"max-image-preview:large","max-video-preview":"max-video-preview:-1"},"og_locale":"pt_PT","og_type":"article","og_title":"Entre \u00c2ncoras pretende preservar o ecossistema da Ria Formosa, no Algarve - Portal Tela Portugal","og_description":"O projeto Entre \u00c2ncoras, apresentado no stand do Turismo do Algarve na BTL, pretende transformar visitantes de Pedras D'El Rei e Pedras da Rainha em cuidadores do ecossistema da Ria Formosa. Em mar\u00e7o v\u00e3o abrir novas experi\u00eancias que estruturam atividades gastron\u00f3micas, cient\u00edficas e culturais do territ\u00f3rio entre terra e mar. A Rota do Atum inclui visita guiada \u00e0 arma\u00e7\u00e3o da Praia do Barril e almo\u00e7o no Museu do Atum, com contextualiza\u00e7\u00e3o hist\u00f3rica e econ\u00f3mica da regi\u00e3o. Outra experi\u00eancia contempla o passeio de comboio tur\u00edstico pela Praia do Barril com modinhas algarvias e almo\u00e7o no Museu do Atum, al\u00e9m de uma caminhada interpretativa pelo Trilho do Barril em parceria com Pernatur. Em mar\u00e7o ser\u00e3o lan\u00e7adas mais atividades pelo Pedras d\u2019 El Rei, incluindo sess\u00f5es com mariscadores, pescadores, masterclasses com chefs (como Angel L\u00e9on, Aponiente) e oficinas de degusta\u00e7\u00e3o no Vale D\u2019El Rei.","og_url":"https:\/\/portaltela.pt\/noticias\/2026\/02\/26\/entre-ancoras-pretende-preservar-o-ecossistema-da-ria-formosa-no-algarve\/","og_site_name":"Portal Tela Portugal","article_published_time":"2026-02-26T17:22:00+00:00","author":"Telinha","twitter_card":"summary_large_image","twitter_misc":{"Escrito por":"Telinha","Tempo estimado de leitura":"2 minutos"},"schema":{"@context":"https:\/\/schema.org","@graph":[{"@type":"Article","@id":"https:\/\/portaltela.pt\/noticias\/2026\/02\/26\/entre-ancoras-pretende-preservar-o-ecossistema-da-ria-formosa-no-algarve\/#article","isPartOf":{"@id":"https:\/\/portaltela.pt\/noticias\/2026\/02\/26\/entre-ancoras-pretende-preservar-o-ecossistema-da-ria-formosa-no-algarve\/"},"author":{"name":"Telinha","@id":"https:\/\/portaltela.pt\/#\/schema\/person\/c4278d4a6028830caff9ee44b42d32ed"},"headline":"Entre \u00c2ncoras pretende preservar o ecossistema da Ria Formosa, no Algarve","datePublished":"2026-02-26T17:22:00+00:00","mainEntityOfPage":{"@id":"https:\/\/portaltela.pt\/noticias\/2026\/02\/26\/entre-ancoras-pretende-preservar-o-ecossistema-da-ria-formosa-no-algarve\/"},"wordCount":328,"image":{"@id":"https:\/\/portaltela.pt\/noticias\/2026\/02\/26\/entre-ancoras-pretende-preservar-o-ecossistema-da-ria-formosa-no-algarve\/#primaryimage"},"thumbnailUrl":"https:\/\/portaltela.pt\/s.01k8rhncp4jt1\/2026\/02\/image-1942.jpg","keywords":["Algarve","ambiente","natureza","pesca","Tavira","turismo"],"articleSection":["Not\u00edcias"],"inLanguage":"pt-PT"},{"@type":"WebPage","@id":"https:\/\/portaltela.pt\/noticias\/2026\/02\/26\/entre-ancoras-pretende-preservar-o-ecossistema-da-ria-formosa-no-algarve\/","url":"https:\/\/portaltela.pt\/noticias\/2026\/02\/26\/entre-ancoras-pretende-preservar-o-ecossistema-da-ria-formosa-no-algarve\/","name":"Entre \u00c2ncoras pretende preservar o ecossistema da Ria Formosa, no Algarve - Portal Tela Portugal","isPartOf":{"@id":"https:\/\/portaltela.pt\/#website"},"primaryImageOfPage":{"@id":"https:\/\/portaltela.pt\/noticias\/2026\/02\/26\/entre-ancoras-pretende-preservar-o-ecossistema-da-ria-formosa-no-algarve\/#primaryimage"},"image":{"@id":"https:\/\/portaltela.pt\/noticias\/2026\/02\/26\/entre-ancoras-pretende-preservar-o-ecossistema-da-ria-formosa-no-algarve\/#primaryimage"},"thumbnailUrl":"https:\/\/portaltela.pt\/s.01k8rhncp4jt1\/2026\/02\/image-1942.jpg","datePublished":"2026-02-26T17:22:00+00:00","author":{"@id":"https:\/\/portaltela.pt\/#\/schema\/person\/c4278d4a6028830caff9ee44b42d32ed"},"breadcrumb":{"@id":"https:\/\/portaltela.pt\/noticias\/2026\/02\/26\/entre-ancoras-pretende-preservar-o-ecossistema-da-ria-formosa-no-algarve\/#breadcrumb"},"inLanguage":"pt-PT","potentialAction":[{"@type":"ReadAction","target":["https:\/\/portaltela.pt\/noticias\/2026\/02\/26\/entre-ancoras-pretende-preservar-o-ecossistema-da-ria-formosa-no-algarve\/"]}]},{"@type":"ImageObject","inLanguage":"pt-PT","@id":"https:\/\/portaltela.pt\/noticias\/2026\/02\/26\/entre-ancoras-pretende-preservar-o-ecossistema-da-ria-formosa-no-algarve\/#primaryimage","url":"https:\/\/portaltela.pt\/s.01k8rhncp4jt1\/2026\/02\/image-1942.jpg","contentUrl":"https:\/\/portaltela.pt\/s.01k8rhncp4jt1\/2026\/02\/image-1942.jpg","width":796,"height":448,"caption":"O cemit\u00e9rio das \u00e2ncoras, na Praia do Barril, \u00e9 um testemunho da pesca do atum."},{"@type":"BreadcrumbList","@id":"https:\/\/portaltela.pt\/noticias\/2026\/02\/26\/entre-ancoras-pretende-preservar-o-ecossistema-da-ria-formosa-no-algarve\/#breadcrumb","itemListElement":[{"@type":"ListItem","position":1,"name":"In\u00edcio","item":"https:\/\/portaltela.pt\/"},{"@type":"ListItem","position":2,"name":"Entre \u00c2ncoras pretende preservar o ecossistema da Ria Formosa, no Algarve"}]},{"@type":"WebSite","@id":"https:\/\/portaltela.pt\/#website","url":"https:\/\/portaltela.pt\/","name":"Portal Tela Portugal","description":"","potentialAction":[{"@type":"SearchAction","target":{"@type":"EntryPoint","urlTemplate":"https:\/\/portaltela.pt\/?s={search_term_string}"},"query-input":{"@type":"PropertyValueSpecification","valueRequired":true,"valueName":"search_term_string"}}],"inLanguage":"pt-PT"},{"@type":"Person","@id":"https:\/\/portaltela.pt\/#\/schema\/person\/c4278d4a6028830caff9ee44b42d32ed","name":"Telinha","image":{"@type":"ImageObject","inLanguage":"pt-PT","@id":"https:\/\/portaltela.pt\/s.01k8rhncp4jt1\/2025\/11\/talking-bot-125x125.png","url":"https:\/\/portaltela.pt\/s.01k8rhncp4jt1\/2025\/11\/talking-bot-125x125.png","contentUrl":"https:\/\/portaltela.pt\/s.01k8rhncp4jt1\/2025\/11\/talking-bot-125x125.png","caption":"Telinha"},"sameAs":["https:\/\/portaltela.pt\/"],"url":"https:\/\/portaltela.pt\/por\/367410592786\/"}]}},"_links":{"self":[{"href":"https:\/\/portaltela.pt\/api\/wp\/v2\/posts\/389625","targetHints":{"allow":["GET"]}}],"collection":[{"href":"https:\/\/portaltela.pt\/api\/wp\/v2\/posts"}],"about":[{"href":"https:\/\/portaltela.pt\/api\/wp\/v2\/types\/post"}],"author":[{"embeddable":true,"href":"https:\/\/portaltela.pt\/api\/wp\/v2\/users\/2"}],"replies":[{"embeddable":true,"href":"https:\/\/portaltela.pt\/api\/wp\/v2\/comments?post=389625"}],"version-history":[{"count":0,"href":"https:\/\/portaltela.pt\/api\/wp\/v2\/posts\/389625\/revisions"}],"wp:featuredmedia":[{"embeddable":true,"href":"https:\/\/portaltela.pt\/api\/wp\/v2\/media\/389637"}],"wp:attachment":[{"href":"https:\/\/portaltela.pt\/api\/wp\/v2\/media?parent=389625"}],"wp:term":[{"taxonomy":"category","embeddable":true,"href":"https:\/\/portaltela.pt\/api\/wp\/v2\/categories?post=389625"},{"taxonomy":"post_tag","embeddable":true,"href":"https:\/\/portaltela.pt\/api\/wp\/v2\/tags?post=389625"}],"curies":[{"name":"wp","href":"https:\/\/api.w.org\/{rel}","templated":true}]}}