{"id":389619,"date":"2026-02-26T14:16:00","date_gmt":"2026-02-26T17:16:00","guid":{"rendered":"https:\/\/portaltela.pt\/noticias\/2026\/02\/26\/reforco-deixa-o-santa-clara-sem-estreia\/"},"modified":"2026-02-26T14:16:00","modified_gmt":"2026-02-26T17:16:00","slug":"reforco-deixa-o-santa-clara-sem-estreia","status":"publish","type":"post","link":"https:\/\/portaltela.pt\/desporto\/futebol\/2026\/02\/26\/reforco-deixa-o-santa-clara-sem-estreia\/","title":{"rendered":"Refor\u00e7o deixa o Santa Clara sem estreia"},"content":{"rendered":"<p>Marcos Victor, defesa central de 24 anos, regressou ao Bahia ap\u00f3s um empr\u00e9stimo ao Santa Clara iniciado em janeiro. O jogador nunca atuou pela equipa a\u00e7oriana.<\/p>\n<p>A sa\u00edda ocorreu a pedido do Bahia, que atravessa les\u00f5es no plantel. O Santa Clara n\u00e3o se op\u00f4s \u00e0 ced\u00eancia tempor\u00e1ria, concluindo o regresso do jogador.<\/p>\n<h3>Situa\u00e7\u00e3o na defesa<\/h3>\n<p>De acordo com o treinador Petit, as op\u00e7\u00f5es para centrais ficam agora limitadas a Sidney Lima, Frederico Ven\u00e2ncio, Pedro Pacheco e Henrique Silva. O brasileiro MT est\u00e1 lesionado e dever\u00e1 falhar o restante da \u00e9poca.<\/p>\n","protected":false},"excerpt":{"rendered":"<ul>\n<li>Marcos Victor, central de 24 anos, regressou ao Bahia ap\u00f3s ficar sem estrear pelo Santa Clara, onde chegou por empr\u00e9stimo em janeiro.<\/li>\n<li>O defesa nunca atuou pela equipa a\u00e7oriana durante o per\u00edodo de empr\u00e9stimo.<\/li>\n<li>O Bahia pediu o regresso do jogador devido a uma onda de les\u00f5es no plantel.<\/li>\n<li>O Santa Clara n\u00e3o op\u00f4s resist\u00eancia \u00e0 sa\u00edda, mantendo o registo da opera\u00e7\u00e3o.<\/li>\n<li>Para o resto da \u00e9poca, o treinador Petit tem como op\u00e7\u00f5es de centrais Sidney Lima, Frederico Ven\u00e2ncio, Pedro Pacheco e Henrique Silva; MT est\u00e1 lesionado.<\/li>\n<\/ul>\n","protected":false},"author":2,"featured_media":389628,"comment_status":"closed","ping_status":"closed","sticky":false,"template":"","format":"standard","meta":{"footnotes":""},"categories":[21,24],"tags":[5874,4077,2457,32,242,998],"class_list":["post-389619","post","type-post","status-publish","format-standard","has-post-thumbnail","hentry","category-desporto","category-futebol","tag-bahia","tag-defesa-central","tag-emprestimos","tag-futebol","tag-jogadores","tag-santa-clara"],"yoast_head":"<!-- This site is optimized with the Yoast SEO plugin v27.2 - https:\/\/yoast.com\/product\/yoast-seo-wordpress\/ -->\n<title>Refor\u00e7o deixa o Santa Clara sem estreia - Portal Tela Portugal<\/title>\n<meta name=\"robots\" content=\"index, follow, max-snippet:-1, max-image-preview:large, max-video-preview:-1\" \/>\n<meta property=\"og:locale\" content=\"pt_PT\" \/>\n<meta property=\"og:type\" content=\"article\" \/>\n<meta property=\"og:title\" content=\"Refor\u00e7o deixa o Santa Clara sem estreia - Portal Tela Portugal\" \/>\n<meta property=\"og:description\" content=\"Marcos Victor, central de 24 anos, regressou ao Bahia ap\u00f3s ficar sem estrear pelo Santa Clara, onde chegou por empr\u00e9stimo em janeiro. O defesa nunca atuou pela equipa a\u00e7oriana durante o per\u00edodo de empr\u00e9stimo. O Bahia pediu o regresso do jogador devido a uma onda de les\u00f5es no plantel. O Santa Clara n\u00e3o op\u00f4s resist\u00eancia \u00e0 sa\u00edda, mantendo o registo da opera\u00e7\u00e3o. Para o resto da \u00e9poca, o treinador Petit tem como op\u00e7\u00f5es de centrais Sidney Lima, Frederico Ven\u00e2ncio, Pedro Pacheco e Henrique Silva; MT est\u00e1 lesionado.\" \/>\n<meta property=\"og:url\" content=\"https:\/\/portaltela.pt\/noticias\/2026\/02\/26\/reforco-deixa-o-santa-clara-sem-estreia\/\" \/>\n<meta property=\"og:site_name\" content=\"Portal Tela Portugal\" \/>\n<meta property=\"article:published_time\" content=\"2026-02-26T17:16:00+00:00\" \/>\n<meta name=\"author\" content=\"Telinha\" \/>\n<meta name=\"twitter:card\" content=\"summary_large_image\" \/>\n<meta name=\"twitter:label1\" content=\"Escrito por\" \/>\n\t<meta name=\"twitter:data1\" content=\"Telinha\" \/>\n\t<meta name=\"twitter:label2\" content=\"Tempo estimado de leitura\" \/>\n\t<meta name=\"twitter:data2\" content=\"1 minuto\" \/>\n<script type=\"application\/ld+json\" class=\"yoast-schema-graph\">{\"@context\":\"https:\/\/schema.org\",\"@graph\":[{\"@type\":\"Article\",\"@id\":\"https:\/\/portaltela.pt\/noticias\/2026\/02\/26\/reforco-deixa-o-santa-clara-sem-estreia\/#article\",\"isPartOf\":{\"@id\":\"https:\/\/portaltela.pt\/noticias\/2026\/02\/26\/reforco-deixa-o-santa-clara-sem-estreia\/\"},\"author\":{\"name\":\"Telinha\",\"@id\":\"https:\/\/portaltela.pt\/#\/schema\/person\/c4278d4a6028830caff9ee44b42d32ed\"},\"headline\":\"Refor\u00e7o deixa o Santa Clara sem estreia\",\"datePublished\":\"2026-02-26T17:16:00+00:00\",\"mainEntityOfPage\":{\"@id\":\"https:\/\/portaltela.pt\/noticias\/2026\/02\/26\/reforco-deixa-o-santa-clara-sem-estreia\/\"},\"wordCount\":108,\"image\":{\"@id\":\"https:\/\/portaltela.pt\/noticias\/2026\/02\/26\/reforco-deixa-o-santa-clara-sem-estreia\/#primaryimage\"},\"thumbnailUrl\":\"https:\/\/portaltela.pt\/s.01k8rhncp4jt1\/2026\/02\/img_920x518uu2026-02-26-17-14-27-2423817-im-639077229248701922.jpg\",\"keywords\":[\"Bahia\",\"defesa-central\",\"empr\u00e9stimos\",\"futebol\",\"jogadores\",\"Santa Clara\"],\"articleSection\":[\"Desporto\",\"Futebol\"],\"inLanguage\":\"pt-PT\"},{\"@type\":\"WebPage\",\"@id\":\"https:\/\/portaltela.pt\/noticias\/2026\/02\/26\/reforco-deixa-o-santa-clara-sem-estreia\/\",\"url\":\"https:\/\/portaltela.pt\/noticias\/2026\/02\/26\/reforco-deixa-o-santa-clara-sem-estreia\/\",\"name\":\"Refor\u00e7o deixa o Santa Clara sem estreia - Portal Tela Portugal\",\"isPartOf\":{\"@id\":\"https:\/\/portaltela.pt\/#website\"},\"primaryImageOfPage\":{\"@id\":\"https:\/\/portaltela.pt\/noticias\/2026\/02\/26\/reforco-deixa-o-santa-clara-sem-estreia\/#primaryimage\"},\"image\":{\"@id\":\"https:\/\/portaltela.pt\/noticias\/2026\/02\/26\/reforco-deixa-o-santa-clara-sem-estreia\/#primaryimage\"},\"thumbnailUrl\":\"https:\/\/portaltela.pt\/s.01k8rhncp4jt1\/2026\/02\/img_920x518uu2026-02-26-17-14-27-2423817-im-639077229248701922.jpg\",\"datePublished\":\"2026-02-26T17:16:00+00:00\",\"author\":{\"@id\":\"https:\/\/portaltela.pt\/#\/schema\/person\/c4278d4a6028830caff9ee44b42d32ed\"},\"breadcrumb\":{\"@id\":\"https:\/\/portaltela.pt\/noticias\/2026\/02\/26\/reforco-deixa-o-santa-clara-sem-estreia\/#breadcrumb\"},\"inLanguage\":\"pt-PT\",\"potentialAction\":[{\"@type\":\"ReadAction\",\"target\":[\"https:\/\/portaltela.pt\/noticias\/2026\/02\/26\/reforco-deixa-o-santa-clara-sem-estreia\/\"]}]},{\"@type\":\"ImageObject\",\"inLanguage\":\"pt-PT\",\"@id\":\"https:\/\/portaltela.pt\/noticias\/2026\/02\/26\/reforco-deixa-o-santa-clara-sem-estreia\/#primaryimage\",\"url\":\"https:\/\/portaltela.pt\/s.01k8rhncp4jt1\/2026\/02\/img_920x518uu2026-02-26-17-14-27-2423817-im-639077229248701922.jpg\",\"contentUrl\":\"https:\/\/portaltela.pt\/s.01k8rhncp4jt1\/2026\/02\/img_920x518uu2026-02-26-17-14-27-2423817-im-639077229248701922.jpg\",\"width\":796,\"height\":448,\"caption\":\"Marcos Victor abandona Santa Clara\"},{\"@type\":\"BreadcrumbList\",\"@id\":\"https:\/\/portaltela.pt\/noticias\/2026\/02\/26\/reforco-deixa-o-santa-clara-sem-estreia\/#breadcrumb\",\"itemListElement\":[{\"@type\":\"ListItem\",\"position\":1,\"name\":\"In\u00edcio\",\"item\":\"https:\/\/portaltela.pt\/\"},{\"@type\":\"ListItem\",\"position\":2,\"name\":\"Refor\u00e7o deixa o Santa Clara sem estreia\"}]},{\"@type\":\"WebSite\",\"@id\":\"https:\/\/portaltela.pt\/#website\",\"url\":\"https:\/\/portaltela.pt\/\",\"name\":\"Portal Tela Portugal\",\"description\":\"\",\"potentialAction\":[{\"@type\":\"SearchAction\",\"target\":{\"@type\":\"EntryPoint\",\"urlTemplate\":\"https:\/\/portaltela.pt\/?s={search_term_string}\"},\"query-input\":{\"@type\":\"PropertyValueSpecification\",\"valueRequired\":true,\"valueName\":\"search_term_string\"}}],\"inLanguage\":\"pt-PT\"},{\"@type\":\"Person\",\"@id\":\"https:\/\/portaltela.pt\/#\/schema\/person\/c4278d4a6028830caff9ee44b42d32ed\",\"name\":\"Telinha\",\"image\":{\"@type\":\"ImageObject\",\"inLanguage\":\"pt-PT\",\"@id\":\"https:\/\/portaltela.pt\/s.01k8rhncp4jt1\/2025\/11\/talking-bot-125x125.png\",\"url\":\"https:\/\/portaltela.pt\/s.01k8rhncp4jt1\/2025\/11\/talking-bot-125x125.png\",\"contentUrl\":\"https:\/\/portaltela.pt\/s.01k8rhncp4jt1\/2025\/11\/talking-bot-125x125.png\",\"caption\":\"Telinha\"},\"sameAs\":[\"https:\/\/portaltela.pt\/\"],\"url\":\"https:\/\/portaltela.pt\/por\/367410592786\/\"}]}<\/script>\n<!-- \/ Yoast SEO plugin. -->","yoast_head_json":{"title":"Refor\u00e7o deixa o Santa Clara sem estreia - Portal Tela Portugal","robots":{"index":"index","follow":"follow","max-snippet":"max-snippet:-1","max-image-preview":"max-image-preview:large","max-video-preview":"max-video-preview:-1"},"og_locale":"pt_PT","og_type":"article","og_title":"Refor\u00e7o deixa o Santa Clara sem estreia - Portal Tela Portugal","og_description":"Marcos Victor, central de 24 anos, regressou ao Bahia ap\u00f3s ficar sem estrear pelo Santa Clara, onde chegou por empr\u00e9stimo em janeiro. O defesa nunca atuou pela equipa a\u00e7oriana durante o per\u00edodo de empr\u00e9stimo. O Bahia pediu o regresso do jogador devido a uma onda de les\u00f5es no plantel. O Santa Clara n\u00e3o op\u00f4s resist\u00eancia \u00e0 sa\u00edda, mantendo o registo da opera\u00e7\u00e3o. Para o resto da \u00e9poca, o treinador Petit tem como op\u00e7\u00f5es de centrais Sidney Lima, Frederico Ven\u00e2ncio, Pedro Pacheco e Henrique Silva; MT est\u00e1 lesionado.","og_url":"https:\/\/portaltela.pt\/noticias\/2026\/02\/26\/reforco-deixa-o-santa-clara-sem-estreia\/","og_site_name":"Portal Tela Portugal","article_published_time":"2026-02-26T17:16:00+00:00","author":"Telinha","twitter_card":"summary_large_image","twitter_misc":{"Escrito por":"Telinha","Tempo estimado de leitura":"1 minuto"},"schema":{"@context":"https:\/\/schema.org","@graph":[{"@type":"Article","@id":"https:\/\/portaltela.pt\/noticias\/2026\/02\/26\/reforco-deixa-o-santa-clara-sem-estreia\/#article","isPartOf":{"@id":"https:\/\/portaltela.pt\/noticias\/2026\/02\/26\/reforco-deixa-o-santa-clara-sem-estreia\/"},"author":{"name":"Telinha","@id":"https:\/\/portaltela.pt\/#\/schema\/person\/c4278d4a6028830caff9ee44b42d32ed"},"headline":"Refor\u00e7o deixa o Santa Clara sem estreia","datePublished":"2026-02-26T17:16:00+00:00","mainEntityOfPage":{"@id":"https:\/\/portaltela.pt\/noticias\/2026\/02\/26\/reforco-deixa-o-santa-clara-sem-estreia\/"},"wordCount":108,"image":{"@id":"https:\/\/portaltela.pt\/noticias\/2026\/02\/26\/reforco-deixa-o-santa-clara-sem-estreia\/#primaryimage"},"thumbnailUrl":"https:\/\/portaltela.pt\/s.01k8rhncp4jt1\/2026\/02\/img_920x518uu2026-02-26-17-14-27-2423817-im-639077229248701922.jpg","keywords":["Bahia","defesa-central","empr\u00e9stimos","futebol","jogadores","Santa Clara"],"articleSection":["Desporto","Futebol"],"inLanguage":"pt-PT"},{"@type":"WebPage","@id":"https:\/\/portaltela.pt\/noticias\/2026\/02\/26\/reforco-deixa-o-santa-clara-sem-estreia\/","url":"https:\/\/portaltela.pt\/noticias\/2026\/02\/26\/reforco-deixa-o-santa-clara-sem-estreia\/","name":"Refor\u00e7o deixa o Santa Clara sem estreia - Portal Tela Portugal","isPartOf":{"@id":"https:\/\/portaltela.pt\/#website"},"primaryImageOfPage":{"@id":"https:\/\/portaltela.pt\/noticias\/2026\/02\/26\/reforco-deixa-o-santa-clara-sem-estreia\/#primaryimage"},"image":{"@id":"https:\/\/portaltela.pt\/noticias\/2026\/02\/26\/reforco-deixa-o-santa-clara-sem-estreia\/#primaryimage"},"thumbnailUrl":"https:\/\/portaltela.pt\/s.01k8rhncp4jt1\/2026\/02\/img_920x518uu2026-02-26-17-14-27-2423817-im-639077229248701922.jpg","datePublished":"2026-02-26T17:16:00+00:00","author":{"@id":"https:\/\/portaltela.pt\/#\/schema\/person\/c4278d4a6028830caff9ee44b42d32ed"},"breadcrumb":{"@id":"https:\/\/portaltela.pt\/noticias\/2026\/02\/26\/reforco-deixa-o-santa-clara-sem-estreia\/#breadcrumb"},"inLanguage":"pt-PT","potentialAction":[{"@type":"ReadAction","target":["https:\/\/portaltela.pt\/noticias\/2026\/02\/26\/reforco-deixa-o-santa-clara-sem-estreia\/"]}]},{"@type":"ImageObject","inLanguage":"pt-PT","@id":"https:\/\/portaltela.pt\/noticias\/2026\/02\/26\/reforco-deixa-o-santa-clara-sem-estreia\/#primaryimage","url":"https:\/\/portaltela.pt\/s.01k8rhncp4jt1\/2026\/02\/img_920x518uu2026-02-26-17-14-27-2423817-im-639077229248701922.jpg","contentUrl":"https:\/\/portaltela.pt\/s.01k8rhncp4jt1\/2026\/02\/img_920x518uu2026-02-26-17-14-27-2423817-im-639077229248701922.jpg","width":796,"height":448,"caption":"Marcos Victor abandona Santa Clara"},{"@type":"BreadcrumbList","@id":"https:\/\/portaltela.pt\/noticias\/2026\/02\/26\/reforco-deixa-o-santa-clara-sem-estreia\/#breadcrumb","itemListElement":[{"@type":"ListItem","position":1,"name":"In\u00edcio","item":"https:\/\/portaltela.pt\/"},{"@type":"ListItem","position":2,"name":"Refor\u00e7o deixa o Santa Clara sem estreia"}]},{"@type":"WebSite","@id":"https:\/\/portaltela.pt\/#website","url":"https:\/\/portaltela.pt\/","name":"Portal Tela Portugal","description":"","potentialAction":[{"@type":"SearchAction","target":{"@type":"EntryPoint","urlTemplate":"https:\/\/portaltela.pt\/?s={search_term_string}"},"query-input":{"@type":"PropertyValueSpecification","valueRequired":true,"valueName":"search_term_string"}}],"inLanguage":"pt-PT"},{"@type":"Person","@id":"https:\/\/portaltela.pt\/#\/schema\/person\/c4278d4a6028830caff9ee44b42d32ed","name":"Telinha","image":{"@type":"ImageObject","inLanguage":"pt-PT","@id":"https:\/\/portaltela.pt\/s.01k8rhncp4jt1\/2025\/11\/talking-bot-125x125.png","url":"https:\/\/portaltela.pt\/s.01k8rhncp4jt1\/2025\/11\/talking-bot-125x125.png","contentUrl":"https:\/\/portaltela.pt\/s.01k8rhncp4jt1\/2025\/11\/talking-bot-125x125.png","caption":"Telinha"},"sameAs":["https:\/\/portaltela.pt\/"],"url":"https:\/\/portaltela.pt\/por\/367410592786\/"}]}},"_links":{"self":[{"href":"https:\/\/portaltela.pt\/api\/wp\/v2\/posts\/389619","targetHints":{"allow":["GET"]}}],"collection":[{"href":"https:\/\/portaltela.pt\/api\/wp\/v2\/posts"}],"about":[{"href":"https:\/\/portaltela.pt\/api\/wp\/v2\/types\/post"}],"author":[{"embeddable":true,"href":"https:\/\/portaltela.pt\/api\/wp\/v2\/users\/2"}],"replies":[{"embeddable":true,"href":"https:\/\/portaltela.pt\/api\/wp\/v2\/comments?post=389619"}],"version-history":[{"count":0,"href":"https:\/\/portaltela.pt\/api\/wp\/v2\/posts\/389619\/revisions"}],"wp:featuredmedia":[{"embeddable":true,"href":"https:\/\/portaltela.pt\/api\/wp\/v2\/media\/389628"}],"wp:attachment":[{"href":"https:\/\/portaltela.pt\/api\/wp\/v2\/media?parent=389619"}],"wp:term":[{"taxonomy":"category","embeddable":true,"href":"https:\/\/portaltela.pt\/api\/wp\/v2\/categories?post=389619"},{"taxonomy":"post_tag","embeddable":true,"href":"https:\/\/portaltela.pt\/api\/wp\/v2\/tags?post=389619"}],"curies":[{"name":"wp","href":"https:\/\/api.w.org\/{rel}","templated":true}]}}