{"id":389567,"date":"2026-02-26T13:39:00","date_gmt":"2026-02-26T16:39:00","guid":{"rendered":"https:\/\/portaltela.pt\/noticias\/2026\/02\/26\/alfandega-do-porto-recebe-o-festival-simply-vinho-ate-domingo\/"},"modified":"2026-02-26T13:39:00","modified_gmt":"2026-02-26T16:39:00","slug":"alfandega-do-porto-recebe-o-festival-simply-vinho-ate-domingo","status":"publish","type":"post","link":"https:\/\/portaltela.pt\/noticias\/2026\/02\/26\/alfandega-do-porto-recebe-o-festival-simply-vinho-ate-domingo\/","title":{"rendered":"Alf\u00e2ndega do Porto recebe o festival Simply\u2026 Vinho at\u00e9 domingo"},"content":{"rendered":"<p>O festival simplesmente&#8230; Vinho decorre na Alf\u00e2ndega do Porto, na sua 14\u00aa edi\u00e7\u00e3o. Inicia hoje, 27 de fevereiro, e decorre at\u00e9 domingo, reunindo produtores portugueses e galegos, com petiscos, m\u00fasica ao vivo e arte.<\/p>\n<p>O foco na Galiza permite conhecer as cinco DOs da regi\u00e3o: R\u00edas Baixas, Ribeiro, Ribeira Sacra, Valdeorras e Monterrei. Destacam-se brancas Albari\u00f1o, Godello e Menc\u00eda, bem como Torront\u00e9s, Lado, Ca\u00ed\u00f1o Branco, Loureira e Treixadura; tintas como Tinta Femia, Ca\u00ed\u00f1o Longo e outros.<\/p>\n<p>S\u00e3o 15 produtores galegos presentes: Antonio Portela, Fedellos do Couto, L&#8217;Ombre, Iria Otero, Adega O Cabalin, Nanclares y Prieto, Adega Pedralonga, S\u00edlice Viticultores, Augalevada, Rafael Palacios, Z\u00e1rate, Vi\u00f1edos do Gabi\u00e1n, Quinta da Muradella, Bodegas Albamar e Adegas Gu\u00edmaro.<\/p>\n<h3>Masterclasses e experi\u00eancias<\/h3>\n<p>No s\u00e1bado, h\u00e1 duas Masterclasses. \u00c0s 16h, Vi\u00f1os ic\u00f3nicos no despertar e na revoluci\u00f3n do vi\u00f1o Galego, com Miguel Anxo Besada e Antonio Portela. \u00c0s 18h, Galiza &#8211; Mar e Ladeiras, com Juanjo Figueroa e produtores, com 15 vinhos em prova.<\/p>\n<p>Entre os petiscos, participam Rita Magro, Liz Almeida, Mirna Gomes; restaurantes Forno de Lajes, Forneria S\u00e3o Pedro, Flora, Prov\u00e1vel e a padaria Miba. O Flow Wine Van e os torradores Senzu completam a oferta.<\/p>\n<h3>Bilhetes e programa\u00e7\u00e3o<\/h3>\n<p>A programa\u00e7\u00e3o completa est\u00e1 dispon\u00edvel no site do evento. O Alf\u00e2ndega do Porto recebe de 27 a 28 de fevereiro, das 15h \u00e0s 20h, e no dia 1 de mar\u00e7o, das 11h \u00e0s 16h. Bilhete di\u00e1rio varia entre 22,5 e 31 euros, com copo, livro e prova livre. O passe de 3 dias custa 65 euros.<\/p>\n","protected":false},"excerpt":{"rendered":"<ul>\n<li>Alf\u00e2ndega do Porto recebe, a partir de hoje, a 14\u00aa edi\u00e7\u00e3o do festival simplesmente\u2026 Vinho, at\u00e9 domingo, com produtores de Portugal e Galiza.<\/li>\n<li>Desta edi\u00e7\u00e3o destacam-se as regi\u00f5es vitivin\u00edcolas da Galiza: R\u00edas Baixas, Ribeiro, Ribeira Sacra, Valdeorras e Monterrei, com v\u00e1rias castas brancas e tintas.<\/li>\n<li>S\u00e3o 15 produtores galegos presentes e duas Masterclasses no s\u00e1bado, \u00e0s 16h e \u00e0s 18h, abordando vinhos galegos e a sua diversidade.<\/li>\n<li>A oferta inclui petiscos de restaurantes locais e espa\u00e7os como Flow Wine Van, com m\u00fasica ao vivo e arte, na programa\u00e7\u00e3o da festa.<\/li>\n<li>Bilhetes di\u00e1rios v\u00e3o de 22,5 a 31 euros (inclui copo e livro oficiais), passe de 3 dias custa 65 euros; venda em link fornecido pela organiza\u00e7\u00e3o.<\/li>\n<\/ul>\n","protected":false},"author":2,"featured_media":389580,"comment_status":"closed","ping_status":"closed","sticky":false,"template":"","format":"standard","meta":{"footnotes":""},"categories":[1],"tags":[2231,3674,982,5586,779,4103],"class_list":["post-389567","post","type-post","status-publish","format-standard","has-post-thumbnail","hentry","category-noticias","tag-alfandega","tag-festival","tag-porto","tag-vinho","tag-vinhos","tag-viticultura"],"yoast_head":"<!-- This site is optimized with the Yoast SEO plugin v27.2 - https:\/\/yoast.com\/product\/yoast-seo-wordpress\/ -->\n<title>Alf\u00e2ndega do Porto recebe o festival Simply\u2026 Vinho at\u00e9 domingo - Portal Tela Portugal<\/title>\n<meta name=\"robots\" content=\"index, follow, max-snippet:-1, max-image-preview:large, max-video-preview:-1\" \/>\n<meta property=\"og:locale\" content=\"pt_PT\" \/>\n<meta property=\"og:type\" content=\"article\" \/>\n<meta property=\"og:title\" content=\"Alf\u00e2ndega do Porto recebe o festival Simply\u2026 Vinho at\u00e9 domingo - Portal Tela Portugal\" \/>\n<meta property=\"og:description\" content=\"Alf\u00e2ndega do Porto recebe, a partir de hoje, a 14\u00aa edi\u00e7\u00e3o do festival simplesmente\u2026 Vinho, at\u00e9 domingo, com produtores de Portugal e Galiza. Desta edi\u00e7\u00e3o destacam-se as regi\u00f5es vitivin\u00edcolas da Galiza: R\u00edas Baixas, Ribeiro, Ribeira Sacra, Valdeorras e Monterrei, com v\u00e1rias castas brancas e tintas. S\u00e3o 15 produtores galegos presentes e duas Masterclasses no s\u00e1bado, \u00e0s 16h e \u00e0s 18h, abordando vinhos galegos e a sua diversidade. A oferta inclui petiscos de restaurantes locais e espa\u00e7os como Flow Wine Van, com m\u00fasica ao vivo e arte, na programa\u00e7\u00e3o da festa. Bilhetes di\u00e1rios v\u00e3o de 22,5 a 31 euros (inclui copo e livro oficiais), passe de 3 dias custa 65 euros; venda em link fornecido pela organiza\u00e7\u00e3o.\" \/>\n<meta property=\"og:url\" content=\"https:\/\/portaltela.pt\/noticias\/2026\/02\/26\/alfandega-do-porto-recebe-o-festival-simply-vinho-ate-domingo\/\" \/>\n<meta property=\"og:site_name\" content=\"Portal Tela Portugal\" \/>\n<meta property=\"article:published_time\" content=\"2026-02-26T16:39:00+00:00\" \/>\n<meta name=\"author\" content=\"Telinha\" \/>\n<meta name=\"twitter:card\" content=\"summary_large_image\" \/>\n<meta name=\"twitter:label1\" content=\"Escrito por\" \/>\n\t<meta name=\"twitter:data1\" content=\"Telinha\" \/>\n\t<meta name=\"twitter:label2\" content=\"Tempo estimado de leitura\" \/>\n\t<meta name=\"twitter:data2\" content=\"1 minuto\" \/>\n<script type=\"application\/ld+json\" class=\"yoast-schema-graph\">{\"@context\":\"https:\/\/schema.org\",\"@graph\":[{\"@type\":\"Article\",\"@id\":\"https:\/\/portaltela.pt\/noticias\/2026\/02\/26\/alfandega-do-porto-recebe-o-festival-simply-vinho-ate-domingo\/#article\",\"isPartOf\":{\"@id\":\"https:\/\/portaltela.pt\/noticias\/2026\/02\/26\/alfandega-do-porto-recebe-o-festival-simply-vinho-ate-domingo\/\"},\"author\":{\"name\":\"Telinha\",\"@id\":\"https:\/\/portaltela.pt\/#\/schema\/person\/c4278d4a6028830caff9ee44b42d32ed\"},\"headline\":\"Alf\u00e2ndega do Porto recebe o festival Simply\u2026 Vinho at\u00e9 domingo\",\"datePublished\":\"2026-02-26T16:39:00+00:00\",\"mainEntityOfPage\":{\"@id\":\"https:\/\/portaltela.pt\/noticias\/2026\/02\/26\/alfandega-do-porto-recebe-o-festival-simply-vinho-ate-domingo\/\"},\"wordCount\":282,\"image\":{\"@id\":\"https:\/\/portaltela.pt\/noticias\/2026\/02\/26\/alfandega-do-porto-recebe-o-festival-simply-vinho-ate-domingo\/#primaryimage\"},\"thumbnailUrl\":\"https:\/\/portaltela.pt\/s.01k8rhncp4jt1\/2026\/02\/image-1939.jpg\",\"keywords\":[\"Alf\u00e2ndega\",\"festival\",\"Porto\",\"vinho\",\"vinhos\",\"viticultura\"],\"articleSection\":[\"Not\u00edcias\"],\"inLanguage\":\"pt-PT\"},{\"@type\":\"WebPage\",\"@id\":\"https:\/\/portaltela.pt\/noticias\/2026\/02\/26\/alfandega-do-porto-recebe-o-festival-simply-vinho-ate-domingo\/\",\"url\":\"https:\/\/portaltela.pt\/noticias\/2026\/02\/26\/alfandega-do-porto-recebe-o-festival-simply-vinho-ate-domingo\/\",\"name\":\"Alf\u00e2ndega do Porto recebe o festival Simply\u2026 Vinho at\u00e9 domingo - Portal Tela Portugal\",\"isPartOf\":{\"@id\":\"https:\/\/portaltela.pt\/#website\"},\"primaryImageOfPage\":{\"@id\":\"https:\/\/portaltela.pt\/noticias\/2026\/02\/26\/alfandega-do-porto-recebe-o-festival-simply-vinho-ate-domingo\/#primaryimage\"},\"image\":{\"@id\":\"https:\/\/portaltela.pt\/noticias\/2026\/02\/26\/alfandega-do-porto-recebe-o-festival-simply-vinho-ate-domingo\/#primaryimage\"},\"thumbnailUrl\":\"https:\/\/portaltela.pt\/s.01k8rhncp4jt1\/2026\/02\/image-1939.jpg\",\"datePublished\":\"2026-02-26T16:39:00+00:00\",\"author\":{\"@id\":\"https:\/\/portaltela.pt\/#\/schema\/person\/c4278d4a6028830caff9ee44b42d32ed\"},\"breadcrumb\":{\"@id\":\"https:\/\/portaltela.pt\/noticias\/2026\/02\/26\/alfandega-do-porto-recebe-o-festival-simply-vinho-ate-domingo\/#breadcrumb\"},\"inLanguage\":\"pt-PT\",\"potentialAction\":[{\"@type\":\"ReadAction\",\"target\":[\"https:\/\/portaltela.pt\/noticias\/2026\/02\/26\/alfandega-do-porto-recebe-o-festival-simply-vinho-ate-domingo\/\"]}]},{\"@type\":\"ImageObject\",\"inLanguage\":\"pt-PT\",\"@id\":\"https:\/\/portaltela.pt\/noticias\/2026\/02\/26\/alfandega-do-porto-recebe-o-festival-simply-vinho-ate-domingo\/#primaryimage\",\"url\":\"https:\/\/portaltela.pt\/s.01k8rhncp4jt1\/2026\/02\/image-1939.jpg\",\"contentUrl\":\"https:\/\/portaltela.pt\/s.01k8rhncp4jt1\/2026\/02\/image-1939.jpg\",\"width\":796,\"height\":448,\"caption\":\"Festival simplesmente... Vinho decorre na A\u00e7f\u00e2ndega do Porto\"},{\"@type\":\"BreadcrumbList\",\"@id\":\"https:\/\/portaltela.pt\/noticias\/2026\/02\/26\/alfandega-do-porto-recebe-o-festival-simply-vinho-ate-domingo\/#breadcrumb\",\"itemListElement\":[{\"@type\":\"ListItem\",\"position\":1,\"name\":\"In\u00edcio\",\"item\":\"https:\/\/portaltela.pt\/\"},{\"@type\":\"ListItem\",\"position\":2,\"name\":\"Alf\u00e2ndega do Porto recebe o festival Simply\u2026 Vinho at\u00e9 domingo\"}]},{\"@type\":\"WebSite\",\"@id\":\"https:\/\/portaltela.pt\/#website\",\"url\":\"https:\/\/portaltela.pt\/\",\"name\":\"Portal Tela Portugal\",\"description\":\"\",\"potentialAction\":[{\"@type\":\"SearchAction\",\"target\":{\"@type\":\"EntryPoint\",\"urlTemplate\":\"https:\/\/portaltela.pt\/?s={search_term_string}\"},\"query-input\":{\"@type\":\"PropertyValueSpecification\",\"valueRequired\":true,\"valueName\":\"search_term_string\"}}],\"inLanguage\":\"pt-PT\"},{\"@type\":\"Person\",\"@id\":\"https:\/\/portaltela.pt\/#\/schema\/person\/c4278d4a6028830caff9ee44b42d32ed\",\"name\":\"Telinha\",\"image\":{\"@type\":\"ImageObject\",\"inLanguage\":\"pt-PT\",\"@id\":\"https:\/\/portaltela.pt\/s.01k8rhncp4jt1\/2025\/11\/talking-bot-125x125.png\",\"url\":\"https:\/\/portaltela.pt\/s.01k8rhncp4jt1\/2025\/11\/talking-bot-125x125.png\",\"contentUrl\":\"https:\/\/portaltela.pt\/s.01k8rhncp4jt1\/2025\/11\/talking-bot-125x125.png\",\"caption\":\"Telinha\"},\"sameAs\":[\"https:\/\/portaltela.pt\/\"],\"url\":\"https:\/\/portaltela.pt\/por\/367410592786\/\"}]}<\/script>\n<!-- \/ Yoast SEO plugin. -->","yoast_head_json":{"title":"Alf\u00e2ndega do Porto recebe o festival Simply\u2026 Vinho at\u00e9 domingo - Portal Tela Portugal","robots":{"index":"index","follow":"follow","max-snippet":"max-snippet:-1","max-image-preview":"max-image-preview:large","max-video-preview":"max-video-preview:-1"},"og_locale":"pt_PT","og_type":"article","og_title":"Alf\u00e2ndega do Porto recebe o festival Simply\u2026 Vinho at\u00e9 domingo - Portal Tela Portugal","og_description":"Alf\u00e2ndega do Porto recebe, a partir de hoje, a 14\u00aa edi\u00e7\u00e3o do festival simplesmente\u2026 Vinho, at\u00e9 domingo, com produtores de Portugal e Galiza. Desta edi\u00e7\u00e3o destacam-se as regi\u00f5es vitivin\u00edcolas da Galiza: R\u00edas Baixas, Ribeiro, Ribeira Sacra, Valdeorras e Monterrei, com v\u00e1rias castas brancas e tintas. S\u00e3o 15 produtores galegos presentes e duas Masterclasses no s\u00e1bado, \u00e0s 16h e \u00e0s 18h, abordando vinhos galegos e a sua diversidade. A oferta inclui petiscos de restaurantes locais e espa\u00e7os como Flow Wine Van, com m\u00fasica ao vivo e arte, na programa\u00e7\u00e3o da festa. Bilhetes di\u00e1rios v\u00e3o de 22,5 a 31 euros (inclui copo e livro oficiais), passe de 3 dias custa 65 euros; venda em link fornecido pela organiza\u00e7\u00e3o.","og_url":"https:\/\/portaltela.pt\/noticias\/2026\/02\/26\/alfandega-do-porto-recebe-o-festival-simply-vinho-ate-domingo\/","og_site_name":"Portal Tela Portugal","article_published_time":"2026-02-26T16:39:00+00:00","author":"Telinha","twitter_card":"summary_large_image","twitter_misc":{"Escrito por":"Telinha","Tempo estimado de leitura":"1 minuto"},"schema":{"@context":"https:\/\/schema.org","@graph":[{"@type":"Article","@id":"https:\/\/portaltela.pt\/noticias\/2026\/02\/26\/alfandega-do-porto-recebe-o-festival-simply-vinho-ate-domingo\/#article","isPartOf":{"@id":"https:\/\/portaltela.pt\/noticias\/2026\/02\/26\/alfandega-do-porto-recebe-o-festival-simply-vinho-ate-domingo\/"},"author":{"name":"Telinha","@id":"https:\/\/portaltela.pt\/#\/schema\/person\/c4278d4a6028830caff9ee44b42d32ed"},"headline":"Alf\u00e2ndega do Porto recebe o festival Simply\u2026 Vinho at\u00e9 domingo","datePublished":"2026-02-26T16:39:00+00:00","mainEntityOfPage":{"@id":"https:\/\/portaltela.pt\/noticias\/2026\/02\/26\/alfandega-do-porto-recebe-o-festival-simply-vinho-ate-domingo\/"},"wordCount":282,"image":{"@id":"https:\/\/portaltela.pt\/noticias\/2026\/02\/26\/alfandega-do-porto-recebe-o-festival-simply-vinho-ate-domingo\/#primaryimage"},"thumbnailUrl":"https:\/\/portaltela.pt\/s.01k8rhncp4jt1\/2026\/02\/image-1939.jpg","keywords":["Alf\u00e2ndega","festival","Porto","vinho","vinhos","viticultura"],"articleSection":["Not\u00edcias"],"inLanguage":"pt-PT"},{"@type":"WebPage","@id":"https:\/\/portaltela.pt\/noticias\/2026\/02\/26\/alfandega-do-porto-recebe-o-festival-simply-vinho-ate-domingo\/","url":"https:\/\/portaltela.pt\/noticias\/2026\/02\/26\/alfandega-do-porto-recebe-o-festival-simply-vinho-ate-domingo\/","name":"Alf\u00e2ndega do Porto recebe o festival Simply\u2026 Vinho at\u00e9 domingo - Portal Tela Portugal","isPartOf":{"@id":"https:\/\/portaltela.pt\/#website"},"primaryImageOfPage":{"@id":"https:\/\/portaltela.pt\/noticias\/2026\/02\/26\/alfandega-do-porto-recebe-o-festival-simply-vinho-ate-domingo\/#primaryimage"},"image":{"@id":"https:\/\/portaltela.pt\/noticias\/2026\/02\/26\/alfandega-do-porto-recebe-o-festival-simply-vinho-ate-domingo\/#primaryimage"},"thumbnailUrl":"https:\/\/portaltela.pt\/s.01k8rhncp4jt1\/2026\/02\/image-1939.jpg","datePublished":"2026-02-26T16:39:00+00:00","author":{"@id":"https:\/\/portaltela.pt\/#\/schema\/person\/c4278d4a6028830caff9ee44b42d32ed"},"breadcrumb":{"@id":"https:\/\/portaltela.pt\/noticias\/2026\/02\/26\/alfandega-do-porto-recebe-o-festival-simply-vinho-ate-domingo\/#breadcrumb"},"inLanguage":"pt-PT","potentialAction":[{"@type":"ReadAction","target":["https:\/\/portaltela.pt\/noticias\/2026\/02\/26\/alfandega-do-porto-recebe-o-festival-simply-vinho-ate-domingo\/"]}]},{"@type":"ImageObject","inLanguage":"pt-PT","@id":"https:\/\/portaltela.pt\/noticias\/2026\/02\/26\/alfandega-do-porto-recebe-o-festival-simply-vinho-ate-domingo\/#primaryimage","url":"https:\/\/portaltela.pt\/s.01k8rhncp4jt1\/2026\/02\/image-1939.jpg","contentUrl":"https:\/\/portaltela.pt\/s.01k8rhncp4jt1\/2026\/02\/image-1939.jpg","width":796,"height":448,"caption":"Festival simplesmente... Vinho decorre na A\u00e7f\u00e2ndega do Porto"},{"@type":"BreadcrumbList","@id":"https:\/\/portaltela.pt\/noticias\/2026\/02\/26\/alfandega-do-porto-recebe-o-festival-simply-vinho-ate-domingo\/#breadcrumb","itemListElement":[{"@type":"ListItem","position":1,"name":"In\u00edcio","item":"https:\/\/portaltela.pt\/"},{"@type":"ListItem","position":2,"name":"Alf\u00e2ndega do Porto recebe o festival Simply\u2026 Vinho at\u00e9 domingo"}]},{"@type":"WebSite","@id":"https:\/\/portaltela.pt\/#website","url":"https:\/\/portaltela.pt\/","name":"Portal Tela Portugal","description":"","potentialAction":[{"@type":"SearchAction","target":{"@type":"EntryPoint","urlTemplate":"https:\/\/portaltela.pt\/?s={search_term_string}"},"query-input":{"@type":"PropertyValueSpecification","valueRequired":true,"valueName":"search_term_string"}}],"inLanguage":"pt-PT"},{"@type":"Person","@id":"https:\/\/portaltela.pt\/#\/schema\/person\/c4278d4a6028830caff9ee44b42d32ed","name":"Telinha","image":{"@type":"ImageObject","inLanguage":"pt-PT","@id":"https:\/\/portaltela.pt\/s.01k8rhncp4jt1\/2025\/11\/talking-bot-125x125.png","url":"https:\/\/portaltela.pt\/s.01k8rhncp4jt1\/2025\/11\/talking-bot-125x125.png","contentUrl":"https:\/\/portaltela.pt\/s.01k8rhncp4jt1\/2025\/11\/talking-bot-125x125.png","caption":"Telinha"},"sameAs":["https:\/\/portaltela.pt\/"],"url":"https:\/\/portaltela.pt\/por\/367410592786\/"}]}},"_links":{"self":[{"href":"https:\/\/portaltela.pt\/api\/wp\/v2\/posts\/389567","targetHints":{"allow":["GET"]}}],"collection":[{"href":"https:\/\/portaltela.pt\/api\/wp\/v2\/posts"}],"about":[{"href":"https:\/\/portaltela.pt\/api\/wp\/v2\/types\/post"}],"author":[{"embeddable":true,"href":"https:\/\/portaltela.pt\/api\/wp\/v2\/users\/2"}],"replies":[{"embeddable":true,"href":"https:\/\/portaltela.pt\/api\/wp\/v2\/comments?post=389567"}],"version-history":[{"count":0,"href":"https:\/\/portaltela.pt\/api\/wp\/v2\/posts\/389567\/revisions"}],"wp:featuredmedia":[{"embeddable":true,"href":"https:\/\/portaltela.pt\/api\/wp\/v2\/media\/389580"}],"wp:attachment":[{"href":"https:\/\/portaltela.pt\/api\/wp\/v2\/media?parent=389567"}],"wp:term":[{"taxonomy":"category","embeddable":true,"href":"https:\/\/portaltela.pt\/api\/wp\/v2\/categories?post=389567"},{"taxonomy":"post_tag","embeddable":true,"href":"https:\/\/portaltela.pt\/api\/wp\/v2\/tags?post=389567"}],"curies":[{"name":"wp","href":"https:\/\/api.w.org\/{rel}","templated":true}]}}