{"id":389556,"date":"2026-02-26T13:30:00","date_gmt":"2026-02-26T16:30:00","guid":{"rendered":"https:\/\/portaltela.pt\/noticias\/2026\/02\/26\/festival-med-2026-tem-edicao-mais-internacional-de-sempre\/"},"modified":"2026-02-26T13:30:00","modified_gmt":"2026-02-26T16:30:00","slug":"festival-med-2026-tem-edicao-mais-internacional-de-sempre","status":"publish","type":"post","link":"https:\/\/portaltela.pt\/noticias\/2026\/02\/26\/festival-med-2026-tem-edicao-mais-internacional-de-sempre\/","title":{"rendered":"Festival Med 2026 tem edi\u00e7\u00e3o mais internacional de sempre"},"content":{"rendered":"<p>O Festival Med 2026 acontece em Loul\u00e9 de 25 a 28 de Junho, com a edi\u00e7\u00e3o descrita como a mais internacional de sempre. Mais de 30 pa\u00edses estar\u00e3o representados, num cartaz com mais de 50 concertos.<\/p>\n<p>Entre os nomes anunciados est\u00e3o Seun Kuti &amp; The Egypt 80, Salif Ke\u00efta, S\u00e9rgio Godinho, Arooj Aftab e Fidju Kitxora. Goran Bregovic e Tiken Jah Fakoli aparecem tamb\u00e9m no alinhamento principal.<\/p>\n<p>Paquist\u00e3o, Mali, Costa do Marfim, B\u00f3snia e Herzegovina, Chile e Cuba destacam a diversidade do festival. O org\u00e3o de programa\u00e7\u00e3o sublinha o ecletismo musical que define o Med 2026.<\/p>\n<h3>Cartel e novidades estruturais<\/h3>\n<p>O cartaz mant\u00e9m arraigado na world music com nomes de meia d\u00fazia de continentes. Los Van Van, Calle Mambo, Bohemian Betyars e Tangomotan integram o lote de artistas anunciados at\u00e9 ao momento.<\/p>\n<p>A organiza\u00e7\u00e3o acrescenta que a edi\u00e7\u00e3o amplia o recinto, integra o Mercado Municipal de Loul\u00e9 e cria um novo sistema de bilh\u00e9tica. Tamb\u00e9m expande a \u00e1rea de restaura\u00e7\u00e3o e espa\u00e7os para artistas de rua.<\/p>\n<h3>Cidade Med e bilhetes<\/h3>\n<p>O festival lan\u00e7a o conceito Cidade Med, com iniciativas pr\u00e9-festival e um ciclo de confer\u00eancias. O foco de 2026 \u00e9 a m\u00fasica e a inclus\u00e3o de um programa mais cosmopolita, sem perder o protagonismo da equipa criativa.<\/p>\n<p>Os bilhetes entram em venda a 2 de Mar\u00e7o. O dia 28 de Junho \u00e9 designado como acesso gratuito, mantendo o restante do programa com bilhete pago.<\/p>\n<h3>Outros destaques<\/h3>\n<p>Entre os nomes de relevo est\u00e1 Natacha Atlas, cantora belga\/eg\u00edpcia, com fus\u00f5es entre M\u00e9dio Oriente, Norte de \u00c1frica e eletr\u00f3nica. O cartel inclui ainda Expresso Transatl\u00e2ntico e Lura, ambas de origem portuguesa e cabo-verdiana, respetivamente.<\/p>\n","protected":false},"excerpt":{"rendered":"<ul>\n<li>O Festival Med 2026, em Loul\u00e9, decorre de 25 a 28 de junho, com o cartaz mais internacional de sempre e mais de cinquenta concertos.<\/li>\n<li>Entre os confirmados destacam\u2011se Goran Bregovic, Seun Kuti &amp; The Egypt 80, Salif Ke\u00efta, Tiken Jah Fakoli, S\u00e9rgio Godinho e Arooj Aftab.<\/li>\n<li>Representam cerca de trinta pa\u00edses, incluindo Paquist\u00e3o, Mali, Costa do Marfim, B\u00f3snia e Herzegovina, Chile e Cuba.<\/li>\n<li>O festival traz novidades estruturais: expans\u00e3o do recinto, integra\u00e7\u00e3o do Mercado Municipal de Loul\u00e9, novo sistema de bilh\u00e9tica, mais \u00e1rea de restaura\u00e7\u00e3o e espa\u00e7os para atua\u00e7\u00f5es de rua, plus o conceito Cidade Med com iniciativas pr\u00e9\u2011festival e confer\u00eancias.<\/li>\n<li>O alinhamento principal acontece entre 25 e 27 de junho; dia 28 \u00e9 de acesso gratuito, com bilhetes a serem vendidos a partir de 2 de mar\u00e7o.<\/li>\n<\/ul>\n","protected":false},"author":2,"featured_media":389577,"comment_status":"closed","ping_status":"closed","sticky":false,"template":"","format":"standard","meta":{"footnotes":""},"categories":[12,1],"tags":[928,593,2044,3674,122,1014],"class_list":["post-389556","post","type-post","status-publish","format-standard","has-post-thumbnail","hentry","category-entretenimento","category-noticias","tag-algarve","tag-concertos","tag-costa-do-marfim","tag-festival","tag-musica","tag-portugal"],"yoast_head":"<!-- This site is optimized with the Yoast SEO plugin v27.2 - https:\/\/yoast.com\/product\/yoast-seo-wordpress\/ -->\n<title>Festival Med 2026 tem edi\u00e7\u00e3o mais internacional de sempre - Portal Tela Portugal<\/title>\n<meta name=\"robots\" content=\"index, follow, max-snippet:-1, max-image-preview:large, max-video-preview:-1\" \/>\n<meta property=\"og:locale\" content=\"pt_PT\" \/>\n<meta property=\"og:type\" content=\"article\" \/>\n<meta property=\"og:title\" content=\"Festival Med 2026 tem edi\u00e7\u00e3o mais internacional de sempre - Portal Tela Portugal\" \/>\n<meta property=\"og:description\" content=\"O Festival Med 2026, em Loul\u00e9, decorre de 25 a 28 de junho, com o cartaz mais internacional de sempre e mais de cinquenta concertos. Entre os confirmados destacam\u2011se Goran Bregovic, Seun Kuti &amp; The Egypt 80, Salif Ke\u00efta, Tiken Jah Fakoli, S\u00e9rgio Godinho e Arooj Aftab. Representam cerca de trinta pa\u00edses, incluindo Paquist\u00e3o, Mali, Costa do Marfim, B\u00f3snia e Herzegovina, Chile e Cuba. O festival traz novidades estruturais: expans\u00e3o do recinto, integra\u00e7\u00e3o do Mercado Municipal de Loul\u00e9, novo sistema de bilh\u00e9tica, mais \u00e1rea de restaura\u00e7\u00e3o e espa\u00e7os para atua\u00e7\u00f5es de rua, plus o conceito Cidade Med com iniciativas pr\u00e9\u2011festival e confer\u00eancias. O alinhamento principal acontece entre 25 e 27 de junho; dia 28 \u00e9 de acesso gratuito, com bilhetes a serem vendidos a partir de 2 de mar\u00e7o.\" \/>\n<meta property=\"og:url\" content=\"https:\/\/portaltela.pt\/noticias\/2026\/02\/26\/festival-med-2026-tem-edicao-mais-internacional-de-sempre\/\" \/>\n<meta property=\"og:site_name\" content=\"Portal Tela Portugal\" \/>\n<meta property=\"article:published_time\" content=\"2026-02-26T16:30:00+00:00\" \/>\n<meta name=\"author\" content=\"Telinha\" \/>\n<meta name=\"twitter:card\" content=\"summary_large_image\" \/>\n<meta name=\"twitter:label1\" content=\"Escrito por\" \/>\n\t<meta name=\"twitter:data1\" content=\"Telinha\" \/>\n\t<meta name=\"twitter:label2\" content=\"Tempo estimado de leitura\" \/>\n\t<meta name=\"twitter:data2\" content=\"1 minuto\" \/>\n<script type=\"application\/ld+json\" class=\"yoast-schema-graph\">{\"@context\":\"https:\/\/schema.org\",\"@graph\":[{\"@type\":\"Article\",\"@id\":\"https:\/\/portaltela.pt\/noticias\/2026\/02\/26\/festival-med-2026-tem-edicao-mais-internacional-de-sempre\/#article\",\"isPartOf\":{\"@id\":\"https:\/\/portaltela.pt\/noticias\/2026\/02\/26\/festival-med-2026-tem-edicao-mais-internacional-de-sempre\/\"},\"author\":{\"name\":\"Telinha\",\"@id\":\"https:\/\/portaltela.pt\/#\/schema\/person\/c4278d4a6028830caff9ee44b42d32ed\"},\"headline\":\"Festival Med 2026 tem edi\u00e7\u00e3o mais internacional de sempre\",\"datePublished\":\"2026-02-26T16:30:00+00:00\",\"mainEntityOfPage\":{\"@id\":\"https:\/\/portaltela.pt\/noticias\/2026\/02\/26\/festival-med-2026-tem-edicao-mais-internacional-de-sempre\/\"},\"wordCount\":299,\"image\":{\"@id\":\"https:\/\/portaltela.pt\/noticias\/2026\/02\/26\/festival-med-2026-tem-edicao-mais-internacional-de-sempre\/#primaryimage\"},\"thumbnailUrl\":\"https:\/\/portaltela.pt\/s.01k8rhncp4jt1\/2026\/02\/2069816.jpg\",\"keywords\":[\"Algarve\",\"concertos\",\"Costa do Marfim\",\"festival\",\"m\u00fasica\",\"Portugal\"],\"articleSection\":[\"Entretenimento\",\"Not\u00edcias\"],\"inLanguage\":\"pt-PT\"},{\"@type\":\"WebPage\",\"@id\":\"https:\/\/portaltela.pt\/noticias\/2026\/02\/26\/festival-med-2026-tem-edicao-mais-internacional-de-sempre\/\",\"url\":\"https:\/\/portaltela.pt\/noticias\/2026\/02\/26\/festival-med-2026-tem-edicao-mais-internacional-de-sempre\/\",\"name\":\"Festival Med 2026 tem edi\u00e7\u00e3o mais internacional de sempre - Portal Tela Portugal\",\"isPartOf\":{\"@id\":\"https:\/\/portaltela.pt\/#website\"},\"primaryImageOfPage\":{\"@id\":\"https:\/\/portaltela.pt\/noticias\/2026\/02\/26\/festival-med-2026-tem-edicao-mais-internacional-de-sempre\/#primaryimage\"},\"image\":{\"@id\":\"https:\/\/portaltela.pt\/noticias\/2026\/02\/26\/festival-med-2026-tem-edicao-mais-internacional-de-sempre\/#primaryimage\"},\"thumbnailUrl\":\"https:\/\/portaltela.pt\/s.01k8rhncp4jt1\/2026\/02\/2069816.jpg\",\"datePublished\":\"2026-02-26T16:30:00+00:00\",\"author\":{\"@id\":\"https:\/\/portaltela.pt\/#\/schema\/person\/c4278d4a6028830caff9ee44b42d32ed\"},\"breadcrumb\":{\"@id\":\"https:\/\/portaltela.pt\/noticias\/2026\/02\/26\/festival-med-2026-tem-edicao-mais-internacional-de-sempre\/#breadcrumb\"},\"inLanguage\":\"pt-PT\",\"potentialAction\":[{\"@type\":\"ReadAction\",\"target\":[\"https:\/\/portaltela.pt\/noticias\/2026\/02\/26\/festival-med-2026-tem-edicao-mais-internacional-de-sempre\/\"]}]},{\"@type\":\"ImageObject\",\"inLanguage\":\"pt-PT\",\"@id\":\"https:\/\/portaltela.pt\/noticias\/2026\/02\/26\/festival-med-2026-tem-edicao-mais-internacional-de-sempre\/#primaryimage\",\"url\":\"https:\/\/portaltela.pt\/s.01k8rhncp4jt1\/2026\/02\/2069816.jpg\",\"contentUrl\":\"https:\/\/portaltela.pt\/s.01k8rhncp4jt1\/2026\/02\/2069816.jpg\",\"width\":796,\"height\":448,\"caption\":\"Tiken Jah Fakoli, m\u00fasico de reggae da Costa do Marfim, marca presen\u00e7a no Med de 2026\"},{\"@type\":\"BreadcrumbList\",\"@id\":\"https:\/\/portaltela.pt\/noticias\/2026\/02\/26\/festival-med-2026-tem-edicao-mais-internacional-de-sempre\/#breadcrumb\",\"itemListElement\":[{\"@type\":\"ListItem\",\"position\":1,\"name\":\"In\u00edcio\",\"item\":\"https:\/\/portaltela.pt\/\"},{\"@type\":\"ListItem\",\"position\":2,\"name\":\"Festival Med 2026 tem edi\u00e7\u00e3o mais internacional de sempre\"}]},{\"@type\":\"WebSite\",\"@id\":\"https:\/\/portaltela.pt\/#website\",\"url\":\"https:\/\/portaltela.pt\/\",\"name\":\"Portal Tela Portugal\",\"description\":\"\",\"potentialAction\":[{\"@type\":\"SearchAction\",\"target\":{\"@type\":\"EntryPoint\",\"urlTemplate\":\"https:\/\/portaltela.pt\/?s={search_term_string}\"},\"query-input\":{\"@type\":\"PropertyValueSpecification\",\"valueRequired\":true,\"valueName\":\"search_term_string\"}}],\"inLanguage\":\"pt-PT\"},{\"@type\":\"Person\",\"@id\":\"https:\/\/portaltela.pt\/#\/schema\/person\/c4278d4a6028830caff9ee44b42d32ed\",\"name\":\"Telinha\",\"image\":{\"@type\":\"ImageObject\",\"inLanguage\":\"pt-PT\",\"@id\":\"https:\/\/portaltela.pt\/s.01k8rhncp4jt1\/2025\/11\/talking-bot-125x125.png\",\"url\":\"https:\/\/portaltela.pt\/s.01k8rhncp4jt1\/2025\/11\/talking-bot-125x125.png\",\"contentUrl\":\"https:\/\/portaltela.pt\/s.01k8rhncp4jt1\/2025\/11\/talking-bot-125x125.png\",\"caption\":\"Telinha\"},\"sameAs\":[\"https:\/\/portaltela.pt\/\"],\"url\":\"https:\/\/portaltela.pt\/por\/367410592786\/\"}]}<\/script>\n<!-- \/ Yoast SEO plugin. -->","yoast_head_json":{"title":"Festival Med 2026 tem edi\u00e7\u00e3o mais internacional de sempre - Portal Tela Portugal","robots":{"index":"index","follow":"follow","max-snippet":"max-snippet:-1","max-image-preview":"max-image-preview:large","max-video-preview":"max-video-preview:-1"},"og_locale":"pt_PT","og_type":"article","og_title":"Festival Med 2026 tem edi\u00e7\u00e3o mais internacional de sempre - Portal Tela Portugal","og_description":"O Festival Med 2026, em Loul\u00e9, decorre de 25 a 28 de junho, com o cartaz mais internacional de sempre e mais de cinquenta concertos. Entre os confirmados destacam\u2011se Goran Bregovic, Seun Kuti &amp; The Egypt 80, Salif Ke\u00efta, Tiken Jah Fakoli, S\u00e9rgio Godinho e Arooj Aftab. Representam cerca de trinta pa\u00edses, incluindo Paquist\u00e3o, Mali, Costa do Marfim, B\u00f3snia e Herzegovina, Chile e Cuba. O festival traz novidades estruturais: expans\u00e3o do recinto, integra\u00e7\u00e3o do Mercado Municipal de Loul\u00e9, novo sistema de bilh\u00e9tica, mais \u00e1rea de restaura\u00e7\u00e3o e espa\u00e7os para atua\u00e7\u00f5es de rua, plus o conceito Cidade Med com iniciativas pr\u00e9\u2011festival e confer\u00eancias. O alinhamento principal acontece entre 25 e 27 de junho; dia 28 \u00e9 de acesso gratuito, com bilhetes a serem vendidos a partir de 2 de mar\u00e7o.","og_url":"https:\/\/portaltela.pt\/noticias\/2026\/02\/26\/festival-med-2026-tem-edicao-mais-internacional-de-sempre\/","og_site_name":"Portal Tela Portugal","article_published_time":"2026-02-26T16:30:00+00:00","author":"Telinha","twitter_card":"summary_large_image","twitter_misc":{"Escrito por":"Telinha","Tempo estimado de leitura":"1 minuto"},"schema":{"@context":"https:\/\/schema.org","@graph":[{"@type":"Article","@id":"https:\/\/portaltela.pt\/noticias\/2026\/02\/26\/festival-med-2026-tem-edicao-mais-internacional-de-sempre\/#article","isPartOf":{"@id":"https:\/\/portaltela.pt\/noticias\/2026\/02\/26\/festival-med-2026-tem-edicao-mais-internacional-de-sempre\/"},"author":{"name":"Telinha","@id":"https:\/\/portaltela.pt\/#\/schema\/person\/c4278d4a6028830caff9ee44b42d32ed"},"headline":"Festival Med 2026 tem edi\u00e7\u00e3o mais internacional de sempre","datePublished":"2026-02-26T16:30:00+00:00","mainEntityOfPage":{"@id":"https:\/\/portaltela.pt\/noticias\/2026\/02\/26\/festival-med-2026-tem-edicao-mais-internacional-de-sempre\/"},"wordCount":299,"image":{"@id":"https:\/\/portaltela.pt\/noticias\/2026\/02\/26\/festival-med-2026-tem-edicao-mais-internacional-de-sempre\/#primaryimage"},"thumbnailUrl":"https:\/\/portaltela.pt\/s.01k8rhncp4jt1\/2026\/02\/2069816.jpg","keywords":["Algarve","concertos","Costa do Marfim","festival","m\u00fasica","Portugal"],"articleSection":["Entretenimento","Not\u00edcias"],"inLanguage":"pt-PT"},{"@type":"WebPage","@id":"https:\/\/portaltela.pt\/noticias\/2026\/02\/26\/festival-med-2026-tem-edicao-mais-internacional-de-sempre\/","url":"https:\/\/portaltela.pt\/noticias\/2026\/02\/26\/festival-med-2026-tem-edicao-mais-internacional-de-sempre\/","name":"Festival Med 2026 tem edi\u00e7\u00e3o mais internacional de sempre - Portal Tela Portugal","isPartOf":{"@id":"https:\/\/portaltela.pt\/#website"},"primaryImageOfPage":{"@id":"https:\/\/portaltela.pt\/noticias\/2026\/02\/26\/festival-med-2026-tem-edicao-mais-internacional-de-sempre\/#primaryimage"},"image":{"@id":"https:\/\/portaltela.pt\/noticias\/2026\/02\/26\/festival-med-2026-tem-edicao-mais-internacional-de-sempre\/#primaryimage"},"thumbnailUrl":"https:\/\/portaltela.pt\/s.01k8rhncp4jt1\/2026\/02\/2069816.jpg","datePublished":"2026-02-26T16:30:00+00:00","author":{"@id":"https:\/\/portaltela.pt\/#\/schema\/person\/c4278d4a6028830caff9ee44b42d32ed"},"breadcrumb":{"@id":"https:\/\/portaltela.pt\/noticias\/2026\/02\/26\/festival-med-2026-tem-edicao-mais-internacional-de-sempre\/#breadcrumb"},"inLanguage":"pt-PT","potentialAction":[{"@type":"ReadAction","target":["https:\/\/portaltela.pt\/noticias\/2026\/02\/26\/festival-med-2026-tem-edicao-mais-internacional-de-sempre\/"]}]},{"@type":"ImageObject","inLanguage":"pt-PT","@id":"https:\/\/portaltela.pt\/noticias\/2026\/02\/26\/festival-med-2026-tem-edicao-mais-internacional-de-sempre\/#primaryimage","url":"https:\/\/portaltela.pt\/s.01k8rhncp4jt1\/2026\/02\/2069816.jpg","contentUrl":"https:\/\/portaltela.pt\/s.01k8rhncp4jt1\/2026\/02\/2069816.jpg","width":796,"height":448,"caption":"Tiken Jah Fakoli, m\u00fasico de reggae da Costa do Marfim, marca presen\u00e7a no Med de 2026"},{"@type":"BreadcrumbList","@id":"https:\/\/portaltela.pt\/noticias\/2026\/02\/26\/festival-med-2026-tem-edicao-mais-internacional-de-sempre\/#breadcrumb","itemListElement":[{"@type":"ListItem","position":1,"name":"In\u00edcio","item":"https:\/\/portaltela.pt\/"},{"@type":"ListItem","position":2,"name":"Festival Med 2026 tem edi\u00e7\u00e3o mais internacional de sempre"}]},{"@type":"WebSite","@id":"https:\/\/portaltela.pt\/#website","url":"https:\/\/portaltela.pt\/","name":"Portal Tela Portugal","description":"","potentialAction":[{"@type":"SearchAction","target":{"@type":"EntryPoint","urlTemplate":"https:\/\/portaltela.pt\/?s={search_term_string}"},"query-input":{"@type":"PropertyValueSpecification","valueRequired":true,"valueName":"search_term_string"}}],"inLanguage":"pt-PT"},{"@type":"Person","@id":"https:\/\/portaltela.pt\/#\/schema\/person\/c4278d4a6028830caff9ee44b42d32ed","name":"Telinha","image":{"@type":"ImageObject","inLanguage":"pt-PT","@id":"https:\/\/portaltela.pt\/s.01k8rhncp4jt1\/2025\/11\/talking-bot-125x125.png","url":"https:\/\/portaltela.pt\/s.01k8rhncp4jt1\/2025\/11\/talking-bot-125x125.png","contentUrl":"https:\/\/portaltela.pt\/s.01k8rhncp4jt1\/2025\/11\/talking-bot-125x125.png","caption":"Telinha"},"sameAs":["https:\/\/portaltela.pt\/"],"url":"https:\/\/portaltela.pt\/por\/367410592786\/"}]}},"_links":{"self":[{"href":"https:\/\/portaltela.pt\/api\/wp\/v2\/posts\/389556","targetHints":{"allow":["GET"]}}],"collection":[{"href":"https:\/\/portaltela.pt\/api\/wp\/v2\/posts"}],"about":[{"href":"https:\/\/portaltela.pt\/api\/wp\/v2\/types\/post"}],"author":[{"embeddable":true,"href":"https:\/\/portaltela.pt\/api\/wp\/v2\/users\/2"}],"replies":[{"embeddable":true,"href":"https:\/\/portaltela.pt\/api\/wp\/v2\/comments?post=389556"}],"version-history":[{"count":0,"href":"https:\/\/portaltela.pt\/api\/wp\/v2\/posts\/389556\/revisions"}],"wp:featuredmedia":[{"embeddable":true,"href":"https:\/\/portaltela.pt\/api\/wp\/v2\/media\/389577"}],"wp:attachment":[{"href":"https:\/\/portaltela.pt\/api\/wp\/v2\/media?parent=389556"}],"wp:term":[{"taxonomy":"category","embeddable":true,"href":"https:\/\/portaltela.pt\/api\/wp\/v2\/categories?post=389556"},{"taxonomy":"post_tag","embeddable":true,"href":"https:\/\/portaltela.pt\/api\/wp\/v2\/tags?post=389556"}],"curies":[{"name":"wp","href":"https:\/\/api.w.org\/{rel}","templated":true}]}}