{"id":389551,"date":"2026-02-26T13:33:54","date_gmt":"2026-02-26T16:33:54","guid":{"rendered":"https:\/\/portaltela.pt\/noticias\/2026\/02\/26\/governo-reduz-prazos-e-aumenta-penalizacoes-para-acelerar-pagamentos-no-estado-2\/"},"modified":"2026-02-26T13:33:54","modified_gmt":"2026-02-26T16:33:54","slug":"governo-reduz-prazos-e-aumenta-penalizacoes-para-acelerar-pagamentos-no-estado-2","status":"publish","type":"post","link":"https:\/\/portaltela.pt\/noticias\/politica\/2026\/02\/26\/governo-reduz-prazos-e-aumenta-penalizacoes-para-acelerar-pagamentos-no-estado-2\/","title":{"rendered":"Governo reduz prazos e aumenta penaliza\u00e7\u00f5es para acelerar pagamentos no Estado"},"content":{"rendered":"<p>O Governo aprovou, esta quinta-feira, duas medidas para acelerar os pagamentos do Estado. A altera\u00e7\u00e3o reduz os prazos de pagamento em atraso e altera o c\u00e1lculo de juros morat\u00f3rios. O objetivo \u00e9 fazer o Estado pagar mais depressa e incentivar pagamentos atempados de d\u00edvidas comerciais.<\/p>\n<p>Em confer\u00eancia de imprensa, o ministro da Presid\u00eancia apresentou as mudan\u00e7as no \u00e2mbito da reforma do Estado. As novas regras entram em vigor para reduzir atrasos e aumentar a responsabiliza\u00e7\u00e3o por pagamentos em atraso.<\/p>\n<p>Foi ainda aprovada uma medida para coordenar os investimentos em servi\u00e7os e sistemas inform\u00e1ticos. A iniciativa criar\u00e1 uma entidade comum, a rede de simplifica\u00e7\u00e3o e tecnologia do Estado, para gerir plataformas, compras e projetos digitais.<\/p>\n<h3>Pagamentos do Estado: prazos e juros<\/h3>\n<p>A lei passa a considerar em atraso o pagamento ap\u00f3s 30 ou 60 dias, dependendo da natureza da transa\u00e7\u00e3o, em vez dos 90 dias anteriores. Esta altera\u00e7\u00e3o reduz o tempo de atraso considerado legal para cada caso.<\/p>\n<p>Al\u00e9m disso, a partir do atraso, passam a existir juros de mora autom\u00e1ticos, sem necessidade de pedido do credor p\u00fablico. A medida imp\u00f5e penaliza\u00e7\u00f5es mais r\u00e1pidas para o Estado incumpridor.<\/p>\n<h3>Coordena\u00e7\u00e3o de investimentos em TI<\/h3>\n<p>A nova estrutura, descrita como uma esp\u00e9cie de holding tecnol\u00f3gica, permitir\u00e1 que entidades p\u00fablicas partilhem projetos e compras. Ser\u00e3o promovidas compras conjuntas, integra\u00e7\u00e3o de sistemas e desenvolvimento de cloud soberana.<\/p>\n<p>A gest\u00e3o centralizada dever\u00e1 gerar poupan\u00e7as relevantes, principalmente pelo ganho de escala nas compras de hardware e servi\u00e7os. A expectativa \u00e9 refor\u00e7ar a interoperabilidade entre servi\u00e7os e reduzir custos.<\/p>\n","protected":false},"excerpt":{"rendered":"<ul>\n<li>O Governo aprovou medidas para acelerar pagamentos, reduzindo prazos de atraso e aplicando juros de mora desde o atraso.<\/li>\n<li>A altera\u00e7\u00e3o da Lei dos Compromissos e dos Pagamentos em Atraso estabelece prazos de pagamento mais curtos, com 30 ou 60 dias conforme a natureza da transa\u00e7\u00e3o.<\/li>\n<li>Passa a haver penaliza\u00e7\u00e3o autom\u00e1tica: os juros de moraincidem automaticamente a partir do atraso, sem necessidade de pedido do credor.<\/li>\n<li>Foi aprovada a cria\u00e7\u00e3o de uma entidade comum para coordenar investimentos em servi\u00e7os e sistemas inform\u00e1ticos do Estado, funcionando como uma holding de TI.<\/li>\n<li>Esta medida visa poupan\u00e7as significativas atrav\u00e9s de compras conjuntas e partilha de projetos e interoperabilidade de dados entre entidades p\u00fablicas.<\/li>\n<\/ul>\n","protected":false},"author":2,"featured_media":389570,"comment_status":"closed","ping_status":"closed","sticky":false,"template":"","format":"standard","meta":{"footnotes":""},"categories":[1,5],"tags":[6115,168,2086,34,1322,153],"class_list":["post-389551","post","type-post","status-publish","format-standard","has-post-thumbnail","hentry","category-noticias","category-politica","tag-_economia","tag-administracao-publica","tag-cloud-soberana","tag-governo","tag-interoperabilidade","tag-tecnologia"],"yoast_head":"<!-- This site is optimized with the Yoast SEO plugin v27.2 - https:\/\/yoast.com\/product\/yoast-seo-wordpress\/ -->\n<title>Governo reduz prazos e aumenta penaliza\u00e7\u00f5es para acelerar pagamentos no Estado - Portal Tela Portugal<\/title>\n<meta name=\"robots\" content=\"index, follow, max-snippet:-1, max-image-preview:large, max-video-preview:-1\" \/>\n<meta property=\"og:locale\" content=\"pt_PT\" \/>\n<meta property=\"og:type\" content=\"article\" \/>\n<meta property=\"og:title\" content=\"Governo reduz prazos e aumenta penaliza\u00e7\u00f5es para acelerar pagamentos no Estado - Portal Tela Portugal\" \/>\n<meta property=\"og:description\" content=\"O Governo aprovou medidas para acelerar pagamentos, reduzindo prazos de atraso e aplicando juros de mora desde o atraso. A altera\u00e7\u00e3o da Lei dos Compromissos e dos Pagamentos em Atraso estabelece prazos de pagamento mais curtos, com 30 ou 60 dias conforme a natureza da transa\u00e7\u00e3o. Passa a haver penaliza\u00e7\u00e3o autom\u00e1tica: os juros de moraincidem automaticamente a partir do atraso, sem necessidade de pedido do credor. Foi aprovada a cria\u00e7\u00e3o de uma entidade comum para coordenar investimentos em servi\u00e7os e sistemas inform\u00e1ticos do Estado, funcionando como uma holding de TI. Esta medida visa poupan\u00e7as significativas atrav\u00e9s de compras conjuntas e partilha de projetos e interoperabilidade de dados entre entidades p\u00fablicas.\" \/>\n<meta property=\"og:url\" content=\"https:\/\/portaltela.pt\/noticias\/2026\/02\/26\/governo-reduz-prazos-e-aumenta-penalizacoes-para-acelerar-pagamentos-no-estado-2\/\" \/>\n<meta property=\"og:site_name\" content=\"Portal Tela Portugal\" \/>\n<meta property=\"article:published_time\" content=\"2026-02-26T16:33:54+00:00\" \/>\n<meta name=\"author\" content=\"Telinha\" \/>\n<meta name=\"twitter:card\" content=\"summary_large_image\" \/>\n<meta name=\"twitter:label1\" content=\"Escrito por\" \/>\n\t<meta name=\"twitter:data1\" content=\"Telinha\" \/>\n\t<meta name=\"twitter:label2\" content=\"Tempo estimado de leitura\" \/>\n\t<meta name=\"twitter:data2\" content=\"1 minuto\" \/>\n<script type=\"application\/ld+json\" class=\"yoast-schema-graph\">{\"@context\":\"https:\/\/schema.org\",\"@graph\":[{\"@type\":\"Article\",\"@id\":\"https:\/\/portaltela.pt\/noticias\/2026\/02\/26\/governo-reduz-prazos-e-aumenta-penalizacoes-para-acelerar-pagamentos-no-estado-2\/#article\",\"isPartOf\":{\"@id\":\"https:\/\/portaltela.pt\/noticias\/2026\/02\/26\/governo-reduz-prazos-e-aumenta-penalizacoes-para-acelerar-pagamentos-no-estado-2\/\"},\"author\":{\"name\":\"Telinha\",\"@id\":\"https:\/\/portaltela.pt\/#\/schema\/person\/c4278d4a6028830caff9ee44b42d32ed\"},\"headline\":\"Governo reduz prazos e aumenta penaliza\u00e7\u00f5es para acelerar pagamentos no Estado\",\"datePublished\":\"2026-02-26T16:33:54+00:00\",\"mainEntityOfPage\":{\"@id\":\"https:\/\/portaltela.pt\/noticias\/2026\/02\/26\/governo-reduz-prazos-e-aumenta-penalizacoes-para-acelerar-pagamentos-no-estado-2\/\"},\"wordCount\":289,\"image\":{\"@id\":\"https:\/\/portaltela.pt\/noticias\/2026\/02\/26\/governo-reduz-prazos-e-aumenta-penalizacoes-para-acelerar-pagamentos-no-estado-2\/#primaryimage\"},\"thumbnailUrl\":\"https:\/\/portaltela.pt\/s.01k8rhncp4jt1\/2026\/02\/img_1500x1000uu2026-01-29-20-49-28-2263477-3.jpg\",\"keywords\":[\"_economia\",\"administra\u00e7\u00e3o p\u00fablica\",\"cloud soberana\",\"governo\",\"interoperabilidade\",\"tecnologia\"],\"articleSection\":[\"Not\u00edcias\",\"Pol\u00edtica\"],\"inLanguage\":\"pt-PT\"},{\"@type\":\"WebPage\",\"@id\":\"https:\/\/portaltela.pt\/noticias\/2026\/02\/26\/governo-reduz-prazos-e-aumenta-penalizacoes-para-acelerar-pagamentos-no-estado-2\/\",\"url\":\"https:\/\/portaltela.pt\/noticias\/2026\/02\/26\/governo-reduz-prazos-e-aumenta-penalizacoes-para-acelerar-pagamentos-no-estado-2\/\",\"name\":\"Governo reduz prazos e aumenta penaliza\u00e7\u00f5es para acelerar pagamentos no Estado - Portal Tela Portugal\",\"isPartOf\":{\"@id\":\"https:\/\/portaltela.pt\/#website\"},\"primaryImageOfPage\":{\"@id\":\"https:\/\/portaltela.pt\/noticias\/2026\/02\/26\/governo-reduz-prazos-e-aumenta-penalizacoes-para-acelerar-pagamentos-no-estado-2\/#primaryimage\"},\"image\":{\"@id\":\"https:\/\/portaltela.pt\/noticias\/2026\/02\/26\/governo-reduz-prazos-e-aumenta-penalizacoes-para-acelerar-pagamentos-no-estado-2\/#primaryimage\"},\"thumbnailUrl\":\"https:\/\/portaltela.pt\/s.01k8rhncp4jt1\/2026\/02\/img_1500x1000uu2026-01-29-20-49-28-2263477-3.jpg\",\"datePublished\":\"2026-02-26T16:33:54+00:00\",\"author\":{\"@id\":\"https:\/\/portaltela.pt\/#\/schema\/person\/c4278d4a6028830caff9ee44b42d32ed\"},\"breadcrumb\":{\"@id\":\"https:\/\/portaltela.pt\/noticias\/2026\/02\/26\/governo-reduz-prazos-e-aumenta-penalizacoes-para-acelerar-pagamentos-no-estado-2\/#breadcrumb\"},\"inLanguage\":\"pt-PT\",\"potentialAction\":[{\"@type\":\"ReadAction\",\"target\":[\"https:\/\/portaltela.pt\/noticias\/2026\/02\/26\/governo-reduz-prazos-e-aumenta-penalizacoes-para-acelerar-pagamentos-no-estado-2\/\"]}]},{\"@type\":\"ImageObject\",\"inLanguage\":\"pt-PT\",\"@id\":\"https:\/\/portaltela.pt\/noticias\/2026\/02\/26\/governo-reduz-prazos-e-aumenta-penalizacoes-para-acelerar-pagamentos-no-estado-2\/#primaryimage\",\"url\":\"https:\/\/portaltela.pt\/s.01k8rhncp4jt1\/2026\/02\/img_1500x1000uu2026-01-29-20-49-28-2263477-3.jpg\",\"contentUrl\":\"https:\/\/portaltela.pt\/s.01k8rhncp4jt1\/2026\/02\/img_1500x1000uu2026-01-29-20-49-28-2263477-3.jpg\",\"width\":796,\"height\":448,\"caption\":\"FOTO: Manuel de Almeida\/Lusa\"},{\"@type\":\"BreadcrumbList\",\"@id\":\"https:\/\/portaltela.pt\/noticias\/2026\/02\/26\/governo-reduz-prazos-e-aumenta-penalizacoes-para-acelerar-pagamentos-no-estado-2\/#breadcrumb\",\"itemListElement\":[{\"@type\":\"ListItem\",\"position\":1,\"name\":\"In\u00edcio\",\"item\":\"https:\/\/portaltela.pt\/\"},{\"@type\":\"ListItem\",\"position\":2,\"name\":\"Governo reduz prazos e aumenta penaliza\u00e7\u00f5es para acelerar pagamentos no Estado\"}]},{\"@type\":\"WebSite\",\"@id\":\"https:\/\/portaltela.pt\/#website\",\"url\":\"https:\/\/portaltela.pt\/\",\"name\":\"Portal Tela Portugal\",\"description\":\"\",\"potentialAction\":[{\"@type\":\"SearchAction\",\"target\":{\"@type\":\"EntryPoint\",\"urlTemplate\":\"https:\/\/portaltela.pt\/?s={search_term_string}\"},\"query-input\":{\"@type\":\"PropertyValueSpecification\",\"valueRequired\":true,\"valueName\":\"search_term_string\"}}],\"inLanguage\":\"pt-PT\"},{\"@type\":\"Person\",\"@id\":\"https:\/\/portaltela.pt\/#\/schema\/person\/c4278d4a6028830caff9ee44b42d32ed\",\"name\":\"Telinha\",\"image\":{\"@type\":\"ImageObject\",\"inLanguage\":\"pt-PT\",\"@id\":\"https:\/\/portaltela.pt\/s.01k8rhncp4jt1\/2025\/11\/talking-bot-125x125.png\",\"url\":\"https:\/\/portaltela.pt\/s.01k8rhncp4jt1\/2025\/11\/talking-bot-125x125.png\",\"contentUrl\":\"https:\/\/portaltela.pt\/s.01k8rhncp4jt1\/2025\/11\/talking-bot-125x125.png\",\"caption\":\"Telinha\"},\"sameAs\":[\"https:\/\/portaltela.pt\/\"],\"url\":\"https:\/\/portaltela.pt\/por\/367410592786\/\"}]}<\/script>\n<!-- \/ Yoast SEO plugin. -->","yoast_head_json":{"title":"Governo reduz prazos e aumenta penaliza\u00e7\u00f5es para acelerar pagamentos no Estado - Portal Tela Portugal","robots":{"index":"index","follow":"follow","max-snippet":"max-snippet:-1","max-image-preview":"max-image-preview:large","max-video-preview":"max-video-preview:-1"},"og_locale":"pt_PT","og_type":"article","og_title":"Governo reduz prazos e aumenta penaliza\u00e7\u00f5es para acelerar pagamentos no Estado - Portal Tela Portugal","og_description":"O Governo aprovou medidas para acelerar pagamentos, reduzindo prazos de atraso e aplicando juros de mora desde o atraso. A altera\u00e7\u00e3o da Lei dos Compromissos e dos Pagamentos em Atraso estabelece prazos de pagamento mais curtos, com 30 ou 60 dias conforme a natureza da transa\u00e7\u00e3o. Passa a haver penaliza\u00e7\u00e3o autom\u00e1tica: os juros de moraincidem automaticamente a partir do atraso, sem necessidade de pedido do credor. Foi aprovada a cria\u00e7\u00e3o de uma entidade comum para coordenar investimentos em servi\u00e7os e sistemas inform\u00e1ticos do Estado, funcionando como uma holding de TI. Esta medida visa poupan\u00e7as significativas atrav\u00e9s de compras conjuntas e partilha de projetos e interoperabilidade de dados entre entidades p\u00fablicas.","og_url":"https:\/\/portaltela.pt\/noticias\/2026\/02\/26\/governo-reduz-prazos-e-aumenta-penalizacoes-para-acelerar-pagamentos-no-estado-2\/","og_site_name":"Portal Tela Portugal","article_published_time":"2026-02-26T16:33:54+00:00","author":"Telinha","twitter_card":"summary_large_image","twitter_misc":{"Escrito por":"Telinha","Tempo estimado de leitura":"1 minuto"},"schema":{"@context":"https:\/\/schema.org","@graph":[{"@type":"Article","@id":"https:\/\/portaltela.pt\/noticias\/2026\/02\/26\/governo-reduz-prazos-e-aumenta-penalizacoes-para-acelerar-pagamentos-no-estado-2\/#article","isPartOf":{"@id":"https:\/\/portaltela.pt\/noticias\/2026\/02\/26\/governo-reduz-prazos-e-aumenta-penalizacoes-para-acelerar-pagamentos-no-estado-2\/"},"author":{"name":"Telinha","@id":"https:\/\/portaltela.pt\/#\/schema\/person\/c4278d4a6028830caff9ee44b42d32ed"},"headline":"Governo reduz prazos e aumenta penaliza\u00e7\u00f5es para acelerar pagamentos no Estado","datePublished":"2026-02-26T16:33:54+00:00","mainEntityOfPage":{"@id":"https:\/\/portaltela.pt\/noticias\/2026\/02\/26\/governo-reduz-prazos-e-aumenta-penalizacoes-para-acelerar-pagamentos-no-estado-2\/"},"wordCount":289,"image":{"@id":"https:\/\/portaltela.pt\/noticias\/2026\/02\/26\/governo-reduz-prazos-e-aumenta-penalizacoes-para-acelerar-pagamentos-no-estado-2\/#primaryimage"},"thumbnailUrl":"https:\/\/portaltela.pt\/s.01k8rhncp4jt1\/2026\/02\/img_1500x1000uu2026-01-29-20-49-28-2263477-3.jpg","keywords":["_economia","administra\u00e7\u00e3o p\u00fablica","cloud soberana","governo","interoperabilidade","tecnologia"],"articleSection":["Not\u00edcias","Pol\u00edtica"],"inLanguage":"pt-PT"},{"@type":"WebPage","@id":"https:\/\/portaltela.pt\/noticias\/2026\/02\/26\/governo-reduz-prazos-e-aumenta-penalizacoes-para-acelerar-pagamentos-no-estado-2\/","url":"https:\/\/portaltela.pt\/noticias\/2026\/02\/26\/governo-reduz-prazos-e-aumenta-penalizacoes-para-acelerar-pagamentos-no-estado-2\/","name":"Governo reduz prazos e aumenta penaliza\u00e7\u00f5es para acelerar pagamentos no Estado - Portal Tela Portugal","isPartOf":{"@id":"https:\/\/portaltela.pt\/#website"},"primaryImageOfPage":{"@id":"https:\/\/portaltela.pt\/noticias\/2026\/02\/26\/governo-reduz-prazos-e-aumenta-penalizacoes-para-acelerar-pagamentos-no-estado-2\/#primaryimage"},"image":{"@id":"https:\/\/portaltela.pt\/noticias\/2026\/02\/26\/governo-reduz-prazos-e-aumenta-penalizacoes-para-acelerar-pagamentos-no-estado-2\/#primaryimage"},"thumbnailUrl":"https:\/\/portaltela.pt\/s.01k8rhncp4jt1\/2026\/02\/img_1500x1000uu2026-01-29-20-49-28-2263477-3.jpg","datePublished":"2026-02-26T16:33:54+00:00","author":{"@id":"https:\/\/portaltela.pt\/#\/schema\/person\/c4278d4a6028830caff9ee44b42d32ed"},"breadcrumb":{"@id":"https:\/\/portaltela.pt\/noticias\/2026\/02\/26\/governo-reduz-prazos-e-aumenta-penalizacoes-para-acelerar-pagamentos-no-estado-2\/#breadcrumb"},"inLanguage":"pt-PT","potentialAction":[{"@type":"ReadAction","target":["https:\/\/portaltela.pt\/noticias\/2026\/02\/26\/governo-reduz-prazos-e-aumenta-penalizacoes-para-acelerar-pagamentos-no-estado-2\/"]}]},{"@type":"ImageObject","inLanguage":"pt-PT","@id":"https:\/\/portaltela.pt\/noticias\/2026\/02\/26\/governo-reduz-prazos-e-aumenta-penalizacoes-para-acelerar-pagamentos-no-estado-2\/#primaryimage","url":"https:\/\/portaltela.pt\/s.01k8rhncp4jt1\/2026\/02\/img_1500x1000uu2026-01-29-20-49-28-2263477-3.jpg","contentUrl":"https:\/\/portaltela.pt\/s.01k8rhncp4jt1\/2026\/02\/img_1500x1000uu2026-01-29-20-49-28-2263477-3.jpg","width":796,"height":448,"caption":"FOTO: Manuel de Almeida\/Lusa"},{"@type":"BreadcrumbList","@id":"https:\/\/portaltela.pt\/noticias\/2026\/02\/26\/governo-reduz-prazos-e-aumenta-penalizacoes-para-acelerar-pagamentos-no-estado-2\/#breadcrumb","itemListElement":[{"@type":"ListItem","position":1,"name":"In\u00edcio","item":"https:\/\/portaltela.pt\/"},{"@type":"ListItem","position":2,"name":"Governo reduz prazos e aumenta penaliza\u00e7\u00f5es para acelerar pagamentos no Estado"}]},{"@type":"WebSite","@id":"https:\/\/portaltela.pt\/#website","url":"https:\/\/portaltela.pt\/","name":"Portal Tela Portugal","description":"","potentialAction":[{"@type":"SearchAction","target":{"@type":"EntryPoint","urlTemplate":"https:\/\/portaltela.pt\/?s={search_term_string}"},"query-input":{"@type":"PropertyValueSpecification","valueRequired":true,"valueName":"search_term_string"}}],"inLanguage":"pt-PT"},{"@type":"Person","@id":"https:\/\/portaltela.pt\/#\/schema\/person\/c4278d4a6028830caff9ee44b42d32ed","name":"Telinha","image":{"@type":"ImageObject","inLanguage":"pt-PT","@id":"https:\/\/portaltela.pt\/s.01k8rhncp4jt1\/2025\/11\/talking-bot-125x125.png","url":"https:\/\/portaltela.pt\/s.01k8rhncp4jt1\/2025\/11\/talking-bot-125x125.png","contentUrl":"https:\/\/portaltela.pt\/s.01k8rhncp4jt1\/2025\/11\/talking-bot-125x125.png","caption":"Telinha"},"sameAs":["https:\/\/portaltela.pt\/"],"url":"https:\/\/portaltela.pt\/por\/367410592786\/"}]}},"_links":{"self":[{"href":"https:\/\/portaltela.pt\/api\/wp\/v2\/posts\/389551","targetHints":{"allow":["GET"]}}],"collection":[{"href":"https:\/\/portaltela.pt\/api\/wp\/v2\/posts"}],"about":[{"href":"https:\/\/portaltela.pt\/api\/wp\/v2\/types\/post"}],"author":[{"embeddable":true,"href":"https:\/\/portaltela.pt\/api\/wp\/v2\/users\/2"}],"replies":[{"embeddable":true,"href":"https:\/\/portaltela.pt\/api\/wp\/v2\/comments?post=389551"}],"version-history":[{"count":0,"href":"https:\/\/portaltela.pt\/api\/wp\/v2\/posts\/389551\/revisions"}],"wp:featuredmedia":[{"embeddable":true,"href":"https:\/\/portaltela.pt\/api\/wp\/v2\/media\/389570"}],"wp:attachment":[{"href":"https:\/\/portaltela.pt\/api\/wp\/v2\/media?parent=389551"}],"wp:term":[{"taxonomy":"category","embeddable":true,"href":"https:\/\/portaltela.pt\/api\/wp\/v2\/categories?post=389551"},{"taxonomy":"post_tag","embeddable":true,"href":"https:\/\/portaltela.pt\/api\/wp\/v2\/tags?post=389551"}],"curies":[{"name":"wp","href":"https:\/\/api.w.org\/{rel}","templated":true}]}}