{"id":389517,"date":"2026-02-26T13:02:00","date_gmt":"2026-02-26T16:02:00","guid":{"rendered":"https:\/\/portaltela.pt\/noticias\/2026\/02\/26\/nomeacoes-em-santa-engracia-obras-de-luis-neves-e-desafio-a-carneiro\/"},"modified":"2026-02-26T13:02:00","modified_gmt":"2026-02-26T16:02:00","slug":"nomeacoes-em-santa-engracia-obras-de-luis-neves-e-desafio-a-carneiro","status":"publish","type":"post","link":"https:\/\/portaltela.pt\/noticias\/politica\/2026\/02\/26\/nomeacoes-em-santa-engracia-obras-de-luis-neves-e-desafio-a-carneiro\/","title":{"rendered":"Nomea\u00e7\u00f5es em Santa Engr\u00e1cia, obras de Lu\u00eds Neves e desafio a Carneiro"},"content":{"rendered":"<p>O Governo teve uma mudan\u00e7a no espa\u00e7o pol\u00edtico com a substitui\u00e7\u00e3o da ministra da Administra\u00e7\u00e3o Interna. Um antigo diretor da Pol\u00edcia Judici\u00e1ria assumiu o cargo, numa decis\u00e3o considerada inesperada, mas elogiada por alguns setores. Lu\u00eds Neves n\u00e3o acompanhou a narrativa de inseguran\u00e7a associada ao Chega, o que levou a reac\u00e7\u00f5es mistas entre as for\u00e7as pol\u00edticas.<\/p>\n<p>O tema seguinte envolve os \u00f3rg\u00e3os externos do Parlamento. Tribunal Constitucional, Provedoria de Justi\u00e7a, Conselho de Estados e os conselhos superiores de Magistratura, do Minist\u00e9rio P\u00fablico, de Informa\u00e7\u00f5es e de Seguran\u00e7a Interna possuem quase 70 lugares vagos em 15 entidades. A necessidade de elei\u00e7\u00e3o n\u00e3o encontra consenso entre os partidos.<\/p>\n<ul>\n<li>Falta de acordo entre partidos tem levado a adiamentos de nomea\u00e7\u00f5es. J\u00e1 falharam tr\u00eas datas e persiste a dificuldade de entendimento sobre os perfis a promover. A d\u00favida persiste se o cronograma ser\u00e1 cumprido at\u00e9 6 de Mar\u00e7o.<\/li>\n<\/ul>\n<h3>Desdobramentos pol\u00edticos<\/h3>\n<p>A reuni\u00e3o entre o primeiro-ministro e o Presidente eleito em Queluz surge como marco para a rela\u00e7\u00e3o entre poderes. O acompanhamento dos passos do governo \u00e9 feito com aten\u00e7\u00e3o aos resultados na gest\u00e3o p\u00fablica e institucional.<\/p>\n<h3>Congresso do PS e desafios internos<\/h3>\n<p>No \u00e2mbito do congresso do PS, Jos\u00e9 Lu\u00eds Carneiro enfrenta cr\u00edticas sobre o ritmo de suporte interno e a cultura burocr\u00e1tica. Surgem perguntas sobre poss\u00edveis alternativas se surgirem candidaturas paralelas dentro do partido.<\/p>\n<p>O balan\u00e7o da semana \u00e9 fechado com as notas do P\u00fablico &amp; Not\u00f3rio, que acompanham os desenvolvimentos pol\u00edticos e institucionais em curso.<\/p>\n","protected":false},"excerpt":{"rendered":"<ul>\n<li>A jornalista Liliana Borges junta\u2011se ao programa para comentar a semana, incluindo a substitui\u00e7\u00e3o da ministra da Administra\u00e7\u00e3o Interna por um antigo diretor da Pol\u00edcia Judici\u00e1ria, escolhida apesar de ter sido inesperada, e o elogio \u00e0 posi\u00e7\u00e3o de Lu\u00eds Neves por n\u00e3o alinhar com a narrativa de inseguran\u00e7a.<\/li>\n<li>Nos \u00f3rg\u00e3os externos do Parlamento, existem quase setenta lugares vagos em quinze entidades, que devem ser preenchidos por elei\u00e7\u00e3o, mas os partidos ainda n\u00e3o chegaram a acordo; prazo at\u00e9 seis de mar\u00e7o para resolver.<\/li>\n<li>O epis\u00f3dio inclui a reuni\u00e3o entre o primeiro\u2011ministro e o Presidente da Rep\u00fablica eleito em Queluz, assim como o congresso do Partido Socialista (PS), com an\u00e1lise de como pode ficar a rela\u00e7\u00e3o entre as duas entidades.<\/li>\n<li>Sobre o Congresso do PS, Jos\u00e9 Lu\u00eds Carneiro marcou a data ap\u00f3s as presidenciais; surgem cr\u00edticas dos chamados seguristas, que defendem o adiamento para permitir uma candidatura alternativa, apontando falta de dinamismo e cultura burocr\u00e1tica.<\/li>\n<li>O programa fecha com a rubrica P\u00fablico &amp; Not\u00f3rio.<\/li>\n<\/ul>\n","protected":false},"author":2,"featured_media":389520,"comment_status":"closed","ping_status":"closed","sticky":false,"template":"","format":"standard","meta":{"footnotes":""},"categories":[1,5],"tags":[5806,4120,34,4523,2832,2144],"class_list":["post-389517","post","type-post","status-publish","format-standard","has-post-thumbnail","hentry","category-noticias","category-politica","tag-a-administracao-interna","tag-congresso-nacional","tag-governo","tag-nomeacoes","tag-politica","tag-ps"],"yoast_head":"<!-- This site is optimized with the Yoast SEO plugin v27.2 - https:\/\/yoast.com\/product\/yoast-seo-wordpress\/ -->\n<title>Nomea\u00e7\u00f5es em Santa Engr\u00e1cia, obras de Lu\u00eds Neves e desafio a Carneiro - Portal Tela Portugal<\/title>\n<meta name=\"robots\" content=\"index, follow, max-snippet:-1, max-image-preview:large, max-video-preview:-1\" \/>\n<meta property=\"og:locale\" content=\"pt_PT\" \/>\n<meta property=\"og:type\" content=\"article\" \/>\n<meta property=\"og:title\" content=\"Nomea\u00e7\u00f5es em Santa Engr\u00e1cia, obras de Lu\u00eds Neves e desafio a Carneiro - Portal Tela Portugal\" \/>\n<meta property=\"og:description\" content=\"A jornalista Liliana Borges junta\u2011se ao programa para comentar a semana, incluindo a substitui\u00e7\u00e3o da ministra da Administra\u00e7\u00e3o Interna por um antigo diretor da Pol\u00edcia Judici\u00e1ria, escolhida apesar de ter sido inesperada, e o elogio \u00e0 posi\u00e7\u00e3o de Lu\u00eds Neves por n\u00e3o alinhar com a narrativa de inseguran\u00e7a. Nos \u00f3rg\u00e3os externos do Parlamento, existem quase setenta lugares vagos em quinze entidades, que devem ser preenchidos por elei\u00e7\u00e3o, mas os partidos ainda n\u00e3o chegaram a acordo; prazo at\u00e9 seis de mar\u00e7o para resolver. O epis\u00f3dio inclui a reuni\u00e3o entre o primeiro\u2011ministro e o Presidente da Rep\u00fablica eleito em Queluz, assim como o congresso do Partido Socialista (PS), com an\u00e1lise de como pode ficar a rela\u00e7\u00e3o entre as duas entidades. Sobre o Congresso do PS, Jos\u00e9 Lu\u00eds Carneiro marcou a data ap\u00f3s as presidenciais; surgem cr\u00edticas dos chamados seguristas, que defendem o adiamento para permitir uma candidatura alternativa, apontando falta de dinamismo e cultura burocr\u00e1tica. O programa fecha com a rubrica P\u00fablico &amp; Not\u00f3rio.\" \/>\n<meta property=\"og:url\" content=\"https:\/\/portaltela.pt\/noticias\/2026\/02\/26\/nomeacoes-em-santa-engracia-obras-de-luis-neves-e-desafio-a-carneiro\/\" \/>\n<meta property=\"og:site_name\" content=\"Portal Tela Portugal\" \/>\n<meta property=\"article:published_time\" content=\"2026-02-26T16:02:00+00:00\" \/>\n<meta name=\"author\" content=\"Telinha\" \/>\n<meta name=\"twitter:card\" content=\"summary_large_image\" \/>\n<meta name=\"twitter:label1\" content=\"Escrito por\" \/>\n\t<meta name=\"twitter:data1\" content=\"Telinha\" \/>\n\t<meta name=\"twitter:label2\" content=\"Tempo estimado de leitura\" \/>\n\t<meta name=\"twitter:data2\" content=\"1 minuto\" \/>\n<script type=\"application\/ld+json\" class=\"yoast-schema-graph\">{\"@context\":\"https:\/\/schema.org\",\"@graph\":[{\"@type\":\"Article\",\"@id\":\"https:\/\/portaltela.pt\/noticias\/2026\/02\/26\/nomeacoes-em-santa-engracia-obras-de-luis-neves-e-desafio-a-carneiro\/#article\",\"isPartOf\":{\"@id\":\"https:\/\/portaltela.pt\/noticias\/2026\/02\/26\/nomeacoes-em-santa-engracia-obras-de-luis-neves-e-desafio-a-carneiro\/\"},\"author\":{\"name\":\"Telinha\",\"@id\":\"https:\/\/portaltela.pt\/#\/schema\/person\/c4278d4a6028830caff9ee44b42d32ed\"},\"headline\":\"Nomea\u00e7\u00f5es em Santa Engr\u00e1cia, obras de Lu\u00eds Neves e desafio a Carneiro\",\"datePublished\":\"2026-02-26T16:02:00+00:00\",\"mainEntityOfPage\":{\"@id\":\"https:\/\/portaltela.pt\/noticias\/2026\/02\/26\/nomeacoes-em-santa-engracia-obras-de-luis-neves-e-desafio-a-carneiro\/\"},\"wordCount\":292,\"image\":{\"@id\":\"https:\/\/portaltela.pt\/noticias\/2026\/02\/26\/nomeacoes-em-santa-engracia-obras-de-luis-neves-e-desafio-a-carneiro\/#primaryimage\"},\"thumbnailUrl\":\"https:\/\/portaltela.pt\/s.01k8rhncp4jt1\/2026\/02\/2165993.jpg\",\"keywords\":[\"A Administra\u00e7\u00e3o Interna\",\"Congresso Nacional\",\"governo\",\"nomea\u00e7\u00f5es\",\"pol\u00edtica\",\"PS\"],\"articleSection\":[\"Not\u00edcias\",\"Pol\u00edtica\"],\"inLanguage\":\"pt-PT\"},{\"@type\":\"WebPage\",\"@id\":\"https:\/\/portaltela.pt\/noticias\/2026\/02\/26\/nomeacoes-em-santa-engracia-obras-de-luis-neves-e-desafio-a-carneiro\/\",\"url\":\"https:\/\/portaltela.pt\/noticias\/2026\/02\/26\/nomeacoes-em-santa-engracia-obras-de-luis-neves-e-desafio-a-carneiro\/\",\"name\":\"Nomea\u00e7\u00f5es em Santa Engr\u00e1cia, obras de Lu\u00eds Neves e desafio a Carneiro - Portal Tela Portugal\",\"isPartOf\":{\"@id\":\"https:\/\/portaltela.pt\/#website\"},\"primaryImageOfPage\":{\"@id\":\"https:\/\/portaltela.pt\/noticias\/2026\/02\/26\/nomeacoes-em-santa-engracia-obras-de-luis-neves-e-desafio-a-carneiro\/#primaryimage\"},\"image\":{\"@id\":\"https:\/\/portaltela.pt\/noticias\/2026\/02\/26\/nomeacoes-em-santa-engracia-obras-de-luis-neves-e-desafio-a-carneiro\/#primaryimage\"},\"thumbnailUrl\":\"https:\/\/portaltela.pt\/s.01k8rhncp4jt1\/2026\/02\/2165993.jpg\",\"datePublished\":\"2026-02-26T16:02:00+00:00\",\"author\":{\"@id\":\"https:\/\/portaltela.pt\/#\/schema\/person\/c4278d4a6028830caff9ee44b42d32ed\"},\"breadcrumb\":{\"@id\":\"https:\/\/portaltela.pt\/noticias\/2026\/02\/26\/nomeacoes-em-santa-engracia-obras-de-luis-neves-e-desafio-a-carneiro\/#breadcrumb\"},\"inLanguage\":\"pt-PT\",\"potentialAction\":[{\"@type\":\"ReadAction\",\"target\":[\"https:\/\/portaltela.pt\/noticias\/2026\/02\/26\/nomeacoes-em-santa-engracia-obras-de-luis-neves-e-desafio-a-carneiro\/\"]}]},{\"@type\":\"ImageObject\",\"inLanguage\":\"pt-PT\",\"@id\":\"https:\/\/portaltela.pt\/noticias\/2026\/02\/26\/nomeacoes-em-santa-engracia-obras-de-luis-neves-e-desafio-a-carneiro\/#primaryimage\",\"url\":\"https:\/\/portaltela.pt\/s.01k8rhncp4jt1\/2026\/02\/2165993.jpg\",\"contentUrl\":\"https:\/\/portaltela.pt\/s.01k8rhncp4jt1\/2026\/02\/2165993.jpg\",\"width\":796,\"height\":448,\"caption\":\"Photo\"},{\"@type\":\"BreadcrumbList\",\"@id\":\"https:\/\/portaltela.pt\/noticias\/2026\/02\/26\/nomeacoes-em-santa-engracia-obras-de-luis-neves-e-desafio-a-carneiro\/#breadcrumb\",\"itemListElement\":[{\"@type\":\"ListItem\",\"position\":1,\"name\":\"In\u00edcio\",\"item\":\"https:\/\/portaltela.pt\/\"},{\"@type\":\"ListItem\",\"position\":2,\"name\":\"Nomea\u00e7\u00f5es em Santa Engr\u00e1cia, obras de Lu\u00eds Neves e desafio a Carneiro\"}]},{\"@type\":\"WebSite\",\"@id\":\"https:\/\/portaltela.pt\/#website\",\"url\":\"https:\/\/portaltela.pt\/\",\"name\":\"Portal Tela Portugal\",\"description\":\"\",\"potentialAction\":[{\"@type\":\"SearchAction\",\"target\":{\"@type\":\"EntryPoint\",\"urlTemplate\":\"https:\/\/portaltela.pt\/?s={search_term_string}\"},\"query-input\":{\"@type\":\"PropertyValueSpecification\",\"valueRequired\":true,\"valueName\":\"search_term_string\"}}],\"inLanguage\":\"pt-PT\"},{\"@type\":\"Person\",\"@id\":\"https:\/\/portaltela.pt\/#\/schema\/person\/c4278d4a6028830caff9ee44b42d32ed\",\"name\":\"Telinha\",\"image\":{\"@type\":\"ImageObject\",\"inLanguage\":\"pt-PT\",\"@id\":\"https:\/\/portaltela.pt\/s.01k8rhncp4jt1\/2025\/11\/talking-bot-125x125.png\",\"url\":\"https:\/\/portaltela.pt\/s.01k8rhncp4jt1\/2025\/11\/talking-bot-125x125.png\",\"contentUrl\":\"https:\/\/portaltela.pt\/s.01k8rhncp4jt1\/2025\/11\/talking-bot-125x125.png\",\"caption\":\"Telinha\"},\"sameAs\":[\"https:\/\/portaltela.pt\/\"],\"url\":\"https:\/\/portaltela.pt\/por\/367410592786\/\"}]}<\/script>\n<!-- \/ Yoast SEO plugin. -->","yoast_head_json":{"title":"Nomea\u00e7\u00f5es em Santa Engr\u00e1cia, obras de Lu\u00eds Neves e desafio a Carneiro - Portal Tela Portugal","robots":{"index":"index","follow":"follow","max-snippet":"max-snippet:-1","max-image-preview":"max-image-preview:large","max-video-preview":"max-video-preview:-1"},"og_locale":"pt_PT","og_type":"article","og_title":"Nomea\u00e7\u00f5es em Santa Engr\u00e1cia, obras de Lu\u00eds Neves e desafio a Carneiro - Portal Tela Portugal","og_description":"A jornalista Liliana Borges junta\u2011se ao programa para comentar a semana, incluindo a substitui\u00e7\u00e3o da ministra da Administra\u00e7\u00e3o Interna por um antigo diretor da Pol\u00edcia Judici\u00e1ria, escolhida apesar de ter sido inesperada, e o elogio \u00e0 posi\u00e7\u00e3o de Lu\u00eds Neves por n\u00e3o alinhar com a narrativa de inseguran\u00e7a. Nos \u00f3rg\u00e3os externos do Parlamento, existem quase setenta lugares vagos em quinze entidades, que devem ser preenchidos por elei\u00e7\u00e3o, mas os partidos ainda n\u00e3o chegaram a acordo; prazo at\u00e9 seis de mar\u00e7o para resolver. O epis\u00f3dio inclui a reuni\u00e3o entre o primeiro\u2011ministro e o Presidente da Rep\u00fablica eleito em Queluz, assim como o congresso do Partido Socialista (PS), com an\u00e1lise de como pode ficar a rela\u00e7\u00e3o entre as duas entidades. Sobre o Congresso do PS, Jos\u00e9 Lu\u00eds Carneiro marcou a data ap\u00f3s as presidenciais; surgem cr\u00edticas dos chamados seguristas, que defendem o adiamento para permitir uma candidatura alternativa, apontando falta de dinamismo e cultura burocr\u00e1tica. O programa fecha com a rubrica P\u00fablico &amp; Not\u00f3rio.","og_url":"https:\/\/portaltela.pt\/noticias\/2026\/02\/26\/nomeacoes-em-santa-engracia-obras-de-luis-neves-e-desafio-a-carneiro\/","og_site_name":"Portal Tela Portugal","article_published_time":"2026-02-26T16:02:00+00:00","author":"Telinha","twitter_card":"summary_large_image","twitter_misc":{"Escrito por":"Telinha","Tempo estimado de leitura":"1 minuto"},"schema":{"@context":"https:\/\/schema.org","@graph":[{"@type":"Article","@id":"https:\/\/portaltela.pt\/noticias\/2026\/02\/26\/nomeacoes-em-santa-engracia-obras-de-luis-neves-e-desafio-a-carneiro\/#article","isPartOf":{"@id":"https:\/\/portaltela.pt\/noticias\/2026\/02\/26\/nomeacoes-em-santa-engracia-obras-de-luis-neves-e-desafio-a-carneiro\/"},"author":{"name":"Telinha","@id":"https:\/\/portaltela.pt\/#\/schema\/person\/c4278d4a6028830caff9ee44b42d32ed"},"headline":"Nomea\u00e7\u00f5es em Santa Engr\u00e1cia, obras de Lu\u00eds Neves e desafio a Carneiro","datePublished":"2026-02-26T16:02:00+00:00","mainEntityOfPage":{"@id":"https:\/\/portaltela.pt\/noticias\/2026\/02\/26\/nomeacoes-em-santa-engracia-obras-de-luis-neves-e-desafio-a-carneiro\/"},"wordCount":292,"image":{"@id":"https:\/\/portaltela.pt\/noticias\/2026\/02\/26\/nomeacoes-em-santa-engracia-obras-de-luis-neves-e-desafio-a-carneiro\/#primaryimage"},"thumbnailUrl":"https:\/\/portaltela.pt\/s.01k8rhncp4jt1\/2026\/02\/2165993.jpg","keywords":["A Administra\u00e7\u00e3o Interna","Congresso Nacional","governo","nomea\u00e7\u00f5es","pol\u00edtica","PS"],"articleSection":["Not\u00edcias","Pol\u00edtica"],"inLanguage":"pt-PT"},{"@type":"WebPage","@id":"https:\/\/portaltela.pt\/noticias\/2026\/02\/26\/nomeacoes-em-santa-engracia-obras-de-luis-neves-e-desafio-a-carneiro\/","url":"https:\/\/portaltela.pt\/noticias\/2026\/02\/26\/nomeacoes-em-santa-engracia-obras-de-luis-neves-e-desafio-a-carneiro\/","name":"Nomea\u00e7\u00f5es em Santa Engr\u00e1cia, obras de Lu\u00eds Neves e desafio a Carneiro - Portal Tela Portugal","isPartOf":{"@id":"https:\/\/portaltela.pt\/#website"},"primaryImageOfPage":{"@id":"https:\/\/portaltela.pt\/noticias\/2026\/02\/26\/nomeacoes-em-santa-engracia-obras-de-luis-neves-e-desafio-a-carneiro\/#primaryimage"},"image":{"@id":"https:\/\/portaltela.pt\/noticias\/2026\/02\/26\/nomeacoes-em-santa-engracia-obras-de-luis-neves-e-desafio-a-carneiro\/#primaryimage"},"thumbnailUrl":"https:\/\/portaltela.pt\/s.01k8rhncp4jt1\/2026\/02\/2165993.jpg","datePublished":"2026-02-26T16:02:00+00:00","author":{"@id":"https:\/\/portaltela.pt\/#\/schema\/person\/c4278d4a6028830caff9ee44b42d32ed"},"breadcrumb":{"@id":"https:\/\/portaltela.pt\/noticias\/2026\/02\/26\/nomeacoes-em-santa-engracia-obras-de-luis-neves-e-desafio-a-carneiro\/#breadcrumb"},"inLanguage":"pt-PT","potentialAction":[{"@type":"ReadAction","target":["https:\/\/portaltela.pt\/noticias\/2026\/02\/26\/nomeacoes-em-santa-engracia-obras-de-luis-neves-e-desafio-a-carneiro\/"]}]},{"@type":"ImageObject","inLanguage":"pt-PT","@id":"https:\/\/portaltela.pt\/noticias\/2026\/02\/26\/nomeacoes-em-santa-engracia-obras-de-luis-neves-e-desafio-a-carneiro\/#primaryimage","url":"https:\/\/portaltela.pt\/s.01k8rhncp4jt1\/2026\/02\/2165993.jpg","contentUrl":"https:\/\/portaltela.pt\/s.01k8rhncp4jt1\/2026\/02\/2165993.jpg","width":796,"height":448,"caption":"Photo"},{"@type":"BreadcrumbList","@id":"https:\/\/portaltela.pt\/noticias\/2026\/02\/26\/nomeacoes-em-santa-engracia-obras-de-luis-neves-e-desafio-a-carneiro\/#breadcrumb","itemListElement":[{"@type":"ListItem","position":1,"name":"In\u00edcio","item":"https:\/\/portaltela.pt\/"},{"@type":"ListItem","position":2,"name":"Nomea\u00e7\u00f5es em Santa Engr\u00e1cia, obras de Lu\u00eds Neves e desafio a Carneiro"}]},{"@type":"WebSite","@id":"https:\/\/portaltela.pt\/#website","url":"https:\/\/portaltela.pt\/","name":"Portal Tela Portugal","description":"","potentialAction":[{"@type":"SearchAction","target":{"@type":"EntryPoint","urlTemplate":"https:\/\/portaltela.pt\/?s={search_term_string}"},"query-input":{"@type":"PropertyValueSpecification","valueRequired":true,"valueName":"search_term_string"}}],"inLanguage":"pt-PT"},{"@type":"Person","@id":"https:\/\/portaltela.pt\/#\/schema\/person\/c4278d4a6028830caff9ee44b42d32ed","name":"Telinha","image":{"@type":"ImageObject","inLanguage":"pt-PT","@id":"https:\/\/portaltela.pt\/s.01k8rhncp4jt1\/2025\/11\/talking-bot-125x125.png","url":"https:\/\/portaltela.pt\/s.01k8rhncp4jt1\/2025\/11\/talking-bot-125x125.png","contentUrl":"https:\/\/portaltela.pt\/s.01k8rhncp4jt1\/2025\/11\/talking-bot-125x125.png","caption":"Telinha"},"sameAs":["https:\/\/portaltela.pt\/"],"url":"https:\/\/portaltela.pt\/por\/367410592786\/"}]}},"_links":{"self":[{"href":"https:\/\/portaltela.pt\/api\/wp\/v2\/posts\/389517","targetHints":{"allow":["GET"]}}],"collection":[{"href":"https:\/\/portaltela.pt\/api\/wp\/v2\/posts"}],"about":[{"href":"https:\/\/portaltela.pt\/api\/wp\/v2\/types\/post"}],"author":[{"embeddable":true,"href":"https:\/\/portaltela.pt\/api\/wp\/v2\/users\/2"}],"replies":[{"embeddable":true,"href":"https:\/\/portaltela.pt\/api\/wp\/v2\/comments?post=389517"}],"version-history":[{"count":0,"href":"https:\/\/portaltela.pt\/api\/wp\/v2\/posts\/389517\/revisions"}],"wp:featuredmedia":[{"embeddable":true,"href":"https:\/\/portaltela.pt\/api\/wp\/v2\/media\/389520"}],"wp:attachment":[{"href":"https:\/\/portaltela.pt\/api\/wp\/v2\/media?parent=389517"}],"wp:term":[{"taxonomy":"category","embeddable":true,"href":"https:\/\/portaltela.pt\/api\/wp\/v2\/categories?post=389517"},{"taxonomy":"post_tag","embeddable":true,"href":"https:\/\/portaltela.pt\/api\/wp\/v2\/tags?post=389517"}],"curies":[{"name":"wp","href":"https:\/\/api.w.org\/{rel}","templated":true}]}}