{"id":389503,"date":"2026-02-26T13:01:00","date_gmt":"2026-02-26T16:01:00","guid":{"rendered":"https:\/\/portaltela.pt\/noticias\/2026\/02\/26\/governo-amplia-apoios-a-zonas-fora-de-calamidade-devido-ao-mau-tempo\/"},"modified":"2026-02-26T13:01:00","modified_gmt":"2026-02-26T16:01:00","slug":"governo-amplia-apoios-a-zonas-fora-de-calamidade-devido-ao-mau-tempo","status":"publish","type":"post","link":"https:\/\/portaltela.pt\/noticias\/politica\/2026\/02\/26\/governo-amplia-apoios-a-zonas-fora-de-calamidade-devido-ao-mau-tempo\/","title":{"rendered":"Governo amplia apoios a zonas fora de calamidade devido ao mau tempo"},"content":{"rendered":"<p>O governo anunciou, nesta quinta-feira, o alargamento do regime de apoios e medidas de simplifica\u00e7\u00e3o \u00e0s zonas afetadas pela recente sequ\u00eancia de tempestades. O ministro da Presid\u00eancia, Ant\u00f3nio Leit\u00e3o Amaro, explicou que o regime passa a abranger tamb\u00e9m \u00e1reas que n\u00e3o estavam inclu\u00eddas na declara\u00e7\u00e3o de calamidade, desde que os danos sejam comprovados como resultantes do mesmo fen\u00f3meno extremo.<\/p>\n<p>A extens\u00e3o aplica-se a popula\u00e7\u00f5es e territ\u00f3rios que enfrentaram impactos durante o epis\u00f3dio meteorol\u00f3gico, mesmo fora dos 90 munic\u00edpios j\u00e1 abrangidos pela calamidade. A medida busca acelerar respostas e facilitar a reconstru\u00e7\u00e3o onde os efeitos foram causados pelo mesmo evento adverso.<\/p>\n<p>Para beneficiar estas \u00e1reas, \u00e9 essencial demonstrar que os danos decorreram do mesmo fen\u00f3meno extremo. O objetivo \u00e9 garantir apoio adicional sem depender exclusivamente da classifica\u00e7\u00e3o formal de calamidade, mantendo a celeridade na resposta governamental.<\/p>\n<h3>Contexto<\/h3>\n<p>A decis\u00e3o surge no \u00e2mbito de medidas de simplifica\u00e7\u00e3o e de apoio a v\u00edtimas de desastres naturais. O governo pretende cobrir situa\u00e7\u00f5es pontuais registadas no restante territ\u00f3rio, evitando lacunas de prote\u00e7\u00e3o para fam\u00edlias e empresas afetadas.<\/p>\n<p>Segundo o an\u00fancio, as autoridades v\u00e3o avaliar casos individualmente, com base em prova de liga\u00e7\u00e3o aos fen\u00f3menos clim\u00e1ticos extremos. O objetivo \u00e9 assegurar que o apoio chegue a quem sofreu danos diretos, independentemente da etiqueta administrativa de calamidade.<\/p>\n","protected":false},"excerpt":{"rendered":"<ul>\n<li>O Governo alarga o regime de apoios e medidas de simplifica\u00e7\u00e3o a zonas fora da situa\u00e7\u00e3o de calamidade, abrangendo tamb\u00e9m outras situa\u00e7\u00f5es pontuais no territ\u00f3rio nacional.<\/li>\n<li>A medida destina-se a popula\u00e7\u00f5es e territ\u00f3rios afetados pela recente sequ\u00eancia de tempestades, al\u00e9m dos 90 munic\u00edpios j\u00e1 abrangidos pela calamidade.<\/li>\n<li>A expans\u00e3o pode aplicar-se a situa\u00e7\u00f5es que n\u00e3o estavam inclu\u00eddas na declara\u00e7\u00e3o de calamidade, desde que fique provado que os danos decorreram do mesmo fen\u00f3meno extremo.<\/li>\n<li>O an\u00fancio foi feito pelo ministro da Presid\u00eancia, Ant\u00f3nio Leit\u00e3o Amaro, durante um briefing do Conselho de Ministros.<\/li>\n<\/ul>\n","protected":false},"author":2,"featured_media":389505,"comment_status":"closed","ping_status":"closed","sticky":false,"template":"","format":"standard","meta":{"footnotes":""},"categories":[1,5],"tags":[1211,4687,4966,5215,6063,320],"class_list":["post-389503","post","type-post","status-publish","format-standard","has-post-thumbnail","hentry","category-noticias","category-politica","tag-apoio-social","tag-calamidade-publica","tag-calamidades","tag-catastrofes-naturais","tag-desastres","tag-protecao-civil"],"yoast_head":"<!-- This site is optimized with the Yoast SEO plugin v27.2 - https:\/\/yoast.com\/product\/yoast-seo-wordpress\/ -->\n<title>Governo amplia apoios a zonas fora de calamidade devido ao mau tempo - Portal Tela Portugal<\/title>\n<meta name=\"robots\" content=\"index, follow, max-snippet:-1, max-image-preview:large, max-video-preview:-1\" \/>\n<meta property=\"og:locale\" content=\"pt_PT\" \/>\n<meta property=\"og:type\" content=\"article\" \/>\n<meta property=\"og:title\" content=\"Governo amplia apoios a zonas fora de calamidade devido ao mau tempo - Portal Tela Portugal\" \/>\n<meta property=\"og:description\" content=\"O Governo alarga o regime de apoios e medidas de simplifica\u00e7\u00e3o a zonas fora da situa\u00e7\u00e3o de calamidade, abrangendo tamb\u00e9m outras situa\u00e7\u00f5es pontuais no territ\u00f3rio nacional. A medida destina-se a popula\u00e7\u00f5es e territ\u00f3rios afetados pela recente sequ\u00eancia de tempestades, al\u00e9m dos 90 munic\u00edpios j\u00e1 abrangidos pela calamidade. A expans\u00e3o pode aplicar-se a situa\u00e7\u00f5es que n\u00e3o estavam inclu\u00eddas na declara\u00e7\u00e3o de calamidade, desde que fique provado que os danos decorreram do mesmo fen\u00f3meno extremo. O an\u00fancio foi feito pelo ministro da Presid\u00eancia, Ant\u00f3nio Leit\u00e3o Amaro, durante um briefing do Conselho de Ministros.\" \/>\n<meta property=\"og:url\" content=\"https:\/\/portaltela.pt\/noticias\/2026\/02\/26\/governo-amplia-apoios-a-zonas-fora-de-calamidade-devido-ao-mau-tempo\/\" \/>\n<meta property=\"og:site_name\" content=\"Portal Tela Portugal\" \/>\n<meta property=\"article:published_time\" content=\"2026-02-26T16:01:00+00:00\" \/>\n<meta name=\"author\" content=\"Telinha\" \/>\n<meta name=\"twitter:card\" content=\"summary_large_image\" \/>\n<meta name=\"twitter:label1\" content=\"Escrito por\" \/>\n\t<meta name=\"twitter:data1\" content=\"Telinha\" \/>\n\t<meta name=\"twitter:label2\" content=\"Tempo estimado de leitura\" \/>\n\t<meta name=\"twitter:data2\" content=\"1 minuto\" \/>\n<script type=\"application\/ld+json\" class=\"yoast-schema-graph\">{\"@context\":\"https:\/\/schema.org\",\"@graph\":[{\"@type\":\"Article\",\"@id\":\"https:\/\/portaltela.pt\/noticias\/2026\/02\/26\/governo-amplia-apoios-a-zonas-fora-de-calamidade-devido-ao-mau-tempo\/#article\",\"isPartOf\":{\"@id\":\"https:\/\/portaltela.pt\/noticias\/2026\/02\/26\/governo-amplia-apoios-a-zonas-fora-de-calamidade-devido-ao-mau-tempo\/\"},\"author\":{\"name\":\"Telinha\",\"@id\":\"https:\/\/portaltela.pt\/#\/schema\/person\/c4278d4a6028830caff9ee44b42d32ed\"},\"headline\":\"Governo amplia apoios a zonas fora de calamidade devido ao mau tempo\",\"datePublished\":\"2026-02-26T16:01:00+00:00\",\"mainEntityOfPage\":{\"@id\":\"https:\/\/portaltela.pt\/noticias\/2026\/02\/26\/governo-amplia-apoios-a-zonas-fora-de-calamidade-devido-ao-mau-tempo\/\"},\"wordCount\":249,\"image\":{\"@id\":\"https:\/\/portaltela.pt\/noticias\/2026\/02\/26\/governo-amplia-apoios-a-zonas-fora-de-calamidade-devido-ao-mau-tempo\/#primaryimage\"},\"thumbnailUrl\":\"https:\/\/portaltela.pt\/s.01k8rhncp4jt1\/2026\/02\/2070020.jpg\",\"keywords\":[\"Apoio Social\",\"calamidade p\u00fablica\",\"calamidades\",\"cat\u00e1strofes naturais\",\"desastres\",\"prote\u00e7\u00e3o civil\"],\"articleSection\":[\"Not\u00edcias\",\"Pol\u00edtica\"],\"inLanguage\":\"pt-PT\"},{\"@type\":\"WebPage\",\"@id\":\"https:\/\/portaltela.pt\/noticias\/2026\/02\/26\/governo-amplia-apoios-a-zonas-fora-de-calamidade-devido-ao-mau-tempo\/\",\"url\":\"https:\/\/portaltela.pt\/noticias\/2026\/02\/26\/governo-amplia-apoios-a-zonas-fora-de-calamidade-devido-ao-mau-tempo\/\",\"name\":\"Governo amplia apoios a zonas fora de calamidade devido ao mau tempo - Portal Tela Portugal\",\"isPartOf\":{\"@id\":\"https:\/\/portaltela.pt\/#website\"},\"primaryImageOfPage\":{\"@id\":\"https:\/\/portaltela.pt\/noticias\/2026\/02\/26\/governo-amplia-apoios-a-zonas-fora-de-calamidade-devido-ao-mau-tempo\/#primaryimage\"},\"image\":{\"@id\":\"https:\/\/portaltela.pt\/noticias\/2026\/02\/26\/governo-amplia-apoios-a-zonas-fora-de-calamidade-devido-ao-mau-tempo\/#primaryimage\"},\"thumbnailUrl\":\"https:\/\/portaltela.pt\/s.01k8rhncp4jt1\/2026\/02\/2070020.jpg\",\"datePublished\":\"2026-02-26T16:01:00+00:00\",\"author\":{\"@id\":\"https:\/\/portaltela.pt\/#\/schema\/person\/c4278d4a6028830caff9ee44b42d32ed\"},\"breadcrumb\":{\"@id\":\"https:\/\/portaltela.pt\/noticias\/2026\/02\/26\/governo-amplia-apoios-a-zonas-fora-de-calamidade-devido-ao-mau-tempo\/#breadcrumb\"},\"inLanguage\":\"pt-PT\",\"potentialAction\":[{\"@type\":\"ReadAction\",\"target\":[\"https:\/\/portaltela.pt\/noticias\/2026\/02\/26\/governo-amplia-apoios-a-zonas-fora-de-calamidade-devido-ao-mau-tempo\/\"]}]},{\"@type\":\"ImageObject\",\"inLanguage\":\"pt-PT\",\"@id\":\"https:\/\/portaltela.pt\/noticias\/2026\/02\/26\/governo-amplia-apoios-a-zonas-fora-de-calamidade-devido-ao-mau-tempo\/#primaryimage\",\"url\":\"https:\/\/portaltela.pt\/s.01k8rhncp4jt1\/2026\/02\/2070020.jpg\",\"contentUrl\":\"https:\/\/portaltela.pt\/s.01k8rhncp4jt1\/2026\/02\/2070020.jpg\",\"width\":796,\"height\":448,\"caption\":\"O ministro da Presid\u00eancia, Ant\u00f3nio Leit\u00e3o Amaro, num *briefing* do Conselho de Ministros\"},{\"@type\":\"BreadcrumbList\",\"@id\":\"https:\/\/portaltela.pt\/noticias\/2026\/02\/26\/governo-amplia-apoios-a-zonas-fora-de-calamidade-devido-ao-mau-tempo\/#breadcrumb\",\"itemListElement\":[{\"@type\":\"ListItem\",\"position\":1,\"name\":\"In\u00edcio\",\"item\":\"https:\/\/portaltela.pt\/\"},{\"@type\":\"ListItem\",\"position\":2,\"name\":\"Governo amplia apoios a zonas fora de calamidade devido ao mau tempo\"}]},{\"@type\":\"WebSite\",\"@id\":\"https:\/\/portaltela.pt\/#website\",\"url\":\"https:\/\/portaltela.pt\/\",\"name\":\"Portal Tela Portugal\",\"description\":\"\",\"potentialAction\":[{\"@type\":\"SearchAction\",\"target\":{\"@type\":\"EntryPoint\",\"urlTemplate\":\"https:\/\/portaltela.pt\/?s={search_term_string}\"},\"query-input\":{\"@type\":\"PropertyValueSpecification\",\"valueRequired\":true,\"valueName\":\"search_term_string\"}}],\"inLanguage\":\"pt-PT\"},{\"@type\":\"Person\",\"@id\":\"https:\/\/portaltela.pt\/#\/schema\/person\/c4278d4a6028830caff9ee44b42d32ed\",\"name\":\"Telinha\",\"image\":{\"@type\":\"ImageObject\",\"inLanguage\":\"pt-PT\",\"@id\":\"https:\/\/portaltela.pt\/s.01k8rhncp4jt1\/2025\/11\/talking-bot-125x125.png\",\"url\":\"https:\/\/portaltela.pt\/s.01k8rhncp4jt1\/2025\/11\/talking-bot-125x125.png\",\"contentUrl\":\"https:\/\/portaltela.pt\/s.01k8rhncp4jt1\/2025\/11\/talking-bot-125x125.png\",\"caption\":\"Telinha\"},\"sameAs\":[\"https:\/\/portaltela.pt\/\"],\"url\":\"https:\/\/portaltela.pt\/por\/367410592786\/\"}]}<\/script>\n<!-- \/ Yoast SEO plugin. -->","yoast_head_json":{"title":"Governo amplia apoios a zonas fora de calamidade devido ao mau tempo - Portal Tela Portugal","robots":{"index":"index","follow":"follow","max-snippet":"max-snippet:-1","max-image-preview":"max-image-preview:large","max-video-preview":"max-video-preview:-1"},"og_locale":"pt_PT","og_type":"article","og_title":"Governo amplia apoios a zonas fora de calamidade devido ao mau tempo - Portal Tela Portugal","og_description":"O Governo alarga o regime de apoios e medidas de simplifica\u00e7\u00e3o a zonas fora da situa\u00e7\u00e3o de calamidade, abrangendo tamb\u00e9m outras situa\u00e7\u00f5es pontuais no territ\u00f3rio nacional. A medida destina-se a popula\u00e7\u00f5es e territ\u00f3rios afetados pela recente sequ\u00eancia de tempestades, al\u00e9m dos 90 munic\u00edpios j\u00e1 abrangidos pela calamidade. A expans\u00e3o pode aplicar-se a situa\u00e7\u00f5es que n\u00e3o estavam inclu\u00eddas na declara\u00e7\u00e3o de calamidade, desde que fique provado que os danos decorreram do mesmo fen\u00f3meno extremo. O an\u00fancio foi feito pelo ministro da Presid\u00eancia, Ant\u00f3nio Leit\u00e3o Amaro, durante um briefing do Conselho de Ministros.","og_url":"https:\/\/portaltela.pt\/noticias\/2026\/02\/26\/governo-amplia-apoios-a-zonas-fora-de-calamidade-devido-ao-mau-tempo\/","og_site_name":"Portal Tela Portugal","article_published_time":"2026-02-26T16:01:00+00:00","author":"Telinha","twitter_card":"summary_large_image","twitter_misc":{"Escrito por":"Telinha","Tempo estimado de leitura":"1 minuto"},"schema":{"@context":"https:\/\/schema.org","@graph":[{"@type":"Article","@id":"https:\/\/portaltela.pt\/noticias\/2026\/02\/26\/governo-amplia-apoios-a-zonas-fora-de-calamidade-devido-ao-mau-tempo\/#article","isPartOf":{"@id":"https:\/\/portaltela.pt\/noticias\/2026\/02\/26\/governo-amplia-apoios-a-zonas-fora-de-calamidade-devido-ao-mau-tempo\/"},"author":{"name":"Telinha","@id":"https:\/\/portaltela.pt\/#\/schema\/person\/c4278d4a6028830caff9ee44b42d32ed"},"headline":"Governo amplia apoios a zonas fora de calamidade devido ao mau tempo","datePublished":"2026-02-26T16:01:00+00:00","mainEntityOfPage":{"@id":"https:\/\/portaltela.pt\/noticias\/2026\/02\/26\/governo-amplia-apoios-a-zonas-fora-de-calamidade-devido-ao-mau-tempo\/"},"wordCount":249,"image":{"@id":"https:\/\/portaltela.pt\/noticias\/2026\/02\/26\/governo-amplia-apoios-a-zonas-fora-de-calamidade-devido-ao-mau-tempo\/#primaryimage"},"thumbnailUrl":"https:\/\/portaltela.pt\/s.01k8rhncp4jt1\/2026\/02\/2070020.jpg","keywords":["Apoio Social","calamidade p\u00fablica","calamidades","cat\u00e1strofes naturais","desastres","prote\u00e7\u00e3o civil"],"articleSection":["Not\u00edcias","Pol\u00edtica"],"inLanguage":"pt-PT"},{"@type":"WebPage","@id":"https:\/\/portaltela.pt\/noticias\/2026\/02\/26\/governo-amplia-apoios-a-zonas-fora-de-calamidade-devido-ao-mau-tempo\/","url":"https:\/\/portaltela.pt\/noticias\/2026\/02\/26\/governo-amplia-apoios-a-zonas-fora-de-calamidade-devido-ao-mau-tempo\/","name":"Governo amplia apoios a zonas fora de calamidade devido ao mau tempo - Portal Tela Portugal","isPartOf":{"@id":"https:\/\/portaltela.pt\/#website"},"primaryImageOfPage":{"@id":"https:\/\/portaltela.pt\/noticias\/2026\/02\/26\/governo-amplia-apoios-a-zonas-fora-de-calamidade-devido-ao-mau-tempo\/#primaryimage"},"image":{"@id":"https:\/\/portaltela.pt\/noticias\/2026\/02\/26\/governo-amplia-apoios-a-zonas-fora-de-calamidade-devido-ao-mau-tempo\/#primaryimage"},"thumbnailUrl":"https:\/\/portaltela.pt\/s.01k8rhncp4jt1\/2026\/02\/2070020.jpg","datePublished":"2026-02-26T16:01:00+00:00","author":{"@id":"https:\/\/portaltela.pt\/#\/schema\/person\/c4278d4a6028830caff9ee44b42d32ed"},"breadcrumb":{"@id":"https:\/\/portaltela.pt\/noticias\/2026\/02\/26\/governo-amplia-apoios-a-zonas-fora-de-calamidade-devido-ao-mau-tempo\/#breadcrumb"},"inLanguage":"pt-PT","potentialAction":[{"@type":"ReadAction","target":["https:\/\/portaltela.pt\/noticias\/2026\/02\/26\/governo-amplia-apoios-a-zonas-fora-de-calamidade-devido-ao-mau-tempo\/"]}]},{"@type":"ImageObject","inLanguage":"pt-PT","@id":"https:\/\/portaltela.pt\/noticias\/2026\/02\/26\/governo-amplia-apoios-a-zonas-fora-de-calamidade-devido-ao-mau-tempo\/#primaryimage","url":"https:\/\/portaltela.pt\/s.01k8rhncp4jt1\/2026\/02\/2070020.jpg","contentUrl":"https:\/\/portaltela.pt\/s.01k8rhncp4jt1\/2026\/02\/2070020.jpg","width":796,"height":448,"caption":"O ministro da Presid\u00eancia, Ant\u00f3nio Leit\u00e3o Amaro, num *briefing* do Conselho de Ministros"},{"@type":"BreadcrumbList","@id":"https:\/\/portaltela.pt\/noticias\/2026\/02\/26\/governo-amplia-apoios-a-zonas-fora-de-calamidade-devido-ao-mau-tempo\/#breadcrumb","itemListElement":[{"@type":"ListItem","position":1,"name":"In\u00edcio","item":"https:\/\/portaltela.pt\/"},{"@type":"ListItem","position":2,"name":"Governo amplia apoios a zonas fora de calamidade devido ao mau tempo"}]},{"@type":"WebSite","@id":"https:\/\/portaltela.pt\/#website","url":"https:\/\/portaltela.pt\/","name":"Portal Tela Portugal","description":"","potentialAction":[{"@type":"SearchAction","target":{"@type":"EntryPoint","urlTemplate":"https:\/\/portaltela.pt\/?s={search_term_string}"},"query-input":{"@type":"PropertyValueSpecification","valueRequired":true,"valueName":"search_term_string"}}],"inLanguage":"pt-PT"},{"@type":"Person","@id":"https:\/\/portaltela.pt\/#\/schema\/person\/c4278d4a6028830caff9ee44b42d32ed","name":"Telinha","image":{"@type":"ImageObject","inLanguage":"pt-PT","@id":"https:\/\/portaltela.pt\/s.01k8rhncp4jt1\/2025\/11\/talking-bot-125x125.png","url":"https:\/\/portaltela.pt\/s.01k8rhncp4jt1\/2025\/11\/talking-bot-125x125.png","contentUrl":"https:\/\/portaltela.pt\/s.01k8rhncp4jt1\/2025\/11\/talking-bot-125x125.png","caption":"Telinha"},"sameAs":["https:\/\/portaltela.pt\/"],"url":"https:\/\/portaltela.pt\/por\/367410592786\/"}]}},"_links":{"self":[{"href":"https:\/\/portaltela.pt\/api\/wp\/v2\/posts\/389503","targetHints":{"allow":["GET"]}}],"collection":[{"href":"https:\/\/portaltela.pt\/api\/wp\/v2\/posts"}],"about":[{"href":"https:\/\/portaltela.pt\/api\/wp\/v2\/types\/post"}],"author":[{"embeddable":true,"href":"https:\/\/portaltela.pt\/api\/wp\/v2\/users\/2"}],"replies":[{"embeddable":true,"href":"https:\/\/portaltela.pt\/api\/wp\/v2\/comments?post=389503"}],"version-history":[{"count":0,"href":"https:\/\/portaltela.pt\/api\/wp\/v2\/posts\/389503\/revisions"}],"wp:featuredmedia":[{"embeddable":true,"href":"https:\/\/portaltela.pt\/api\/wp\/v2\/media\/389505"}],"wp:attachment":[{"href":"https:\/\/portaltela.pt\/api\/wp\/v2\/media?parent=389503"}],"wp:term":[{"taxonomy":"category","embeddable":true,"href":"https:\/\/portaltela.pt\/api\/wp\/v2\/categories?post=389503"},{"taxonomy":"post_tag","embeddable":true,"href":"https:\/\/portaltela.pt\/api\/wp\/v2\/tags?post=389503"}],"curies":[{"name":"wp","href":"https:\/\/api.w.org\/{rel}","templated":true}]}}