{"id":389481,"date":"2026-02-26T12:54:08","date_gmt":"2026-02-26T15:54:08","guid":{"rendered":"https:\/\/portaltela.pt\/noticias\/2026\/02\/26\/governo-pode-ampliar-apoio-a-pesca-se-justificar-necessidade\/"},"modified":"2026-02-26T12:54:08","modified_gmt":"2026-02-26T15:54:08","slug":"governo-pode-ampliar-apoio-a-pesca-se-justificar-necessidade","status":"publish","type":"post","link":"https:\/\/portaltela.pt\/noticias\/economia\/2026\/02\/26\/governo-pode-ampliar-apoio-a-pesca-se-justificar-necessidade\/","title":{"rendered":"Governo pode ampliar apoio \u00e0 pesca se justificar necessidade"},"content":{"rendered":"<p>O Governo disponibilizou um apoio extraordin\u00e1rio de 3,5 milh\u00f5es de euros ao setor da pesca, para mitigar os impactos do mau tempo, nomeadamente a paragem de barcos. A not\u00edcia foi comunicada pelo secret\u00e1rio de Estado das Pescas.<\/p>\n<p>Salvador Malheiro, que falava \u00e0 margem de uma visita \u00e0 organiza\u00e7\u00e3o de investiga\u00e7\u00e3o SINTEF, na Noruega, indicou que o Governo est\u00e1 dispon\u00edvel para aumentar os apoios \u00e0 pesca e \u00e0 aquacultura se houver justifica\u00e7\u00e3o. O objetivo \u00e9 responder a consequ\u00eancias operacionais provocadas pelo mau tempo.<\/p>\n<p>O governo aponta que o programa Mar 2030 tem montantes limitados, mas h\u00e1 margem or\u00e7amental suficiente para abrir novos avisos, caso seja necess\u00e1rio. A interven\u00e7\u00e3o enquadra-se na pol\u00edtica de proximidade, segundo o secret\u00e1rio de Estado.<\/p>\n<h3>Apoio extraordin\u00e1rio e condi\u00e7\u00f5es<\/h3>\n<p>A medida visa mitigar os impactos da interrup\u00e7\u00e3o de atividades pesqueiras, proporcionando liquidez ao setor afetado pelo mau tempo. N\u00e3o h\u00e1 informa\u00e7\u00f5es sobre a dura\u00e7\u00e3o prevista do apoio nem sobre quais entidades poder\u00e3o aceder ao montante.<\/p>\n","protected":false},"excerpt":{"rendered":"<ul>\n<li>O Governo est\u00e1 dispon\u00edvel para aumentar apoios \u00e0 pesca e aquicultura se for justificado, em resposta ao mau tempo.<\/li>\n<li>Foi disponibilizado um apoio extraordin\u00e1rio de 3,5 milh\u00f5es de euros para mitigar a paragem de barcos no sector.<\/li>\n<li>O an\u00fancio foi feito pelo secret\u00e1rio de Estado das Pescas, Salvador Malheiro, na Noruega, durante uma visita \u00e0 organiza\u00e7\u00e3o SINTEF.<\/li>\n<li>Segundo Malheiro, o programa Mar 2030 tem montantes limitados, mas existe folga para abrir novamente avisos, se necess\u00e1rio.<\/li>\n<li>A declara\u00e7\u00e3o surge no contexto de avalia\u00e7\u00e3o de impactos do mau tempo sobre o sector pesqueiro e da pol\u00edtica de proximidade.<\/li>\n<\/ul>\n","protected":false},"author":2,"featured_media":389491,"comment_status":"closed","ping_status":"closed","sticky":false,"template":"","format":"standard","meta":{"footnotes":""},"categories":[2,1],"tags":[1987,190,28,5093,1702],"class_list":["post-389481","post","type-post","status-publish","format-standard","has-post-thumbnail","hentry","category-economia","category-noticias","tag-aquacultura","tag-desenvolvimento-economico","tag-economia","tag-pesca","tag-pesca-sustentavel"],"yoast_head":"<!-- This site is optimized with the Yoast SEO plugin v27.2 - https:\/\/yoast.com\/product\/yoast-seo-wordpress\/ -->\n<title>Governo pode ampliar apoio \u00e0 pesca se justificar necessidade - Portal Tela Portugal<\/title>\n<meta name=\"robots\" content=\"index, follow, max-snippet:-1, max-image-preview:large, max-video-preview:-1\" \/>\n<meta property=\"og:locale\" content=\"pt_PT\" \/>\n<meta property=\"og:type\" content=\"article\" \/>\n<meta property=\"og:title\" content=\"Governo pode ampliar apoio \u00e0 pesca se justificar necessidade - Portal Tela Portugal\" \/>\n<meta property=\"og:description\" content=\"O Governo est\u00e1 dispon\u00edvel para aumentar apoios \u00e0 pesca e aquicultura se for justificado, em resposta ao mau tempo. Foi disponibilizado um apoio extraordin\u00e1rio de 3,5 milh\u00f5es de euros para mitigar a paragem de barcos no sector. O an\u00fancio foi feito pelo secret\u00e1rio de Estado das Pescas, Salvador Malheiro, na Noruega, durante uma visita \u00e0 organiza\u00e7\u00e3o SINTEF. Segundo Malheiro, o programa Mar 2030 tem montantes limitados, mas existe folga para abrir novamente avisos, se necess\u00e1rio. A declara\u00e7\u00e3o surge no contexto de avalia\u00e7\u00e3o de impactos do mau tempo sobre o sector pesqueiro e da pol\u00edtica de proximidade.\" \/>\n<meta property=\"og:url\" content=\"https:\/\/portaltela.pt\/noticias\/2026\/02\/26\/governo-pode-ampliar-apoio-a-pesca-se-justificar-necessidade\/\" \/>\n<meta property=\"og:site_name\" content=\"Portal Tela Portugal\" \/>\n<meta property=\"article:published_time\" content=\"2026-02-26T15:54:08+00:00\" \/>\n<meta name=\"author\" content=\"Telinha\" \/>\n<meta name=\"twitter:card\" content=\"summary_large_image\" \/>\n<meta name=\"twitter:label1\" content=\"Escrito por\" \/>\n\t<meta name=\"twitter:data1\" content=\"Telinha\" \/>\n\t<meta name=\"twitter:label2\" content=\"Tempo estimado de leitura\" \/>\n\t<meta name=\"twitter:data2\" content=\"1 minuto\" \/>\n<script type=\"application\/ld+json\" class=\"yoast-schema-graph\">{\"@context\":\"https:\/\/schema.org\",\"@graph\":[{\"@type\":\"Article\",\"@id\":\"https:\/\/portaltela.pt\/noticias\/2026\/02\/26\/governo-pode-ampliar-apoio-a-pesca-se-justificar-necessidade\/#article\",\"isPartOf\":{\"@id\":\"https:\/\/portaltela.pt\/noticias\/2026\/02\/26\/governo-pode-ampliar-apoio-a-pesca-se-justificar-necessidade\/\"},\"author\":{\"name\":\"Telinha\",\"@id\":\"https:\/\/portaltela.pt\/#\/schema\/person\/c4278d4a6028830caff9ee44b42d32ed\"},\"headline\":\"Governo pode ampliar apoio \u00e0 pesca se justificar necessidade\",\"datePublished\":\"2026-02-26T15:54:08+00:00\",\"mainEntityOfPage\":{\"@id\":\"https:\/\/portaltela.pt\/noticias\/2026\/02\/26\/governo-pode-ampliar-apoio-a-pesca-se-justificar-necessidade\/\"},\"wordCount\":179,\"image\":{\"@id\":\"https:\/\/portaltela.pt\/noticias\/2026\/02\/26\/governo-pode-ampliar-apoio-a-pesca-se-justificar-necessidade\/#primaryimage\"},\"thumbnailUrl\":\"https:\/\/portaltela.pt\/s.01k8rhncp4jt1\/2026\/02\/img_1500x1000uu2019-03-01-23-14-54-826787.jpg\",\"keywords\":[\"aquacultura\",\"Desenvolvimento econ\u00f3mico\",\"economia\",\"pesca\",\"pesca sustent\u00e1vel\"],\"articleSection\":[\"Economia\",\"Not\u00edcias\"],\"inLanguage\":\"pt-PT\"},{\"@type\":\"WebPage\",\"@id\":\"https:\/\/portaltela.pt\/noticias\/2026\/02\/26\/governo-pode-ampliar-apoio-a-pesca-se-justificar-necessidade\/\",\"url\":\"https:\/\/portaltela.pt\/noticias\/2026\/02\/26\/governo-pode-ampliar-apoio-a-pesca-se-justificar-necessidade\/\",\"name\":\"Governo pode ampliar apoio \u00e0 pesca se justificar necessidade - Portal Tela Portugal\",\"isPartOf\":{\"@id\":\"https:\/\/portaltela.pt\/#website\"},\"primaryImageOfPage\":{\"@id\":\"https:\/\/portaltela.pt\/noticias\/2026\/02\/26\/governo-pode-ampliar-apoio-a-pesca-se-justificar-necessidade\/#primaryimage\"},\"image\":{\"@id\":\"https:\/\/portaltela.pt\/noticias\/2026\/02\/26\/governo-pode-ampliar-apoio-a-pesca-se-justificar-necessidade\/#primaryimage\"},\"thumbnailUrl\":\"https:\/\/portaltela.pt\/s.01k8rhncp4jt1\/2026\/02\/img_1500x1000uu2019-03-01-23-14-54-826787.jpg\",\"datePublished\":\"2026-02-26T15:54:08+00:00\",\"author\":{\"@id\":\"https:\/\/portaltela.pt\/#\/schema\/person\/c4278d4a6028830caff9ee44b42d32ed\"},\"breadcrumb\":{\"@id\":\"https:\/\/portaltela.pt\/noticias\/2026\/02\/26\/governo-pode-ampliar-apoio-a-pesca-se-justificar-necessidade\/#breadcrumb\"},\"inLanguage\":\"pt-PT\",\"potentialAction\":[{\"@type\":\"ReadAction\",\"target\":[\"https:\/\/portaltela.pt\/noticias\/2026\/02\/26\/governo-pode-ampliar-apoio-a-pesca-se-justificar-necessidade\/\"]}]},{\"@type\":\"ImageObject\",\"inLanguage\":\"pt-PT\",\"@id\":\"https:\/\/portaltela.pt\/noticias\/2026\/02\/26\/governo-pode-ampliar-apoio-a-pesca-se-justificar-necessidade\/#primaryimage\",\"url\":\"https:\/\/portaltela.pt\/s.01k8rhncp4jt1\/2026\/02\/img_1500x1000uu2019-03-01-23-14-54-826787.jpg\",\"contentUrl\":\"https:\/\/portaltela.pt\/s.01k8rhncp4jt1\/2026\/02\/img_1500x1000uu2019-03-01-23-14-54-826787.jpg\",\"width\":796,\"height\":448,\"caption\":\"FOTO: Pedro Noel da Luz\"},{\"@type\":\"BreadcrumbList\",\"@id\":\"https:\/\/portaltela.pt\/noticias\/2026\/02\/26\/governo-pode-ampliar-apoio-a-pesca-se-justificar-necessidade\/#breadcrumb\",\"itemListElement\":[{\"@type\":\"ListItem\",\"position\":1,\"name\":\"In\u00edcio\",\"item\":\"https:\/\/portaltela.pt\/\"},{\"@type\":\"ListItem\",\"position\":2,\"name\":\"Governo pode ampliar apoio \u00e0 pesca se justificar necessidade\"}]},{\"@type\":\"WebSite\",\"@id\":\"https:\/\/portaltela.pt\/#website\",\"url\":\"https:\/\/portaltela.pt\/\",\"name\":\"Portal Tela Portugal\",\"description\":\"\",\"potentialAction\":[{\"@type\":\"SearchAction\",\"target\":{\"@type\":\"EntryPoint\",\"urlTemplate\":\"https:\/\/portaltela.pt\/?s={search_term_string}\"},\"query-input\":{\"@type\":\"PropertyValueSpecification\",\"valueRequired\":true,\"valueName\":\"search_term_string\"}}],\"inLanguage\":\"pt-PT\"},{\"@type\":\"Person\",\"@id\":\"https:\/\/portaltela.pt\/#\/schema\/person\/c4278d4a6028830caff9ee44b42d32ed\",\"name\":\"Telinha\",\"image\":{\"@type\":\"ImageObject\",\"inLanguage\":\"pt-PT\",\"@id\":\"https:\/\/portaltela.pt\/s.01k8rhncp4jt1\/2025\/11\/talking-bot-125x125.png\",\"url\":\"https:\/\/portaltela.pt\/s.01k8rhncp4jt1\/2025\/11\/talking-bot-125x125.png\",\"contentUrl\":\"https:\/\/portaltela.pt\/s.01k8rhncp4jt1\/2025\/11\/talking-bot-125x125.png\",\"caption\":\"Telinha\"},\"sameAs\":[\"https:\/\/portaltela.pt\/\"],\"url\":\"https:\/\/portaltela.pt\/por\/367410592786\/\"}]}<\/script>\n<!-- \/ Yoast SEO plugin. -->","yoast_head_json":{"title":"Governo pode ampliar apoio \u00e0 pesca se justificar necessidade - Portal Tela Portugal","robots":{"index":"index","follow":"follow","max-snippet":"max-snippet:-1","max-image-preview":"max-image-preview:large","max-video-preview":"max-video-preview:-1"},"og_locale":"pt_PT","og_type":"article","og_title":"Governo pode ampliar apoio \u00e0 pesca se justificar necessidade - Portal Tela Portugal","og_description":"O Governo est\u00e1 dispon\u00edvel para aumentar apoios \u00e0 pesca e aquicultura se for justificado, em resposta ao mau tempo. Foi disponibilizado um apoio extraordin\u00e1rio de 3,5 milh\u00f5es de euros para mitigar a paragem de barcos no sector. O an\u00fancio foi feito pelo secret\u00e1rio de Estado das Pescas, Salvador Malheiro, na Noruega, durante uma visita \u00e0 organiza\u00e7\u00e3o SINTEF. Segundo Malheiro, o programa Mar 2030 tem montantes limitados, mas existe folga para abrir novamente avisos, se necess\u00e1rio. A declara\u00e7\u00e3o surge no contexto de avalia\u00e7\u00e3o de impactos do mau tempo sobre o sector pesqueiro e da pol\u00edtica de proximidade.","og_url":"https:\/\/portaltela.pt\/noticias\/2026\/02\/26\/governo-pode-ampliar-apoio-a-pesca-se-justificar-necessidade\/","og_site_name":"Portal Tela Portugal","article_published_time":"2026-02-26T15:54:08+00:00","author":"Telinha","twitter_card":"summary_large_image","twitter_misc":{"Escrito por":"Telinha","Tempo estimado de leitura":"1 minuto"},"schema":{"@context":"https:\/\/schema.org","@graph":[{"@type":"Article","@id":"https:\/\/portaltela.pt\/noticias\/2026\/02\/26\/governo-pode-ampliar-apoio-a-pesca-se-justificar-necessidade\/#article","isPartOf":{"@id":"https:\/\/portaltela.pt\/noticias\/2026\/02\/26\/governo-pode-ampliar-apoio-a-pesca-se-justificar-necessidade\/"},"author":{"name":"Telinha","@id":"https:\/\/portaltela.pt\/#\/schema\/person\/c4278d4a6028830caff9ee44b42d32ed"},"headline":"Governo pode ampliar apoio \u00e0 pesca se justificar necessidade","datePublished":"2026-02-26T15:54:08+00:00","mainEntityOfPage":{"@id":"https:\/\/portaltela.pt\/noticias\/2026\/02\/26\/governo-pode-ampliar-apoio-a-pesca-se-justificar-necessidade\/"},"wordCount":179,"image":{"@id":"https:\/\/portaltela.pt\/noticias\/2026\/02\/26\/governo-pode-ampliar-apoio-a-pesca-se-justificar-necessidade\/#primaryimage"},"thumbnailUrl":"https:\/\/portaltela.pt\/s.01k8rhncp4jt1\/2026\/02\/img_1500x1000uu2019-03-01-23-14-54-826787.jpg","keywords":["aquacultura","Desenvolvimento econ\u00f3mico","economia","pesca","pesca sustent\u00e1vel"],"articleSection":["Economia","Not\u00edcias"],"inLanguage":"pt-PT"},{"@type":"WebPage","@id":"https:\/\/portaltela.pt\/noticias\/2026\/02\/26\/governo-pode-ampliar-apoio-a-pesca-se-justificar-necessidade\/","url":"https:\/\/portaltela.pt\/noticias\/2026\/02\/26\/governo-pode-ampliar-apoio-a-pesca-se-justificar-necessidade\/","name":"Governo pode ampliar apoio \u00e0 pesca se justificar necessidade - Portal Tela Portugal","isPartOf":{"@id":"https:\/\/portaltela.pt\/#website"},"primaryImageOfPage":{"@id":"https:\/\/portaltela.pt\/noticias\/2026\/02\/26\/governo-pode-ampliar-apoio-a-pesca-se-justificar-necessidade\/#primaryimage"},"image":{"@id":"https:\/\/portaltela.pt\/noticias\/2026\/02\/26\/governo-pode-ampliar-apoio-a-pesca-se-justificar-necessidade\/#primaryimage"},"thumbnailUrl":"https:\/\/portaltela.pt\/s.01k8rhncp4jt1\/2026\/02\/img_1500x1000uu2019-03-01-23-14-54-826787.jpg","datePublished":"2026-02-26T15:54:08+00:00","author":{"@id":"https:\/\/portaltela.pt\/#\/schema\/person\/c4278d4a6028830caff9ee44b42d32ed"},"breadcrumb":{"@id":"https:\/\/portaltela.pt\/noticias\/2026\/02\/26\/governo-pode-ampliar-apoio-a-pesca-se-justificar-necessidade\/#breadcrumb"},"inLanguage":"pt-PT","potentialAction":[{"@type":"ReadAction","target":["https:\/\/portaltela.pt\/noticias\/2026\/02\/26\/governo-pode-ampliar-apoio-a-pesca-se-justificar-necessidade\/"]}]},{"@type":"ImageObject","inLanguage":"pt-PT","@id":"https:\/\/portaltela.pt\/noticias\/2026\/02\/26\/governo-pode-ampliar-apoio-a-pesca-se-justificar-necessidade\/#primaryimage","url":"https:\/\/portaltela.pt\/s.01k8rhncp4jt1\/2026\/02\/img_1500x1000uu2019-03-01-23-14-54-826787.jpg","contentUrl":"https:\/\/portaltela.pt\/s.01k8rhncp4jt1\/2026\/02\/img_1500x1000uu2019-03-01-23-14-54-826787.jpg","width":796,"height":448,"caption":"FOTO: Pedro Noel da Luz"},{"@type":"BreadcrumbList","@id":"https:\/\/portaltela.pt\/noticias\/2026\/02\/26\/governo-pode-ampliar-apoio-a-pesca-se-justificar-necessidade\/#breadcrumb","itemListElement":[{"@type":"ListItem","position":1,"name":"In\u00edcio","item":"https:\/\/portaltela.pt\/"},{"@type":"ListItem","position":2,"name":"Governo pode ampliar apoio \u00e0 pesca se justificar necessidade"}]},{"@type":"WebSite","@id":"https:\/\/portaltela.pt\/#website","url":"https:\/\/portaltela.pt\/","name":"Portal Tela Portugal","description":"","potentialAction":[{"@type":"SearchAction","target":{"@type":"EntryPoint","urlTemplate":"https:\/\/portaltela.pt\/?s={search_term_string}"},"query-input":{"@type":"PropertyValueSpecification","valueRequired":true,"valueName":"search_term_string"}}],"inLanguage":"pt-PT"},{"@type":"Person","@id":"https:\/\/portaltela.pt\/#\/schema\/person\/c4278d4a6028830caff9ee44b42d32ed","name":"Telinha","image":{"@type":"ImageObject","inLanguage":"pt-PT","@id":"https:\/\/portaltela.pt\/s.01k8rhncp4jt1\/2025\/11\/talking-bot-125x125.png","url":"https:\/\/portaltela.pt\/s.01k8rhncp4jt1\/2025\/11\/talking-bot-125x125.png","contentUrl":"https:\/\/portaltela.pt\/s.01k8rhncp4jt1\/2025\/11\/talking-bot-125x125.png","caption":"Telinha"},"sameAs":["https:\/\/portaltela.pt\/"],"url":"https:\/\/portaltela.pt\/por\/367410592786\/"}]}},"_links":{"self":[{"href":"https:\/\/portaltela.pt\/api\/wp\/v2\/posts\/389481","targetHints":{"allow":["GET"]}}],"collection":[{"href":"https:\/\/portaltela.pt\/api\/wp\/v2\/posts"}],"about":[{"href":"https:\/\/portaltela.pt\/api\/wp\/v2\/types\/post"}],"author":[{"embeddable":true,"href":"https:\/\/portaltela.pt\/api\/wp\/v2\/users\/2"}],"replies":[{"embeddable":true,"href":"https:\/\/portaltela.pt\/api\/wp\/v2\/comments?post=389481"}],"version-history":[{"count":0,"href":"https:\/\/portaltela.pt\/api\/wp\/v2\/posts\/389481\/revisions"}],"wp:featuredmedia":[{"embeddable":true,"href":"https:\/\/portaltela.pt\/api\/wp\/v2\/media\/389491"}],"wp:attachment":[{"href":"https:\/\/portaltela.pt\/api\/wp\/v2\/media?parent=389481"}],"wp:term":[{"taxonomy":"category","embeddable":true,"href":"https:\/\/portaltela.pt\/api\/wp\/v2\/categories?post=389481"},{"taxonomy":"post_tag","embeddable":true,"href":"https:\/\/portaltela.pt\/api\/wp\/v2\/tags?post=389481"}],"curies":[{"name":"wp","href":"https:\/\/api.w.org\/{rel}","templated":true}]}}