{"id":389458,"date":"2026-02-26T12:47:01","date_gmt":"2026-02-26T15:47:01","guid":{"rendered":"https:\/\/portaltela.pt\/noticias\/2026\/02\/26\/trump-ameaca-deportar-robert-de-niro\/"},"modified":"2026-02-26T12:47:01","modified_gmt":"2026-02-26T15:47:01","slug":"trump-ameaca-deportar-robert-de-niro","status":"publish","type":"post","link":"https:\/\/portaltela.pt\/noticias\/internacional\/2026\/02\/26\/trump-ameaca-deportar-robert-de-niro\/","title":{"rendered":"Trump amea\u00e7a deportar Robert De Niro"},"content":{"rendered":"<p>Donald Trump voltou a enfrentar-se a opositores numa vaga de declara\u00e7\u00f5es na sua plataforma Truth Social, ap\u00f3s o discurso sobre o Estado da Uni\u00e3o. O foco do ex-presidente foi anunciar medidas de deporta\u00e7\u00e3o para alguns cr\u00edticos, incluindo pol\u00edticos e figuras p\u00fablicas, segundo relatos da m\u00e1quina medi\u00e1tica pr\u00f3-Trump.<\/p>\n<p>Entre os mencionados, destacaram-se as deputadas demesas Ilhan Omar e Rashida Tlaib, que teriam confrontado Trump durante o seu discurso na C\u00e2mara dos Representantes. Tamb\u00e9m foi citado o ator Robert De Niro, que participou em eventos p\u00fablicos relacionados com o ambiente pol\u00edtico nacional. Trump descreveu-os de forma agressiva e apelou a a\u00e7\u00f5es extremas contra alguns opositores.<\/p>\n<p>De Niro esteve presente num evento denominado State of the Swamp, no National Press Club, promovido pela Defiance.org, onde declarou ter sentimentos de trai\u00e7\u00e3o pelo pa\u00eds e defendeu a recupera\u00e7\u00e3o dos valores defendidos pela Constitution. O ator criticou o atual estado pol\u00edtico, fazendo duras acusa\u00e7\u00f5es contra o governo.<\/p>\n<p>No mesmo per\u00edodo, Trump escreveu frases agressivas sobre Omar, Tlaib e De Niro, sugerindo que deveriam enfrentar consequ\u00eancias severas. As mensagens cont\u00eam cr\u00edticas intensas ao que chama de maniobras eleitorais e \u00e0quilo que v\u00ea como desinforma\u00e7\u00e3o por parte de figuras p\u00fablicas.<\/p>\n<p>As declara\u00e7\u00f5es surgem num contexto de resultados de sondagens. Uma pesquisa Reuters\/Ipsos indicou que uma maioria de americanos pensa que Trump se tornou err\u00e1tico com o passar dos anos, com maior inclina\u00e7\u00e3o entre democratas e independentes. A perce\u00e7\u00e3o sobre a idade dos l\u00edderes eleitos tamb\u00e9m foi alvo de acordo significativo, com quase 80% a considerar o corpo pol\u00edtico demasiado envelhecido.<\/p>\n<p>O porta-voz da Casa Branca, Davis Ingle, reagiu, qualificando as conclus\u00f5es da sondagem como narrativas falsas e desesperadas. Em paralelo, outra sondagem recente, realizada pelo Washington Post\/ABC News\/Ipsos, mostrou que apenas 39% dos cidad\u00e3os aprovam a forma como Trump est\u00e1 a exercer o cargo de presidente.<\/p>\n","protected":false},"excerpt":{"rendered":"<ul>\n<li>Donald Trump voltou a usar a sua plataforma Truth Social para pedir a deporta\u00e7\u00e3o de opositores, incluindo os democratas Ilhan Omar e Rashida Tlaib, e o ator Robert De Niro, ap\u00f3s o discurso sobre o Estado da Uni\u00e3o.<\/li>\n<li>De Niro afirmou \u00e0 MS NOW que acredita que Trump \u201cnunca deixar\u00e1\u201d o cargo e que os americanos devem livrar-se dele, acrescentando que o atual Presidente n\u00e3o est\u00e1 a brincar com a nacionaliza\u00e7\u00e3o das elei\u00e7\u00f5es.<\/li>\n<li>O ator participou num evento State of the Swamp no National Press Club, onde criticou o que chamou de \u201cautoritarismo\u201d e afirmou sentir-se tra\u00eddo pelo pa\u00eds.<\/li>\n<li>Trump tamb\u00e9m comentou sobre Rosie O\u2019Donnell, sugerindo que devia entrar num barco com De Niro, numa cr\u00edtica dirigida a alegados \u201ccriminosos\u201d sem mencionar identidades de forma direta.<\/li>\n<li>Pesquisas recentes mostram que a perce\u00e7\u00e3o p\u00fablica sobre Trump \u00e9 de que se tornou err\u00e1tico com a idade, com uma sondagem Reuters\/Ipsos a indicar que 61% dos americanos descrevem-no desse modo, e apenas 39% aprovam a forma como lida com o cargo, segundo outra sondagem.<\/li>\n<\/ul>\n","protected":false},"author":2,"featured_media":389470,"comment_status":"closed","ping_status":"closed","sticky":false,"template":"","format":"standard","meta":{"footnotes":""},"categories":[4,1],"tags":[4081,1469,4953,6404,2832,30],"class_list":["post-389458","post","type-post","status-publish","format-standard","has-post-thumbnail","hentry","category-internacional","category-noticias","tag-deportacoes","tag-desinformacao","tag-donald-trump","tag-ilhan-omar","tag-politica","tag-presidente"],"yoast_head":"<!-- This site is optimized with the Yoast SEO plugin v27.2 - https:\/\/yoast.com\/product\/yoast-seo-wordpress\/ -->\n<title>Trump amea\u00e7a deportar Robert De Niro - Portal Tela Portugal<\/title>\n<meta name=\"robots\" content=\"index, follow, max-snippet:-1, max-image-preview:large, max-video-preview:-1\" \/>\n<meta property=\"og:locale\" content=\"pt_PT\" \/>\n<meta property=\"og:type\" content=\"article\" \/>\n<meta property=\"og:title\" content=\"Trump amea\u00e7a deportar Robert De Niro - Portal Tela Portugal\" \/>\n<meta property=\"og:description\" content=\"Donald Trump voltou a usar a sua plataforma Truth Social para pedir a deporta\u00e7\u00e3o de opositores, incluindo os democratas Ilhan Omar e Rashida Tlaib, e o ator Robert De Niro, ap\u00f3s o discurso sobre o Estado da Uni\u00e3o. De Niro afirmou \u00e0 MS NOW que acredita que Trump \u201cnunca deixar\u00e1\u201d o cargo e que os americanos devem livrar-se dele, acrescentando que o atual Presidente n\u00e3o est\u00e1 a brincar com a nacionaliza\u00e7\u00e3o das elei\u00e7\u00f5es. O ator participou num evento State of the Swamp no National Press Club, onde criticou o que chamou de \u201cautoritarismo\u201d e afirmou sentir-se tra\u00eddo pelo pa\u00eds. Trump tamb\u00e9m comentou sobre Rosie O\u2019Donnell, sugerindo que devia entrar num barco com De Niro, numa cr\u00edtica dirigida a alegados \u201ccriminosos\u201d sem mencionar identidades de forma direta. Pesquisas recentes mostram que a perce\u00e7\u00e3o p\u00fablica sobre Trump \u00e9 de que se tornou err\u00e1tico com a idade, com uma sondagem Reuters\/Ipsos a indicar que 61% dos americanos descrevem-no desse modo, e apenas 39% aprovam a forma como lida com o cargo, segundo outra sondagem.\" \/>\n<meta property=\"og:url\" content=\"https:\/\/portaltela.pt\/noticias\/2026\/02\/26\/trump-ameaca-deportar-robert-de-niro\/\" \/>\n<meta property=\"og:site_name\" content=\"Portal Tela Portugal\" \/>\n<meta property=\"article:published_time\" content=\"2026-02-26T15:47:01+00:00\" \/>\n<meta name=\"author\" content=\"Telinha\" \/>\n<meta name=\"twitter:card\" content=\"summary_large_image\" \/>\n<meta name=\"twitter:label1\" content=\"Escrito por\" \/>\n\t<meta name=\"twitter:data1\" content=\"Telinha\" \/>\n\t<meta name=\"twitter:label2\" content=\"Tempo estimado de leitura\" \/>\n\t<meta name=\"twitter:data2\" content=\"2 minutos\" \/>\n<script type=\"application\/ld+json\" class=\"yoast-schema-graph\">{\"@context\":\"https:\/\/schema.org\",\"@graph\":[{\"@type\":\"Article\",\"@id\":\"https:\/\/portaltela.pt\/noticias\/2026\/02\/26\/trump-ameaca-deportar-robert-de-niro\/#article\",\"isPartOf\":{\"@id\":\"https:\/\/portaltela.pt\/noticias\/2026\/02\/26\/trump-ameaca-deportar-robert-de-niro\/\"},\"author\":{\"name\":\"Telinha\",\"@id\":\"https:\/\/portaltela.pt\/#\/schema\/person\/c4278d4a6028830caff9ee44b42d32ed\"},\"headline\":\"Trump amea\u00e7a deportar Robert De Niro\",\"datePublished\":\"2026-02-26T15:47:01+00:00\",\"mainEntityOfPage\":{\"@id\":\"https:\/\/portaltela.pt\/noticias\/2026\/02\/26\/trump-ameaca-deportar-robert-de-niro\/\"},\"wordCount\":342,\"image\":{\"@id\":\"https:\/\/portaltela.pt\/noticias\/2026\/02\/26\/trump-ameaca-deportar-robert-de-niro\/#primaryimage\"},\"thumbnailUrl\":\"https:\/\/portaltela.pt\/s.01k8rhncp4jt1\/2026\/02\/1536x864_cmsv2_4ad7fc8e-e950-5afd-ac53-7198044e6b79-9666715.jpg\",\"keywords\":[\"deporta\u00e7\u00f5es\",\"desinforma\u00e7\u00e3o\",\"Donald Trump\",\"Ilhan Omar\",\"pol\u00edtica\",\"presidente\"],\"articleSection\":[\"Internacional\",\"Not\u00edcias\"],\"inLanguage\":\"pt-PT\"},{\"@type\":\"WebPage\",\"@id\":\"https:\/\/portaltela.pt\/noticias\/2026\/02\/26\/trump-ameaca-deportar-robert-de-niro\/\",\"url\":\"https:\/\/portaltela.pt\/noticias\/2026\/02\/26\/trump-ameaca-deportar-robert-de-niro\/\",\"name\":\"Trump amea\u00e7a deportar Robert De Niro - Portal Tela Portugal\",\"isPartOf\":{\"@id\":\"https:\/\/portaltela.pt\/#website\"},\"primaryImageOfPage\":{\"@id\":\"https:\/\/portaltela.pt\/noticias\/2026\/02\/26\/trump-ameaca-deportar-robert-de-niro\/#primaryimage\"},\"image\":{\"@id\":\"https:\/\/portaltela.pt\/noticias\/2026\/02\/26\/trump-ameaca-deportar-robert-de-niro\/#primaryimage\"},\"thumbnailUrl\":\"https:\/\/portaltela.pt\/s.01k8rhncp4jt1\/2026\/02\/1536x864_cmsv2_4ad7fc8e-e950-5afd-ac53-7198044e6b79-9666715.jpg\",\"datePublished\":\"2026-02-26T15:47:01+00:00\",\"author\":{\"@id\":\"https:\/\/portaltela.pt\/#\/schema\/person\/c4278d4a6028830caff9ee44b42d32ed\"},\"breadcrumb\":{\"@id\":\"https:\/\/portaltela.pt\/noticias\/2026\/02\/26\/trump-ameaca-deportar-robert-de-niro\/#breadcrumb\"},\"inLanguage\":\"pt-PT\",\"potentialAction\":[{\"@type\":\"ReadAction\",\"target\":[\"https:\/\/portaltela.pt\/noticias\/2026\/02\/26\/trump-ameaca-deportar-robert-de-niro\/\"]}]},{\"@type\":\"ImageObject\",\"inLanguage\":\"pt-PT\",\"@id\":\"https:\/\/portaltela.pt\/noticias\/2026\/02\/26\/trump-ameaca-deportar-robert-de-niro\/#primaryimage\",\"url\":\"https:\/\/portaltela.pt\/s.01k8rhncp4jt1\/2026\/02\/1536x864_cmsv2_4ad7fc8e-e950-5afd-ac53-7198044e6b79-9666715.jpg\",\"contentUrl\":\"https:\/\/portaltela.pt\/s.01k8rhncp4jt1\/2026\/02\/1536x864_cmsv2_4ad7fc8e-e950-5afd-ac53-7198044e6b79-9666715.jpg\",\"width\":796,\"height\":448,\"caption\":\"Donald Trump amea\u00e7a deportar Robert De Niro\"},{\"@type\":\"BreadcrumbList\",\"@id\":\"https:\/\/portaltela.pt\/noticias\/2026\/02\/26\/trump-ameaca-deportar-robert-de-niro\/#breadcrumb\",\"itemListElement\":[{\"@type\":\"ListItem\",\"position\":1,\"name\":\"In\u00edcio\",\"item\":\"https:\/\/portaltela.pt\/\"},{\"@type\":\"ListItem\",\"position\":2,\"name\":\"Trump amea\u00e7a deportar Robert De Niro\"}]},{\"@type\":\"WebSite\",\"@id\":\"https:\/\/portaltela.pt\/#website\",\"url\":\"https:\/\/portaltela.pt\/\",\"name\":\"Portal Tela Portugal\",\"description\":\"\",\"potentialAction\":[{\"@type\":\"SearchAction\",\"target\":{\"@type\":\"EntryPoint\",\"urlTemplate\":\"https:\/\/portaltela.pt\/?s={search_term_string}\"},\"query-input\":{\"@type\":\"PropertyValueSpecification\",\"valueRequired\":true,\"valueName\":\"search_term_string\"}}],\"inLanguage\":\"pt-PT\"},{\"@type\":\"Person\",\"@id\":\"https:\/\/portaltela.pt\/#\/schema\/person\/c4278d4a6028830caff9ee44b42d32ed\",\"name\":\"Telinha\",\"image\":{\"@type\":\"ImageObject\",\"inLanguage\":\"pt-PT\",\"@id\":\"https:\/\/portaltela.pt\/s.01k8rhncp4jt1\/2025\/11\/talking-bot-125x125.png\",\"url\":\"https:\/\/portaltela.pt\/s.01k8rhncp4jt1\/2025\/11\/talking-bot-125x125.png\",\"contentUrl\":\"https:\/\/portaltela.pt\/s.01k8rhncp4jt1\/2025\/11\/talking-bot-125x125.png\",\"caption\":\"Telinha\"},\"sameAs\":[\"https:\/\/portaltela.pt\/\"],\"url\":\"https:\/\/portaltela.pt\/por\/367410592786\/\"}]}<\/script>\n<!-- \/ Yoast SEO plugin. -->","yoast_head_json":{"title":"Trump amea\u00e7a deportar Robert De Niro - Portal Tela Portugal","robots":{"index":"index","follow":"follow","max-snippet":"max-snippet:-1","max-image-preview":"max-image-preview:large","max-video-preview":"max-video-preview:-1"},"og_locale":"pt_PT","og_type":"article","og_title":"Trump amea\u00e7a deportar Robert De Niro - Portal Tela Portugal","og_description":"Donald Trump voltou a usar a sua plataforma Truth Social para pedir a deporta\u00e7\u00e3o de opositores, incluindo os democratas Ilhan Omar e Rashida Tlaib, e o ator Robert De Niro, ap\u00f3s o discurso sobre o Estado da Uni\u00e3o. De Niro afirmou \u00e0 MS NOW que acredita que Trump \u201cnunca deixar\u00e1\u201d o cargo e que os americanos devem livrar-se dele, acrescentando que o atual Presidente n\u00e3o est\u00e1 a brincar com a nacionaliza\u00e7\u00e3o das elei\u00e7\u00f5es. O ator participou num evento State of the Swamp no National Press Club, onde criticou o que chamou de \u201cautoritarismo\u201d e afirmou sentir-se tra\u00eddo pelo pa\u00eds. Trump tamb\u00e9m comentou sobre Rosie O\u2019Donnell, sugerindo que devia entrar num barco com De Niro, numa cr\u00edtica dirigida a alegados \u201ccriminosos\u201d sem mencionar identidades de forma direta. Pesquisas recentes mostram que a perce\u00e7\u00e3o p\u00fablica sobre Trump \u00e9 de que se tornou err\u00e1tico com a idade, com uma sondagem Reuters\/Ipsos a indicar que 61% dos americanos descrevem-no desse modo, e apenas 39% aprovam a forma como lida com o cargo, segundo outra sondagem.","og_url":"https:\/\/portaltela.pt\/noticias\/2026\/02\/26\/trump-ameaca-deportar-robert-de-niro\/","og_site_name":"Portal Tela Portugal","article_published_time":"2026-02-26T15:47:01+00:00","author":"Telinha","twitter_card":"summary_large_image","twitter_misc":{"Escrito por":"Telinha","Tempo estimado de leitura":"2 minutos"},"schema":{"@context":"https:\/\/schema.org","@graph":[{"@type":"Article","@id":"https:\/\/portaltela.pt\/noticias\/2026\/02\/26\/trump-ameaca-deportar-robert-de-niro\/#article","isPartOf":{"@id":"https:\/\/portaltela.pt\/noticias\/2026\/02\/26\/trump-ameaca-deportar-robert-de-niro\/"},"author":{"name":"Telinha","@id":"https:\/\/portaltela.pt\/#\/schema\/person\/c4278d4a6028830caff9ee44b42d32ed"},"headline":"Trump amea\u00e7a deportar Robert De Niro","datePublished":"2026-02-26T15:47:01+00:00","mainEntityOfPage":{"@id":"https:\/\/portaltela.pt\/noticias\/2026\/02\/26\/trump-ameaca-deportar-robert-de-niro\/"},"wordCount":342,"image":{"@id":"https:\/\/portaltela.pt\/noticias\/2026\/02\/26\/trump-ameaca-deportar-robert-de-niro\/#primaryimage"},"thumbnailUrl":"https:\/\/portaltela.pt\/s.01k8rhncp4jt1\/2026\/02\/1536x864_cmsv2_4ad7fc8e-e950-5afd-ac53-7198044e6b79-9666715.jpg","keywords":["deporta\u00e7\u00f5es","desinforma\u00e7\u00e3o","Donald Trump","Ilhan Omar","pol\u00edtica","presidente"],"articleSection":["Internacional","Not\u00edcias"],"inLanguage":"pt-PT"},{"@type":"WebPage","@id":"https:\/\/portaltela.pt\/noticias\/2026\/02\/26\/trump-ameaca-deportar-robert-de-niro\/","url":"https:\/\/portaltela.pt\/noticias\/2026\/02\/26\/trump-ameaca-deportar-robert-de-niro\/","name":"Trump amea\u00e7a deportar Robert De Niro - Portal Tela Portugal","isPartOf":{"@id":"https:\/\/portaltela.pt\/#website"},"primaryImageOfPage":{"@id":"https:\/\/portaltela.pt\/noticias\/2026\/02\/26\/trump-ameaca-deportar-robert-de-niro\/#primaryimage"},"image":{"@id":"https:\/\/portaltela.pt\/noticias\/2026\/02\/26\/trump-ameaca-deportar-robert-de-niro\/#primaryimage"},"thumbnailUrl":"https:\/\/portaltela.pt\/s.01k8rhncp4jt1\/2026\/02\/1536x864_cmsv2_4ad7fc8e-e950-5afd-ac53-7198044e6b79-9666715.jpg","datePublished":"2026-02-26T15:47:01+00:00","author":{"@id":"https:\/\/portaltela.pt\/#\/schema\/person\/c4278d4a6028830caff9ee44b42d32ed"},"breadcrumb":{"@id":"https:\/\/portaltela.pt\/noticias\/2026\/02\/26\/trump-ameaca-deportar-robert-de-niro\/#breadcrumb"},"inLanguage":"pt-PT","potentialAction":[{"@type":"ReadAction","target":["https:\/\/portaltela.pt\/noticias\/2026\/02\/26\/trump-ameaca-deportar-robert-de-niro\/"]}]},{"@type":"ImageObject","inLanguage":"pt-PT","@id":"https:\/\/portaltela.pt\/noticias\/2026\/02\/26\/trump-ameaca-deportar-robert-de-niro\/#primaryimage","url":"https:\/\/portaltela.pt\/s.01k8rhncp4jt1\/2026\/02\/1536x864_cmsv2_4ad7fc8e-e950-5afd-ac53-7198044e6b79-9666715.jpg","contentUrl":"https:\/\/portaltela.pt\/s.01k8rhncp4jt1\/2026\/02\/1536x864_cmsv2_4ad7fc8e-e950-5afd-ac53-7198044e6b79-9666715.jpg","width":796,"height":448,"caption":"Donald Trump amea\u00e7a deportar Robert De Niro"},{"@type":"BreadcrumbList","@id":"https:\/\/portaltela.pt\/noticias\/2026\/02\/26\/trump-ameaca-deportar-robert-de-niro\/#breadcrumb","itemListElement":[{"@type":"ListItem","position":1,"name":"In\u00edcio","item":"https:\/\/portaltela.pt\/"},{"@type":"ListItem","position":2,"name":"Trump amea\u00e7a deportar Robert De Niro"}]},{"@type":"WebSite","@id":"https:\/\/portaltela.pt\/#website","url":"https:\/\/portaltela.pt\/","name":"Portal Tela Portugal","description":"","potentialAction":[{"@type":"SearchAction","target":{"@type":"EntryPoint","urlTemplate":"https:\/\/portaltela.pt\/?s={search_term_string}"},"query-input":{"@type":"PropertyValueSpecification","valueRequired":true,"valueName":"search_term_string"}}],"inLanguage":"pt-PT"},{"@type":"Person","@id":"https:\/\/portaltela.pt\/#\/schema\/person\/c4278d4a6028830caff9ee44b42d32ed","name":"Telinha","image":{"@type":"ImageObject","inLanguage":"pt-PT","@id":"https:\/\/portaltela.pt\/s.01k8rhncp4jt1\/2025\/11\/talking-bot-125x125.png","url":"https:\/\/portaltela.pt\/s.01k8rhncp4jt1\/2025\/11\/talking-bot-125x125.png","contentUrl":"https:\/\/portaltela.pt\/s.01k8rhncp4jt1\/2025\/11\/talking-bot-125x125.png","caption":"Telinha"},"sameAs":["https:\/\/portaltela.pt\/"],"url":"https:\/\/portaltela.pt\/por\/367410592786\/"}]}},"_links":{"self":[{"href":"https:\/\/portaltela.pt\/api\/wp\/v2\/posts\/389458","targetHints":{"allow":["GET"]}}],"collection":[{"href":"https:\/\/portaltela.pt\/api\/wp\/v2\/posts"}],"about":[{"href":"https:\/\/portaltela.pt\/api\/wp\/v2\/types\/post"}],"author":[{"embeddable":true,"href":"https:\/\/portaltela.pt\/api\/wp\/v2\/users\/2"}],"replies":[{"embeddable":true,"href":"https:\/\/portaltela.pt\/api\/wp\/v2\/comments?post=389458"}],"version-history":[{"count":0,"href":"https:\/\/portaltela.pt\/api\/wp\/v2\/posts\/389458\/revisions"}],"wp:featuredmedia":[{"embeddable":true,"href":"https:\/\/portaltela.pt\/api\/wp\/v2\/media\/389470"}],"wp:attachment":[{"href":"https:\/\/portaltela.pt\/api\/wp\/v2\/media?parent=389458"}],"wp:term":[{"taxonomy":"category","embeddable":true,"href":"https:\/\/portaltela.pt\/api\/wp\/v2\/categories?post=389458"},{"taxonomy":"post_tag","embeddable":true,"href":"https:\/\/portaltela.pt\/api\/wp\/v2\/tags?post=389458"}],"curies":[{"name":"wp","href":"https:\/\/api.w.org\/{rel}","templated":true}]}}