{"id":389452,"date":"2026-02-26T12:41:44","date_gmt":"2026-02-26T15:41:44","guid":{"rendered":"https:\/\/portaltela.pt\/noticias\/2026\/02\/26\/treinador-do-almeria-diz-que-cristiano-ronaldo-jogar-aqui-seria-extraordinario\/"},"modified":"2026-02-26T12:41:44","modified_gmt":"2026-02-26T15:41:44","slug":"treinador-do-almeria-diz-que-cristiano-ronaldo-jogar-aqui-seria-extraordinario","status":"publish","type":"post","link":"https:\/\/portaltela.pt\/desporto\/futebol\/2026\/02\/26\/treinador-do-almeria-diz-que-cristiano-ronaldo-jogar-aqui-seria-extraordinario\/","title":{"rendered":"Treinador do Almer\u00eda diz que Cristiano Ronaldo jogar aqui seria extraordin\u00e1rio"},"content":{"rendered":"<p>Rubi, treinador do Almer\u00eda, abordou hoje a not\u00edcia de que Cristiano Ronaldo ter\u00e1 comprado 25% do clube, que milita na 2.\u00aa Liga espanhola. O respons\u00e1vel pela equipa respondeu em confer\u00eancia de imprensa, antes do jogo com o Albacete.<\/p>\n<p>O t\u00e9cnico mostrou-se satisfeito com a entrada de Ronaldo e disse que o conhecimento do internacional portugu\u00eas sobre o desporto pode ser fundamental para o clube e para a cidade. Aposta numa rece\u00e7\u00e3o entusi\u00e1stica aos novos propriet\u00e1rios.<\/p>\n<p>Rubi lembrou que Ronaldo mant\u00e9m uma boa rela\u00e7\u00e3o com os atuais propriet\u00e1rios e afirmou que o importante \u00e9 a aterragem do jogador junto da equipa. Refor\u00e7ou que todos est\u00e3o felizes com a evolu\u00e7\u00e3o do clube.<\/p>\n<h3>Perspetivas sobre Cristiano Ronaldo<\/h3>\n<p>Caso a poss\u00edvel participa\u00e7\u00e3o de Ronaldo como jogador do Almer\u00eda se concretize, o treinador disse que seria extraordin\u00e1rio e muito bonito. A hip\u00f3tese fica aberta apenas ao pr\u00f3prio jogador, mantendo-se a hip\u00f3tese n\u00e3o descartada pelo t\u00e9cnico.<\/p>\n<p>O t\u00e9cnico tamb\u00e9m destacou a import\u00e2ncia de manter o foco no encontro de amanh\u00e3, marcado para as 19h30, na prepara\u00e7\u00e3o para receber o Albacete.<\/p>\n","protected":false},"excerpt":{"rendered":"<ul>\n<li>Rubi, treinador do Almer\u00eda, comentou o rumor de que Cristiano Ronaldo comprou 25% do clube, atual 3.\u00ba classificado na 2.\u00aa Liga espanhola.<\/li>\n<li>O t\u00e9cnico reconheceu a not\u00edcia como entusiasmante, destacando o potencial contributo de Ronaldo pelo conhecimento do desporto e do futebol.<\/li>\n<li>Rubi mencionou a boa rela\u00e7\u00e3o de Ronaldo com os propriet\u00e1rios e que a chegada dele poderia beneficiar o clube e a cidade.<\/li>\n<li>A afirma\u00e7\u00e3o foi feita na confer\u00eancia de imprensa de antevis\u00e3o ao jogo de amanh\u00e3 contra o Albacete, marcado para as 19h30.<\/li>\n<li>Sobre a possibilidade de Ronaldo jogar pelo Almer\u00eda no futuro, Rubi disse que seria extraordin\u00e1rio e bonito, e que seria recebido de bra\u00e7os abertos se ele quisesse continuar a jogar.<\/li>\n<\/ul>\n","protected":false},"author":2,"featured_media":389463,"comment_status":"closed","ping_status":"closed","sticky":false,"template":"","format":"standard","meta":{"footnotes":""},"categories":[21,24],"tags":[4175,5975,1947,152,2031,32],"class_list":["post-389452","post","type-post","status-publish","format-standard","has-post-thumbnail","hentry","category-desporto","category-futebol","tag-2-a-liga","tag-andaluzia","tag-cristiano-ronaldo","tag-desporto","tag-espanha","tag-futebol"],"yoast_head":"<!-- This site is optimized with the Yoast SEO plugin v27.2 - https:\/\/yoast.com\/product\/yoast-seo-wordpress\/ -->\n<title>Treinador do Almer\u00eda diz que Cristiano Ronaldo jogar aqui seria extraordin\u00e1rio - Portal Tela Portugal<\/title>\n<meta name=\"robots\" content=\"index, follow, max-snippet:-1, max-image-preview:large, max-video-preview:-1\" \/>\n<meta property=\"og:locale\" content=\"pt_PT\" \/>\n<meta property=\"og:type\" content=\"article\" \/>\n<meta property=\"og:title\" content=\"Treinador do Almer\u00eda diz que Cristiano Ronaldo jogar aqui seria extraordin\u00e1rio - Portal Tela Portugal\" \/>\n<meta property=\"og:description\" content=\"Rubi, treinador do Almer\u00eda, comentou o rumor de que Cristiano Ronaldo comprou 25% do clube, atual 3.\u00ba classificado na 2.\u00aa Liga espanhola. O t\u00e9cnico reconheceu a not\u00edcia como entusiasmante, destacando o potencial contributo de Ronaldo pelo conhecimento do desporto e do futebol. Rubi mencionou a boa rela\u00e7\u00e3o de Ronaldo com os propriet\u00e1rios e que a chegada dele poderia beneficiar o clube e a cidade. A afirma\u00e7\u00e3o foi feita na confer\u00eancia de imprensa de antevis\u00e3o ao jogo de amanh\u00e3 contra o Albacete, marcado para as 19h30. Sobre a possibilidade de Ronaldo jogar pelo Almer\u00eda no futuro, Rubi disse que seria extraordin\u00e1rio e bonito, e que seria recebido de bra\u00e7os abertos se ele quisesse continuar a jogar.\" \/>\n<meta property=\"og:url\" content=\"https:\/\/portaltela.pt\/noticias\/2026\/02\/26\/treinador-do-almeria-diz-que-cristiano-ronaldo-jogar-aqui-seria-extraordinario\/\" \/>\n<meta property=\"og:site_name\" content=\"Portal Tela Portugal\" \/>\n<meta property=\"article:published_time\" content=\"2026-02-26T15:41:44+00:00\" \/>\n<meta name=\"author\" content=\"Telinha\" \/>\n<meta name=\"twitter:card\" content=\"summary_large_image\" \/>\n<meta name=\"twitter:label1\" content=\"Escrito por\" \/>\n\t<meta name=\"twitter:data1\" content=\"Telinha\" \/>\n\t<meta name=\"twitter:label2\" content=\"Tempo estimado de leitura\" \/>\n\t<meta name=\"twitter:data2\" content=\"1 minuto\" \/>\n<script type=\"application\/ld+json\" class=\"yoast-schema-graph\">{\"@context\":\"https:\/\/schema.org\",\"@graph\":[{\"@type\":\"Article\",\"@id\":\"https:\/\/portaltela.pt\/noticias\/2026\/02\/26\/treinador-do-almeria-diz-que-cristiano-ronaldo-jogar-aqui-seria-extraordinario\/#article\",\"isPartOf\":{\"@id\":\"https:\/\/portaltela.pt\/noticias\/2026\/02\/26\/treinador-do-almeria-diz-que-cristiano-ronaldo-jogar-aqui-seria-extraordinario\/\"},\"author\":{\"name\":\"Telinha\",\"@id\":\"https:\/\/portaltela.pt\/#\/schema\/person\/c4278d4a6028830caff9ee44b42d32ed\"},\"headline\":\"Treinador do Almer\u00eda diz que Cristiano Ronaldo jogar aqui seria extraordin\u00e1rio\",\"datePublished\":\"2026-02-26T15:41:44+00:00\",\"mainEntityOfPage\":{\"@id\":\"https:\/\/portaltela.pt\/noticias\/2026\/02\/26\/treinador-do-almeria-diz-que-cristiano-ronaldo-jogar-aqui-seria-extraordinario\/\"},\"wordCount\":212,\"image\":{\"@id\":\"https:\/\/portaltela.pt\/noticias\/2026\/02\/26\/treinador-do-almeria-diz-que-cristiano-ronaldo-jogar-aqui-seria-extraordinario\/#primaryimage\"},\"thumbnailUrl\":\"https:\/\/portaltela.pt\/s.01k8rhncp4jt1\/2026\/02\/img_920x518uu2026-02-26-15-41-11-2423808.jpg\",\"keywords\":[\"2.\u00aa Liga\",\"Andaluzia\",\"Cristiano Ronaldo\",\"desporto\",\"Espanha\",\"futebol\"],\"articleSection\":[\"Desporto\",\"Futebol\"],\"inLanguage\":\"pt-PT\"},{\"@type\":\"WebPage\",\"@id\":\"https:\/\/portaltela.pt\/noticias\/2026\/02\/26\/treinador-do-almeria-diz-que-cristiano-ronaldo-jogar-aqui-seria-extraordinario\/\",\"url\":\"https:\/\/portaltela.pt\/noticias\/2026\/02\/26\/treinador-do-almeria-diz-que-cristiano-ronaldo-jogar-aqui-seria-extraordinario\/\",\"name\":\"Treinador do Almer\u00eda diz que Cristiano Ronaldo jogar aqui seria extraordin\u00e1rio - Portal Tela Portugal\",\"isPartOf\":{\"@id\":\"https:\/\/portaltela.pt\/#website\"},\"primaryImageOfPage\":{\"@id\":\"https:\/\/portaltela.pt\/noticias\/2026\/02\/26\/treinador-do-almeria-diz-que-cristiano-ronaldo-jogar-aqui-seria-extraordinario\/#primaryimage\"},\"image\":{\"@id\":\"https:\/\/portaltela.pt\/noticias\/2026\/02\/26\/treinador-do-almeria-diz-que-cristiano-ronaldo-jogar-aqui-seria-extraordinario\/#primaryimage\"},\"thumbnailUrl\":\"https:\/\/portaltela.pt\/s.01k8rhncp4jt1\/2026\/02\/img_920x518uu2026-02-26-15-41-11-2423808.jpg\",\"datePublished\":\"2026-02-26T15:41:44+00:00\",\"author\":{\"@id\":\"https:\/\/portaltela.pt\/#\/schema\/person\/c4278d4a6028830caff9ee44b42d32ed\"},\"breadcrumb\":{\"@id\":\"https:\/\/portaltela.pt\/noticias\/2026\/02\/26\/treinador-do-almeria-diz-que-cristiano-ronaldo-jogar-aqui-seria-extraordinario\/#breadcrumb\"},\"inLanguage\":\"pt-PT\",\"potentialAction\":[{\"@type\":\"ReadAction\",\"target\":[\"https:\/\/portaltela.pt\/noticias\/2026\/02\/26\/treinador-do-almeria-diz-que-cristiano-ronaldo-jogar-aqui-seria-extraordinario\/\"]}]},{\"@type\":\"ImageObject\",\"inLanguage\":\"pt-PT\",\"@id\":\"https:\/\/portaltela.pt\/noticias\/2026\/02\/26\/treinador-do-almeria-diz-que-cristiano-ronaldo-jogar-aqui-seria-extraordinario\/#primaryimage\",\"url\":\"https:\/\/portaltela.pt\/s.01k8rhncp4jt1\/2026\/02\/img_920x518uu2026-02-26-15-41-11-2423808.jpg\",\"contentUrl\":\"https:\/\/portaltela.pt\/s.01k8rhncp4jt1\/2026\/02\/img_920x518uu2026-02-26-15-41-11-2423808.jpg\",\"width\":796,\"height\":448,\"caption\":\"Cristiano Ronaldo\"},{\"@type\":\"BreadcrumbList\",\"@id\":\"https:\/\/portaltela.pt\/noticias\/2026\/02\/26\/treinador-do-almeria-diz-que-cristiano-ronaldo-jogar-aqui-seria-extraordinario\/#breadcrumb\",\"itemListElement\":[{\"@type\":\"ListItem\",\"position\":1,\"name\":\"In\u00edcio\",\"item\":\"https:\/\/portaltela.pt\/\"},{\"@type\":\"ListItem\",\"position\":2,\"name\":\"Treinador do Almer\u00eda diz que Cristiano Ronaldo jogar aqui seria extraordin\u00e1rio\"}]},{\"@type\":\"WebSite\",\"@id\":\"https:\/\/portaltela.pt\/#website\",\"url\":\"https:\/\/portaltela.pt\/\",\"name\":\"Portal Tela Portugal\",\"description\":\"\",\"potentialAction\":[{\"@type\":\"SearchAction\",\"target\":{\"@type\":\"EntryPoint\",\"urlTemplate\":\"https:\/\/portaltela.pt\/?s={search_term_string}\"},\"query-input\":{\"@type\":\"PropertyValueSpecification\",\"valueRequired\":true,\"valueName\":\"search_term_string\"}}],\"inLanguage\":\"pt-PT\"},{\"@type\":\"Person\",\"@id\":\"https:\/\/portaltela.pt\/#\/schema\/person\/c4278d4a6028830caff9ee44b42d32ed\",\"name\":\"Telinha\",\"image\":{\"@type\":\"ImageObject\",\"inLanguage\":\"pt-PT\",\"@id\":\"https:\/\/portaltela.pt\/s.01k8rhncp4jt1\/2025\/11\/talking-bot-125x125.png\",\"url\":\"https:\/\/portaltela.pt\/s.01k8rhncp4jt1\/2025\/11\/talking-bot-125x125.png\",\"contentUrl\":\"https:\/\/portaltela.pt\/s.01k8rhncp4jt1\/2025\/11\/talking-bot-125x125.png\",\"caption\":\"Telinha\"},\"sameAs\":[\"https:\/\/portaltela.pt\/\"],\"url\":\"https:\/\/portaltela.pt\/por\/367410592786\/\"}]}<\/script>\n<!-- \/ Yoast SEO plugin. -->","yoast_head_json":{"title":"Treinador do Almer\u00eda diz que Cristiano Ronaldo jogar aqui seria extraordin\u00e1rio - Portal Tela Portugal","robots":{"index":"index","follow":"follow","max-snippet":"max-snippet:-1","max-image-preview":"max-image-preview:large","max-video-preview":"max-video-preview:-1"},"og_locale":"pt_PT","og_type":"article","og_title":"Treinador do Almer\u00eda diz que Cristiano Ronaldo jogar aqui seria extraordin\u00e1rio - Portal Tela Portugal","og_description":"Rubi, treinador do Almer\u00eda, comentou o rumor de que Cristiano Ronaldo comprou 25% do clube, atual 3.\u00ba classificado na 2.\u00aa Liga espanhola. O t\u00e9cnico reconheceu a not\u00edcia como entusiasmante, destacando o potencial contributo de Ronaldo pelo conhecimento do desporto e do futebol. Rubi mencionou a boa rela\u00e7\u00e3o de Ronaldo com os propriet\u00e1rios e que a chegada dele poderia beneficiar o clube e a cidade. A afirma\u00e7\u00e3o foi feita na confer\u00eancia de imprensa de antevis\u00e3o ao jogo de amanh\u00e3 contra o Albacete, marcado para as 19h30. Sobre a possibilidade de Ronaldo jogar pelo Almer\u00eda no futuro, Rubi disse que seria extraordin\u00e1rio e bonito, e que seria recebido de bra\u00e7os abertos se ele quisesse continuar a jogar.","og_url":"https:\/\/portaltela.pt\/noticias\/2026\/02\/26\/treinador-do-almeria-diz-que-cristiano-ronaldo-jogar-aqui-seria-extraordinario\/","og_site_name":"Portal Tela Portugal","article_published_time":"2026-02-26T15:41:44+00:00","author":"Telinha","twitter_card":"summary_large_image","twitter_misc":{"Escrito por":"Telinha","Tempo estimado de leitura":"1 minuto"},"schema":{"@context":"https:\/\/schema.org","@graph":[{"@type":"Article","@id":"https:\/\/portaltela.pt\/noticias\/2026\/02\/26\/treinador-do-almeria-diz-que-cristiano-ronaldo-jogar-aqui-seria-extraordinario\/#article","isPartOf":{"@id":"https:\/\/portaltela.pt\/noticias\/2026\/02\/26\/treinador-do-almeria-diz-que-cristiano-ronaldo-jogar-aqui-seria-extraordinario\/"},"author":{"name":"Telinha","@id":"https:\/\/portaltela.pt\/#\/schema\/person\/c4278d4a6028830caff9ee44b42d32ed"},"headline":"Treinador do Almer\u00eda diz que Cristiano Ronaldo jogar aqui seria extraordin\u00e1rio","datePublished":"2026-02-26T15:41:44+00:00","mainEntityOfPage":{"@id":"https:\/\/portaltela.pt\/noticias\/2026\/02\/26\/treinador-do-almeria-diz-que-cristiano-ronaldo-jogar-aqui-seria-extraordinario\/"},"wordCount":212,"image":{"@id":"https:\/\/portaltela.pt\/noticias\/2026\/02\/26\/treinador-do-almeria-diz-que-cristiano-ronaldo-jogar-aqui-seria-extraordinario\/#primaryimage"},"thumbnailUrl":"https:\/\/portaltela.pt\/s.01k8rhncp4jt1\/2026\/02\/img_920x518uu2026-02-26-15-41-11-2423808.jpg","keywords":["2.\u00aa Liga","Andaluzia","Cristiano Ronaldo","desporto","Espanha","futebol"],"articleSection":["Desporto","Futebol"],"inLanguage":"pt-PT"},{"@type":"WebPage","@id":"https:\/\/portaltela.pt\/noticias\/2026\/02\/26\/treinador-do-almeria-diz-que-cristiano-ronaldo-jogar-aqui-seria-extraordinario\/","url":"https:\/\/portaltela.pt\/noticias\/2026\/02\/26\/treinador-do-almeria-diz-que-cristiano-ronaldo-jogar-aqui-seria-extraordinario\/","name":"Treinador do Almer\u00eda diz que Cristiano Ronaldo jogar aqui seria extraordin\u00e1rio - Portal Tela Portugal","isPartOf":{"@id":"https:\/\/portaltela.pt\/#website"},"primaryImageOfPage":{"@id":"https:\/\/portaltela.pt\/noticias\/2026\/02\/26\/treinador-do-almeria-diz-que-cristiano-ronaldo-jogar-aqui-seria-extraordinario\/#primaryimage"},"image":{"@id":"https:\/\/portaltela.pt\/noticias\/2026\/02\/26\/treinador-do-almeria-diz-que-cristiano-ronaldo-jogar-aqui-seria-extraordinario\/#primaryimage"},"thumbnailUrl":"https:\/\/portaltela.pt\/s.01k8rhncp4jt1\/2026\/02\/img_920x518uu2026-02-26-15-41-11-2423808.jpg","datePublished":"2026-02-26T15:41:44+00:00","author":{"@id":"https:\/\/portaltela.pt\/#\/schema\/person\/c4278d4a6028830caff9ee44b42d32ed"},"breadcrumb":{"@id":"https:\/\/portaltela.pt\/noticias\/2026\/02\/26\/treinador-do-almeria-diz-que-cristiano-ronaldo-jogar-aqui-seria-extraordinario\/#breadcrumb"},"inLanguage":"pt-PT","potentialAction":[{"@type":"ReadAction","target":["https:\/\/portaltela.pt\/noticias\/2026\/02\/26\/treinador-do-almeria-diz-que-cristiano-ronaldo-jogar-aqui-seria-extraordinario\/"]}]},{"@type":"ImageObject","inLanguage":"pt-PT","@id":"https:\/\/portaltela.pt\/noticias\/2026\/02\/26\/treinador-do-almeria-diz-que-cristiano-ronaldo-jogar-aqui-seria-extraordinario\/#primaryimage","url":"https:\/\/portaltela.pt\/s.01k8rhncp4jt1\/2026\/02\/img_920x518uu2026-02-26-15-41-11-2423808.jpg","contentUrl":"https:\/\/portaltela.pt\/s.01k8rhncp4jt1\/2026\/02\/img_920x518uu2026-02-26-15-41-11-2423808.jpg","width":796,"height":448,"caption":"Cristiano Ronaldo"},{"@type":"BreadcrumbList","@id":"https:\/\/portaltela.pt\/noticias\/2026\/02\/26\/treinador-do-almeria-diz-que-cristiano-ronaldo-jogar-aqui-seria-extraordinario\/#breadcrumb","itemListElement":[{"@type":"ListItem","position":1,"name":"In\u00edcio","item":"https:\/\/portaltela.pt\/"},{"@type":"ListItem","position":2,"name":"Treinador do Almer\u00eda diz que Cristiano Ronaldo jogar aqui seria extraordin\u00e1rio"}]},{"@type":"WebSite","@id":"https:\/\/portaltela.pt\/#website","url":"https:\/\/portaltela.pt\/","name":"Portal Tela Portugal","description":"","potentialAction":[{"@type":"SearchAction","target":{"@type":"EntryPoint","urlTemplate":"https:\/\/portaltela.pt\/?s={search_term_string}"},"query-input":{"@type":"PropertyValueSpecification","valueRequired":true,"valueName":"search_term_string"}}],"inLanguage":"pt-PT"},{"@type":"Person","@id":"https:\/\/portaltela.pt\/#\/schema\/person\/c4278d4a6028830caff9ee44b42d32ed","name":"Telinha","image":{"@type":"ImageObject","inLanguage":"pt-PT","@id":"https:\/\/portaltela.pt\/s.01k8rhncp4jt1\/2025\/11\/talking-bot-125x125.png","url":"https:\/\/portaltela.pt\/s.01k8rhncp4jt1\/2025\/11\/talking-bot-125x125.png","contentUrl":"https:\/\/portaltela.pt\/s.01k8rhncp4jt1\/2025\/11\/talking-bot-125x125.png","caption":"Telinha"},"sameAs":["https:\/\/portaltela.pt\/"],"url":"https:\/\/portaltela.pt\/por\/367410592786\/"}]}},"_links":{"self":[{"href":"https:\/\/portaltela.pt\/api\/wp\/v2\/posts\/389452","targetHints":{"allow":["GET"]}}],"collection":[{"href":"https:\/\/portaltela.pt\/api\/wp\/v2\/posts"}],"about":[{"href":"https:\/\/portaltela.pt\/api\/wp\/v2\/types\/post"}],"author":[{"embeddable":true,"href":"https:\/\/portaltela.pt\/api\/wp\/v2\/users\/2"}],"replies":[{"embeddable":true,"href":"https:\/\/portaltela.pt\/api\/wp\/v2\/comments?post=389452"}],"version-history":[{"count":0,"href":"https:\/\/portaltela.pt\/api\/wp\/v2\/posts\/389452\/revisions"}],"wp:featuredmedia":[{"embeddable":true,"href":"https:\/\/portaltela.pt\/api\/wp\/v2\/media\/389463"}],"wp:attachment":[{"href":"https:\/\/portaltela.pt\/api\/wp\/v2\/media?parent=389452"}],"wp:term":[{"taxonomy":"category","embeddable":true,"href":"https:\/\/portaltela.pt\/api\/wp\/v2\/categories?post=389452"},{"taxonomy":"post_tag","embeddable":true,"href":"https:\/\/portaltela.pt\/api\/wp\/v2\/tags?post=389452"}],"curies":[{"name":"wp","href":"https:\/\/api.w.org\/{rel}","templated":true}]}}