{"id":389447,"date":"2026-02-26T12:32:00","date_gmt":"2026-02-26T15:32:00","guid":{"rendered":"https:\/\/portaltela.pt\/noticias\/2026\/02\/26\/governo-aprova-alargamento-dos-apoios-a-reconstrucao-em-todo-o-pais\/"},"modified":"2026-02-26T12:32:00","modified_gmt":"2026-02-26T15:32:00","slug":"governo-aprova-alargamento-dos-apoios-a-reconstrucao-em-todo-o-pais","status":"publish","type":"post","link":"https:\/\/portaltela.pt\/noticias\/politica\/2026\/02\/26\/governo-aprova-alargamento-dos-apoios-a-reconstrucao-em-todo-o-pais\/","title":{"rendered":"Governo aprova alargamento dos apoios \u00e0 reconstru\u00e7\u00e3o em todo o pa\u00eds"},"content":{"rendered":"<p>O governo aprovou um decreto-lei que alarga os apoios \u00e0 reconstru\u00e7\u00e3o a todo o pa\u00eds, desde que os danos tenham resultado de tempestades. O processo envolve os munic\u00edpios e as comiss\u00f5es de coordena\u00e7\u00e3o e desenvolvimento regional (CCDR).<\/p>\n<p>O documento foi aprovado pelo Conselho de Ministros na quinta-feira. O an\u00fancio foi feito pelo ministro da Presid\u00eancia, que explicou a abrang\u00eancia do diploma.<\/p>\n<p>A medida expande para o resto do territ\u00f3rio nacional os apoios j\u00e1 existentes, que at\u00e9 agora se aplicavam a cerca de 90 munic\u00edpios identificados pelo estado de calamidade. O objetivo \u00e9 acelerar a resposta do Estado a danos causados pelas depress\u00f5es.<\/p>\n<p>Segundo o ministro, o alargamento garante prote\u00e7\u00e3o e resposta a pessoas, empresas, popula\u00e7\u00f5es e territ\u00f3rios afetados, independentemente da localiza\u00e7\u00e3o. O diploma estabelece condi\u00e7\u00f5es para que o apoio seja acionado onde houver danos comprovados.<\/p>\n<p>Os mecanismos de celeridade permanecer\u00e3o, desde que haja comprovativos de que os estragos resultaram das tempestades. A equipa de coordena\u00e7\u00e3o entre munic\u00edpios e CCDR ser\u00e1 respons\u00e1vel pela organiza\u00e7\u00e3o e pela execu\u00e7\u00e3o das medidas.<\/p>\n<p>A medida visa evitar lacunas na assist\u00eancia e assegurar que nenhuma regi\u00e3o fica sem apoio apenas por n\u00e3o estar identificada inicialmente. O decreto-lei mant\u00e9m a flexibiliza\u00e7\u00e3o necess\u00e1ria para operacionalizar as respostas r\u00e1pidas.<\/p>\n","protected":false},"excerpt":{"rendered":"<ul>\n<li>O governo aprovou um decreto-lei que alarga os apoios \u00e0 reconstru\u00e7\u00e3o e as medidas de celeridade a todo o pa\u00eds, se os danos derivarem das tempestades.<\/li>\n<li>O processo envolve munic\u00edpios e as Comiss\u00f5es de Coordena\u00e7\u00e3o e Desenvolvimento Regional (CCDR).<\/li>\n<li>O diploma foi anunciado pelo ministro da Presid\u00eancia, Leit\u00e3o Amaro.<\/li>\n<li>A medida estende os apoios para al\u00e9m dos cerca de 90 munic\u00edpios identificados pelo estado de calamidade.<\/li>\n<li>O objetivo \u00e9 garantir prote\u00e7\u00e3o e resposta do Estado a todos os afetados, independentemente do local no pa\u00eds.<\/li>\n<\/ul>\n","protected":false},"author":2,"featured_media":389465,"comment_status":"closed","ping_status":"closed","sticky":false,"template":"","format":"standard","meta":{"footnotes":""},"categories":[1,5],"tags":[4846,4687,4966,830,1409,320],"class_list":["post-389447","post","type-post","status-publish","format-standard","has-post-thumbnail","hentry","category-noticias","category-politica","tag-administracao-local","tag-calamidade-publica","tag-calamidades","tag-coesao-territorial","tag-desenvolvimento-regional","tag-protecao-civil"],"yoast_head":"<!-- This site is optimized with the Yoast SEO plugin v27.2 - https:\/\/yoast.com\/product\/yoast-seo-wordpress\/ -->\n<title>Governo aprova alargamento dos apoios \u00e0 reconstru\u00e7\u00e3o em todo o pa\u00eds - Portal Tela Portugal<\/title>\n<meta name=\"robots\" content=\"index, follow, max-snippet:-1, max-image-preview:large, max-video-preview:-1\" \/>\n<meta property=\"og:locale\" content=\"pt_PT\" \/>\n<meta property=\"og:type\" content=\"article\" \/>\n<meta property=\"og:title\" content=\"Governo aprova alargamento dos apoios \u00e0 reconstru\u00e7\u00e3o em todo o pa\u00eds - Portal Tela Portugal\" \/>\n<meta property=\"og:description\" content=\"O governo aprovou um decreto-lei que alarga os apoios \u00e0 reconstru\u00e7\u00e3o e as medidas de celeridade a todo o pa\u00eds, se os danos derivarem das tempestades. O processo envolve munic\u00edpios e as Comiss\u00f5es de Coordena\u00e7\u00e3o e Desenvolvimento Regional (CCDR). O diploma foi anunciado pelo ministro da Presid\u00eancia, Leit\u00e3o Amaro. A medida estende os apoios para al\u00e9m dos cerca de 90 munic\u00edpios identificados pelo estado de calamidade. O objetivo \u00e9 garantir prote\u00e7\u00e3o e resposta do Estado a todos os afetados, independentemente do local no pa\u00eds.\" \/>\n<meta property=\"og:url\" content=\"https:\/\/portaltela.pt\/noticias\/2026\/02\/26\/governo-aprova-alargamento-dos-apoios-a-reconstrucao-em-todo-o-pais\/\" \/>\n<meta property=\"og:site_name\" content=\"Portal Tela Portugal\" \/>\n<meta property=\"article:published_time\" content=\"2026-02-26T15:32:00+00:00\" \/>\n<meta name=\"author\" content=\"Telinha\" \/>\n<meta name=\"twitter:card\" content=\"summary_large_image\" \/>\n<meta name=\"twitter:label1\" content=\"Escrito por\" \/>\n\t<meta name=\"twitter:data1\" content=\"Telinha\" \/>\n\t<meta name=\"twitter:label2\" content=\"Tempo estimado de leitura\" \/>\n\t<meta name=\"twitter:data2\" content=\"1 minuto\" \/>\n<script type=\"application\/ld+json\" class=\"yoast-schema-graph\">{\"@context\":\"https:\/\/schema.org\",\"@graph\":[{\"@type\":\"Article\",\"@id\":\"https:\/\/portaltela.pt\/noticias\/2026\/02\/26\/governo-aprova-alargamento-dos-apoios-a-reconstrucao-em-todo-o-pais\/#article\",\"isPartOf\":{\"@id\":\"https:\/\/portaltela.pt\/noticias\/2026\/02\/26\/governo-aprova-alargamento-dos-apoios-a-reconstrucao-em-todo-o-pais\/\"},\"author\":{\"name\":\"Telinha\",\"@id\":\"https:\/\/portaltela.pt\/#\/schema\/person\/c4278d4a6028830caff9ee44b42d32ed\"},\"headline\":\"Governo aprova alargamento dos apoios \u00e0 reconstru\u00e7\u00e3o em todo o pa\u00eds\",\"datePublished\":\"2026-02-26T15:32:00+00:00\",\"mainEntityOfPage\":{\"@id\":\"https:\/\/portaltela.pt\/noticias\/2026\/02\/26\/governo-aprova-alargamento-dos-apoios-a-reconstrucao-em-todo-o-pais\/\"},\"wordCount\":238,\"image\":{\"@id\":\"https:\/\/portaltela.pt\/noticias\/2026\/02\/26\/governo-aprova-alargamento-dos-apoios-a-reconstrucao-em-todo-o-pais\/#primaryimage\"},\"thumbnailUrl\":\"https:\/\/portaltela.pt\/s.01k8rhncp4jt1\/2026\/02\/image-1935.jpg\",\"keywords\":[\"Administra\u00e7\u00e3o Local\",\"calamidade p\u00fablica\",\"calamidades\",\"Coes\u00e3o Territorial\",\"desenvolvimento regional\",\"prote\u00e7\u00e3o civil\"],\"articleSection\":[\"Not\u00edcias\",\"Pol\u00edtica\"],\"inLanguage\":\"pt-PT\"},{\"@type\":\"WebPage\",\"@id\":\"https:\/\/portaltela.pt\/noticias\/2026\/02\/26\/governo-aprova-alargamento-dos-apoios-a-reconstrucao-em-todo-o-pais\/\",\"url\":\"https:\/\/portaltela.pt\/noticias\/2026\/02\/26\/governo-aprova-alargamento-dos-apoios-a-reconstrucao-em-todo-o-pais\/\",\"name\":\"Governo aprova alargamento dos apoios \u00e0 reconstru\u00e7\u00e3o em todo o pa\u00eds - Portal Tela Portugal\",\"isPartOf\":{\"@id\":\"https:\/\/portaltela.pt\/#website\"},\"primaryImageOfPage\":{\"@id\":\"https:\/\/portaltela.pt\/noticias\/2026\/02\/26\/governo-aprova-alargamento-dos-apoios-a-reconstrucao-em-todo-o-pais\/#primaryimage\"},\"image\":{\"@id\":\"https:\/\/portaltela.pt\/noticias\/2026\/02\/26\/governo-aprova-alargamento-dos-apoios-a-reconstrucao-em-todo-o-pais\/#primaryimage\"},\"thumbnailUrl\":\"https:\/\/portaltela.pt\/s.01k8rhncp4jt1\/2026\/02\/image-1935.jpg\",\"datePublished\":\"2026-02-26T15:32:00+00:00\",\"author\":{\"@id\":\"https:\/\/portaltela.pt\/#\/schema\/person\/c4278d4a6028830caff9ee44b42d32ed\"},\"breadcrumb\":{\"@id\":\"https:\/\/portaltela.pt\/noticias\/2026\/02\/26\/governo-aprova-alargamento-dos-apoios-a-reconstrucao-em-todo-o-pais\/#breadcrumb\"},\"inLanguage\":\"pt-PT\",\"potentialAction\":[{\"@type\":\"ReadAction\",\"target\":[\"https:\/\/portaltela.pt\/noticias\/2026\/02\/26\/governo-aprova-alargamento-dos-apoios-a-reconstrucao-em-todo-o-pais\/\"]}]},{\"@type\":\"ImageObject\",\"inLanguage\":\"pt-PT\",\"@id\":\"https:\/\/portaltela.pt\/noticias\/2026\/02\/26\/governo-aprova-alargamento-dos-apoios-a-reconstrucao-em-todo-o-pais\/#primaryimage\",\"url\":\"https:\/\/portaltela.pt\/s.01k8rhncp4jt1\/2026\/02\/image-1935.jpg\",\"contentUrl\":\"https:\/\/portaltela.pt\/s.01k8rhncp4jt1\/2026\/02\/image-1935.jpg\",\"width\":796,\"height\":448,\"caption\":\"Imagem de contexto do artigo Governo aprovou alargamento dos apoios \u00e0 reconstru\u00e7\u00e3o a todo o pa\u00eds\"},{\"@type\":\"BreadcrumbList\",\"@id\":\"https:\/\/portaltela.pt\/noticias\/2026\/02\/26\/governo-aprova-alargamento-dos-apoios-a-reconstrucao-em-todo-o-pais\/#breadcrumb\",\"itemListElement\":[{\"@type\":\"ListItem\",\"position\":1,\"name\":\"In\u00edcio\",\"item\":\"https:\/\/portaltela.pt\/\"},{\"@type\":\"ListItem\",\"position\":2,\"name\":\"Governo aprova alargamento dos apoios \u00e0 reconstru\u00e7\u00e3o em todo o pa\u00eds\"}]},{\"@type\":\"WebSite\",\"@id\":\"https:\/\/portaltela.pt\/#website\",\"url\":\"https:\/\/portaltela.pt\/\",\"name\":\"Portal Tela Portugal\",\"description\":\"\",\"potentialAction\":[{\"@type\":\"SearchAction\",\"target\":{\"@type\":\"EntryPoint\",\"urlTemplate\":\"https:\/\/portaltela.pt\/?s={search_term_string}\"},\"query-input\":{\"@type\":\"PropertyValueSpecification\",\"valueRequired\":true,\"valueName\":\"search_term_string\"}}],\"inLanguage\":\"pt-PT\"},{\"@type\":\"Person\",\"@id\":\"https:\/\/portaltela.pt\/#\/schema\/person\/c4278d4a6028830caff9ee44b42d32ed\",\"name\":\"Telinha\",\"image\":{\"@type\":\"ImageObject\",\"inLanguage\":\"pt-PT\",\"@id\":\"https:\/\/portaltela.pt\/s.01k8rhncp4jt1\/2025\/11\/talking-bot-125x125.png\",\"url\":\"https:\/\/portaltela.pt\/s.01k8rhncp4jt1\/2025\/11\/talking-bot-125x125.png\",\"contentUrl\":\"https:\/\/portaltela.pt\/s.01k8rhncp4jt1\/2025\/11\/talking-bot-125x125.png\",\"caption\":\"Telinha\"},\"sameAs\":[\"https:\/\/portaltela.pt\/\"],\"url\":\"https:\/\/portaltela.pt\/por\/367410592786\/\"}]}<\/script>\n<!-- \/ Yoast SEO plugin. -->","yoast_head_json":{"title":"Governo aprova alargamento dos apoios \u00e0 reconstru\u00e7\u00e3o em todo o pa\u00eds - Portal Tela Portugal","robots":{"index":"index","follow":"follow","max-snippet":"max-snippet:-1","max-image-preview":"max-image-preview:large","max-video-preview":"max-video-preview:-1"},"og_locale":"pt_PT","og_type":"article","og_title":"Governo aprova alargamento dos apoios \u00e0 reconstru\u00e7\u00e3o em todo o pa\u00eds - Portal Tela Portugal","og_description":"O governo aprovou um decreto-lei que alarga os apoios \u00e0 reconstru\u00e7\u00e3o e as medidas de celeridade a todo o pa\u00eds, se os danos derivarem das tempestades. O processo envolve munic\u00edpios e as Comiss\u00f5es de Coordena\u00e7\u00e3o e Desenvolvimento Regional (CCDR). O diploma foi anunciado pelo ministro da Presid\u00eancia, Leit\u00e3o Amaro. A medida estende os apoios para al\u00e9m dos cerca de 90 munic\u00edpios identificados pelo estado de calamidade. O objetivo \u00e9 garantir prote\u00e7\u00e3o e resposta do Estado a todos os afetados, independentemente do local no pa\u00eds.","og_url":"https:\/\/portaltela.pt\/noticias\/2026\/02\/26\/governo-aprova-alargamento-dos-apoios-a-reconstrucao-em-todo-o-pais\/","og_site_name":"Portal Tela Portugal","article_published_time":"2026-02-26T15:32:00+00:00","author":"Telinha","twitter_card":"summary_large_image","twitter_misc":{"Escrito por":"Telinha","Tempo estimado de leitura":"1 minuto"},"schema":{"@context":"https:\/\/schema.org","@graph":[{"@type":"Article","@id":"https:\/\/portaltela.pt\/noticias\/2026\/02\/26\/governo-aprova-alargamento-dos-apoios-a-reconstrucao-em-todo-o-pais\/#article","isPartOf":{"@id":"https:\/\/portaltela.pt\/noticias\/2026\/02\/26\/governo-aprova-alargamento-dos-apoios-a-reconstrucao-em-todo-o-pais\/"},"author":{"name":"Telinha","@id":"https:\/\/portaltela.pt\/#\/schema\/person\/c4278d4a6028830caff9ee44b42d32ed"},"headline":"Governo aprova alargamento dos apoios \u00e0 reconstru\u00e7\u00e3o em todo o pa\u00eds","datePublished":"2026-02-26T15:32:00+00:00","mainEntityOfPage":{"@id":"https:\/\/portaltela.pt\/noticias\/2026\/02\/26\/governo-aprova-alargamento-dos-apoios-a-reconstrucao-em-todo-o-pais\/"},"wordCount":238,"image":{"@id":"https:\/\/portaltela.pt\/noticias\/2026\/02\/26\/governo-aprova-alargamento-dos-apoios-a-reconstrucao-em-todo-o-pais\/#primaryimage"},"thumbnailUrl":"https:\/\/portaltela.pt\/s.01k8rhncp4jt1\/2026\/02\/image-1935.jpg","keywords":["Administra\u00e7\u00e3o Local","calamidade p\u00fablica","calamidades","Coes\u00e3o Territorial","desenvolvimento regional","prote\u00e7\u00e3o civil"],"articleSection":["Not\u00edcias","Pol\u00edtica"],"inLanguage":"pt-PT"},{"@type":"WebPage","@id":"https:\/\/portaltela.pt\/noticias\/2026\/02\/26\/governo-aprova-alargamento-dos-apoios-a-reconstrucao-em-todo-o-pais\/","url":"https:\/\/portaltela.pt\/noticias\/2026\/02\/26\/governo-aprova-alargamento-dos-apoios-a-reconstrucao-em-todo-o-pais\/","name":"Governo aprova alargamento dos apoios \u00e0 reconstru\u00e7\u00e3o em todo o pa\u00eds - Portal Tela Portugal","isPartOf":{"@id":"https:\/\/portaltela.pt\/#website"},"primaryImageOfPage":{"@id":"https:\/\/portaltela.pt\/noticias\/2026\/02\/26\/governo-aprova-alargamento-dos-apoios-a-reconstrucao-em-todo-o-pais\/#primaryimage"},"image":{"@id":"https:\/\/portaltela.pt\/noticias\/2026\/02\/26\/governo-aprova-alargamento-dos-apoios-a-reconstrucao-em-todo-o-pais\/#primaryimage"},"thumbnailUrl":"https:\/\/portaltela.pt\/s.01k8rhncp4jt1\/2026\/02\/image-1935.jpg","datePublished":"2026-02-26T15:32:00+00:00","author":{"@id":"https:\/\/portaltela.pt\/#\/schema\/person\/c4278d4a6028830caff9ee44b42d32ed"},"breadcrumb":{"@id":"https:\/\/portaltela.pt\/noticias\/2026\/02\/26\/governo-aprova-alargamento-dos-apoios-a-reconstrucao-em-todo-o-pais\/#breadcrumb"},"inLanguage":"pt-PT","potentialAction":[{"@type":"ReadAction","target":["https:\/\/portaltela.pt\/noticias\/2026\/02\/26\/governo-aprova-alargamento-dos-apoios-a-reconstrucao-em-todo-o-pais\/"]}]},{"@type":"ImageObject","inLanguage":"pt-PT","@id":"https:\/\/portaltela.pt\/noticias\/2026\/02\/26\/governo-aprova-alargamento-dos-apoios-a-reconstrucao-em-todo-o-pais\/#primaryimage","url":"https:\/\/portaltela.pt\/s.01k8rhncp4jt1\/2026\/02\/image-1935.jpg","contentUrl":"https:\/\/portaltela.pt\/s.01k8rhncp4jt1\/2026\/02\/image-1935.jpg","width":796,"height":448,"caption":"Imagem de contexto do artigo Governo aprovou alargamento dos apoios \u00e0 reconstru\u00e7\u00e3o a todo o pa\u00eds"},{"@type":"BreadcrumbList","@id":"https:\/\/portaltela.pt\/noticias\/2026\/02\/26\/governo-aprova-alargamento-dos-apoios-a-reconstrucao-em-todo-o-pais\/#breadcrumb","itemListElement":[{"@type":"ListItem","position":1,"name":"In\u00edcio","item":"https:\/\/portaltela.pt\/"},{"@type":"ListItem","position":2,"name":"Governo aprova alargamento dos apoios \u00e0 reconstru\u00e7\u00e3o em todo o pa\u00eds"}]},{"@type":"WebSite","@id":"https:\/\/portaltela.pt\/#website","url":"https:\/\/portaltela.pt\/","name":"Portal Tela Portugal","description":"","potentialAction":[{"@type":"SearchAction","target":{"@type":"EntryPoint","urlTemplate":"https:\/\/portaltela.pt\/?s={search_term_string}"},"query-input":{"@type":"PropertyValueSpecification","valueRequired":true,"valueName":"search_term_string"}}],"inLanguage":"pt-PT"},{"@type":"Person","@id":"https:\/\/portaltela.pt\/#\/schema\/person\/c4278d4a6028830caff9ee44b42d32ed","name":"Telinha","image":{"@type":"ImageObject","inLanguage":"pt-PT","@id":"https:\/\/portaltela.pt\/s.01k8rhncp4jt1\/2025\/11\/talking-bot-125x125.png","url":"https:\/\/portaltela.pt\/s.01k8rhncp4jt1\/2025\/11\/talking-bot-125x125.png","contentUrl":"https:\/\/portaltela.pt\/s.01k8rhncp4jt1\/2025\/11\/talking-bot-125x125.png","caption":"Telinha"},"sameAs":["https:\/\/portaltela.pt\/"],"url":"https:\/\/portaltela.pt\/por\/367410592786\/"}]}},"_links":{"self":[{"href":"https:\/\/portaltela.pt\/api\/wp\/v2\/posts\/389447","targetHints":{"allow":["GET"]}}],"collection":[{"href":"https:\/\/portaltela.pt\/api\/wp\/v2\/posts"}],"about":[{"href":"https:\/\/portaltela.pt\/api\/wp\/v2\/types\/post"}],"author":[{"embeddable":true,"href":"https:\/\/portaltela.pt\/api\/wp\/v2\/users\/2"}],"replies":[{"embeddable":true,"href":"https:\/\/portaltela.pt\/api\/wp\/v2\/comments?post=389447"}],"version-history":[{"count":0,"href":"https:\/\/portaltela.pt\/api\/wp\/v2\/posts\/389447\/revisions"}],"wp:featuredmedia":[{"embeddable":true,"href":"https:\/\/portaltela.pt\/api\/wp\/v2\/media\/389465"}],"wp:attachment":[{"href":"https:\/\/portaltela.pt\/api\/wp\/v2\/media?parent=389447"}],"wp:term":[{"taxonomy":"category","embeddable":true,"href":"https:\/\/portaltela.pt\/api\/wp\/v2\/categories?post=389447"},{"taxonomy":"post_tag","embeddable":true,"href":"https:\/\/portaltela.pt\/api\/wp\/v2\/tags?post=389447"}],"curies":[{"name":"wp","href":"https:\/\/api.w.org\/{rel}","templated":true}]}}