{"id":389409,"date":"2026-02-26T12:25:00","date_gmt":"2026-02-26T15:25:00","guid":{"rendered":"https:\/\/portaltela.pt\/noticias\/2026\/02\/26\/ministro-das-financas-miranda-sarmento-recebe-alta-hospitalar\/"},"modified":"2026-02-26T12:25:00","modified_gmt":"2026-02-26T15:25:00","slug":"ministro-das-financas-miranda-sarmento-recebe-alta-hospitalar","status":"publish","type":"post","link":"https:\/\/portaltela.pt\/noticias\/politica\/2026\/02\/26\/ministro-das-financas-miranda-sarmento-recebe-alta-hospitalar\/","title":{"rendered":"Ministro das Finan\u00e7as Miranda Sarmento recebe alta hospitalar"},"content":{"rendered":"<p>O ministro das Finan\u00e7as, Miranda Sarmento, recebeu alta hospitalar na tarde desta quinta-feira, ap\u00f3s ficar em observa\u00e7\u00e3o no Servi\u00e7o de Neurologia da Unidade Local de Sa\u00fade de Santa Maria desde quarta-feira.<\/p>\n<p>Chegou \u00e0s urg\u00eancias do Hospital de Santa Maria por volta das 08h30 de quarta-feira, vindo de ve\u00edculo pr\u00f3prio, devido a uma indisposi\u00e7\u00e3o. Exames realizados descartaram um acidente vascular cerebral.<\/p>\n<p>Numa nota do Minist\u00e9rio das Finan\u00e7as, o governante encontra-se bem, em repouso, e dever\u00e1 retomar as fun\u00e7\u00f5es na pr\u00f3xima semana. A comunica\u00e7\u00e3o agradece a preocupa\u00e7\u00e3o manifestada e elogia o cuidado dos profissionais de sa\u00fade.<\/p>\n<p>Miranda Sarmento assumiu as Finan\u00e7as em ambos os governos liderados por Lu\u00eds Montenegro e foi assessor econ\u00f3mico do Presidente Cavaco Silva entre 2012 e 2016.<\/p>\n<p>Nasceu em Lisboa, a 7 de agosto de 1978, e tem 47 anos.<\/p>\n","protected":false},"excerpt":{"rendered":"<ul>\n<li>O ministro das Finan\u00e7as, Miranda Sarmento, teve alta hospitalar na tarde de quinta-feira, ap\u00f3s entrada na Unidade Local de Sa\u00fade de Santa Maria na quarta.<\/li>\n<li>Esteve sob observa\u00e7\u00e3o no Servi\u00e7o de Neurologia, depois de chegar \u00e0s urg\u00eancias por indisposi\u00e7\u00e3o \u00e0s 08h30.<\/li>\n<li>Exames realizados descartaram um acidente vascular cerebral.<\/li>\n<li>Na nota do Minist\u00e9rio das Finan\u00e7as, o ministro encontra-se bem, em repouso, podendo retomar fun\u00e7\u00f5es na pr\u00f3xima semana.<\/li>\n<li>Joaquim Miranda Sarmento nasceu a 7 de agosto de 1978, tem 47 anos e j\u00e1 liderou a pasta das Finan\u00e7as em dois governos, tendo sido assessor econ\u00f3mico do Presidente Cavaco Silva entre 2012 e 2016.<\/li>\n<\/ul>\n","protected":false},"author":2,"featured_media":389425,"comment_status":"closed","ping_status":"closed","sticky":false,"template":"","format":"standard","meta":{"footnotes":""},"categories":[1,5],"tags":[28,34,633,981,4800,172],"class_list":["post-389409","post","type-post","status-publish","format-standard","has-post-thumbnail","hentry","category-noticias","category-politica","tag-economia","tag-governo","tag-hospital","tag-lisboa","tag-neurologia","tag-saude"],"yoast_head":"<!-- This site is optimized with the Yoast SEO plugin v27.2 - https:\/\/yoast.com\/product\/yoast-seo-wordpress\/ -->\n<title>Ministro das Finan\u00e7as Miranda Sarmento recebe alta hospitalar - Portal Tela Portugal<\/title>\n<meta name=\"robots\" content=\"index, follow, max-snippet:-1, max-image-preview:large, max-video-preview:-1\" \/>\n<meta property=\"og:locale\" content=\"pt_PT\" \/>\n<meta property=\"og:type\" content=\"article\" \/>\n<meta property=\"og:title\" content=\"Ministro das Finan\u00e7as Miranda Sarmento recebe alta hospitalar - Portal Tela Portugal\" \/>\n<meta property=\"og:description\" content=\"O ministro das Finan\u00e7as, Miranda Sarmento, teve alta hospitalar na tarde de quinta-feira, ap\u00f3s entrada na Unidade Local de Sa\u00fade de Santa Maria na quarta. Esteve sob observa\u00e7\u00e3o no Servi\u00e7o de Neurologia, depois de chegar \u00e0s urg\u00eancias por indisposi\u00e7\u00e3o \u00e0s 08h30. Exames realizados descartaram um acidente vascular cerebral. Na nota do Minist\u00e9rio das Finan\u00e7as, o ministro encontra-se bem, em repouso, podendo retomar fun\u00e7\u00f5es na pr\u00f3xima semana. Joaquim Miranda Sarmento nasceu a 7 de agosto de 1978, tem 47 anos e j\u00e1 liderou a pasta das Finan\u00e7as em dois governos, tendo sido assessor econ\u00f3mico do Presidente Cavaco Silva entre 2012 e 2016.\" \/>\n<meta property=\"og:url\" content=\"https:\/\/portaltela.pt\/noticias\/2026\/02\/26\/ministro-das-financas-miranda-sarmento-recebe-alta-hospitalar\/\" \/>\n<meta property=\"og:site_name\" content=\"Portal Tela Portugal\" \/>\n<meta property=\"article:published_time\" content=\"2026-02-26T15:25:00+00:00\" \/>\n<meta name=\"author\" content=\"Telinha\" \/>\n<meta name=\"twitter:card\" content=\"summary_large_image\" \/>\n<meta name=\"twitter:label1\" content=\"Escrito por\" \/>\n\t<meta name=\"twitter:data1\" content=\"Telinha\" \/>\n\t<meta name=\"twitter:label2\" content=\"Tempo estimado de leitura\" \/>\n\t<meta name=\"twitter:data2\" content=\"1 minuto\" \/>\n<script type=\"application\/ld+json\" class=\"yoast-schema-graph\">{\"@context\":\"https:\/\/schema.org\",\"@graph\":[{\"@type\":\"Article\",\"@id\":\"https:\/\/portaltela.pt\/noticias\/2026\/02\/26\/ministro-das-financas-miranda-sarmento-recebe-alta-hospitalar\/#article\",\"isPartOf\":{\"@id\":\"https:\/\/portaltela.pt\/noticias\/2026\/02\/26\/ministro-das-financas-miranda-sarmento-recebe-alta-hospitalar\/\"},\"author\":{\"name\":\"Telinha\",\"@id\":\"https:\/\/portaltela.pt\/#\/schema\/person\/c4278d4a6028830caff9ee44b42d32ed\"},\"headline\":\"Ministro das Finan\u00e7as Miranda Sarmento recebe alta hospitalar\",\"datePublished\":\"2026-02-26T15:25:00+00:00\",\"mainEntityOfPage\":{\"@id\":\"https:\/\/portaltela.pt\/noticias\/2026\/02\/26\/ministro-das-financas-miranda-sarmento-recebe-alta-hospitalar\/\"},\"wordCount\":155,\"image\":{\"@id\":\"https:\/\/portaltela.pt\/noticias\/2026\/02\/26\/ministro-das-financas-miranda-sarmento-recebe-alta-hospitalar\/#primaryimage\"},\"thumbnailUrl\":\"https:\/\/portaltela.pt\/s.01k8rhncp4jt1\/2026\/02\/img_1500x1000uu2025-10-28-15-29-57-2244126.jpg\",\"keywords\":[\"economia\",\"governo\",\"hospital\",\"Lisboa\",\"neurologia\",\"sa\u00fade\"],\"articleSection\":[\"Not\u00edcias\",\"Pol\u00edtica\"],\"inLanguage\":\"pt-PT\"},{\"@type\":\"WebPage\",\"@id\":\"https:\/\/portaltela.pt\/noticias\/2026\/02\/26\/ministro-das-financas-miranda-sarmento-recebe-alta-hospitalar\/\",\"url\":\"https:\/\/portaltela.pt\/noticias\/2026\/02\/26\/ministro-das-financas-miranda-sarmento-recebe-alta-hospitalar\/\",\"name\":\"Ministro das Finan\u00e7as Miranda Sarmento recebe alta hospitalar - Portal Tela Portugal\",\"isPartOf\":{\"@id\":\"https:\/\/portaltela.pt\/#website\"},\"primaryImageOfPage\":{\"@id\":\"https:\/\/portaltela.pt\/noticias\/2026\/02\/26\/ministro-das-financas-miranda-sarmento-recebe-alta-hospitalar\/#primaryimage\"},\"image\":{\"@id\":\"https:\/\/portaltela.pt\/noticias\/2026\/02\/26\/ministro-das-financas-miranda-sarmento-recebe-alta-hospitalar\/#primaryimage\"},\"thumbnailUrl\":\"https:\/\/portaltela.pt\/s.01k8rhncp4jt1\/2026\/02\/img_1500x1000uu2025-10-28-15-29-57-2244126.jpg\",\"datePublished\":\"2026-02-26T15:25:00+00:00\",\"author\":{\"@id\":\"https:\/\/portaltela.pt\/#\/schema\/person\/c4278d4a6028830caff9ee44b42d32ed\"},\"breadcrumb\":{\"@id\":\"https:\/\/portaltela.pt\/noticias\/2026\/02\/26\/ministro-das-financas-miranda-sarmento-recebe-alta-hospitalar\/#breadcrumb\"},\"inLanguage\":\"pt-PT\",\"potentialAction\":[{\"@type\":\"ReadAction\",\"target\":[\"https:\/\/portaltela.pt\/noticias\/2026\/02\/26\/ministro-das-financas-miranda-sarmento-recebe-alta-hospitalar\/\"]}]},{\"@type\":\"ImageObject\",\"inLanguage\":\"pt-PT\",\"@id\":\"https:\/\/portaltela.pt\/noticias\/2026\/02\/26\/ministro-das-financas-miranda-sarmento-recebe-alta-hospitalar\/#primaryimage\",\"url\":\"https:\/\/portaltela.pt\/s.01k8rhncp4jt1\/2026\/02\/img_1500x1000uu2025-10-28-15-29-57-2244126.jpg\",\"contentUrl\":\"https:\/\/portaltela.pt\/s.01k8rhncp4jt1\/2026\/02\/img_1500x1000uu2025-10-28-15-29-57-2244126.jpg\",\"width\":796,\"height\":448,\"caption\":\"FOTO: Direitos Reservados\"},{\"@type\":\"BreadcrumbList\",\"@id\":\"https:\/\/portaltela.pt\/noticias\/2026\/02\/26\/ministro-das-financas-miranda-sarmento-recebe-alta-hospitalar\/#breadcrumb\",\"itemListElement\":[{\"@type\":\"ListItem\",\"position\":1,\"name\":\"In\u00edcio\",\"item\":\"https:\/\/portaltela.pt\/\"},{\"@type\":\"ListItem\",\"position\":2,\"name\":\"Ministro das Finan\u00e7as Miranda Sarmento recebe alta hospitalar\"}]},{\"@type\":\"WebSite\",\"@id\":\"https:\/\/portaltela.pt\/#website\",\"url\":\"https:\/\/portaltela.pt\/\",\"name\":\"Portal Tela Portugal\",\"description\":\"\",\"potentialAction\":[{\"@type\":\"SearchAction\",\"target\":{\"@type\":\"EntryPoint\",\"urlTemplate\":\"https:\/\/portaltela.pt\/?s={search_term_string}\"},\"query-input\":{\"@type\":\"PropertyValueSpecification\",\"valueRequired\":true,\"valueName\":\"search_term_string\"}}],\"inLanguage\":\"pt-PT\"},{\"@type\":\"Person\",\"@id\":\"https:\/\/portaltela.pt\/#\/schema\/person\/c4278d4a6028830caff9ee44b42d32ed\",\"name\":\"Telinha\",\"image\":{\"@type\":\"ImageObject\",\"inLanguage\":\"pt-PT\",\"@id\":\"https:\/\/portaltela.pt\/s.01k8rhncp4jt1\/2025\/11\/talking-bot-125x125.png\",\"url\":\"https:\/\/portaltela.pt\/s.01k8rhncp4jt1\/2025\/11\/talking-bot-125x125.png\",\"contentUrl\":\"https:\/\/portaltela.pt\/s.01k8rhncp4jt1\/2025\/11\/talking-bot-125x125.png\",\"caption\":\"Telinha\"},\"sameAs\":[\"https:\/\/portaltela.pt\/\"],\"url\":\"https:\/\/portaltela.pt\/por\/367410592786\/\"}]}<\/script>\n<!-- \/ Yoast SEO plugin. -->","yoast_head_json":{"title":"Ministro das Finan\u00e7as Miranda Sarmento recebe alta hospitalar - Portal Tela Portugal","robots":{"index":"index","follow":"follow","max-snippet":"max-snippet:-1","max-image-preview":"max-image-preview:large","max-video-preview":"max-video-preview:-1"},"og_locale":"pt_PT","og_type":"article","og_title":"Ministro das Finan\u00e7as Miranda Sarmento recebe alta hospitalar - Portal Tela Portugal","og_description":"O ministro das Finan\u00e7as, Miranda Sarmento, teve alta hospitalar na tarde de quinta-feira, ap\u00f3s entrada na Unidade Local de Sa\u00fade de Santa Maria na quarta. Esteve sob observa\u00e7\u00e3o no Servi\u00e7o de Neurologia, depois de chegar \u00e0s urg\u00eancias por indisposi\u00e7\u00e3o \u00e0s 08h30. Exames realizados descartaram um acidente vascular cerebral. Na nota do Minist\u00e9rio das Finan\u00e7as, o ministro encontra-se bem, em repouso, podendo retomar fun\u00e7\u00f5es na pr\u00f3xima semana. Joaquim Miranda Sarmento nasceu a 7 de agosto de 1978, tem 47 anos e j\u00e1 liderou a pasta das Finan\u00e7as em dois governos, tendo sido assessor econ\u00f3mico do Presidente Cavaco Silva entre 2012 e 2016.","og_url":"https:\/\/portaltela.pt\/noticias\/2026\/02\/26\/ministro-das-financas-miranda-sarmento-recebe-alta-hospitalar\/","og_site_name":"Portal Tela Portugal","article_published_time":"2026-02-26T15:25:00+00:00","author":"Telinha","twitter_card":"summary_large_image","twitter_misc":{"Escrito por":"Telinha","Tempo estimado de leitura":"1 minuto"},"schema":{"@context":"https:\/\/schema.org","@graph":[{"@type":"Article","@id":"https:\/\/portaltela.pt\/noticias\/2026\/02\/26\/ministro-das-financas-miranda-sarmento-recebe-alta-hospitalar\/#article","isPartOf":{"@id":"https:\/\/portaltela.pt\/noticias\/2026\/02\/26\/ministro-das-financas-miranda-sarmento-recebe-alta-hospitalar\/"},"author":{"name":"Telinha","@id":"https:\/\/portaltela.pt\/#\/schema\/person\/c4278d4a6028830caff9ee44b42d32ed"},"headline":"Ministro das Finan\u00e7as Miranda Sarmento recebe alta hospitalar","datePublished":"2026-02-26T15:25:00+00:00","mainEntityOfPage":{"@id":"https:\/\/portaltela.pt\/noticias\/2026\/02\/26\/ministro-das-financas-miranda-sarmento-recebe-alta-hospitalar\/"},"wordCount":155,"image":{"@id":"https:\/\/portaltela.pt\/noticias\/2026\/02\/26\/ministro-das-financas-miranda-sarmento-recebe-alta-hospitalar\/#primaryimage"},"thumbnailUrl":"https:\/\/portaltela.pt\/s.01k8rhncp4jt1\/2026\/02\/img_1500x1000uu2025-10-28-15-29-57-2244126.jpg","keywords":["economia","governo","hospital","Lisboa","neurologia","sa\u00fade"],"articleSection":["Not\u00edcias","Pol\u00edtica"],"inLanguage":"pt-PT"},{"@type":"WebPage","@id":"https:\/\/portaltela.pt\/noticias\/2026\/02\/26\/ministro-das-financas-miranda-sarmento-recebe-alta-hospitalar\/","url":"https:\/\/portaltela.pt\/noticias\/2026\/02\/26\/ministro-das-financas-miranda-sarmento-recebe-alta-hospitalar\/","name":"Ministro das Finan\u00e7as Miranda Sarmento recebe alta hospitalar - Portal Tela Portugal","isPartOf":{"@id":"https:\/\/portaltela.pt\/#website"},"primaryImageOfPage":{"@id":"https:\/\/portaltela.pt\/noticias\/2026\/02\/26\/ministro-das-financas-miranda-sarmento-recebe-alta-hospitalar\/#primaryimage"},"image":{"@id":"https:\/\/portaltela.pt\/noticias\/2026\/02\/26\/ministro-das-financas-miranda-sarmento-recebe-alta-hospitalar\/#primaryimage"},"thumbnailUrl":"https:\/\/portaltela.pt\/s.01k8rhncp4jt1\/2026\/02\/img_1500x1000uu2025-10-28-15-29-57-2244126.jpg","datePublished":"2026-02-26T15:25:00+00:00","author":{"@id":"https:\/\/portaltela.pt\/#\/schema\/person\/c4278d4a6028830caff9ee44b42d32ed"},"breadcrumb":{"@id":"https:\/\/portaltela.pt\/noticias\/2026\/02\/26\/ministro-das-financas-miranda-sarmento-recebe-alta-hospitalar\/#breadcrumb"},"inLanguage":"pt-PT","potentialAction":[{"@type":"ReadAction","target":["https:\/\/portaltela.pt\/noticias\/2026\/02\/26\/ministro-das-financas-miranda-sarmento-recebe-alta-hospitalar\/"]}]},{"@type":"ImageObject","inLanguage":"pt-PT","@id":"https:\/\/portaltela.pt\/noticias\/2026\/02\/26\/ministro-das-financas-miranda-sarmento-recebe-alta-hospitalar\/#primaryimage","url":"https:\/\/portaltela.pt\/s.01k8rhncp4jt1\/2026\/02\/img_1500x1000uu2025-10-28-15-29-57-2244126.jpg","contentUrl":"https:\/\/portaltela.pt\/s.01k8rhncp4jt1\/2026\/02\/img_1500x1000uu2025-10-28-15-29-57-2244126.jpg","width":796,"height":448,"caption":"FOTO: Direitos Reservados"},{"@type":"BreadcrumbList","@id":"https:\/\/portaltela.pt\/noticias\/2026\/02\/26\/ministro-das-financas-miranda-sarmento-recebe-alta-hospitalar\/#breadcrumb","itemListElement":[{"@type":"ListItem","position":1,"name":"In\u00edcio","item":"https:\/\/portaltela.pt\/"},{"@type":"ListItem","position":2,"name":"Ministro das Finan\u00e7as Miranda Sarmento recebe alta hospitalar"}]},{"@type":"WebSite","@id":"https:\/\/portaltela.pt\/#website","url":"https:\/\/portaltela.pt\/","name":"Portal Tela Portugal","description":"","potentialAction":[{"@type":"SearchAction","target":{"@type":"EntryPoint","urlTemplate":"https:\/\/portaltela.pt\/?s={search_term_string}"},"query-input":{"@type":"PropertyValueSpecification","valueRequired":true,"valueName":"search_term_string"}}],"inLanguage":"pt-PT"},{"@type":"Person","@id":"https:\/\/portaltela.pt\/#\/schema\/person\/c4278d4a6028830caff9ee44b42d32ed","name":"Telinha","image":{"@type":"ImageObject","inLanguage":"pt-PT","@id":"https:\/\/portaltela.pt\/s.01k8rhncp4jt1\/2025\/11\/talking-bot-125x125.png","url":"https:\/\/portaltela.pt\/s.01k8rhncp4jt1\/2025\/11\/talking-bot-125x125.png","contentUrl":"https:\/\/portaltela.pt\/s.01k8rhncp4jt1\/2025\/11\/talking-bot-125x125.png","caption":"Telinha"},"sameAs":["https:\/\/portaltela.pt\/"],"url":"https:\/\/portaltela.pt\/por\/367410592786\/"}]}},"_links":{"self":[{"href":"https:\/\/portaltela.pt\/api\/wp\/v2\/posts\/389409","targetHints":{"allow":["GET"]}}],"collection":[{"href":"https:\/\/portaltela.pt\/api\/wp\/v2\/posts"}],"about":[{"href":"https:\/\/portaltela.pt\/api\/wp\/v2\/types\/post"}],"author":[{"embeddable":true,"href":"https:\/\/portaltela.pt\/api\/wp\/v2\/users\/2"}],"replies":[{"embeddable":true,"href":"https:\/\/portaltela.pt\/api\/wp\/v2\/comments?post=389409"}],"version-history":[{"count":0,"href":"https:\/\/portaltela.pt\/api\/wp\/v2\/posts\/389409\/revisions"}],"wp:featuredmedia":[{"embeddable":true,"href":"https:\/\/portaltela.pt\/api\/wp\/v2\/media\/389425"}],"wp:attachment":[{"href":"https:\/\/portaltela.pt\/api\/wp\/v2\/media?parent=389409"}],"wp:term":[{"taxonomy":"category","embeddable":true,"href":"https:\/\/portaltela.pt\/api\/wp\/v2\/categories?post=389409"},{"taxonomy":"post_tag","embeddable":true,"href":"https:\/\/portaltela.pt\/api\/wp\/v2\/tags?post=389409"}],"curies":[{"name":"wp","href":"https:\/\/api.w.org\/{rel}","templated":true}]}}