{"id":389375,"date":"2026-02-26T11:48:00","date_gmt":"2026-02-26T14:48:00","guid":{"rendered":"https:\/\/portaltela.pt\/noticias\/2026\/02\/26\/despesas-municipais-com-prejuizos-de-mau-tempo-nao-contam-para-endividamento\/"},"modified":"2026-02-26T11:48:00","modified_gmt":"2026-02-26T14:48:00","slug":"despesas-municipais-com-prejuizos-de-mau-tempo-nao-contam-para-endividamento","status":"publish","type":"post","link":"https:\/\/portaltela.pt\/noticias\/politica\/2026\/02\/26\/despesas-municipais-com-prejuizos-de-mau-tempo-nao-contam-para-endividamento\/","title":{"rendered":"Despesas municipais com preju\u00edzos de mau tempo n\u00e3o contam para endividamento"},"content":{"rendered":"<p>O ministro das Infraestruturas garantiu aos autarcas da \u00c1rea Metropolitana de Lisboa que os investimentos para responder aos preju\u00edzos do mau tempo n\u00e3o contar\u00e3o para o endividamento das c\u00e2maras. A informa\u00e7\u00e3o foi transmitida pelo presidente do Conselho Metropolitano.<\/p>\n<p>Miguel Oliveira Pinto Luz explicou aos membros da AML, numa reuni\u00e3o em Loures, que o programa PTRR visa responder aos efeitos adversos dos fen\u00f3menos clim\u00e1ticos que afetaram o pa\u00eds, especialmente entre o final de janeiro e o in\u00edcio de fevereiro.<\/p>\n<p>O balan\u00e7o provis\u00f3rio aponta para danos de quase 270 milh\u00f5es de euros nos 18 concelhos da AML, segundo revelou Carlos Moedas, presidente da C\u00e2mara Municipal de Lisboa. Moedas n\u00e3o proferiu declara\u00e7\u00f5es aos jornalistas.<\/p>\n<h3>O que est\u00e1 em jogo<\/h3>\n<p>O l\u00edder da AML considerou o PTRR uma boa not\u00edcia, defendendo a sua extens\u00e3o a todos os munic\u00edpios do pa\u00eds, n\u00e3o apenas aos que estiveram em situa\u00e7\u00e3o de calamidade. Ele pediu rapidez na execu\u00e7\u00e3o do programa para evitar burocracias.<\/p>\n<p>Carlos Moedas observou que alguns munic\u00edpios n\u00e3o estiveram em calamidade, mas registam danos profundos. O objetivo \u00e9 que os recursos cheguem rapidamente aos territ\u00f3rios para responder a necessidades prementes.<\/p>\n<h3>Desdobramentos locais<\/h3>\n<p>O autarca salientou que os munic\u00edpios j\u00e1 mobilizam verbas dos seus or\u00e7amentos para atender aos preju\u00edzos causados pelas intemp\u00e9ries. O PTRR, segundo ele, pode criar maior resili\u00eancia estrutural nas cidades.<\/p>\n<p>A \u00c1rea Metropolitana de Lisboa \u00e9 formada por 18 munic\u00edpios que enfrentam impactos comuns. Moedas reiterou que problemas numa cidade afetam a regi\u00e3o inteira, justificando a coopera\u00e7\u00e3o intermunicipal.<\/p>\n<h3>Contexto mais amplo<\/h3>\n<p>O epis\u00f3dio de mau tempo resultou em danos significativos na regi\u00e3o Centro, Lisboa e Vale do Tejo, bem como no Alentejo. Al\u00e9m de perdas materiais, houve mortalidade e centenas de feridos, desalojados e interrup\u00e7\u00f5es em servi\u00e7os essenciais.<\/p>\n","protected":false},"excerpt":{"rendered":"<ul>\n<li>O ministro das Infraestruturas disse aos autarcas da \u00c1rea Metropolitana de Lisboa que os investimentos para responder aos preju\u00edzos do mau tempo n\u00e3o v\u00e3o contar para o endividamento das c\u00e2maras municipais.<\/li>\n<li>O an\u00fancio ocorreu numa reuni\u00e3o da AML em Loures, onde foi apresentado o programa PTRR de resposta aos efeitos clim\u00e1ticos recentes; o levantamento provisional aponta para quase 270 milh\u00f5es de euros em danos nos 18 concelhos da AML.<\/li>\n<li>O presidente da C\u00e2mara Municipal de Lisboa, Carlos Moedas, destacou que o PTRR pode ser alargado a todos os munic\u00edpios do pa\u00eds e defendeu necessidade de rapidez na execu\u00e7\u00e3o.<\/li>\n<li>Os munic\u00edpios j\u00e1 mobilizam verbas dos seus or\u00e7amentos para responder aos preju\u00edzos e pedem ressarcimento r\u00e1pido, para al\u00e9m de aumentar a resili\u00eancia futura frente a fen\u00f3menos clim\u00e1ticos.<\/li>\n<li>N\u00e3o h\u00e1 data prevista para o desembolso do PTRR aos munic\u00edpios da AML; a coopera\u00e7\u00e3o entre os munic\u00edpios da \u00c1rea Metropolitana \u00e9 tida como essencial, uma vez que problemas numa localidade afetam toda a regi\u00e3o.<\/li>\n<\/ul>\n","protected":false},"author":2,"featured_media":389382,"comment_status":"closed","ping_status":"closed","sticky":false,"template":"","format":"standard","meta":{"footnotes":""},"categories":[1,5],"tags":[4132,5215,4357,2417,981,2093],"class_list":["post-389375","post","type-post","status-publish","format-standard","has-post-thumbnail","hentry","category-noticias","category-politica","tag-area-metropolitana-de-lisboa","tag-catastrofes-naturais","tag-endividamento","tag-financiamento","tag-lisboa","tag-municipios"],"yoast_head":"<!-- This site is optimized with the Yoast SEO plugin v27.2 - https:\/\/yoast.com\/product\/yoast-seo-wordpress\/ -->\n<title>Despesas municipais com preju\u00edzos de mau tempo n\u00e3o contam para endividamento - Portal Tela Portugal<\/title>\n<meta name=\"robots\" content=\"index, follow, max-snippet:-1, max-image-preview:large, max-video-preview:-1\" \/>\n<meta property=\"og:locale\" content=\"pt_PT\" \/>\n<meta property=\"og:type\" content=\"article\" \/>\n<meta property=\"og:title\" content=\"Despesas municipais com preju\u00edzos de mau tempo n\u00e3o contam para endividamento - Portal Tela Portugal\" \/>\n<meta property=\"og:description\" content=\"O ministro das Infraestruturas disse aos autarcas da \u00c1rea Metropolitana de Lisboa que os investimentos para responder aos preju\u00edzos do mau tempo n\u00e3o v\u00e3o contar para o endividamento das c\u00e2maras municipais. O an\u00fancio ocorreu numa reuni\u00e3o da AML em Loures, onde foi apresentado o programa PTRR de resposta aos efeitos clim\u00e1ticos recentes; o levantamento provisional aponta para quase 270 milh\u00f5es de euros em danos nos 18 concelhos da AML. O presidente da C\u00e2mara Municipal de Lisboa, Carlos Moedas, destacou que o PTRR pode ser alargado a todos os munic\u00edpios do pa\u00eds e defendeu necessidade de rapidez na execu\u00e7\u00e3o. Os munic\u00edpios j\u00e1 mobilizam verbas dos seus or\u00e7amentos para responder aos preju\u00edzos e pedem ressarcimento r\u00e1pido, para al\u00e9m de aumentar a resili\u00eancia futura frente a fen\u00f3menos clim\u00e1ticos. N\u00e3o h\u00e1 data prevista para o desembolso do PTRR aos munic\u00edpios da AML; a coopera\u00e7\u00e3o entre os munic\u00edpios da \u00c1rea Metropolitana \u00e9 tida como essencial, uma vez que problemas numa localidade afetam toda a regi\u00e3o.\" \/>\n<meta property=\"og:url\" content=\"https:\/\/portaltela.pt\/noticias\/2026\/02\/26\/despesas-municipais-com-prejuizos-de-mau-tempo-nao-contam-para-endividamento\/\" \/>\n<meta property=\"og:site_name\" content=\"Portal Tela Portugal\" \/>\n<meta property=\"article:published_time\" content=\"2026-02-26T14:48:00+00:00\" \/>\n<meta name=\"author\" content=\"Telinha\" \/>\n<meta name=\"twitter:card\" content=\"summary_large_image\" \/>\n<meta name=\"twitter:label1\" content=\"Escrito por\" \/>\n\t<meta name=\"twitter:data1\" content=\"Telinha\" \/>\n\t<meta name=\"twitter:label2\" content=\"Tempo estimado de leitura\" \/>\n\t<meta name=\"twitter:data2\" content=\"2 minutos\" \/>\n<script type=\"application\/ld+json\" class=\"yoast-schema-graph\">{\"@context\":\"https:\/\/schema.org\",\"@graph\":[{\"@type\":\"Article\",\"@id\":\"https:\/\/portaltela.pt\/noticias\/2026\/02\/26\/despesas-municipais-com-prejuizos-de-mau-tempo-nao-contam-para-endividamento\/#article\",\"isPartOf\":{\"@id\":\"https:\/\/portaltela.pt\/noticias\/2026\/02\/26\/despesas-municipais-com-prejuizos-de-mau-tempo-nao-contam-para-endividamento\/\"},\"author\":{\"name\":\"Telinha\",\"@id\":\"https:\/\/portaltela.pt\/#\/schema\/person\/c4278d4a6028830caff9ee44b42d32ed\"},\"headline\":\"Despesas municipais com preju\u00edzos de mau tempo n\u00e3o contam para endividamento\",\"datePublished\":\"2026-02-26T14:48:00+00:00\",\"mainEntityOfPage\":{\"@id\":\"https:\/\/portaltela.pt\/noticias\/2026\/02\/26\/despesas-municipais-com-prejuizos-de-mau-tempo-nao-contam-para-endividamento\/\"},\"wordCount\":332,\"image\":{\"@id\":\"https:\/\/portaltela.pt\/noticias\/2026\/02\/26\/despesas-municipais-com-prejuizos-de-mau-tempo-nao-contam-para-endividamento\/#primaryimage\"},\"thumbnailUrl\":\"https:\/\/portaltela.pt\/s.01k8rhncp4jt1\/2026\/02\/image-1929.jpg\",\"keywords\":[\"\u00c1rea Metropolitana de Lisboa\",\"cat\u00e1strofes naturais\",\"endividamento\",\"financiamento\",\"Lisboa\",\"munic\u00edpios\"],\"articleSection\":[\"Not\u00edcias\",\"Pol\u00edtica\"],\"inLanguage\":\"pt-PT\"},{\"@type\":\"WebPage\",\"@id\":\"https:\/\/portaltela.pt\/noticias\/2026\/02\/26\/despesas-municipais-com-prejuizos-de-mau-tempo-nao-contam-para-endividamento\/\",\"url\":\"https:\/\/portaltela.pt\/noticias\/2026\/02\/26\/despesas-municipais-com-prejuizos-de-mau-tempo-nao-contam-para-endividamento\/\",\"name\":\"Despesas municipais com preju\u00edzos de mau tempo n\u00e3o contam para endividamento - Portal Tela Portugal\",\"isPartOf\":{\"@id\":\"https:\/\/portaltela.pt\/#website\"},\"primaryImageOfPage\":{\"@id\":\"https:\/\/portaltela.pt\/noticias\/2026\/02\/26\/despesas-municipais-com-prejuizos-de-mau-tempo-nao-contam-para-endividamento\/#primaryimage\"},\"image\":{\"@id\":\"https:\/\/portaltela.pt\/noticias\/2026\/02\/26\/despesas-municipais-com-prejuizos-de-mau-tempo-nao-contam-para-endividamento\/#primaryimage\"},\"thumbnailUrl\":\"https:\/\/portaltela.pt\/s.01k8rhncp4jt1\/2026\/02\/image-1929.jpg\",\"datePublished\":\"2026-02-26T14:48:00+00:00\",\"author\":{\"@id\":\"https:\/\/portaltela.pt\/#\/schema\/person\/c4278d4a6028830caff9ee44b42d32ed\"},\"breadcrumb\":{\"@id\":\"https:\/\/portaltela.pt\/noticias\/2026\/02\/26\/despesas-municipais-com-prejuizos-de-mau-tempo-nao-contam-para-endividamento\/#breadcrumb\"},\"inLanguage\":\"pt-PT\",\"potentialAction\":[{\"@type\":\"ReadAction\",\"target\":[\"https:\/\/portaltela.pt\/noticias\/2026\/02\/26\/despesas-municipais-com-prejuizos-de-mau-tempo-nao-contam-para-endividamento\/\"]}]},{\"@type\":\"ImageObject\",\"inLanguage\":\"pt-PT\",\"@id\":\"https:\/\/portaltela.pt\/noticias\/2026\/02\/26\/despesas-municipais-com-prejuizos-de-mau-tempo-nao-contam-para-endividamento\/#primaryimage\",\"url\":\"https:\/\/portaltela.pt\/s.01k8rhncp4jt1\/2026\/02\/image-1929.jpg\",\"contentUrl\":\"https:\/\/portaltela.pt\/s.01k8rhncp4jt1\/2026\/02\/image-1929.jpg\",\"width\":796,\"height\":448,\"caption\":\"Carlos Moedas \u00e9 o autarca de Lisboa e presidente do Conselho Metropolitano de Lisboa\"},{\"@type\":\"BreadcrumbList\",\"@id\":\"https:\/\/portaltela.pt\/noticias\/2026\/02\/26\/despesas-municipais-com-prejuizos-de-mau-tempo-nao-contam-para-endividamento\/#breadcrumb\",\"itemListElement\":[{\"@type\":\"ListItem\",\"position\":1,\"name\":\"In\u00edcio\",\"item\":\"https:\/\/portaltela.pt\/\"},{\"@type\":\"ListItem\",\"position\":2,\"name\":\"Despesas municipais com preju\u00edzos de mau tempo n\u00e3o contam para endividamento\"}]},{\"@type\":\"WebSite\",\"@id\":\"https:\/\/portaltela.pt\/#website\",\"url\":\"https:\/\/portaltela.pt\/\",\"name\":\"Portal Tela Portugal\",\"description\":\"\",\"potentialAction\":[{\"@type\":\"SearchAction\",\"target\":{\"@type\":\"EntryPoint\",\"urlTemplate\":\"https:\/\/portaltela.pt\/?s={search_term_string}\"},\"query-input\":{\"@type\":\"PropertyValueSpecification\",\"valueRequired\":true,\"valueName\":\"search_term_string\"}}],\"inLanguage\":\"pt-PT\"},{\"@type\":\"Person\",\"@id\":\"https:\/\/portaltela.pt\/#\/schema\/person\/c4278d4a6028830caff9ee44b42d32ed\",\"name\":\"Telinha\",\"image\":{\"@type\":\"ImageObject\",\"inLanguage\":\"pt-PT\",\"@id\":\"https:\/\/portaltela.pt\/s.01k8rhncp4jt1\/2025\/11\/talking-bot-125x125.png\",\"url\":\"https:\/\/portaltela.pt\/s.01k8rhncp4jt1\/2025\/11\/talking-bot-125x125.png\",\"contentUrl\":\"https:\/\/portaltela.pt\/s.01k8rhncp4jt1\/2025\/11\/talking-bot-125x125.png\",\"caption\":\"Telinha\"},\"sameAs\":[\"https:\/\/portaltela.pt\/\"],\"url\":\"https:\/\/portaltela.pt\/por\/367410592786\/\"}]}<\/script>\n<!-- \/ Yoast SEO plugin. -->","yoast_head_json":{"title":"Despesas municipais com preju\u00edzos de mau tempo n\u00e3o contam para endividamento - Portal Tela Portugal","robots":{"index":"index","follow":"follow","max-snippet":"max-snippet:-1","max-image-preview":"max-image-preview:large","max-video-preview":"max-video-preview:-1"},"og_locale":"pt_PT","og_type":"article","og_title":"Despesas municipais com preju\u00edzos de mau tempo n\u00e3o contam para endividamento - Portal Tela Portugal","og_description":"O ministro das Infraestruturas disse aos autarcas da \u00c1rea Metropolitana de Lisboa que os investimentos para responder aos preju\u00edzos do mau tempo n\u00e3o v\u00e3o contar para o endividamento das c\u00e2maras municipais. O an\u00fancio ocorreu numa reuni\u00e3o da AML em Loures, onde foi apresentado o programa PTRR de resposta aos efeitos clim\u00e1ticos recentes; o levantamento provisional aponta para quase 270 milh\u00f5es de euros em danos nos 18 concelhos da AML. O presidente da C\u00e2mara Municipal de Lisboa, Carlos Moedas, destacou que o PTRR pode ser alargado a todos os munic\u00edpios do pa\u00eds e defendeu necessidade de rapidez na execu\u00e7\u00e3o. Os munic\u00edpios j\u00e1 mobilizam verbas dos seus or\u00e7amentos para responder aos preju\u00edzos e pedem ressarcimento r\u00e1pido, para al\u00e9m de aumentar a resili\u00eancia futura frente a fen\u00f3menos clim\u00e1ticos. N\u00e3o h\u00e1 data prevista para o desembolso do PTRR aos munic\u00edpios da AML; a coopera\u00e7\u00e3o entre os munic\u00edpios da \u00c1rea Metropolitana \u00e9 tida como essencial, uma vez que problemas numa localidade afetam toda a regi\u00e3o.","og_url":"https:\/\/portaltela.pt\/noticias\/2026\/02\/26\/despesas-municipais-com-prejuizos-de-mau-tempo-nao-contam-para-endividamento\/","og_site_name":"Portal Tela Portugal","article_published_time":"2026-02-26T14:48:00+00:00","author":"Telinha","twitter_card":"summary_large_image","twitter_misc":{"Escrito por":"Telinha","Tempo estimado de leitura":"2 minutos"},"schema":{"@context":"https:\/\/schema.org","@graph":[{"@type":"Article","@id":"https:\/\/portaltela.pt\/noticias\/2026\/02\/26\/despesas-municipais-com-prejuizos-de-mau-tempo-nao-contam-para-endividamento\/#article","isPartOf":{"@id":"https:\/\/portaltela.pt\/noticias\/2026\/02\/26\/despesas-municipais-com-prejuizos-de-mau-tempo-nao-contam-para-endividamento\/"},"author":{"name":"Telinha","@id":"https:\/\/portaltela.pt\/#\/schema\/person\/c4278d4a6028830caff9ee44b42d32ed"},"headline":"Despesas municipais com preju\u00edzos de mau tempo n\u00e3o contam para endividamento","datePublished":"2026-02-26T14:48:00+00:00","mainEntityOfPage":{"@id":"https:\/\/portaltela.pt\/noticias\/2026\/02\/26\/despesas-municipais-com-prejuizos-de-mau-tempo-nao-contam-para-endividamento\/"},"wordCount":332,"image":{"@id":"https:\/\/portaltela.pt\/noticias\/2026\/02\/26\/despesas-municipais-com-prejuizos-de-mau-tempo-nao-contam-para-endividamento\/#primaryimage"},"thumbnailUrl":"https:\/\/portaltela.pt\/s.01k8rhncp4jt1\/2026\/02\/image-1929.jpg","keywords":["\u00c1rea Metropolitana de Lisboa","cat\u00e1strofes naturais","endividamento","financiamento","Lisboa","munic\u00edpios"],"articleSection":["Not\u00edcias","Pol\u00edtica"],"inLanguage":"pt-PT"},{"@type":"WebPage","@id":"https:\/\/portaltela.pt\/noticias\/2026\/02\/26\/despesas-municipais-com-prejuizos-de-mau-tempo-nao-contam-para-endividamento\/","url":"https:\/\/portaltela.pt\/noticias\/2026\/02\/26\/despesas-municipais-com-prejuizos-de-mau-tempo-nao-contam-para-endividamento\/","name":"Despesas municipais com preju\u00edzos de mau tempo n\u00e3o contam para endividamento - Portal Tela Portugal","isPartOf":{"@id":"https:\/\/portaltela.pt\/#website"},"primaryImageOfPage":{"@id":"https:\/\/portaltela.pt\/noticias\/2026\/02\/26\/despesas-municipais-com-prejuizos-de-mau-tempo-nao-contam-para-endividamento\/#primaryimage"},"image":{"@id":"https:\/\/portaltela.pt\/noticias\/2026\/02\/26\/despesas-municipais-com-prejuizos-de-mau-tempo-nao-contam-para-endividamento\/#primaryimage"},"thumbnailUrl":"https:\/\/portaltela.pt\/s.01k8rhncp4jt1\/2026\/02\/image-1929.jpg","datePublished":"2026-02-26T14:48:00+00:00","author":{"@id":"https:\/\/portaltela.pt\/#\/schema\/person\/c4278d4a6028830caff9ee44b42d32ed"},"breadcrumb":{"@id":"https:\/\/portaltela.pt\/noticias\/2026\/02\/26\/despesas-municipais-com-prejuizos-de-mau-tempo-nao-contam-para-endividamento\/#breadcrumb"},"inLanguage":"pt-PT","potentialAction":[{"@type":"ReadAction","target":["https:\/\/portaltela.pt\/noticias\/2026\/02\/26\/despesas-municipais-com-prejuizos-de-mau-tempo-nao-contam-para-endividamento\/"]}]},{"@type":"ImageObject","inLanguage":"pt-PT","@id":"https:\/\/portaltela.pt\/noticias\/2026\/02\/26\/despesas-municipais-com-prejuizos-de-mau-tempo-nao-contam-para-endividamento\/#primaryimage","url":"https:\/\/portaltela.pt\/s.01k8rhncp4jt1\/2026\/02\/image-1929.jpg","contentUrl":"https:\/\/portaltela.pt\/s.01k8rhncp4jt1\/2026\/02\/image-1929.jpg","width":796,"height":448,"caption":"Carlos Moedas \u00e9 o autarca de Lisboa e presidente do Conselho Metropolitano de Lisboa"},{"@type":"BreadcrumbList","@id":"https:\/\/portaltela.pt\/noticias\/2026\/02\/26\/despesas-municipais-com-prejuizos-de-mau-tempo-nao-contam-para-endividamento\/#breadcrumb","itemListElement":[{"@type":"ListItem","position":1,"name":"In\u00edcio","item":"https:\/\/portaltela.pt\/"},{"@type":"ListItem","position":2,"name":"Despesas municipais com preju\u00edzos de mau tempo n\u00e3o contam para endividamento"}]},{"@type":"WebSite","@id":"https:\/\/portaltela.pt\/#website","url":"https:\/\/portaltela.pt\/","name":"Portal Tela Portugal","description":"","potentialAction":[{"@type":"SearchAction","target":{"@type":"EntryPoint","urlTemplate":"https:\/\/portaltela.pt\/?s={search_term_string}"},"query-input":{"@type":"PropertyValueSpecification","valueRequired":true,"valueName":"search_term_string"}}],"inLanguage":"pt-PT"},{"@type":"Person","@id":"https:\/\/portaltela.pt\/#\/schema\/person\/c4278d4a6028830caff9ee44b42d32ed","name":"Telinha","image":{"@type":"ImageObject","inLanguage":"pt-PT","@id":"https:\/\/portaltela.pt\/s.01k8rhncp4jt1\/2025\/11\/talking-bot-125x125.png","url":"https:\/\/portaltela.pt\/s.01k8rhncp4jt1\/2025\/11\/talking-bot-125x125.png","contentUrl":"https:\/\/portaltela.pt\/s.01k8rhncp4jt1\/2025\/11\/talking-bot-125x125.png","caption":"Telinha"},"sameAs":["https:\/\/portaltela.pt\/"],"url":"https:\/\/portaltela.pt\/por\/367410592786\/"}]}},"_links":{"self":[{"href":"https:\/\/portaltela.pt\/api\/wp\/v2\/posts\/389375","targetHints":{"allow":["GET"]}}],"collection":[{"href":"https:\/\/portaltela.pt\/api\/wp\/v2\/posts"}],"about":[{"href":"https:\/\/portaltela.pt\/api\/wp\/v2\/types\/post"}],"author":[{"embeddable":true,"href":"https:\/\/portaltela.pt\/api\/wp\/v2\/users\/2"}],"replies":[{"embeddable":true,"href":"https:\/\/portaltela.pt\/api\/wp\/v2\/comments?post=389375"}],"version-history":[{"count":0,"href":"https:\/\/portaltela.pt\/api\/wp\/v2\/posts\/389375\/revisions"}],"wp:featuredmedia":[{"embeddable":true,"href":"https:\/\/portaltela.pt\/api\/wp\/v2\/media\/389382"}],"wp:attachment":[{"href":"https:\/\/portaltela.pt\/api\/wp\/v2\/media?parent=389375"}],"wp:term":[{"taxonomy":"category","embeddable":true,"href":"https:\/\/portaltela.pt\/api\/wp\/v2\/categories?post=389375"},{"taxonomy":"post_tag","embeddable":true,"href":"https:\/\/portaltela.pt\/api\/wp\/v2\/tags?post=389375"}],"curies":[{"name":"wp","href":"https:\/\/api.w.org\/{rel}","templated":true}]}}