{"id":389250,"date":"2026-02-26T10:14:00","date_gmt":"2026-02-26T13:14:00","guid":{"rendered":"https:\/\/portaltela.pt\/noticias\/2026\/02\/26\/area-metropolitana-de-lisboa-regista-prejuizos-de-270-milhoes-por-mau-tempo\/"},"modified":"2026-02-26T10:14:00","modified_gmt":"2026-02-26T13:14:00","slug":"area-metropolitana-de-lisboa-regista-prejuizos-de-270-milhoes-por-mau-tempo","status":"publish","type":"post","link":"https:\/\/portaltela.pt\/noticias\/economia\/2026\/02\/26\/area-metropolitana-de-lisboa-regista-prejuizos-de-270-milhoes-por-mau-tempo\/","title":{"rendered":"\u00c1rea Metropolitana de Lisboa regista preju\u00edzos de 270 milh\u00f5es por mau tempo"},"content":{"rendered":"<p>A \u00c1rea Metropolitana de Lisboa contabiliza preju\u00edzos estimados em cerca de 270 milh\u00f5es de euros devido ao mau tempo que afetou a regi\u00e3o. A avalia\u00e7\u00e3o aponta impactos em infraestruturas, vias e habita\u00e7\u00f5es, com repercuss\u00f5es em v\u00e1rias empresas locais.<\/p>\n<p>Segundo entidades da \u00c1rea Metropolitana de Lisboa, os danos incidirem nos principais setores da zona metropolitana, incluindo transportes, energia e servi\u00e7os, sem indicar n\u00fameros adicionais de concelho a concelho no momento.<\/p>\n<p>O conte\u00fado completo com detalhes das perdas por setor permanece dispon\u00edvel apenas para subscritores da ag\u00eancia Lusa. Fonte: Lusa.<\/p>\n","protected":false},"excerpt":{"rendered":"<ul>\n<li>A \u00c1rea Metropolitana de Lisboa contabiliza preju\u00edzos de cerca de 270 milh\u00f5es de euros devido ao mau tempo.<\/li>\n<li>O montante resulta dos impactos causados pelas intemp\u00e9ries na regi\u00e3o.<\/li>\n<li>O excerto dispon\u00edvel n\u00e3o apresenta detalhes adicionais e o conte\u00fado completo est\u00e1 reservado a subscritores.<\/li>\n<\/ul>\n","protected":false},"author":2,"featured_media":389259,"comment_status":"closed","ping_status":"closed","sticky":false,"template":"","format":"standard","meta":{"footnotes":""},"categories":[2],"tags":[1331,4132,5215,174,1615,363],"class_list":["post-389250","post","type-post","status-publish","format-standard","has-post-thumbnail","hentry","category-economia","tag-alagamento","tag-area-metropolitana-de-lisboa","tag-catastrofes-naturais","tag-energia","tag-infraestrutura","tag-transportes"],"yoast_head":"<!-- This site is optimized with the Yoast SEO plugin v27.2 - https:\/\/yoast.com\/product\/yoast-seo-wordpress\/ -->\n<title>\u00c1rea Metropolitana de Lisboa regista preju\u00edzos de 270 milh\u00f5es por mau tempo - Portal Tela Portugal<\/title>\n<meta name=\"robots\" content=\"index, follow, max-snippet:-1, max-image-preview:large, max-video-preview:-1\" \/>\n<meta property=\"og:locale\" content=\"pt_PT\" \/>\n<meta property=\"og:type\" content=\"article\" \/>\n<meta property=\"og:title\" content=\"\u00c1rea Metropolitana de Lisboa regista preju\u00edzos de 270 milh\u00f5es por mau tempo - Portal Tela Portugal\" \/>\n<meta property=\"og:description\" content=\"A \u00c1rea Metropolitana de Lisboa contabiliza preju\u00edzos de cerca de 270 milh\u00f5es de euros devido ao mau tempo. O montante resulta dos impactos causados pelas intemp\u00e9ries na regi\u00e3o. O excerto dispon\u00edvel n\u00e3o apresenta detalhes adicionais e o conte\u00fado completo est\u00e1 reservado a subscritores.\" \/>\n<meta property=\"og:url\" content=\"https:\/\/portaltela.pt\/noticias\/2026\/02\/26\/area-metropolitana-de-lisboa-regista-prejuizos-de-270-milhoes-por-mau-tempo\/\" \/>\n<meta property=\"og:site_name\" content=\"Portal Tela Portugal\" \/>\n<meta property=\"article:published_time\" content=\"2026-02-26T13:14:00+00:00\" \/>\n<meta name=\"author\" content=\"Telinha\" \/>\n<meta name=\"twitter:card\" content=\"summary_large_image\" \/>\n<meta name=\"twitter:label1\" content=\"Escrito por\" \/>\n\t<meta name=\"twitter:data1\" content=\"Telinha\" \/>\n<script type=\"application\/ld+json\" class=\"yoast-schema-graph\">{\"@context\":\"https:\/\/schema.org\",\"@graph\":[{\"@type\":\"Article\",\"@id\":\"https:\/\/portaltela.pt\/noticias\/2026\/02\/26\/area-metropolitana-de-lisboa-regista-prejuizos-de-270-milhoes-por-mau-tempo\/#article\",\"isPartOf\":{\"@id\":\"https:\/\/portaltela.pt\/noticias\/2026\/02\/26\/area-metropolitana-de-lisboa-regista-prejuizos-de-270-milhoes-por-mau-tempo\/\"},\"author\":{\"name\":\"Telinha\",\"@id\":\"https:\/\/portaltela.pt\/#\/schema\/person\/c4278d4a6028830caff9ee44b42d32ed\"},\"headline\":\"\u00c1rea Metropolitana de Lisboa regista preju\u00edzos de 270 milh\u00f5es por mau tempo\",\"datePublished\":\"2026-02-26T13:14:00+00:00\",\"mainEntityOfPage\":{\"@id\":\"https:\/\/portaltela.pt\/noticias\/2026\/02\/26\/area-metropolitana-de-lisboa-regista-prejuizos-de-270-milhoes-por-mau-tempo\/\"},\"wordCount\":112,\"image\":{\"@id\":\"https:\/\/portaltela.pt\/noticias\/2026\/02\/26\/area-metropolitana-de-lisboa-regista-prejuizos-de-270-milhoes-por-mau-tempo\/#primaryimage\"},\"thumbnailUrl\":\"https:\/\/portaltela.pt\/s.01k8rhncp4jt1\/2026\/02\/CACHE_780X1200_ANALOG_WATERMARKED_46441051_9951385_28012026031331.jpg\",\"keywords\":[\"alagamento\",\"\u00c1rea Metropolitana de Lisboa\",\"cat\u00e1strofes naturais\",\"energia\",\"infraestrutura\",\"transportes\"],\"articleSection\":[\"Economia\"],\"inLanguage\":\"pt-PT\"},{\"@type\":\"WebPage\",\"@id\":\"https:\/\/portaltela.pt\/noticias\/2026\/02\/26\/area-metropolitana-de-lisboa-regista-prejuizos-de-270-milhoes-por-mau-tempo\/\",\"url\":\"https:\/\/portaltela.pt\/noticias\/2026\/02\/26\/area-metropolitana-de-lisboa-regista-prejuizos-de-270-milhoes-por-mau-tempo\/\",\"name\":\"\u00c1rea Metropolitana de Lisboa regista preju\u00edzos de 270 milh\u00f5es por mau tempo - Portal Tela Portugal\",\"isPartOf\":{\"@id\":\"https:\/\/portaltela.pt\/#website\"},\"primaryImageOfPage\":{\"@id\":\"https:\/\/portaltela.pt\/noticias\/2026\/02\/26\/area-metropolitana-de-lisboa-regista-prejuizos-de-270-milhoes-por-mau-tempo\/#primaryimage\"},\"image\":{\"@id\":\"https:\/\/portaltela.pt\/noticias\/2026\/02\/26\/area-metropolitana-de-lisboa-regista-prejuizos-de-270-milhoes-por-mau-tempo\/#primaryimage\"},\"thumbnailUrl\":\"https:\/\/portaltela.pt\/s.01k8rhncp4jt1\/2026\/02\/CACHE_780X1200_ANALOG_WATERMARKED_46441051_9951385_28012026031331.jpg\",\"datePublished\":\"2026-02-26T13:14:00+00:00\",\"author\":{\"@id\":\"https:\/\/portaltela.pt\/#\/schema\/person\/c4278d4a6028830caff9ee44b42d32ed\"},\"breadcrumb\":{\"@id\":\"https:\/\/portaltela.pt\/noticias\/2026\/02\/26\/area-metropolitana-de-lisboa-regista-prejuizos-de-270-milhoes-por-mau-tempo\/#breadcrumb\"},\"inLanguage\":\"pt-PT\",\"potentialAction\":[{\"@type\":\"ReadAction\",\"target\":[\"https:\/\/portaltela.pt\/noticias\/2026\/02\/26\/area-metropolitana-de-lisboa-regista-prejuizos-de-270-milhoes-por-mau-tempo\/\"]}]},{\"@type\":\"ImageObject\",\"inLanguage\":\"pt-PT\",\"@id\":\"https:\/\/portaltela.pt\/noticias\/2026\/02\/26\/area-metropolitana-de-lisboa-regista-prejuizos-de-270-milhoes-por-mau-tempo\/#primaryimage\",\"url\":\"https:\/\/portaltela.pt\/s.01k8rhncp4jt1\/2026\/02\/CACHE_780X1200_ANALOG_WATERMARKED_46441051_9951385_28012026031331.jpg\",\"contentUrl\":\"https:\/\/portaltela.pt\/s.01k8rhncp4jt1\/2026\/02\/CACHE_780X1200_ANALOG_WATERMARKED_46441051_9951385_28012026031331.jpg\",\"width\":796,\"height\":448,\"caption\":\"\u00c1rea Metropolitana de Lisboa contabiliza preju\u00edzos de cerca de 270 ME devido ao mau tempo\"},{\"@type\":\"BreadcrumbList\",\"@id\":\"https:\/\/portaltela.pt\/noticias\/2026\/02\/26\/area-metropolitana-de-lisboa-regista-prejuizos-de-270-milhoes-por-mau-tempo\/#breadcrumb\",\"itemListElement\":[{\"@type\":\"ListItem\",\"position\":1,\"name\":\"In\u00edcio\",\"item\":\"https:\/\/portaltela.pt\/\"},{\"@type\":\"ListItem\",\"position\":2,\"name\":\"\u00c1rea Metropolitana de Lisboa regista preju\u00edzos de 270 milh\u00f5es por mau tempo\"}]},{\"@type\":\"WebSite\",\"@id\":\"https:\/\/portaltela.pt\/#website\",\"url\":\"https:\/\/portaltela.pt\/\",\"name\":\"Portal Tela Portugal\",\"description\":\"\",\"potentialAction\":[{\"@type\":\"SearchAction\",\"target\":{\"@type\":\"EntryPoint\",\"urlTemplate\":\"https:\/\/portaltela.pt\/?s={search_term_string}\"},\"query-input\":{\"@type\":\"PropertyValueSpecification\",\"valueRequired\":true,\"valueName\":\"search_term_string\"}}],\"inLanguage\":\"pt-PT\"},{\"@type\":\"Person\",\"@id\":\"https:\/\/portaltela.pt\/#\/schema\/person\/c4278d4a6028830caff9ee44b42d32ed\",\"name\":\"Telinha\",\"image\":{\"@type\":\"ImageObject\",\"inLanguage\":\"pt-PT\",\"@id\":\"https:\/\/portaltela.pt\/s.01k8rhncp4jt1\/2025\/11\/talking-bot-125x125.png\",\"url\":\"https:\/\/portaltela.pt\/s.01k8rhncp4jt1\/2025\/11\/talking-bot-125x125.png\",\"contentUrl\":\"https:\/\/portaltela.pt\/s.01k8rhncp4jt1\/2025\/11\/talking-bot-125x125.png\",\"caption\":\"Telinha\"},\"sameAs\":[\"https:\/\/portaltela.pt\/\"],\"url\":\"https:\/\/portaltela.pt\/por\/367410592786\/\"}]}<\/script>\n<!-- \/ Yoast SEO plugin. -->","yoast_head_json":{"title":"\u00c1rea Metropolitana de Lisboa regista preju\u00edzos de 270 milh\u00f5es por mau tempo - Portal Tela Portugal","robots":{"index":"index","follow":"follow","max-snippet":"max-snippet:-1","max-image-preview":"max-image-preview:large","max-video-preview":"max-video-preview:-1"},"og_locale":"pt_PT","og_type":"article","og_title":"\u00c1rea Metropolitana de Lisboa regista preju\u00edzos de 270 milh\u00f5es por mau tempo - Portal Tela Portugal","og_description":"A \u00c1rea Metropolitana de Lisboa contabiliza preju\u00edzos de cerca de 270 milh\u00f5es de euros devido ao mau tempo. O montante resulta dos impactos causados pelas intemp\u00e9ries na regi\u00e3o. O excerto dispon\u00edvel n\u00e3o apresenta detalhes adicionais e o conte\u00fado completo est\u00e1 reservado a subscritores.","og_url":"https:\/\/portaltela.pt\/noticias\/2026\/02\/26\/area-metropolitana-de-lisboa-regista-prejuizos-de-270-milhoes-por-mau-tempo\/","og_site_name":"Portal Tela Portugal","article_published_time":"2026-02-26T13:14:00+00:00","author":"Telinha","twitter_card":"summary_large_image","twitter_misc":{"Escrito por":"Telinha"},"schema":{"@context":"https:\/\/schema.org","@graph":[{"@type":"Article","@id":"https:\/\/portaltela.pt\/noticias\/2026\/02\/26\/area-metropolitana-de-lisboa-regista-prejuizos-de-270-milhoes-por-mau-tempo\/#article","isPartOf":{"@id":"https:\/\/portaltela.pt\/noticias\/2026\/02\/26\/area-metropolitana-de-lisboa-regista-prejuizos-de-270-milhoes-por-mau-tempo\/"},"author":{"name":"Telinha","@id":"https:\/\/portaltela.pt\/#\/schema\/person\/c4278d4a6028830caff9ee44b42d32ed"},"headline":"\u00c1rea Metropolitana de Lisboa regista preju\u00edzos de 270 milh\u00f5es por mau tempo","datePublished":"2026-02-26T13:14:00+00:00","mainEntityOfPage":{"@id":"https:\/\/portaltela.pt\/noticias\/2026\/02\/26\/area-metropolitana-de-lisboa-regista-prejuizos-de-270-milhoes-por-mau-tempo\/"},"wordCount":112,"image":{"@id":"https:\/\/portaltela.pt\/noticias\/2026\/02\/26\/area-metropolitana-de-lisboa-regista-prejuizos-de-270-milhoes-por-mau-tempo\/#primaryimage"},"thumbnailUrl":"https:\/\/portaltela.pt\/s.01k8rhncp4jt1\/2026\/02\/CACHE_780X1200_ANALOG_WATERMARKED_46441051_9951385_28012026031331.jpg","keywords":["alagamento","\u00c1rea Metropolitana de Lisboa","cat\u00e1strofes naturais","energia","infraestrutura","transportes"],"articleSection":["Economia"],"inLanguage":"pt-PT"},{"@type":"WebPage","@id":"https:\/\/portaltela.pt\/noticias\/2026\/02\/26\/area-metropolitana-de-lisboa-regista-prejuizos-de-270-milhoes-por-mau-tempo\/","url":"https:\/\/portaltela.pt\/noticias\/2026\/02\/26\/area-metropolitana-de-lisboa-regista-prejuizos-de-270-milhoes-por-mau-tempo\/","name":"\u00c1rea Metropolitana de Lisboa regista preju\u00edzos de 270 milh\u00f5es por mau tempo - Portal Tela Portugal","isPartOf":{"@id":"https:\/\/portaltela.pt\/#website"},"primaryImageOfPage":{"@id":"https:\/\/portaltela.pt\/noticias\/2026\/02\/26\/area-metropolitana-de-lisboa-regista-prejuizos-de-270-milhoes-por-mau-tempo\/#primaryimage"},"image":{"@id":"https:\/\/portaltela.pt\/noticias\/2026\/02\/26\/area-metropolitana-de-lisboa-regista-prejuizos-de-270-milhoes-por-mau-tempo\/#primaryimage"},"thumbnailUrl":"https:\/\/portaltela.pt\/s.01k8rhncp4jt1\/2026\/02\/CACHE_780X1200_ANALOG_WATERMARKED_46441051_9951385_28012026031331.jpg","datePublished":"2026-02-26T13:14:00+00:00","author":{"@id":"https:\/\/portaltela.pt\/#\/schema\/person\/c4278d4a6028830caff9ee44b42d32ed"},"breadcrumb":{"@id":"https:\/\/portaltela.pt\/noticias\/2026\/02\/26\/area-metropolitana-de-lisboa-regista-prejuizos-de-270-milhoes-por-mau-tempo\/#breadcrumb"},"inLanguage":"pt-PT","potentialAction":[{"@type":"ReadAction","target":["https:\/\/portaltela.pt\/noticias\/2026\/02\/26\/area-metropolitana-de-lisboa-regista-prejuizos-de-270-milhoes-por-mau-tempo\/"]}]},{"@type":"ImageObject","inLanguage":"pt-PT","@id":"https:\/\/portaltela.pt\/noticias\/2026\/02\/26\/area-metropolitana-de-lisboa-regista-prejuizos-de-270-milhoes-por-mau-tempo\/#primaryimage","url":"https:\/\/portaltela.pt\/s.01k8rhncp4jt1\/2026\/02\/CACHE_780X1200_ANALOG_WATERMARKED_46441051_9951385_28012026031331.jpg","contentUrl":"https:\/\/portaltela.pt\/s.01k8rhncp4jt1\/2026\/02\/CACHE_780X1200_ANALOG_WATERMARKED_46441051_9951385_28012026031331.jpg","width":796,"height":448,"caption":"\u00c1rea Metropolitana de Lisboa contabiliza preju\u00edzos de cerca de 270 ME devido ao mau tempo"},{"@type":"BreadcrumbList","@id":"https:\/\/portaltela.pt\/noticias\/2026\/02\/26\/area-metropolitana-de-lisboa-regista-prejuizos-de-270-milhoes-por-mau-tempo\/#breadcrumb","itemListElement":[{"@type":"ListItem","position":1,"name":"In\u00edcio","item":"https:\/\/portaltela.pt\/"},{"@type":"ListItem","position":2,"name":"\u00c1rea Metropolitana de Lisboa regista preju\u00edzos de 270 milh\u00f5es por mau tempo"}]},{"@type":"WebSite","@id":"https:\/\/portaltela.pt\/#website","url":"https:\/\/portaltela.pt\/","name":"Portal Tela Portugal","description":"","potentialAction":[{"@type":"SearchAction","target":{"@type":"EntryPoint","urlTemplate":"https:\/\/portaltela.pt\/?s={search_term_string}"},"query-input":{"@type":"PropertyValueSpecification","valueRequired":true,"valueName":"search_term_string"}}],"inLanguage":"pt-PT"},{"@type":"Person","@id":"https:\/\/portaltela.pt\/#\/schema\/person\/c4278d4a6028830caff9ee44b42d32ed","name":"Telinha","image":{"@type":"ImageObject","inLanguage":"pt-PT","@id":"https:\/\/portaltela.pt\/s.01k8rhncp4jt1\/2025\/11\/talking-bot-125x125.png","url":"https:\/\/portaltela.pt\/s.01k8rhncp4jt1\/2025\/11\/talking-bot-125x125.png","contentUrl":"https:\/\/portaltela.pt\/s.01k8rhncp4jt1\/2025\/11\/talking-bot-125x125.png","caption":"Telinha"},"sameAs":["https:\/\/portaltela.pt\/"],"url":"https:\/\/portaltela.pt\/por\/367410592786\/"}]}},"_links":{"self":[{"href":"https:\/\/portaltela.pt\/api\/wp\/v2\/posts\/389250","targetHints":{"allow":["GET"]}}],"collection":[{"href":"https:\/\/portaltela.pt\/api\/wp\/v2\/posts"}],"about":[{"href":"https:\/\/portaltela.pt\/api\/wp\/v2\/types\/post"}],"author":[{"embeddable":true,"href":"https:\/\/portaltela.pt\/api\/wp\/v2\/users\/2"}],"replies":[{"embeddable":true,"href":"https:\/\/portaltela.pt\/api\/wp\/v2\/comments?post=389250"}],"version-history":[{"count":0,"href":"https:\/\/portaltela.pt\/api\/wp\/v2\/posts\/389250\/revisions"}],"wp:featuredmedia":[{"embeddable":true,"href":"https:\/\/portaltela.pt\/api\/wp\/v2\/media\/389259"}],"wp:attachment":[{"href":"https:\/\/portaltela.pt\/api\/wp\/v2\/media?parent=389250"}],"wp:term":[{"taxonomy":"category","embeddable":true,"href":"https:\/\/portaltela.pt\/api\/wp\/v2\/categories?post=389250"},{"taxonomy":"post_tag","embeddable":true,"href":"https:\/\/portaltela.pt\/api\/wp\/v2\/tags?post=389250"}],"curies":[{"name":"wp","href":"https:\/\/api.w.org\/{rel}","templated":true}]}}